{"@context":"","typ":"Seznam politick\u00FDch stran","iri":"https://mv.gov.cz/api/boards/SPS","str\u00E1nka":"https://aplikace.mv.gov.cz/seznam-politickych-stran","provozovatel":{"typ":"Osoba","i\u010Do":"70979057"},"strany":[{"typ":["Digit\u00E1ln\u00ED objekt","Politick\u00E1 strana nebo hnut\u00ED"],"iri":"https://mv.gov.cz/api/boards/SPS/strana/94","url":"https://aplikace.mv.gov.cz/seznam-politickych-stran/Vypis_Rejstrik.aspx?id=94","n\u00E1zev":"Agr\u00E1rn\u00ED strana","zkratka":"AS","adresa_s\u00EDdla":"110 00 Praha, Klimentsk\u00E1 1209/14","den_registrace":"1990-03-16","\u010D\u00EDslo_registrace":"AVS/1-363/90","identifika\u010Dn\u00ED_\u010D\u00EDslo":"571644","statut\u00E1rn\u00ED_org\u00E1n":"T\u0159\u00ED\u010Dlenn\u00FD \u00FAst\u0159edn\u00ED v\u00FDbor, za kter\u00FD jedn\u00E1 p\u0159edseda.","posledn\u00ED_zm\u011Bna_stanov":"2006-05-16","pozn\u00E1mka":"","organiza\u010Dn\u00ED_jednotky":["m\u00EDstn\u00ED organizace"],"osoby":[{"typ":"Osoba","funkce":"p\u0159edseda:","jm\u00E9no":"Josef \u017Drout","datum_narozen\u00ED":"1932-01-12","adresa_ulice":"Drnovsk\u00E1 62","adresa_m\u011Bsto":"160 00 Praha","platnost_od":"2006-04-08"},{"typ":"Osoba","funkce":"\u010Dlen:","jm\u00E9no":"Alena  Kabel\u00E1kov\u00E1","datum_narozen\u00ED":"1962-03-19","adresa_ulice":"Bredetova 828","adresa_m\u011Bsto":"140 00 Praha 4","platnost_od":"2006-04-08"},{"typ":"Osoba","funkce":"\u010Dlen:","jm\u00E9no":"Petra Kneditov\u00E1","datum_narozen\u00ED":"1981-09-23","adresa_ulice":"Drnovsk\u00E1 62","adresa_m\u011Bsto":"160 00 Praha 6","platnost_od":"2006-04-08"}]},{"typ":["Digit\u00E1ln\u00ED objekt","Politick\u00E1 strana nebo hnut\u00ED"],"iri":"https://mv.gov.cz/api/boards/SPS/strana/95","url":"https://aplikace.mv.gov.cz/seznam-politickych-stran/Vypis_Rejstrik.aspx?id=95","n\u00E1zev":"\u201EAkce za skute\u010Dnou demokracii\u0022","zkratka":"AZSD","adresa_s\u00EDdla":"301 58 Plze\u0148, \u010C\u00E1stkova 2215/50","den_registrace":"2000-08-23","\u010D\u00EDslo_registrace":"VS/1-1/4491/2000","identifika\u010Dn\u00ED_\u010D\u00EDslo":"69982732","statut\u00E1rn\u00ED_org\u00E1n":"P\u0159edseda.","posledn\u00ED_zm\u011Bna_stanov":"2004-08-27","pozn\u00E1mka":"","organiza\u010Dn\u00ED_jednotky":[],"osoby":[{"typ":"Osoba","funkce":"p\u0159edseda:","jm\u00E9no":"MUDr. Franti\u0161ek Pillmann","datum_narozen\u00ED":"1956-08-26","adresa_ulice":"\u010C\u00E1stkova 2215/50","adresa_m\u011Bsto":"326 00 Plze\u0148","platnost_od":"2000-09-18"}]},{"typ":["Digit\u00E1ln\u00ED objekt","Politick\u00E1 strana nebo hnut\u00ED"],"iri":"https://mv.gov.cz/api/boards/SPS/strana/96","url":"https://aplikace.mv.gov.cz/seznam-politickych-stran/Vypis_Rejstrik.aspx?id=96","n\u00E1zev":"\u010Cesk\u00E1 pravice","zkratka":"\u010CP","adresa_s\u00EDdla":"128 00 Praha, Slavojova 579/9","den_registrace":"1994-01-07","\u010D\u00EDslo_registrace":"VS/1-2069/93","identifika\u010Dn\u00ED_\u010D\u00EDslo":"60457333","statut\u00E1rn\u00ED_org\u00E1n":"P\u0159edseda.","posledn\u00ED_zm\u011Bna_stanov":"1994-07-14","pozn\u00E1mka":"","organiza\u010Dn\u00ED_jednotky":["\u00FAzemn\u00ED sbor"],"osoby":[{"typ":"Osoba","funkce":"p\u0159edseda:","jm\u00E9no":"Ing. Michal Simkani\u010D","datum_narozen\u00ED":"1960-10-01","adresa_ulice":"Kpt. Str\u00E1nsk\u00E9ho 987/18","adresa_m\u011Bsto":"198 00 Praha","platnost_od":"2004-11-05"}]},{"typ":["Digit\u00E1ln\u00ED objekt","Politick\u00E1 strana nebo hnut\u00ED"],"iri":"https://mv.gov.cz/api/boards/SPS/strana/99","url":"https://aplikace.mv.gov.cz/seznam-politickych-stran/Vypis_Rejstrik.aspx?id=99","n\u00E1zev":"Soci\u00E1ln\u00ED demokracie","zkratka":"SOCDEM","adresa_s\u00EDdla":"110 00 Praha, Hybernsk\u00E1 1033/7","den_registrace":"1990-02-09","\u010D\u00EDslo_registrace":"AVS/1-83/90","identifika\u010Dn\u00ED_\u010D\u00EDslo":"409171","statut\u00E1rn\u00ED_org\u00E1n":"P\u0159edseda a statut\u00E1rn\u00ED m\u00EDstop\u0159edseda, kter\u00FD vykon\u00E1v\u00E1 funkci p\u0159edsedy SOCDEM v dob\u011B jeho nep\u0159\u00EDtomnosti nebo v p\u0159\u00EDpad\u011B, \u017Ee p\u0159edseda nem\u016F\u017Ee vykon\u00E1vat svou funkci.","posledn\u00ED_zm\u011Bna_stanov":"2023-06-22","pozn\u00E1mka":"","organiza\u010Dn\u00ED_jednotky":["krajsk\u00E1 organizace","m\u00EDstn\u00ED organizace","okresn\u00ED organizace"],"osoby":[{"typ":"Osoba","funkce":"p\u0159edseda:","jm\u00E9no":"Mgr. Ji\u0159\u00ED Nedv\u011Bd","datum_narozen\u00ED":"1981-07-29","adresa_ulice":"Radnick\u00E1 224/9","adresa_m\u011Bsto":"284 01 Kutn\u00E1 Hora","platnost_od":"2025-12-13"},{"typ":"Osoba","funkce":"statut\u00E1rn\u00ED m\u00EDstop\u0159edseda:","jm\u00E9no":"Mgr. Bc. Radek Scherfer","datum_narozen\u00ED":"1974-12-26","adresa_ulice":"Budovatel\u016F 1137","adresa_m\u011Bsto":"432 01 Kada\u0148","platnost_od":"2025-12-13"}]},{"typ":["Digit\u00E1ln\u00ED objekt","Politick\u00E1 strana nebo hnut\u00ED"],"iri":"https://mv.gov.cz/api/boards/SPS/strana/101","url":"https://aplikace.mv.gov.cz/seznam-politickych-stran/Vypis_Rejstrik.aspx?id=101","n\u00E1zev":"Demokratick\u00E1 region\u00E1ln\u00ED strana","zkratka":"DRS","adresa_s\u00EDdla":"460 01 Liberec , \u0160tef\u00E1nikovo n\u00E1m.  780/5","den_registrace":"1998-06-23","\u010D\u00EDslo_registrace":"VS/1-1/3602/1998/r","identifika\u010Dn\u00ED_\u010D\u00EDslo":"68435631","statut\u00E1rn\u00ED_org\u00E1n":"Region\u00E1ln\u00ED politick\u00E9 veden\u00ED, za kter\u00E9 jedn\u00E1 p\u0159edseda nebo dva jeho \u010Dlenov\u00E9 spole\u010Dn\u011B.","posledn\u00ED_zm\u011Bna_stanov":"2004-09-06","pozn\u00E1mka":"","organiza\u010Dn\u00ED_jednotky":["m\u00EDstn\u00ED organizace"],"osoby":[{"typ":"Osoba","funkce":"p\u0159edseda:","jm\u00E9no":"Otto Gudas","datum_narozen\u00ED":"1962-10-04","adresa_ulice":"Ma\u0161kova 90","adresa_m\u011Bsto":"463 12 Liberec","platnost_od":"2006-03-15"},{"typ":"Osoba","funkce":"m\u00EDstop\u0159edseda:","jm\u00E9no":"Alena Kova\u010Di\u010Dov\u00E1","datum_narozen\u00ED":"1954-07-27","adresa_ulice":"Hrdin\u016F 121/7","adresa_m\u011Bsto":"460 01 Liberec","platnost_od":"2006-03-15"},{"typ":"Osoba","funkce":"\u010Dlen RPV:","jm\u00E9no":"Jaroslav Pavlas","datum_narozen\u00ED":"1957-01-09","adresa_ulice":"Ok\u00E1lov\u00E1 1040","adresa_m\u011Bsto":"463 11 Liberec","platnost_od":"2005-04-27"},{"typ":"Osoba","funkce":"\u010Dlen RPV:","jm\u00E9no":"Radek Haltuf","datum_narozen\u00ED":"1971-05-18","adresa_ulice":"","adresa_m\u011Bsto":"468 71 Lu\u010Dany nad Nisou 735","platnost_od":"2006-03-15"}]},{"typ":["Digit\u00E1ln\u00ED objekt","Politick\u00E1 strana nebo hnut\u00ED"],"iri":"https://mv.gov.cz/api/boards/SPS/strana/102","url":"https://aplikace.mv.gov.cz/seznam-politickych-stran/Vypis_Rejstrik.aspx?id=102","n\u00E1zev":"Demokratick\u00E1 Unie \u010Cesk\u00E9 republiky","zkratka":"DEU\u010CR","adresa_s\u00EDdla":"400 01 \u00DAst\u00ED nad Labem, V\u0161ebo\u0159ick\u00E1 603/46","den_registrace":"2004-02-09","\u010D\u00EDslo_registrace":"VS-10482/SDR/1-2003","identifika\u010Dn\u00ED_\u010D\u00EDslo":"26652161","statut\u00E1rn\u00ED_org\u00E1n":"Republikov\u00E9 p\u0159edsednictvo, za kter\u00E9 jedn\u00E1 p\u0159edseda strany.","pozn\u00E1mka":"","organiza\u010Dn\u00ED_jednotky":["m\u00EDstn\u00ED organizace"],"osoby":[{"typ":"Osoba","funkce":"p\u0159edseda:","jm\u00E9no":"Jan Dorant","datum_narozen\u00ED":"1947-12-03","adresa_ulice":"Na Str\u00E1ni 614/3","adresa_m\u011Bsto":"400 01 \u00DAst\u00ED nad Labem","platnost_od":"2004-06-05"},{"typ":"Osoba","funkce":"m\u00EDstop\u0159edseda:","jm\u00E9no":"MUDr. Petr L\u00E1tal","datum_narozen\u00ED":"1949-07-04","adresa_ulice":"Gen. Svobody 661/7","adresa_m\u011Bsto":"674 01 T\u0159eb\u00ED\u010D","platnost_od":"2004-06-05"}]},{"typ":["Digit\u00E1ln\u00ED objekt","Politick\u00E1 strana nebo hnut\u00ED"],"iri":"https://mv.gov.cz/api/boards/SPS/strana/103","url":"https://aplikace.mv.gov.cz/seznam-politickych-stran/Vypis_Rejstrik.aspx?id=103","n\u00E1zev":"Evropsk\u00E1 strana d\u016Fstojn\u00E9ho st\u00E1\u0159\u00ED","zkratka":"ESDS","adresa_s\u00EDdla":"110 00 Praha, Ve Sme\u010Dk\u00E1ch 597/32","den_registrace":"2004-07-02","\u010D\u00EDslo_registrace":"VS-5108/SDR/1-2004","identifika\u010Dn\u00ED_\u010D\u00EDslo":"26668904","statut\u00E1rn\u00ED_org\u00E1n":"P\u0159edsednictvo republikov\u00E9 rady, za kter\u00E9 v\u017Edy jednaj\u00ED spole\u010Dn\u011B dva jeho \u010Dlenov\u00E9, z nich\u017E alespo\u0148 jeden je p\u0159edseda nebo m\u00EDstop\u0159edseda strany a druh\u00FD je \u010Dlenem p\u0159edsednictva republikov\u00E9 rady.","posledn\u00ED_zm\u011Bna_stanov":"2016-11-11","pozn\u00E1mka":"","organiza\u010Dn\u00ED_jednotky":["krajsk\u00E9 organizace","m\u00EDstn\u00ED organizace"],"osoby":[{"typ":"Osoba","funkce":"p\u0159edseda:","jm\u00E9no":"Ji\u0159\u00ED Heller","datum_narozen\u00ED":"1977-11-07","adresa_ulice":"Ve Sme\u010Dk\u00E1ch 2091/24","adresa_m\u011Bsto":"110 00 Praha","platnost_od":"2015-09-02"},{"typ":"Osoba","funkce":"m\u00EDstop\u0159edsedkyn\u011B:","jm\u00E9no":"Barbora Ben\u00ED\u0161kov\u00E1","datum_narozen\u00ED":"1985-12-09","adresa_ulice":"Ml\u00E1de\u017Ee 1375/7","adresa_m\u011Bsto":"169 00 Praha","platnost_od":"2015-09-02"}]},{"typ":["Digit\u00E1ln\u00ED objekt","Politick\u00E1 strana nebo hnut\u00ED"],"iri":"https://mv.gov.cz/api/boards/SPS/strana/104","url":"https://aplikace.mv.gov.cz/seznam-politickych-stran/Vypis_Rejstrik.aspx?id=104","n\u00E1zev":"Helax - Ostrava se bav\u00ED","zkratka":"HOB","adresa_s\u00EDdla":"702 00 Ostrava, Stodoln\u00ED 876/8","den_registrace":"2002-08-21","\u010D\u00EDslo_registrace":"VS-4979/SDR/1-2002","identifika\u010Dn\u00ED_\u010D\u00EDslo":"26600978","statut\u00E1rn\u00ED_org\u00E1n":"P\u0159edseda.","pozn\u00E1mka":"","organiza\u010Dn\u00ED_jednotky":[],"osoby":[{"typ":"Osoba","funkce":"p\u0159edseda:","jm\u00E9no":"Gabriela Zimermanov\u00E1","datum_narozen\u00ED":"1977-04-05","adresa_ulice":"Opavsk\u00E1 490","adresa_m\u011Bsto":"747 22 Doln\u00ED Bene\u0161ov","platnost_od":"2002-11-17"}]},{"typ":["Digit\u00E1ln\u00ED objekt","Politick\u00E1 strana nebo hnut\u00ED"],"iri":"https://mv.gov.cz/api/boards/SPS/strana/107","url":"https://aplikace.mv.gov.cz/seznam-politickych-stran/Vypis_Rejstrik.aspx?id=107","n\u00E1zev":"Komunistick\u00E1 strana \u010Cech a Moravy","zkratka":"KS\u010CM","adresa_s\u00EDdla":"110 00 Praha, Politick\u00FDch v\u011Bz\u0148\u016F 1531/9","den_registrace":"1990-11-28","\u010D\u00EDslo_registrace":"VSP/1-3076/90","identifika\u010Dn\u00ED_\u010D\u00EDslo":"496936","statut\u00E1rn\u00ED_org\u00E1n":"V\u00FDkonn\u00FD v\u00FDbor \u00DAV KS\u010CM, za kter\u00FD jedn\u00E1 p\u0159edseda nebo 1. m\u00EDstop\u0159edseda \u00DAV KS\u010CM.","posledn\u00ED_zm\u011Bna_stanov":"2025-06-16","pozn\u00E1mka":"","organiza\u010Dn\u00ED_jednotky":["okresn\u00ED organizace","z\u00E1kladn\u00ED organizace"],"osoby":[{"typ":"Osoba","funkce":"p\u0159edsedkyn\u011B \u00DAV KS\u010CM:","jm\u00E9no":"Kate\u0159ina Kone\u010Dn\u00E1","datum_narozen\u00ED":"1981-01-20","adresa_ulice":"Na Str\u00E1ni 1848/11","adresa_m\u011Bsto":"741 01 Nov\u00FD Ji\u010D\u00EDn","platnost_od":"2021-10-23"},{"typ":"Osoba","funkce":"1. m\u00EDstop\u0159edseda \u00DAV KS\u010CM:","jm\u00E9no":"Petr \u0160im\u016Fnek","datum_narozen\u00ED":"1965-02-17","adresa_ulice":"Zelenohorsk\u00E1 483/14","adresa_m\u011Bsto":"181 00 Praha","platnost_od":"2012-05-20"},{"typ":"Osoba","funkce":"m\u00EDstop\u0159edseda \u00DAV KS\u010CM:","jm\u00E9no":"Milan Kraj\u010Da","datum_narozen\u00ED":"1983-09-12","adresa_ulice":"Josefa Houdka 123","adresa_m\u011Bsto":"155 31 Praha","platnost_od":"2021-04-17"},{"typ":"Osoba","funkce":"m\u00EDstop\u0159edseda \u00DAV KS\u010CM:","jm\u00E9no":"Ludv\u00EDk \u0160ulda","datum_narozen\u00ED":"1979-09-13","adresa_ulice":"","adresa_m\u011Bsto":"798 04 Seloutky 84","platnost_od":"2022-05-14"},{"typ":"Osoba","funkce":"m\u00EDstop\u0159edsedkyn\u011B \u00DAV KS\u010CM:","jm\u00E9no":"Marie P\u011Bn\u010D\u00EDkov\u00E1","datum_narozen\u00ED":"1979-12-31","adresa_ulice":"","adresa_m\u011Bsto":"768 33 Morkovice-Sl\u00ED\u017Eany 76","platnost_od":"2021-10-23"},{"typ":"Osoba","funkce":"\u010Dlen VV \u00DAV KS\u010CM:","jm\u00E9no":"Filip Zacharia\u0161","datum_narozen\u00ED":"1993-04-28","adresa_ulice":"Sokolovsk\u00E1 701","adresa_m\u011Bsto":"685 01 Bu\u010Dovice","platnost_od":"2018-04-21"},{"typ":"Osoba","funkce":"\u010Dlen VV \u00DAV KS\u010CM:","jm\u00E9no":"Miroslav Kavij","datum_narozen\u00ED":"1963-12-15","adresa_ulice":"Za Ber\u00E1nkem 762","adresa_m\u011Bsto":"339 01 Klatovy","platnost_od":"2021-01-15"},{"typ":"Osoba","funkce":"\u010Dlen VV \u00DAV KS\u010CM:","jm\u00E9no":"V\u00E1clav Sloup","datum_narozen\u00ED":"1949-10-06","adresa_ulice":"","adresa_m\u011Bsto":"350 02 Tu\u0159any 5","platnost_od":"2021-01-15"},{"typ":"Osoba","funkce":"\u010Dlen VV \u00DAV KS\u010CM:","jm\u00E9no":"Petr Havr\u00E1nek","datum_narozen\u00ED":"1977-10-06","adresa_ulice":"Po\u0161tovn\u00ED 481","adresa_m\u011Bsto":"742 13 Stud\u00E9nka","platnost_od":"2021-01-15"},{"typ":"Osoba","funkce":"\u010Dlen VV \u00DAV KS\u010CM:","jm\u00E9no":"Pavel Kro\u010Da","datum_narozen\u00ED":"1958-12-24","adresa_ulice":"1. m\u00E1je 63","adresa_m\u011Bsto":"686 05 Uhersk\u00E9 Hradi\u0161t\u011B","platnost_od":"2021-01-15"},{"typ":"Osoba","funkce":"\u010Dlen VV \u00DAV KS\u010CM:","jm\u00E9no":"Ivan Hr\u016Fza","datum_narozen\u00ED":"1954-08-03","adresa_ulice":"Ml\u00E1de\u017Ee 1640/20","adresa_m\u011Bsto":"169 00 Praha","platnost_od":"2021-05-29"},{"typ":"Osoba","funkce":"\u010Dlen VV \u00DAV KS\u010CM:","jm\u00E9no":"Zden\u011Bk \u0160tefek","datum_narozen\u00ED":"1974-12-30","adresa_ulice":"Pra\u017Esk\u00E1 636/31","adresa_m\u011Bsto":"273 43 Bu\u0161t\u011Bhrad","platnost_od":"2021-10-23"},{"typ":"Osoba","funkce":"\u010Dlen VV \u00DAV KS\u010CM:","jm\u00E9no":"V\u00E1clav Snopek","datum_narozen\u00ED":"1951-08-20","adresa_ulice":"17. listopadu 400","adresa_m\u011Bsto":"530 02 Pardubice","platnost_od":"2021-10-23"},{"typ":"Osoba","funkce":"\u010Dlen VV \u00DAV KS\u010CM:","jm\u00E9no":"Tome\u0161 Vytiska","datum_narozen\u00ED":"1954-11-22","adresa_ulice":"R\u016F\u017Eov\u00E1 27","adresa_m\u011Bsto":"377 01 Jind\u0159ich\u016Fv Hradec","platnost_od":"2021-12-11"},{"typ":"Osoba","funkce":"\u010Dlen VV \u00DAV KS\u010CM:","jm\u00E9no":"Marek Nevoral","datum_narozen\u00ED":"1976-03-08","adresa_ulice":"","adresa_m\u011Bsto":"675 01 Vladislav 286","platnost_od":"2024-10-05"},{"typ":"Osoba","funkce":"\u010Dlen VV \u00DAV KS\u010CM:","jm\u00E9no":"V\u00E1clav V\u011Btrovec","datum_narozen\u00ED":"1957-11-18","adresa_ulice":"","adresa_m\u011Bsto":"470 02 Krava\u0159e 20","platnost_od":"2025-03-29"},{"typ":"Osoba","funkce":"\u010Dlenka VV \u00DAV KS\u010CM:","jm\u00E9no":"Jana Honsov\u00E1","datum_narozen\u00ED":"1966-02-25","adresa_ulice":"","adresa_m\u011Bsto":"431 02 M\u00E1lkov 10","platnost_od":"2021-01-15"},{"typ":"Osoba","funkce":"\u010Dlenka VV \u00DAV KS\u010CM:","jm\u00E9no":"V\u011Bra \u017Di\u017Ekov\u00E1","datum_narozen\u00ED":"1952-11-15","adresa_ulice":"Ryb\u00E1\u0159sk\u00E1 104","adresa_m\u011Bsto":"517 41 Kostelec nad Orlic\u00ED","platnost_od":"2022-05-14"},{"typ":"Osoba","funkce":"\u010Dlenka VV \u00DAV KS\u010CM:","jm\u00E9no":"V\u011Bra Vr\u00E1nov\u00E1","datum_narozen\u00ED":"1953-12-10","adresa_ulice":"Jate\u010Dn\u00ED 189/1","adresa_m\u011Bsto":"750 02 P\u0159erov","platnost_od":"2022-06-18"}]},{"typ":["Digit\u00E1ln\u00ED objekt","Politick\u00E1 strana nebo hnut\u00ED"],"iri":"https://mv.gov.cz/api/boards/SPS/strana/109","url":"https://aplikace.mv.gov.cz/seznam-politickych-stran/Vypis_Rejstrik.aspx?id=109","n\u00E1zev":"Komunistick\u00E1 strana \u010Ceskoslovenska","zkratka":"KS\u010C","adresa_s\u00EDdla":"182 00 Praha, \u0160t\u00EDbrova 1216/12","den_registrace":"1995-03-10","\u010D\u00EDslo_registrace":"II/S-OS/1-920/95","identifika\u010Dn\u00ED_\u010D\u00EDslo":"63110156","statut\u00E1rn\u00ED_org\u00E1n":"P\u0159edsednictvo \u00FAst\u0159edn\u00EDho v\u00FDboru, za kter\u00E9 jedn\u00E1 gener\u00E1ln\u00ED tajemn\u00EDk.","posledn\u00ED_zm\u011Bna_stanov":"2018-03-12","pozn\u00E1mka":"","organiza\u010Dn\u00ED_jednotky":["z\u00E1kladn\u00ED organizace"],"osoby":[{"typ":"Osoba","funkce":"Gener\u00E1ln\u00ED tajemn\u00EDk:","jm\u00E9no":"Roman Bla\u0161ko","datum_narozen\u00ED":"1969-07-10","adresa_ulice":"","adresa_m\u011Bsto":"742 35 Lubom\u011B\u0159 93","platnost_od":"2022-05-21"},{"typ":"Osoba","funkce":"z\u00E1stupce gener\u00E1ln\u00EDho tajemn\u00EDka:","jm\u00E9no":"Ji\u0159\u00ED Gr\u00FCnbauer","datum_narozen\u00ED":"1955-10-05","adresa_ulice":"\u010Cechovsk\u00E1 123","adresa_m\u011Bsto":"261 01 P\u0159\u00EDbram","platnost_od":"2022-05-21"},{"typ":"Osoba","funkce":"\u010Dlen p\u0159edsednictva \u00DAV:","jm\u00E9no":"V\u00E1clav Nov\u00E1k","datum_narozen\u00ED":"1954-03-07","adresa_ulice":"K Obo\u0159e 389","adresa_m\u011Bsto":"293 06 Bradlec","platnost_od":"2014-11-29"},{"typ":"Osoba","funkce":"\u010Dlen p\u0159edsednictva \u00DAV:","jm\u00E9no":"V\u00E1clav \u0158\u00EDha","datum_narozen\u00ED":"1936-03-17","adresa_ulice":"Legerova 802/64","adresa_m\u011Bsto":"120 00 Praha","platnost_od":"2014-11-29"},{"typ":"Osoba","funkce":"\u010Dlen p\u0159edsednictva \u00DAV:","jm\u00E9no":"Jind\u0159ich Ska\u0159upa","datum_narozen\u00ED":"1955-06-07","adresa_ulice":"Pod Kalv\u00E1ri\u00ED 289","adresa_m\u011Bsto":"747 41 Hradec nad Moravic\u00ED","platnost_od":"2017-12-02"},{"typ":"Osoba","funkce":"\u010Dlen p\u0159edsednictva \u00DAV:","jm\u00E9no":"Anton\u00EDn Mast\u00EDk","datum_narozen\u00ED":"1947-01-04","adresa_ulice":"\u0160vabinsk\u00E9ho 1265/24","adresa_m\u011Bsto":"400 03 \u00DAst\u00ED nad Labem","platnost_od":"2017-12-02"},{"typ":"Osoba","funkce":"\u010Dlen p\u0159edsednictva \u00DAV:","jm\u00E9no":"J\u00E1n Her\u00E1k","datum_narozen\u00ED":"1954-11-06","adresa_ulice":"Skupova 2523","adresa_m\u011Bsto":"440 01 Louny","platnost_od":"2020-02-01"},{"typ":"Osoba","funkce":"\u010Dlen p\u0159edsednictva \u00DAV:","jm\u00E9no":"Zby\u0161ek Kupsk\u00FD","datum_narozen\u00ED":"1972-07-21","adresa_ulice":"U \u0161kolky 74","adresa_m\u011Bsto":"250 67 Klecany","platnost_od":"2022-05-21"},{"typ":"Osoba","funkce":"\u010Dlen p\u0159edsednictva \u00DAV:","jm\u00E9no":"Vladim\u00EDr Sedl\u00E1\u010Dek","datum_narozen\u00ED":"1954-05-29","adresa_ulice":"Loud\u016F 1022","adresa_m\u011Bsto":"334 41 Dob\u0159any","platnost_od":"2022-05-21"},{"typ":"Osoba","funkce":"\u010Dlen p\u0159edsednictva \u00DAV:","jm\u00E9no":"Jozef Servista","datum_narozen\u00ED":"1942-01-10","adresa_ulice":"Str\u00E1nsk\u00E9ho 1763/35","adresa_m\u011Bsto":"412 01 Litom\u011B\u0159ice","platnost_od":"2022-05-21"},{"typ":"Osoba","funkce":"tajemn\u00EDk p\u0159edsednictva \u00DAV:","jm\u00E9no":"Robert Ma\u0161ek","datum_narozen\u00ED":"1955-12-17","adresa_ulice":"J\u00EDrovcova 2118/87","adresa_m\u011Bsto":"370 04 \u010Cesk\u00E9 Bud\u011Bjovice","platnost_od":"2022-05-21"}]},{"typ":["Digit\u00E1ln\u00ED objekt","Politick\u00E1 strana nebo hnut\u00ED"],"iri":"https://mv.gov.cz/api/boards/SPS/strana/111","url":"https://aplikace.mv.gov.cz/seznam-politickych-stran/Vypis_Rejstrik.aspx?id=111","n\u00E1zev":"Koruna \u010Cesk\u00E1 (monarchistick\u00E1 strana \u010Cech, Moravy a Slezska)","zkratka":"Koruna \u010Cesk\u00E1","adresa_s\u00EDdla":"110 00 Praha, Revolu\u010Dn\u00ED 1082/8","den_registrace":"1991-08-29","\u010D\u00EDslo_registrace":"VSC/1-3275/91","identifika\u010Dn\u00ED_\u010D\u00EDslo":"44266740","statut\u00E1rn\u00ED_org\u00E1n":"P\u0159edsednictvo, za kter\u00E9 jsou opr\u00E1vn\u011Bni jednat samostatn\u011B p\u0159edseda nebo m\u00EDstop\u0159edseda spolu s alespo\u0148 jedn\u00EDm dal\u0161\u00EDm \u010Dlenem p\u0159edsednictva.","posledn\u00ED_zm\u011Bna_stanov":"2025-02-11","pozn\u00E1mka":"","organiza\u010Dn\u00ED_jednotky":["m\u00EDstn\u00ED spole\u010Dnost","region\u00E1ln\u00ED spole\u010Dnost","zemsk\u00E1 spole\u010Dnost"],"osoby":[{"typ":"Osoba","funkce":"p\u0159edseda:","jm\u00E9no":"Vojt\u011Bch C\u00EDrus","datum_narozen\u00ED":"1995-11-11","adresa_ulice":"","adresa_m\u011Bsto":"266 01 Svat\u00FD Jan pod Skalou 17","platnost_od":"2023-04-01"},{"typ":"Osoba","funkce":"Gener\u00E1ln\u00ED sekret\u00E1\u0159:","jm\u00E9no":"Martin V\u00E1\u0148a","datum_narozen\u00ED":"1988-05-30","adresa_ulice":"Eli\u00E1\u0161ova 300/6","adresa_m\u011Bsto":"160 00 Praha","platnost_od":"2024-11-23"},{"typ":"Osoba","funkce":"m\u00EDstop\u0159edseda:","jm\u00E9no":"Lubo\u0161 Samuel  Erbandorf","datum_narozen\u00ED":"1984-06-03","adresa_ulice":"Pozna\u0148sk\u00E1 439/25","adresa_m\u011Bsto":"181 00 Praha","platnost_od":"2023-04-29"},{"typ":"Osoba","funkce":"\u010Desk\u00FD zemsk\u00FD hejtman:","jm\u00E9no":"Lubo\u0161 Samuel  Erbandorf","datum_narozen\u00ED":"1984-06-03","adresa_ulice":"Pozna\u0148sk\u00E1 439/25","adresa_m\u011Bsto":"181 00 Praha","platnost_od":"2022-03-19"},{"typ":"Osoba","funkce":"moravsk\u00FD zemsk\u00FD hejtman:","jm\u00E9no":"Pavel Andr\u0161","datum_narozen\u00ED":"1964-03-24","adresa_ulice":"V kotlin\u011B 352/4","adresa_m\u011Bsto":"779 00 Olomouc","platnost_od":"2023-04-01"},{"typ":"Osoba","funkce":"slezsk\u00FD zemsk\u00FD hejtman:","jm\u00E9no":"Romana Hegrov\u00E1","datum_narozen\u00ED":"1974-02-07","adresa_ulice":"","adresa_m\u011Bsto":"739 53 Horn\u00ED To\u0161anovice 156","platnost_od":"2023-04-01"},{"typ":"Osoba","funkce":"\u010Dlen p\u0159edsednictva:","jm\u00E9no":"Jind\u0159ich Holub","datum_narozen\u00ED":"1968-09-23","adresa_ulice":"Pohle\u010F 3","adresa_m\u011Bsto":"582 91 Sv\u011Btl\u00E1 nad S\u00E1zavou","platnost_od":"2017-11-25"},{"typ":"Osoba","funkce":"\u010Dlen p\u0159edsednictva:","jm\u00E9no":"Mat\u011Bj \u010Cadil","datum_narozen\u00ED":"1985-12-05","adresa_ulice":"Svatov\u00EDtsk\u00E1 906/6","adresa_m\u011Bsto":"160 00 Praha","platnost_od":"2018-11-24"},{"typ":"Osoba","funkce":"\u010Dlen p\u0159edsednictva:","jm\u00E9no":"Miroslav Po\u0161v\u00E1\u0159","datum_narozen\u00ED":"1965-12-13","adresa_ulice":"Reinitzova 325","adresa_m\u011Bsto":"538 51 Chrast","platnost_od":"2018-11-24"},{"typ":"Osoba","funkce":"\u010Dlen p\u0159edsednictva:","jm\u00E9no":"Jan Konr\u00E1d","datum_narozen\u00ED":"1980-01-15","adresa_ulice":"","adresa_m\u011Bsto":"473 01 Okrouhl\u00E1 189","platnost_od":"2023-04-01"},{"typ":"Osoba","funkce":"\u010Dlen p\u0159edsednictva:","jm\u00E9no":"Ji\u0159\u00ED \u010C\u00ED\u017Eek","datum_narozen\u00ED":"1957-12-10","adresa_ulice":"Hlavn\u00ED 750","adresa_m\u011Bsto":"696 61 Vnorovy","platnost_od":"2023-04-01"},{"typ":"Osoba","funkce":"\u010Dlen p\u0159edsednictva:","jm\u00E9no":"Josef Kudrna","datum_narozen\u00ED":"1987-05-27","adresa_ulice":"","adresa_m\u011Bsto":"503 64 M\u011Bn\u00EDk 31","platnost_od":"2024-11-23"}]},{"typ":["Digit\u00E1ln\u00ED objekt","Politick\u00E1 strana nebo hnut\u00ED"],"iri":"https://mv.gov.cz/api/boards/SPS/strana/112","url":"https://aplikace.mv.gov.cz/seznam-politickych-stran/Vypis_Rejstrik.aspx?id=112","n\u00E1zev":"KDU-\u010CSL","zkratka":"KDU-\u010CSL","adresa_s\u00EDdla":"120 00 Praha, Karlovo n\u00E1m\u011Bst\u00ED 317/5","den_registrace":"1991-11-12","\u010D\u00EDslo_registrace":"VSC/1-3692/91","identifika\u010Dn\u00ED_\u010D\u00EDslo":"442704","statut\u00E1rn\u00ED_org\u00E1n":"P\u0159edsednictvo, za kter\u00E9 jedn\u00E1 p\u0159edseda nebo 1. m\u00EDstop\u0159edseda.","posledn\u00ED_zm\u011Bna_stanov":"2024-11-04","pozn\u00E1mka":"","organiza\u010Dn\u00ED_jednotky":["krajsk\u00E9 organizace","m\u00EDstn\u00ED (m\u011Bstsk\u00E1) organizace","okresn\u00ED organizace"],"osoby":[{"typ":"Osoba","funkce":"p\u0159edseda:","jm\u00E9no":"Mgr. Marek V\u00FDborn\u00FD","datum_narozen\u00ED":"1976-07-10","adresa_ulice":"Konop\u00E1\u010Dsk\u00E1 948","adresa_m\u011Bsto":"538 03 He\u0159man\u016Fv M\u011Bstec","platnost_od":"2024-10-18"},{"typ":"Osoba","funkce":"1. m\u00EDstop\u0159edseda:","jm\u00E9no":"MVDr. Pavel B\u011Blobr\u00E1dek, Ph.D., MPA","datum_narozen\u00ED":"1976-12-25","adresa_ulice":"Vod\u00E1rensk\u00E1 1808","adresa_m\u011Bsto":"547 01 N\u00E1chod","platnost_od":"2024-10-18"},{"typ":"Osoba","funkce":"p\u0159edseda poslaneck\u00E9ho klubu:","jm\u00E9no":"MUDr. Tom Philipp, Ph.D.","datum_narozen\u00ED":"1968-12-26","adresa_ulice":"Do \u010Dtvrti 1036/21","adresa_m\u011Bsto":"143 00 Praha","platnost_od":"2025-10-07"},{"typ":"Osoba","funkce":"p\u0159edseda sen\u00E1tn\u00EDho klubu:","jm\u00E9no":"Ing. Josef Klement","datum_narozen\u00ED":"1971-07-22","adresa_ulice":"Bar\u00E1kova 28/5","adresa_m\u011Bsto":"591 01 \u017D\u010F\u00E1r nad S\u00E1zavou","platnost_od":"2022-10-16"},{"typ":"Osoba","funkce":"m\u00EDstop\u0159edsedkyn\u011B:","jm\u00E9no":"Mgr. Monika Brzeskov\u00E1","datum_narozen\u00ED":"1977-06-11","adresa_ulice":"Opavsk\u00E1 127/131","adresa_m\u011Bsto":"747 21 Krava\u0159e","platnost_od":"2024-10-19"},{"typ":"Osoba","funkce":"m\u00EDstop\u0159edseda:","jm\u00E9no":"PhDr. Ji\u0159\u00ED Hor\u00E1k, Ph.D.","datum_narozen\u00ED":"1984-07-24","adresa_ulice":"U Dr\u00E1hy 637","adresa_m\u011Bsto":"685 01 Bu\u010Dovice","platnost_od":"2024-10-19"},{"typ":"Osoba","funkce":"m\u00EDstop\u0159edseda:","jm\u00E9no":"Mgr. Eduard Hulicius, M.A.","datum_narozen\u00ED":"1980-10-28","adresa_ulice":"Nad Klikovkou 1402/15","adresa_m\u011Bsto":"150 00 Praha","platnost_od":"2024-10-19"},{"typ":"Osoba","funkce":"m\u00EDstop\u0159edseda:","jm\u00E9no":"V\u00E1clav Pl\u00E1ten\u00EDk, MA LLM","datum_narozen\u00ED":"1990-04-02","adresa_ulice":"Lhota 35","adresa_m\u011Bsto":"756 42 Vala\u0161sk\u00E9 Mezi\u0159\u00ED\u010D\u00ED","platnost_od":"2024-10-19"},{"typ":"Osoba","funkce":"gener\u00E1ln\u00ED sekret\u00E1\u0159:","jm\u00E9no":"Mgr. Pavel Ho\u0159ava","datum_narozen\u00ED":"1956-09-22","adresa_ulice":"Hermannova 71/16","adresa_m\u011Bsto":"625 00 Brno","platnost_od":"2010-01-01"}]},{"typ":["Digit\u00E1ln\u00ED objekt","Politick\u00E1 strana nebo hnut\u00ED"],"iri":"https://mv.gov.cz/api/boards/SPS/strana/113","url":"https://aplikace.mv.gov.cz/seznam-politickych-stran/Vypis_Rejstrik.aspx?id=113","n\u00E1zev":"Masarykova demokratick\u00E1 strana","zkratka":"MDS","adresa_s\u00EDdla":"750 02 P\u0159erov, Al\u0161ova 2891/2A","den_registrace":"1992-05-25","\u010D\u00EDslo_registrace":"VSC/1-786/92","identifika\u010Dn\u00ED_\u010D\u00EDslo":"60456400","statut\u00E1rn\u00ED_org\u00E1n":"P\u0159edseda strany, 1. a 2. m\u00EDstop\u0159edseda a to ka\u017Ed\u00FD samostatn\u011B.","posledn\u00ED_zm\u011Bna_stanov":"2018-08-17","pozn\u00E1mka":"","organiza\u010Dn\u00ED_jednotky":["krajsk\u00E1 organizace","m\u00EDstn\u00ED organizace"],"osoby":[{"typ":"Osoba","funkce":"p\u0159edseda:","jm\u00E9no":"MUDr. Michal Chromec","datum_narozen\u00ED":"1948-04-23","adresa_ulice":"Al\u0161ova 2891/2A","adresa_m\u011Bsto":"750 02 P\u0159erov","platnost_od":"2018-05-01"},{"typ":"Osoba","funkce":"1. m\u00EDstop\u0159edseda:","jm\u00E9no":"Mgr. Tom\u00E1\u0161 Chromec","datum_narozen\u00ED":"1988-12-31","adresa_ulice":"Al\u0161ova 2891/2A","adresa_m\u011Bsto":"750 02 P\u0159erov","platnost_od":"2014-07-19"},{"typ":"Osoba","funkce":"2. m\u00EDstop\u0159edseda:","jm\u00E9no":"Mgr. Ji\u0159\u00ED  Sekyra","datum_narozen\u00ED":"1949-11-07","adresa_ulice":"Dukelsk\u00E1 1857/4","adresa_m\u011Bsto":"412 01 Litom\u011B\u0159ice","platnost_od":"2014-07-19"}]},{"typ":["Digit\u00E1ln\u00ED objekt","Politick\u00E1 strana nebo hnut\u00ED"],"iri":"https://mv.gov.cz/api/boards/SPS/strana/114","url":"https://aplikace.mv.gov.cz/seznam-politickych-stran/Vypis_Rejstrik.aspx?id=114","n\u00E1zev":"Moravan\u00E9","zkratka":"Moravan\u00E9","adresa_s\u00EDdla":"660 87 Brno, Malinovsk\u00E9ho n\u00E1m\u011Bst\u00ED 603/4","den_registrace":"1994-06-01","\u010D\u00EDslo_registrace":"II/s-OS/1-462/94","identifika\u010Dn\u00ED_\u010D\u00EDslo":"60556625","statut\u00E1rn\u00ED_org\u00E1n":"P\u0159edseda, v jeho nep\u0159\u00EDtomnosti jedn\u00E1 jm\u00E9nem strany m\u00EDstop\u0159edseda.","posledn\u00ED_zm\u011Bna_stanov":"2026-04-08","pozn\u00E1mka":"","organiza\u010Dn\u00ED_jednotky":["m\u00EDstn\u00ED organizace"],"osoby":[{"typ":"Osoba","funkce":"p\u0159edseda:","jm\u00E9no":"Ing. Ale\u0161 Sekanina","datum_narozen\u00ED":"1963-07-27","adresa_ulice":"Slovensk\u00E1 152","adresa_m\u011Bsto":"685 01 Bu\u010Dovice","platnost_od":"2026-03-21"},{"typ":"Osoba","funkce":"m\u00EDstop\u0159edseda:","jm\u00E9no":"Ing. Mgr. Ond\u0159ej Hetm\u00E1nek","datum_narozen\u00ED":"1978-08-10","adresa_ulice":"","adresa_m\u011Bsto":"792 01 \u0160irok\u00E1 Niva 243","platnost_od":"2026-03-21"}]},{"typ":["Digit\u00E1ln\u00ED objekt","Politick\u00E1 strana nebo hnut\u00ED"],"iri":"https://mv.gov.cz/api/boards/SPS/strana/115","url":"https://aplikace.mv.gov.cz/seznam-politickych-stran/Vypis_Rejstrik.aspx?id=115","n\u00E1zev":"N\u00E1rodn\u011B demokratick\u00E1 strana","zkratka":"NDS","adresa_s\u00EDdla":"141 00 Praha, Dunick\u00E1 3143/4","den_registrace":"1991-03-04","\u010D\u00EDslo_registrace":"VS/1-681/91","identifika\u010Dn\u00ED_\u010D\u00EDslo":"16193334","statut\u00E1rn\u00ED_org\u00E1n":"P\u0159edseda.","posledn\u00ED_zm\u011Bna_stanov":"2002-07-26","pozn\u00E1mka":"","organiza\u010Dn\u00ED_jednotky":["krajsk\u00E9 kluby","m\u011Bstsk\u00E9 kluby","m\u00EDstn\u00ED kluby","obvodn\u00ED kluby","okresn\u00ED kluby"],"osoby":[{"typ":"Osoba","funkce":"p\u0159edseda:","jm\u00E9no":"Pavel Pra\u017Esk\u00FD","datum_narozen\u00ED":"1960-10-23","adresa_ulice":"S\u00EDdli\u0161t\u011B I 17","adresa_m\u011Bsto":"251 68 Kamenice","platnost_od":"2002-01-19"}]},{"typ":["Digit\u00E1ln\u00ED objekt","Politick\u00E1 strana nebo hnut\u00ED"],"iri":"https://mv.gov.cz/api/boards/SPS/strana/116","url":"https://aplikace.mv.gov.cz/seznam-politickych-stran/Vypis_Rejstrik.aspx?id=116","n\u00E1zev":"LEP\u0160\u00CD \u017DIVOT PRO LIDI \u2013 zru\u0161en\u00ED dan\u011B z nemovitost\u00ED, min. mzda 50.000 K\u010D, min. d\u016Fchod 30.000 K\u010D, n\u00E1vrat cen energi\u00ED na ceny z roku 2019, v obchodech zbo\u017E\u00ED nejvy\u0161\u0161\u00ED kvality za ceny dostupn\u00E9 pro ka\u017Ed\u00E9ho, STOP v\u00E1lce","zkratka":"L\u017DPL","adresa_s\u00EDdla":"110 00 Praha, Kaprova 42/14","den_registrace":"1999-03-22","\u010D\u00EDslo_registrace":"VS/1-1/4958/98/r","identifika\u010Dn\u00ED_\u010D\u00EDslo":"69347565","statut\u00E1rn\u00ED_org\u00E1n":"P\u0159edsednictvo, za kter\u00E9 jedn\u00E1 p\u0159edseda nebo m\u00EDstop\u0159edseda.","posledn\u00ED_zm\u011Bna_stanov":"2025-01-08","pozn\u00E1mka":"","organiza\u010Dn\u00ED_jednotky":["m\u00EDstn\u00ED klub","m\u00EDstn\u00ED organizace"],"osoby":[{"typ":"Osoba","funkce":"p\u0159edseda:","jm\u00E9no":"Pavel May","datum_narozen\u00ED":"1962-12-17","adresa_ulice":"P\u0159\u00EDvozn\u00ED 1600/2B","adresa_m\u011Bsto":"170 00 Praha","platnost_od":"2024-02-20"},{"typ":"Osoba","funkce":"m\u00EDstop\u0159edseda:","jm\u00E9no":"Alan \u010Cernohous","datum_narozen\u00ED":"1967-05-02","adresa_ulice":"Horn\u00ED n\u00E1m\u011Bst\u00ED 583","adresa_m\u011Bsto":"779 00 Olomouc","platnost_od":"2024-02-20"},{"typ":"Osoba","funkce":"\u010Dlen p\u0159edsednictva:","jm\u00E9no":"Pavel K\u0159ivka","datum_narozen\u00ED":"1960-06-12","adresa_ulice":"Pod Lipami 711","adresa_m\u011Bsto":"530 03 Pardubice","platnost_od":"2024-02-20"}]},{"typ":["Digit\u00E1ln\u00ED objekt","Politick\u00E1 strana nebo hnut\u00ED"],"iri":"https://mv.gov.cz/api/boards/SPS/strana/117","url":"https://aplikace.mv.gov.cz/seznam-politickych-stran/Vypis_Rejstrik.aspx?id=117","n\u00E1zev":"Nez\u00E1visl\u00E1 iniciativa (NEI)","zkratka":"NEI","adresa_s\u00EDdla":"160 00 Praha, U Vorl\u00EDk\u016F 367/3","den_registrace":"1990-02-22","\u010D\u00EDslo_registrace":"AVS/1-466/90","identifika\u010Dn\u00ED_\u010D\u00EDslo":"409421","statut\u00E1rn\u00ED_org\u00E1n":"P\u0159edseda, prvn\u00ED m\u00EDstop\u0159edseda a dva (2) m\u00EDstop\u0159edsedov\u00E9 V\u00FDkonn\u00E9 rady NE!, kter\u00FD ka\u017Ed\u00FD m\u016F\u017Ee jednat samostatn\u011B. K pr\u00E1vn\u00EDm \u00FAkon\u016Fm, pro kter\u00E9 je p\u0159edeps\u00E1na p\u00EDsemn\u00E1 forma, a ke v\u0161em dal\u0161\u00EDm p\u00EDsemn\u00FDm dokument\u016Fm je pot\u0159eba bu\u010F dvou (2) podpis\u016F, a to p\u0159edsedy a jednoho m\u00EDstop\u0159edsedy, nebo t\u0159\u00ED (3) podpis\u016F m\u00EDstop\u0159edsed\u016F.","posledn\u00ED_zm\u011Bna_stanov":"2018-12-17","pozn\u00E1mka":"","organiza\u010Dn\u00ED_jednotky":["kluby"],"osoby":[{"typ":"Osoba","funkce":"p\u0159edseda:","jm\u00E9no":"PhDr. Richard Knot","datum_narozen\u00ED":"1952-09-01","adresa_ulice":"","adresa_m\u011Bsto":"542 21 Pec pod Sn\u011B\u017Ekou 203","platnost_od":"2003-04-26"},{"typ":"Osoba","funkce":"prvn\u00ED m\u00EDstop\u0159edseda:","jm\u00E9no":"Ji\u0159\u00ED Sk\u00E1la","datum_narozen\u00ED":"1959-03-05","adresa_ulice":"M\u00EDrov\u00E1 1475/39","adresa_m\u011Bsto":"274 01 Slan\u00FD","platnost_od":"2018-10-20"},{"typ":"Osoba","funkce":"m\u00EDstop\u0159edseda:","jm\u00E9no":"Mgr. Jaroslav Pech","datum_narozen\u00ED":"1949-02-01","adresa_ulice":"Bo\u0159ivojova 875/12","adresa_m\u011Bsto":"130 00 Praha","platnost_od":"2018-10-20"},{"typ":"Osoba","funkce":"m\u00EDstop\u0159edseda:","jm\u00E9no":"Karel Neumann","datum_narozen\u00ED":"1948-03-14","adresa_ulice":"","adresa_m\u011Bsto":"285 06 Lede\u010Dko 106","platnost_od":"2018-10-20"},{"typ":"Osoba","funkce":"\u010Dlen:","jm\u00E9no":"Mgr. Ivan  Laube","datum_narozen\u00ED":"1948-01-04","adresa_ulice":"Verdunsk\u00E1 487/26","adresa_m\u011Bsto":"160 00 Praha","platnost_od":"2017-12-09"},{"typ":"Osoba","funkce":"\u010Dlen:","jm\u00E9no":"Ji\u0159\u00ED Pop","datum_narozen\u00ED":"1951-07-02","adresa_ulice":"","adresa_m\u011Bsto":"431 14 Strup\u010Dice 145","platnost_od":"2017-12-09"},{"typ":"Osoba","funkce":"\u010Dlen:","jm\u00E9no":"V\u00E1clav Filip","datum_narozen\u00ED":"1972-11-25","adresa_ulice":"Brig\u00E1dn\u00EDk\u016F 2554","adresa_m\u011Bsto":"390 02 T\u00E1bor","platnost_od":"2017-12-09"},{"typ":"Osoba","funkce":"\u010Dlen:","jm\u00E9no":"Pavel Marek","datum_narozen\u00ED":"1948-12-23","adresa_ulice":"Hlavn\u00ED 2463","adresa_m\u011Bsto":"352 01 A\u0161","platnost_od":"2018-10-20"},{"typ":"Osoba","funkce":"\u010Dlenka:","jm\u00E9no":"Jitka Kr\u0148ansk\u00E1","datum_narozen\u00ED":"1968-03-06","adresa_ulice":"M\u00EDrov\u00E1 1475/39","adresa_m\u011Bsto":"274 01 Slan\u00FD","platnost_od":"2018-10-20"}]},{"typ":["Digit\u00E1ln\u00ED objekt","Politick\u00E1 strana nebo hnut\u00ED"],"iri":"https://mv.gov.cz/api/boards/SPS/strana/119","url":"https://aplikace.mv.gov.cz/seznam-politickych-stran/Vypis_Rejstrik.aspx?id=119","n\u00E1zev":"Ob\u010Dansk\u00E1 demokratick\u00E1 aliance","zkratka":"ODA","adresa_s\u00EDdla":"140 00 Praha, U Spole\u010Densk\u00E9 zahrady 319/6","den_registrace":"1990-03-05","\u010D\u00EDslo_registrace":"AVS/1-569/90","identifika\u010Dn\u00ED_\u010D\u00EDslo":"409731","statut\u00E1rn\u00ED_org\u00E1n":"Politick\u00E1 rada, za kterou jedn\u00E1 p\u0159edseda ODA nebo dva \u010Dlenov\u00E9 politick\u00E9 rady spole\u010Dn\u011B.","posledn\u00ED_zm\u011Bna_stanov":"2007-07-13","pozn\u00E1mka":"","organiza\u010Dn\u00ED_jednotky":["krajsk\u00E9 organizace","m\u00EDstn\u00ED kluby","okresn\u00ED (m\u011Bstsk\u00E9) organizace"],"osoby":[{"typ":"Osoba","funkce":"p\u0159edseda:","jm\u00E9no":"RNDr. Ji\u0159ina Nov\u00E1kov\u00E1, CSc.","datum_narozen\u00ED":"1945-12-31","adresa_ulice":"Kl\u00E1novick\u00E1 591/1","adresa_m\u011Bsto":"198 00 Praha","platnost_od":"2002-12-07"},{"typ":"Osoba","funkce":"m\u00EDstop\u0159edseda:","jm\u00E9no":"M\u00E1rio Jarom\u00EDr C\u00EDsa\u0159","datum_narozen\u00ED":"1953-02-02","adresa_ulice":"T\u00E1boritsk\u00E1 461/2","adresa_m\u011Bsto":"130 00 Praha","platnost_od":"2002-12-07"},{"typ":"Osoba","funkce":"m\u00EDstop\u0159edseda:","jm\u00E9no":"Ing. Petr Ba\u0161\u00EDk","datum_narozen\u00ED":"1957-06-10","adresa_ulice":"B. N\u011Bmcov\u00E9 867","adresa_m\u011Bsto":"399 01 Milevsko","platnost_od":"2005-02-19"},{"typ":"Osoba","funkce":"\u010Dlen:","jm\u00E9no":"JUDr. Jan  Herda","datum_narozen\u00ED":"1949-03-14","adresa_ulice":"V jez\u00EDrk\u00E1ch 1544/14","adresa_m\u011Bsto":"149 00 Praha","platnost_od":"2005-04-16"},{"typ":"Osoba","funkce":"\u010Dlen:","jm\u00E9no":"PhDr. Jakub Ch\u00E1b","datum_narozen\u00ED":"1963-07-22","adresa_ulice":"Posp\u00ED\u0161ilova 1426/5","adresa_m\u011Bsto":"130 00 Praha","platnost_od":"2005-04-16"}]},{"typ":["Digit\u00E1ln\u00ED objekt","Politick\u00E1 strana nebo hnut\u00ED"],"iri":"https://mv.gov.cz/api/boards/SPS/strana/120","url":"https://aplikace.mv.gov.cz/seznam-politickych-stran/Vypis_Rejstrik.aspx?id=120","n\u00E1zev":"Ob\u010Dansk\u00E1 demokratick\u00E1 strana","zkratka":"ODS","adresa_s\u00EDdla":"110 00 Praha, Truhl\u00E1\u0159sk\u00E1 1106/9","den_registrace":"1991-03-18","\u010D\u00EDslo_registrace":"VS/1-870/91","identifika\u010Dn\u00ED_\u010D\u00EDslo":"16192656","statut\u00E1rn\u00ED_org\u00E1n":"P\u0159edsednictvo, za kter\u00E9 jedn\u00E1 p\u0159edseda, v dob\u011B jeho nep\u0159\u00EDtomnosti prvn\u00ED m\u00EDstop\u0159edseda strany, pop\u0159. dal\u0161\u00ED p\u0159edsedou nebo v dob\u011B jeho nep\u0159\u00EDtomnosti prvn\u00EDm m\u00EDstop\u0159edsedou pov\u011B\u0159en\u00FD \u010Dlen p\u0159edsednictva.","posledn\u00ED_zm\u011Bna_stanov":"2015-06-17","pozn\u00E1mka":"","organiza\u010Dn\u00ED_jednotky":["m\u00EDstn\u00ED sdru\u017Een\u00ED","oblastn\u00ED sdru\u017Een\u00ED","region\u00E1ln\u00ED sdru\u017Een\u00ED"],"osoby":[{"typ":"Osoba","funkce":"p\u0159edseda:","jm\u00E9no":"Mgr. Martin  Kupka","datum_narozen\u00ED":"1975-10-28","adresa_ulice":"Jana Pavelky 660","adresa_m\u011Bsto":"250 65 L\u00EDbeznice","platnost_od":"2026-01-17"},{"typ":"Osoba","funkce":"1. m\u00EDstop\u0159edseda:","jm\u00E9no":"Mgr. Tom\u00E1\u0161 Portl\u00EDk","datum_narozen\u00ED":"1978-08-20","adresa_ulice":"Z\u00E1rybsk\u00E1 667/16","adresa_m\u011Bsto":"190 00 Praha","platnost_od":"2026-01-17"},{"typ":"Osoba","funkce":"p\u0159edseda sen\u00E1torsk\u00E9ho klubu:","jm\u00E9no":"Ing. Zden\u011Bk Nytra","datum_narozen\u00ED":"1961-10-06","adresa_ulice":"Na Pr\u00E1dle 3347/2","adresa_m\u011Bsto":"702 00 Ostrava","platnost_od":"2020-10-13"},{"typ":"Osoba","funkce":"p\u0159edseda poslaneck\u00E9ho klubu:","jm\u00E9no":"Marek Benda","datum_narozen\u00ED":"1968-11-10","adresa_ulice":"Vlastislavova 605/20","adresa_m\u011Bsto":"140 00 Praha","platnost_od":"2021-12-13"},{"typ":"Osoba","funkce":"p\u0159edsedkyn\u011B klubu poslanc\u016F EP:","jm\u00E9no":"Ing. Veronika Vrecionov\u00E1","datum_narozen\u00ED":"1965-09-08","adresa_ulice":"Doln\u00ED n\u00E1ves 21","adresa_m\u011Bsto":"250 73 P\u0159ezletice","platnost_od":"2023-06-06"},{"typ":"Osoba","funkce":"m\u00EDstop\u0159edseda:","jm\u00E9no":"RNDr. Alexandr  Vondra","datum_narozen\u00ED":"1961-08-17","adresa_ulice":"M\u00E1chova 169/8","adresa_m\u011Bsto":"412 01 Litom\u011B\u0159ice","platnost_od":"2020-01-18"},{"typ":"Osoba","funkce":"m\u00EDstop\u0159edseda:","jm\u00E9no":"brig. gen. v. v. Mgr. Martin \u010Cerv\u00ED\u010Dek","datum_narozen\u00ED":"1972-04-03","adresa_ulice":"","adresa_m\u011Bsto":"552 03 Vysokov 186","platnost_od":"2026-01-18"},{"typ":"Osoba","funkce":"m\u00EDstop\u0159edseda:","jm\u00E9no":"Mgr. Pavel Drobil","datum_narozen\u00ED":"1971-10-18","adresa_ulice":"Ob\u010Dansk\u00E1 1103/25","adresa_m\u011Bsto":"710 00 Ostrava","platnost_od":"2026-01-18"},{"typ":"Osoba","funkce":"m\u00EDstop\u0159edseda:","jm\u00E9no":"Mgr. Karel Haas","datum_narozen\u00ED":"1973-09-14","adresa_ulice":"Kyjevsk\u00E1 429","adresa_m\u011Bsto":"530 03 Pardubice","platnost_od":"2026-01-18"}]},{"typ":["Digit\u00E1ln\u00ED objekt","Politick\u00E1 strana nebo hnut\u00ED"],"iri":"https://mv.gov.cz/api/boards/SPS/strana/121","url":"https://aplikace.mv.gov.cz/seznam-politickych-stran/Vypis_Rejstrik.aspx?id=121","n\u00E1zev":"Ob\u010Dansk\u00E1 koalice - Politick\u00FD klub","zkratka":"OK","adresa_s\u00EDdla":"120 00 Praha 2, N\u00E1m\u011Bst\u00ED m\u00EDru  9","den_registrace":"1998-02-27","\u010D\u00EDslo_registrace":"II/s-OVS/1-1298/98/r","identifika\u010Dn\u00ED_\u010D\u00EDslo":"67984207","statut\u00E1rn\u00ED_org\u00E1n":"P\u0159edseda a prvn\u00ED m\u00EDstop\u0159edseda.","posledn\u00ED_zm\u011Bna_stanov":"2001-10-12","pozn\u00E1mka":"","organiza\u010Dn\u00ED_jednotky":["krajsk\u00E1 organizace","m\u00EDstn\u00ED organizace","okresn\u00ED organizace"],"osoby":[{"typ":"Osoba","funkce":"p\u0159edseda:","jm\u00E9no":"Mgr. Jozef Wagner","datum_narozen\u00ED":"1940-08-30","adresa_ulice":"","adresa_m\u011Bsto":"282 01 Masojedy 8","platnost_od":"1998-03-29"},{"typ":"Osoba","funkce":"prvn\u00ED m\u00EDstop\u0159edseda:","jm\u00E9no":"Ing. Jan Trhl\u00EDk","adresa_ulice":"Na Okrouhl\u00EDku 2219/27","adresa_m\u011Bsto":"182 00 Praha","platnost_od":"2001-09-22"}]},{"typ":["Digit\u00E1ln\u00ED objekt","Politick\u00E1 strana nebo hnut\u00ED"],"iri":"https://mv.gov.cz/api/boards/SPS/strana/122","url":"https://aplikace.mv.gov.cz/seznam-politickych-stran/Vypis_Rejstrik.aspx?id=122","n\u00E1zev":"Ob\u010Dansko demokratick\u00E9 sdru\u017Een\u00ED Zl\u00EDn","zkratka":"ODSZ","adresa_s\u00EDdla":"760 01 Zl\u00EDn, Nadhumen\u00ED 304","den_registrace":"2006-07-21","\u010D\u00EDslo_registrace":"VS-5179/SDR/1-2006","identifika\u010Dn\u00ED_\u010D\u00EDslo":"27038025","statut\u00E1rn\u00ED_org\u00E1n":"P\u0159edstavenstvo, za kter\u00E9 jedn\u00E1 navenek p\u0159edseda p\u0159edstavenstva.","pozn\u00E1mka":"","organiza\u010Dn\u00ED_jednotky":["krajsk\u00E1 rada"],"osoby":[]},{"typ":["Digit\u00E1ln\u00ED objekt","Politick\u00E1 strana nebo hnut\u00ED"],"iri":"https://mv.gov.cz/api/boards/SPS/strana/124","url":"https://aplikace.mv.gov.cz/seznam-politickych-stran/Vypis_Rejstrik.aspx?id=124","n\u00E1zev":"Prav\u00E1 volba pro Plze\u0148","zkratka":"PVP","adresa_s\u00EDdla":"300 00 Plze\u0148, Na Mazin\u00E1ch 112/16","den_registrace":"1998-07-14","\u010D\u00EDslo_registrace":"VS/1-1/4207/98","identifika\u010Dn\u00ED_\u010D\u00EDslo":"68782888","statut\u00E1rn\u00ED_org\u00E1n":"Politick\u00E1 rada, za kterou jedn\u00E1 p\u0159edseda nebo dva jej\u00ED \u010Dlenov\u00E9 spole\u010Dn\u011B.","posledn\u00ED_zm\u011Bna_stanov":"2006-09-05","pozn\u00E1mka":"","organiza\u010Dn\u00ED_jednotky":["m\u00EDstn\u00ED klub"],"osoby":[{"typ":"Osoba","funkce":"p\u0159edseda:","jm\u00E9no":"Ing. Vladim\u00EDr Duchek, Ph.D.","datum_narozen\u00ED":"1965-07-01","adresa_ulice":"Na Mazin\u00E1ch 112/16","adresa_m\u011Bsto":"322 00 Plze\u0148","platnost_od":"1998-12-01"},{"typ":"Osoba","funkce":"\u010Dlen:","jm\u00E9no":"Ing. Jan  Anderle","datum_narozen\u00ED":"1956-03-15","adresa_ulice":"K Fo\u0159tovn\u011B 202/23","adresa_m\u011Bsto":"312 00 Plze\u0148","platnost_od":"1998-12-01"},{"typ":"Osoba","funkce":"\u010Dlen:","jm\u00E9no":"Mgr. Stanislav Frank","datum_narozen\u00ED":"1955-06-23","adresa_ulice":"Habrmannovo n\u00E1m\u011Bst\u00ED 682/7","adresa_m\u011Bsto":"312 11 Plze\u0148","platnost_od":"1998-12-01"}]},{"typ":["Digit\u00E1ln\u00ED objekt","Politick\u00E1 strana nebo hnut\u00ED"],"iri":"https://mv.gov.cz/api/boards/SPS/strana/127","url":"https://aplikace.mv.gov.cz/seznam-politickych-stran/Vypis_Rejstrik.aspx?id=127","n\u00E1zev":"Republik\u00E1nsk\u00E1 strana \u010Cech, Moravy a Slezska","zkratka":"RS\u010CMS","adresa_s\u00EDdla":"293 06 Kosmonosy, Boleslavsk\u00E1 294/52","den_registrace":"2007-06-14","\u010D\u00EDslo_registrace":"VS-5155/SDR/1-2007","identifika\u010Dn\u00ED_\u010D\u00EDslo":"71339418","statut\u00E1rn\u00ED_org\u00E1n":"P\u0159edseda.","pozn\u00E1mka":"","organiza\u010Dn\u00ED_jednotky":["m\u00EDstn\u00ED organizace"],"osoby":[{"typ":"Osoba","funkce":"p\u0159edseda:","jm\u00E9no":"Jan Folovsk\u00FD","datum_narozen\u00ED":"1984-01-10","adresa_ulice":"\u0158ez\u00E1\u010Dova 421/20","adresa_m\u011Bsto":"779 00 Olomouc","platnost_od":"2007-12-01"}]},{"typ":["Digit\u00E1ln\u00ED objekt","Politick\u00E1 strana nebo hnut\u00ED"],"iri":"https://mv.gov.cz/api/boards/SPS/strana/128","url":"https://aplikace.mv.gov.cz/seznam-politickych-stran/Vypis_Rejstrik.aspx?id=128","n\u00E1zev":"Romsk\u00E1 ob\u010Dansk\u00E1 iniciativa \u010CR","zkratka":"ROI \u010CR","adresa_s\u00EDdla":"100 00 Praha, Pod stra\u0161nickou vinic\u00ED 183/6","den_registrace":"1990-03-02","\u010D\u00EDslo_registrace":"AVS/1-2042/245/90","identifika\u010Dn\u00ED_\u010D\u00EDslo":"499757","statut\u00E1rn\u00ED_org\u00E1n":"p\u0159edseda strany","posledn\u00ED_zm\u011Bna_stanov":"2002-03-11","pozn\u00E1mka":"","organiza\u010Dn\u00ED_jednotky":["m\u00EDstn\u00ED organizace"],"osoby":[]},{"typ":["Digit\u00E1ln\u00ED objekt","Politick\u00E1 strana nebo hnut\u00ED"],"iri":"https://mv.gov.cz/api/boards/SPS/strana/129","url":"https://aplikace.mv.gov.cz/seznam-politickych-stran/Vypis_Rejstrik.aspx?id=129","n\u00E1zev":"\u201ESebeobrana voli\u010D\u016F - V\u00E1\u0161 hlas nepodpo\u0159\u00ED financov\u00E1n\u00ED plan\u00FDch \u0159e\u010D\u00ED, ale zdravotnictv\u00ED Va\u0161eho obvodu\u0022","zkratka":"SeVo","adresa_s\u00EDdla":"326 00 Plze\u0148, Slovansk\u00E1 alej 1892/17","den_registrace":"2000-09-20","\u010D\u00EDslo_registrace":"VS/1-1/5036/2000","identifika\u010Dn\u00ED_\u010D\u00EDslo":"70906467","statut\u00E1rn\u00ED_org\u00E1n":"P\u0159edseda.","posledn\u00ED_zm\u011Bna_stanov":"2006-08-21","pozn\u00E1mka":"","organiza\u010Dn\u00ED_jednotky":["krajsk\u00E9 poradn\u00ED sbory"],"osoby":[{"typ":"Osoba","funkce":"p\u0159edseda:","jm\u00E9no":"Ing. Ivan  Svoboda","datum_narozen\u00ED":"1955-12-21","adresa_ulice":"Slovansk\u00E1 alej 1892/17","adresa_m\u011Bsto":"326 00 Plze\u0148","platnost_od":"2002-08-10"}]},{"typ":["Digit\u00E1ln\u00ED objekt","Politick\u00E1 strana nebo hnut\u00ED"],"iri":"https://mv.gov.cz/api/boards/SPS/strana/130","url":"https://aplikace.mv.gov.cz/seznam-politickych-stran/Vypis_Rejstrik.aspx?id=130","n\u00E1zev":"Sedma - strana pro Slati\u0148any, \u0160krov\u00E1d, Trpi\u0161ov, Kun\u010D\u00ED, Presy, Podh\u016Fru a Koch\u00E1novice","zkratka":"Sedma","adresa_s\u00EDdla":"538 21 Slati\u0148any, V\u00EDt\u011Bzstv\u00ED 387","den_registrace":"2006-03-20","\u010D\u00EDslo_registrace":"VS-9145/SDR/1-2005","identifika\u010Dn\u00ED_\u010D\u00EDslo":"27026922","statut\u00E1rn\u00ED_org\u00E1n":"p\u0159edseda","pozn\u00E1mka":"","organiza\u010Dn\u00ED_jednotky":[],"osoby":[{"typ":"Osoba","funkce":"p\u0159edseda:","jm\u00E9no":"Ing. Jan Picpauer","datum_narozen\u00ED":"1974-06-05","adresa_ulice":"","adresa_m\u011Bsto":"538 21 Slati\u0148any 98","platnost_od":"2012-12-02"}]},{"typ":["Digit\u00E1ln\u00ED objekt","Politick\u00E1 strana nebo hnut\u00ED"],"iri":"https://mv.gov.cz/api/boards/SPS/strana/131","url":"https://aplikace.mv.gov.cz/seznam-politickych-stran/Vypis_Rejstrik.aspx?id=131","n\u00E1zev":"SEMIL\u00C1CI","zkratka":"PSS","adresa_s\u00EDdla":"513 01 Semily, Riegrovo n\u00E1m\u011Bst\u00ED 16","den_registrace":"2006-07-25","\u010D\u00EDslo_registrace":"VS-5074/SDR/1-2006","identifika\u010Dn\u00ED_\u010D\u00EDslo":"27038131","statut\u00E1rn\u00ED_org\u00E1n":"V\u00FDkonn\u00E1 rada, za kterou jedn\u00E1 a podepisuje p\u0159edseda nebo v\u00FDkonnou radou pov\u011B\u0159en\u00FD \u010Dlen.","pozn\u00E1mka":"","organiza\u010Dn\u00ED_jednotky":[],"osoby":[{"typ":"Osoba","funkce":"p\u0159edseda:","jm\u00E9no":"Bc. Adam Kur\u0161el","datum_narozen\u00ED":"1997-11-28","adresa_ulice":"Josefa Hory 21","adresa_m\u011Bsto":"513 01 Semily","platnost_od":"2022-11-15"},{"typ":"Osoba","funkce":"\u010Dlen:","jm\u00E9no":"Ing. Sebastian Kur\u0161el","datum_narozen\u00ED":"1994-02-25","adresa_ulice":"Ostrov 24","adresa_m\u011Bsto":"513 01 Semily","platnost_od":"2022-11-15"},{"typ":"Osoba","funkce":"\u010Dlenka:","jm\u00E9no":"MDDr. Ane\u017Eka Buri\u00E1nkov\u00E1","datum_narozen\u00ED":"1994-12-30","adresa_ulice":"Ivana Olbrachta 668","adresa_m\u011Bsto":"513 01 Semily","platnost_od":"2022-11-15"}]},{"typ":["Digit\u00E1ln\u00ED objekt","Politick\u00E1 strana nebo hnut\u00ED"],"iri":"https://mv.gov.cz/api/boards/SPS/strana/133","url":"https://aplikace.mv.gov.cz/seznam-politickych-stran/Vypis_Rejstrik.aspx?id=133","n\u00E1zev":"Levice","zkratka":"Levice","adresa_s\u00EDdla":"106 00 Praha, \u017Dirovnick\u00E1 3133/6","den_registrace":"1993-08-18","\u010D\u00EDslo_registrace":"VS/1-1447/93","identifika\u010Dn\u00ED_\u010D\u00EDslo":"49628089","statut\u00E1rn\u00ED_org\u00E1n":"P\u0159edsednictvo, za kter\u00E9 jednaj\u00ED sou\u010Dasn\u011B dva \u010Dlenov\u00E9.","posledn\u00ED_zm\u011Bna_stanov":"2025-05-14","pozn\u00E1mka":"","organiza\u010Dn\u00ED_jednotky":["krajsk\u00E9 organizace","z\u00E1kladn\u00ED organizace"],"osoby":[{"typ":"Osoba","funkce":"\u010Dlen:","jm\u00E9no":"Vladim\u00EDr Farana","datum_narozen\u00ED":"1953-05-26","adresa_ulice":"Na N\u00E1b\u0159e\u017E\u00ED 715/103","adresa_m\u011Bsto":"736 01 Hav\u00ED\u0159ov","platnost_od":"2020-01-28"},{"typ":"Osoba","funkce":"\u010Dlen:","jm\u00E9no":"Jakub Vi\u0161\u0148\u00E1k","datum_narozen\u00ED":"1984-12-30","adresa_ulice":"Slune\u010Dn\u00E1 214","adresa_m\u011Bsto":"251 64 Struha\u0159ov","platnost_od":"2023-04-22"},{"typ":"Osoba","funkce":"\u010Dlen:","jm\u00E9no":"Franti\u0161ek Otta","datum_narozen\u00ED":"1999-04-19","adresa_ulice":"Pion\u00FDr\u016F 682","adresa_m\u011Bsto":"783 91 Uni\u010Dov","platnost_od":"2025-04-12"},{"typ":"Osoba","funkce":"\u010Dlenka:","jm\u00E9no":"Mark\u00E9ta Ju\u0159icov\u00E1","datum_narozen\u00ED":"2000-09-10","adresa_ulice":"V domov\u011B 1675/20","adresa_m\u011Bsto":"130 00 Praha","platnost_od":"2020-01-28"},{"typ":"Osoba","funkce":"\u010Dlenka:","jm\u00E9no":"Romana Howe","datum_narozen\u00ED":"1970-01-12","adresa_ulice":"Dr. E. Bene\u0161e 557","adresa_m\u011Bsto":"278 01 Kralupy nad Vltavou","platnost_od":"2025-04-12"}]},{"typ":["Digit\u00E1ln\u00ED objekt","Politick\u00E1 strana nebo hnut\u00ED"],"iri":"https://mv.gov.cz/api/boards/SPS/strana/135","url":"https://aplikace.mv.gov.cz/seznam-politickych-stran/Vypis_Rejstrik.aspx?id=135","n\u00E1zev":"Strana ob\u010Dansk\u00E9 sebeobrany","zkratka":"S.O.S. PRAHA","adresa_s\u00EDdla":"118 00 Praha , Loret\u00E1nsk\u00E9 n\u00E1m\u011Bst\u00ED 108/2","den_registrace":"2006-01-17","\u010D\u00EDslo_registrace":"VS-85/SDR/1-2006","identifika\u010Dn\u00ED_\u010D\u00EDslo":"27018661","statut\u00E1rn\u00ED_org\u00E1n":"Veden\u00ED strany, za kter\u00E9 jedn\u00E1 p\u0159edseda.","pozn\u00E1mka":"","organiza\u010Dn\u00ED_jednotky":["m\u00EDstn\u00ED organizace"],"osoby":[{"typ":"Osoba","funkce":"p\u0159edseda:","jm\u00E9no":"Ing. Bohumil  Vejtasa","datum_narozen\u00ED":"1950-02-26","adresa_ulice":"Loret\u00E1nsk\u00E9 n\u00E1m\u011Bst\u00ED 108/2","adresa_m\u011Bsto":"118 00 Praha","platnost_od":"2006-01-26"},{"typ":"Osoba","funkce":"m\u00EDstop\u0159edseda:","jm\u00E9no":"PaedDr. Lubom\u00EDr M\u00E1cha","datum_narozen\u00ED":"1956-06-02","adresa_ulice":"Verdunsk\u00E1 910/28","adresa_m\u011Bsto":"160 00 Praha","platnost_od":"2006-01-26"},{"typ":"Osoba","funkce":"vedouc\u00ED regionu Praha:","jm\u00E9no":"Jaroslava  N\u011Bmcov\u00E1","datum_narozen\u00ED":"1951-02-02","adresa_ulice":"Nerudova 240/33","adresa_m\u011Bsto":"118 00 Praha","platnost_od":"2006-01-26"}]},{"typ":["Digit\u00E1ln\u00ED objekt","Politick\u00E1 strana nebo hnut\u00ED"],"iri":"https://mv.gov.cz/api/boards/SPS/strana/136","url":"https://aplikace.mv.gov.cz/seznam-politickych-stran/Vypis_Rejstrik.aspx?id=136","n\u00E1zev":"Strana st\u00E1tu p\u0159\u00EDm\u00E9 demokracie - Strana pr\u00E1ce","zkratka":"SSPD-SP","adresa_s\u00EDdla":"712 00 Ostrava, Vdovsk\u00E1 696/36","den_registrace":"2004-03-23","\u010D\u00EDslo_registrace":"VS-1709/SDR/1-2004","identifika\u010Dn\u00ED_\u010D\u00EDslo":"26658356","statut\u00E1rn\u00ED_org\u00E1n":"St\u00E1tn\u00ED rada Strany pr\u00E1ce, za kterou jedn\u00E1 p\u0159edseda.","posledn\u00ED_zm\u011Bna_stanov":"2015-05-12","pozn\u00E1mka":"","organiza\u010Dn\u00ED_jednotky":["krajsk\u00E1 organizace","obecn\u00ED organizace"],"osoby":[{"typ":"Osoba","funkce":"p\u0159edseda:","jm\u00E9no":"Radoslav  \u0160t\u011Bdro\u0148","datum_narozen\u00ED":"1955-04-21","adresa_ulice":"Vdovsk\u00E1 696/36","adresa_m\u011Bsto":"712 00 Ostrava","platnost_od":"2004-06-26"}]},{"typ":["Digit\u00E1ln\u00ED objekt","Politick\u00E1 strana nebo hnut\u00ED"],"iri":"https://mv.gov.cz/api/boards/SPS/strana/137","url":"https://aplikace.mv.gov.cz/seznam-politickych-stran/Vypis_Rejstrik.aspx?id=137","n\u00E1zev":"Strana svobodn\u00FDch severu","zkratka":"SSS","adresa_s\u00EDdla":"460 06 Liberec, Zelen\u00E9 \u00FAdol\u00ED 1038","den_registrace":"2000-08-25","\u010D\u00EDslo_registrace":"VS/1-1/4990/2000","identifika\u010Dn\u00ED_\u010D\u00EDslo":"70867194","statut\u00E1rn\u00ED_org\u00E1n":"Rada, za kterou jedn\u00E1 p\u0159edseda nebo m\u00EDstop\u0159edseda.","pozn\u00E1mka":"","organiza\u010Dn\u00ED_jednotky":[],"osoby":[{"typ":"Osoba","funkce":"p\u0159edseda:","jm\u00E9no":"Ing. Pavel  Zahradn\u00ED\u010Dek","datum_narozen\u00ED":"1953-07-07","adresa_ulice":"Zelen\u00E9 \u00FAdol\u00ED 1038","adresa_m\u011Bsto":"460 06 Liberec","platnost_od":"2001-02-07"},{"typ":"Osoba","funkce":"m\u00EDstop\u0159edseda:","jm\u00E9no":"MUDr. Martin  Z\u00EDtek","datum_narozen\u00ED":"1963-08-24","adresa_ulice":"U Sila 1201","adresa_m\u011Bsto":"463 11 Liberec","platnost_od":"2001-02-07"}]},{"typ":["Digit\u00E1ln\u00ED objekt","Politick\u00E1 strana nebo hnut\u00ED"],"iri":"https://mv.gov.cz/api/boards/SPS/strana/138","url":"https://aplikace.mv.gov.cz/seznam-politickych-stran/Vypis_Rejstrik.aspx?id=138","n\u00E1zev":"Strana pro otev\u0159enou spole\u010Dnost","zkratka":"SOS","adresa_s\u00EDdla":"737 01 \u010Cesk\u00FD T\u011B\u0161\u00EDn, N\u00E1dra\u017En\u00ED 16/10","den_registrace":"1998-02-23","\u010D\u00EDslo_registrace":"II/s-OVS/1-896/1998","identifika\u010Dn\u00ED_\u010D\u00EDslo":"68346859","statut\u00E1rn\u00ED_org\u00E1n":"P\u0159edseda.","posledn\u00ED_zm\u011Bna_stanov":"2018-01-30","pozn\u00E1mka":"","organiza\u010Dn\u00ED_jednotky":["krajsk\u00E9 organizace","z\u00E1kladn\u00ED organizace"],"osoby":[{"typ":"Osoba","funkce":"p\u0159edseda:","jm\u00E9no":"Marian Ku\u015B","datum_narozen\u00ED":"1963-02-20","adresa_ulice":"Krakovsk\u00E1 1363/12","adresa_m\u011Bsto":"110 00 Praha","platnost_od":"2017-11-04"}]},{"typ":["Digit\u00E1ln\u00ED objekt","Politick\u00E1 strana nebo hnut\u00ED"],"iri":"https://mv.gov.cz/api/boards/SPS/strana/139","url":"https://aplikace.mv.gov.cz/seznam-politickych-stran/Vypis_Rejstrik.aspx?id=139","n\u00E1zev":"Strana venkova - spojen\u00E9 ob\u010Dansk\u00E9 s\u00EDly","zkratka":"SV SOS","adresa_s\u00EDdla":"106 00 Praha, Pr\u00E1\u010Dsk\u00E1 1881/14","den_registrace":"1996-10-02","\u010D\u00EDslo_registrace":"II/s-OS/3939/96","identifika\u010Dn\u00ED_\u010D\u00EDslo":"65992105","statut\u00E1rn\u00ED_org\u00E1n":"P\u0159edsednictvo, za kter\u00E9 jedn\u00E1 p\u0159edseda.","posledn\u00ED_zm\u011Bna_stanov":"2004-03-09","pozn\u00E1mka":"","organiza\u010Dn\u00ED_jednotky":["m\u00EDstn\u00ED organizace","okresn\u00ED organizace","region\u00E1ln\u00ED (krajsk\u00E9) organizace"],"osoby":[{"typ":"Osoba","funkce":"p\u0159edseda:","jm\u00E9no":"Ing. Marie Pol\u00E1chov\u00E1","datum_narozen\u00ED":"1949-01-17","adresa_ulice":"Hlavn\u00ED 176","adresa_m\u011Bsto":"687 25 Hluk","platnost_od":"2001-03-29"}]},{"typ":["Digit\u00E1ln\u00ED objekt","Politick\u00E1 strana nebo hnut\u00ED"],"iri":"https://mv.gov.cz/api/boards/SPS/strana/140","url":"https://aplikace.mv.gov.cz/seznam-politickych-stran/Vypis_Rejstrik.aspx?id=140","n\u00E1zev":"ROZUMN\u00CD","zkratka":"Rozumn\u00ED","adresa_s\u00EDdla":"118 00 Praha, Nerudova 253/11","den_registrace":"2002-03-05","\u010D\u00EDslo_registrace":"VS-756/SDR/2002","identifika\u010Dn\u00ED_\u010D\u00EDslo":"26585979","statut\u00E1rn\u00ED_org\u00E1n":"P\u0159edseda a prvn\u00ED m\u00EDstop\u0159edseda strany, kte\u0159\u00ED jednaj\u00ED ka\u017Ed\u00FD samostatn\u011B.","posledn\u00ED_zm\u011Bna_stanov":"2021-12-16","pozn\u00E1mka":"","organiza\u010Dn\u00ED_jednotky":["krajsk\u00E1 organizace","m\u00EDstn\u00ED organizace","oblastn\u00ED organizace"],"osoby":[{"typ":"Osoba","funkce":"p\u0159edseda:","jm\u00E9no":"Mgr. Petr Hannig","datum_narozen\u00ED":"1946-01-20","adresa_ulice":"Na lhotech 732/1","adresa_m\u011Bsto":"148 00 Praha","platnost_od":"2002-04-03"},{"typ":"Osoba","funkce":"1.m\u00EDstop\u0159edsedkyn\u011B:","jm\u00E9no":"Silvia Weiszov\u00E1","datum_narozen\u00ED":"1967-07-05","adresa_ulice":"Na lhotech 732/1","adresa_m\u011Bsto":"148 00 Praha","platnost_od":"2011-01-22"}]},{"typ":["Digit\u00E1ln\u00ED objekt","Politick\u00E1 strana nebo hnut\u00ED"],"iri":"https://mv.gov.cz/api/boards/SPS/strana/141","url":"https://aplikace.mv.gov.cz/seznam-politickych-stran/Vypis_Rejstrik.aspx?id=141","n\u00E1zev":"Strana zdravotn\u011B posti\u017Een\u00FDch, d\u016Fchodc\u016F a soci\u00E1ln\u011B slab\u00FDch ob\u010Dan\u016F","zkratka":"SZP-DO","adresa_s\u00EDdla":"190 00 Praha 9, Tupolevova 465","den_registrace":"1992-02-11","\u010D\u00EDslo_registrace":"VS/1-239/92","identifika\u010Dn\u00ED_\u010D\u00EDslo":"48136395","statut\u00E1rn\u00ED_org\u00E1n":"P\u0159edseda.","posledn\u00ED_zm\u011Bna_stanov":"2002-02-14","pozn\u00E1mka":"","organiza\u010Dn\u00ED_jednotky":["m\u011Bstsk\u00E9 organizace","okresn\u00ED organizace","z\u00E1kladn\u00ED organizace"],"osoby":[{"typ":"Osoba","funkce":"p\u0159edseda:","jm\u00E9no":"Zden\u011Bk \u0160t\u011Bp\u00E1nek","datum_narozen\u00ED":"1931-10-25","adresa_ulice":"Tupolevova 465","adresa_m\u011Bsto":"199 00 Praha","platnost_od":"1995-02-28"}]},{"typ":["Digit\u00E1ln\u00ED objekt","Politick\u00E1 strana nebo hnut\u00ED"],"iri":"https://mv.gov.cz/api/boards/SPS/strana/142","url":"https://aplikace.mv.gov.cz/seznam-politickych-stran/Vypis_Rejstrik.aspx?id=142","n\u00E1zev":"Strana zelen\u00FDch","zkratka":"Zelen\u00ED","adresa_s\u00EDdla":"181 00 Praha, \u0158e\u0161ovsk\u00E1 495/18","den_registrace":"1990-02-03","\u010D\u00EDslo_registrace":"AVS/1-260/90","identifika\u010Dn\u00ED_\u010D\u00EDslo":"409740","statut\u00E1rn\u00ED_org\u00E1n":"P\u0159edsednictvo, za kter\u00E9 jednaj\u00ED spolup\u0159edsedov\u00E9 a m\u00EDstop\u0159edsedov\u00E9. K jedn\u00E1n\u00ED jm\u00E9nem SZ je t\u0159eba podpisu jednoho spolup\u0159edsedy nebo m\u00EDstop\u0159edsedy SZ.","posledn\u00ED_zm\u011Bna_stanov":"2026-02-02","pozn\u00E1mka":"","organiza\u010Dn\u00ED_jednotky":["krajsk\u00E1 organizace","z\u00E1kladn\u00ED (m\u011Bstsk\u00E1) organizace"],"osoby":[{"typ":"Osoba","funkce":"Spolup\u0159edseda:","jm\u00E9no":"Mat\u011Bj Pomaha\u010D","datum_narozen\u00ED":"1984-04-30","adresa_ulice":"Vindy\u0161ova 1685/4","adresa_m\u011Bsto":"153 00 Praha","platnost_od":"2024-11-02"},{"typ":"Osoba","funkce":"Spolup\u0159edsedkyn\u011B:","jm\u00E9no":"Gabriela Sv\u00E1rovsk\u00E1","datum_narozen\u00ED":"1972-07-17","adresa_ulice":"Jun\u00E1ck\u00E1 1646/7","adresa_m\u011Bsto":"169 00 Praha","platnost_od":"2024-11-02"},{"typ":"Osoba","funkce":"1.m\u00EDstop\u0159edsedkyn\u011B:","jm\u00E9no":"Jitka Kyli\u0161ov\u00E1","datum_narozen\u00ED":"1973-02-26","adresa_ulice":"Na Kov\u00E1rn\u011B 1140/28","adresa_m\u011Bsto":"312 00 Plze\u0148","platnost_od":"2024-11-02"},{"typ":"Osoba","funkce":"2. m\u00EDstop\u0159edseda:","jm\u00E9no":"Tom\u00E1\u0161 M\u00EDgl","datum_narozen\u00ED":"2000-05-30","adresa_ulice":"","adresa_m\u011Bsto":"262 23 Bratkovice 91","platnost_od":"2024-11-02"},{"typ":"Osoba","funkce":"\u010Dlen p\u0159edsednictva:","jm\u00E9no":"Matou\u0161 Venc\u00E1lek","datum_narozen\u00ED":"1989-03-09","adresa_ulice":"Fleischnerova 944/14","adresa_m\u011Bsto":"635 00 Brno","platnost_od":"2024-11-02"},{"typ":"Osoba","funkce":"\u010Dlenka p\u0159edsednictva:","jm\u00E9no":"Jana Krumpholcov\u00E1","datum_narozen\u00ED":"1979-12-17","adresa_ulice":"\u0160milovsk\u00E9ho 232/11","adresa_m\u011Bsto":"293 01 Mlad\u00E1 Boleslav","platnost_od":"2024-11-02"},{"typ":"Osoba","funkce":"\u010Dlenka p\u0159edsednictva:","jm\u00E9no":"Kate\u0159ina Kuchtov\u00E1","datum_narozen\u00ED":"1999-01-19","adresa_ulice":"Soukenick\u00E1 37","adresa_m\u011Bsto":"381 01 \u010Cesk\u00FD Krumlov","platnost_od":"2024-11-02"}]},{"typ":["Digit\u00E1ln\u00ED objekt","Politick\u00E1 strana nebo hnut\u00ED"],"iri":"https://mv.gov.cz/api/boards/SPS/strana/143","url":"https://aplikace.mv.gov.cz/seznam-politickych-stran/Vypis_Rejstrik.aspx?id=143","n\u00E1zev":"Unie svobody - Demokratick\u00E1 unie","zkratka":"US-DEU","adresa_s\u00EDdla":"120 00 Praha, Rumunsk\u00E1 1798/1","den_registrace":"1998-01-22","\u010D\u00EDslo_registrace":"OVS/1-355/419/98/r","identifika\u010Dn\u00ED_\u010D\u00EDslo":"67777708","statut\u00E1rn\u00ED_org\u00E1n":"Republikov\u00FD v\u00FDbor, za kter\u00FD jednaj\u00ED v\u017Edy spole\u010Dn\u011B dva jeho \u010Dlenov\u00E9, z nich\u017E alespo\u0148 jeden je p\u0159edsedou nebo m\u00EDstop\u0159edsedou.","posledn\u00ED_zm\u011Bna_stanov":"2009-11-26","pozn\u00E1mka":"","organiza\u010Dn\u00ED_jednotky":["krajsk\u00E9 organizace","m\u00EDstn\u00ED (m\u011Bstsk\u00E1) organizace","okresn\u00ED organizace"],"osoby":[{"typ":"Osoba","funkce":"p\u0159edseda:","jm\u00E9no":"MVDr. Jan \u010Cern\u00FD","datum_narozen\u00ED":"1959-04-23","adresa_ulice":"Kutnohorsk\u00E1 440","adresa_m\u011Bsto":"281 63 Kostelec nad \u010Cern\u00FDmi Lesy","platnost_od":"2007-06-02"},{"typ":"Osoba","funkce":"1. m\u00EDstop\u0159edseda:","jm\u00E9no":"Mgr. Martin  P\u00ED\u0161a","datum_narozen\u00ED":"1971-04-24","adresa_ulice":"Na dolin\u00E1ch 599/14","adresa_m\u011Bsto":"147 00 Praha","platnost_od":"2009-06-20"},{"typ":"Osoba","funkce":"m\u00EDstop\u0159edsedkyn\u011B:","jm\u00E9no":"Mgr. Lenka \u010Cern\u00E1","datum_narozen\u00ED":"1973-09-27","adresa_ulice":"Palachova 709/13","adresa_m\u011Bsto":"400 01 \u00DAst\u00ED nad Labem","platnost_od":"2007-06-02"},{"typ":"Osoba","funkce":"m\u00EDstop\u0159edseda:","jm\u00E9no":"Ing. Ond\u0159ej Vesel\u00FD","datum_narozen\u00ED":"1972-09-26","adresa_ulice":"Slovensk\u00E1 1196/38","adresa_m\u011Bsto":"747 06 Opava","platnost_od":"2009-06-20"},{"typ":"Osoba","funkce":"m\u00EDstop\u0159edseda:","jm\u00E9no":"Ing. Petr Forman","datum_narozen\u00ED":"1948-01-01","adresa_ulice":"Je\u010Dn\u00E1 547/15","adresa_m\u011Bsto":"120 00 Praha","platnost_od":"2009-06-20"},{"typ":"Osoba","funkce":"m\u00EDstop\u0159edseda:","jm\u00E9no":"Ing. Radomil  Mrklas","datum_narozen\u00ED":"1960-11-06","adresa_ulice":"Broumovsk\u00E1 964/32","adresa_m\u011Bsto":"460 06 Liberec","platnost_od":"2009-06-20"},{"typ":"Osoba","funkce":"m\u00EDstop\u0159edseda:","jm\u00E9no":"Franti\u0161ek Van\u011B\u010Dek","datum_narozen\u00ED":"1962-09-15","adresa_ulice":"Litom\u011B\u0159ick\u00E1 987/7","adresa_m\u011Bsto":"400 03 \u00DAst\u00ED nad Labem","platnost_od":"2009-06-20"},{"typ":"Osoba","funkce":"\u010Dlen VR:","jm\u00E9no":"Ing. Ivan Dort","datum_narozen\u00ED":"1947-04-01","adresa_ulice":"","adresa_m\u011Bsto":"763 01 Hosti\u0161ov\u00E1 49","platnost_od":"2005-04-14"},{"typ":"Osoba","funkce":"\u010Dlen VR:","jm\u00E9no":"Mgr. Tom\u00E1\u0161  Jan\u010Da\u0159\u00EDk","datum_narozen\u00ED":"1950-03-02","adresa_ulice":"Pod k\u0159\u00ED\u017Ekem 1757/2A","adresa_m\u011Bsto":"147 00 Praha","platnost_od":"2007-01-23"},{"typ":"Osoba","funkce":"\u010Dlen VR:","jm\u00E9no":"Iva Maz\u00EDkov\u00E1","datum_narozen\u00ED":"1939-09-12","adresa_ulice":"Fibichova 1593/19","adresa_m\u011Bsto":"735 06 Karvin\u00E1","platnost_od":"2008-10-02"},{"typ":"Osoba","funkce":"\u010Dlen VR:","jm\u00E9no":"Ing. Miroslav Z\u00E1bransk\u00FD","datum_narozen\u00ED":"1971-02-03","adresa_ulice":"Mezi Silnicemi 128/33","adresa_m\u011Bsto":"326 00 Plze\u0148","platnost_od":"2008-12-16"},{"typ":"Osoba","funkce":"\u010Dlen VR:","jm\u00E9no":"MUDr. Karola Haasov\u00E1","datum_narozen\u00ED":"1964-07-17","adresa_ulice":"\u017Den\u00ED\u0161kova 2172/3","adresa_m\u011Bsto":"400 11 \u00DAst\u00ED nad Labem","platnost_od":"2009-02-18"},{"typ":"Osoba","funkce":"\u010Dlen RV:","jm\u00E9no":"Michael  Jankovi\u010D","datum_narozen\u00ED":"1949-02-12","adresa_ulice":"Malec\u00ED 852","adresa_m\u011Bsto":"549 01 Nov\u00E9 M\u011Bsto nad Metuj\u00ED","platnost_od":"2001-06-24"},{"typ":"Osoba","funkce":"\u010Dlen RV:","jm\u00E9no":"Ji\u0159\u00ED  Tomek","datum_narozen\u00ED":"1948-04-17","adresa_ulice":"","adresa_m\u011Bsto":"691 24 P\u0159ibice  7","platnost_od":"2002-11-23"},{"typ":"Osoba","funkce":"\u010Dlen RV:","jm\u00E9no":"V\u00E1clav  \u0160\u00EDma","datum_narozen\u00ED":"1955-05-31","adresa_ulice":"F. X. \u0160aldy 96/19","adresa_m\u011Bsto":"360 04 Karlovy Vary","platnost_od":"2004-06-01"},{"typ":"Osoba","funkce":"\u010Dlen RV:","jm\u00E9no":"Ing. Libor Picka","datum_narozen\u00ED":"1964-04-18","adresa_ulice":"","adresa_m\u011Bsto":"345 25 B\u011Bl\u00E1 nad Radbuzou 30","platnost_od":"2004-06-29"},{"typ":"Osoba","funkce":"\u010Dlen RV:","jm\u00E9no":"Ivan Kunetka","datum_narozen\u00ED":"1961-09-22","adresa_ulice":"U Lip 377","adresa_m\u011Bsto":"511 01 Turnov","platnost_od":"2005-02-24"},{"typ":"Osoba","funkce":"\u010Dlen RV:","jm\u00E9no":"Ing. Jan Mega","datum_narozen\u00ED":"1953-01-24","adresa_ulice":"Tyr\u0161ova 443","adresa_m\u011Bsto":"664 42 Mod\u0159ice","platnost_od":"2005-10-01"},{"typ":"Osoba","funkce":"\u010Dlen RV:","jm\u00E9no":"Mgr. Tom\u00E1\u0161 Kopeck\u00FD","datum_narozen\u00ED":"1965-02-18","adresa_ulice":"Na V\u011Btrn\u00EDku 1295","adresa_m\u011Bsto":"537 05 Chrudim","platnost_od":"2006-02-28"},{"typ":"Osoba","funkce":"\u010Dlen RV:","jm\u00E9no":"Old\u0159ich Ball\u00E1k","datum_narozen\u00ED":"1938-06-19","adresa_ulice":"Marie Majerov\u00E9 40/33","adresa_m\u011Bsto":"783 36 K\u0159elov-B\u0159uchot\u00EDn","platnost_od":"2006-03-13"},{"typ":"Osoba","funkce":"\u010Dlen RV:","jm\u00E9no":"PharmDr. Radovan Haluza","datum_narozen\u00ED":"1961-06-15","adresa_ulice":"Durychova 1390/8","adresa_m\u011Bsto":"500 12 Hradec Kr\u00E1lov\u00E9","platnost_od":"2006-03-14"},{"typ":"Osoba","funkce":"\u010Dlen RV:","jm\u00E9no":"Ing. Jarom\u00EDr Bar\u00E1k","datum_narozen\u00ED":"1957-12-09","adresa_ulice":"Na Kopc\u00EDch 383","adresa_m\u011Bsto":"674 01 T\u0159eb\u00ED\u010D","platnost_od":"2006-06-16"},{"typ":"Osoba","funkce":"\u010Dlen RV:","jm\u00E9no":"Ing. Vladim\u00EDr Koutsk\u00FD","datum_narozen\u00ED":"1942-12-02","adresa_ulice":"Erbenovo n\u00E1b\u0159e\u017E\u00ED 3929/2","adresa_m\u011Bsto":"767 01 Krom\u011B\u0159\u00ED\u017E","platnost_od":"2006-11-30"},{"typ":"Osoba","funkce":"\u010Dlen RV:","jm\u00E9no":"Martin  Bohd\u00E1lek","datum_narozen\u00ED":"1971-02-22","adresa_ulice":"","adresa_m\u011Bsto":"588 13 Poln\u00E1 22","platnost_od":"2008-02-06"},{"typ":"Osoba","funkce":"\u010Dlen RV:","jm\u00E9no":"Ji\u0159\u00ED Miroslav Knedl\u00EDk","datum_narozen\u00ED":"1949-07-21","adresa_ulice":"Baarova 2812/9","adresa_m\u011Bsto":"352 01 A\u0161","platnost_od":"2008-03-21"},{"typ":"Osoba","funkce":"\u010Dlen RV:","jm\u00E9no":"Ing. Tom\u00E1\u0161 Trnobransk\u00FD","datum_narozen\u00ED":"1954-12-02","adresa_ulice":"","adresa_m\u011Bsto":"257 91 Sedlec-Pr\u010Dice 32","platnost_od":"2009-06-08"},{"typ":"Osoba","funkce":"\u010Dlen RV:","jm\u00E9no":"Zden\u011Bk Renc","datum_narozen\u00ED":"1947-04-23","adresa_ulice":"Keramik\u016F 2618","adresa_m\u011Bsto":"269 01 Rakovn\u00EDk","platnost_od":"2009-06-08"},{"typ":"Osoba","funkce":"\u010Dlen RV:","jm\u00E9no":"Bc. Martin  Vysoudil","datum_narozen\u00ED":"1982-01-27","adresa_ulice":"Husova 887/9","adresa_m\u011Bsto":"779 00 Olomouc","platnost_od":"2009-06-20"},{"typ":"Osoba","funkce":"\u010Dlen RV:","jm\u00E9no":"Mgr. Zuzana Peterov\u00E1","datum_narozen\u00ED":"1970-11-22","adresa_ulice":"\u0160tef\u00E1nikova 5","adresa_m\u011Bsto":"150 00 Praha 5 - Sm\u00EDchov","platnost_od":"2009-07-13"},{"typ":"Osoba","funkce":"\u010Dlen RV:","jm\u00E9no":"Ing. Lubo\u0161 Matek","datum_narozen\u00ED":"1965-12-10","adresa_ulice":"Jir\u00E1skova 1480","adresa_m\u011Bsto":"413 01 Roudnice nad Labem","platnost_od":"2009-07-28"}]},{"typ":["Digit\u00E1ln\u00ED objekt","Politick\u00E1 strana nebo hnut\u00ED"],"iri":"https://mv.gov.cz/api/boards/SPS/strana/144","url":"https://aplikace.mv.gov.cz/seznam-politickych-stran/Vypis_Rejstrik.aspx?id=144","n\u00E1zev":"\u201EViktor Ko\u017Een\u00FD - Ob\u010Dansk\u00E1 feder\u00E1ln\u00ED demokracie\u0022","zkratka":"\u201EOFD\u0022","adresa_s\u00EDdla":"145 01 Praha, Ohradn\u00ED 1159/65","den_registrace":"2004-04-01","\u010D\u00EDslo_registrace":"VS-1962/SDR/1-2004","identifika\u010Dn\u00ED_\u010D\u00EDslo":"26660709","statut\u00E1rn\u00ED_org\u00E1n":"V\u00FDkonn\u00E1 rada, za kterou jedn\u00E1 p\u0159edseda nebo 1. m\u00EDstop\u0159edseda.","pozn\u00E1mka":"","organiza\u010Dn\u00ED_jednotky":["krajsk\u00E9 sdru\u017Een\u00ED","m\u00EDstn\u00ED sdru\u017Een\u00ED"],"osoby":[]},{"typ":["Digit\u00E1ln\u00ED objekt","Politick\u00E1 strana nebo hnut\u00ED"],"iri":"https://mv.gov.cz/api/boards/SPS/strana/145","url":"https://aplikace.mv.gov.cz/seznam-politickych-stran/Vypis_Rejstrik.aspx?id=145","n\u00E1zev":"Volba pro m\u011Bsto","zkratka":"VPM","adresa_s\u00EDdla":"500 03 Hradec Kr\u00E1lov\u00E9, Severn\u00ED 760/42","den_registrace":"1998-06-07","\u010D\u00EDslo_registrace":"VS/1-1/4420/4551/98","identifika\u010Dn\u00ED_\u010D\u00EDslo":"68210396","statut\u00E1rn\u00ED_org\u00E1n":"V\u00FDbor, za kter\u00FD jedn\u00E1 a podepisuje p\u0159edseda.","posledn\u00ED_zm\u011Bna_stanov":"2024-11-13","pozn\u00E1mka":"","organiza\u010Dn\u00ED_jednotky":["m\u00EDstn\u00ED klub"],"osoby":[{"typ":"Osoba","funkce":"p\u0159edseda:","jm\u00E9no":"Mgr. Miroslav P\u016F\u017Ea, Ph.D.","datum_narozen\u00ED":"1979-05-07","adresa_ulice":"Severn\u00ED 760/42","adresa_m\u011Bsto":"500 03 Hradec Kr\u00E1lov\u00E9","platnost_od":"2020-08-31"},{"typ":"Osoba","funkce":"\u010Dlen v\u00FDboru:","jm\u00E9no":"JUDr. Ji\u0159\u00ED V\u0161ete\u010Dka","datum_narozen\u00ED":"1963-03-10","adresa_ulice":"Velk\u00E9 n\u00E1m\u011Bst\u00ED 148/11","adresa_m\u011Bsto":"500 03 Hradec Kr\u00E1lov\u00E9","platnost_od":"2020-08-31"},{"typ":"Osoba","funkce":"\u010Dlenka v\u00FDboru:","jm\u00E9no":"JUDr. Milena  Du\u0161kov\u00E1","datum_narozen\u00ED":"1959-09-27","adresa_ulice":"Dru\u017Estevn\u00ED 1291","adresa_m\u011Bsto":"543 01 Vrchlab\u00ED","platnost_od":"1998-08-24"}]},{"typ":["Digit\u00E1ln\u00ED objekt","Politick\u00E1 strana nebo hnut\u00ED"],"iri":"https://mv.gov.cz/api/boards/SPS/strana/146","url":"https://aplikace.mv.gov.cz/seznam-politickych-stran/Vypis_Rejstrik.aspx?id=146","n\u00E1zev":"V\u0161eobecn\u00E1 ob\u010Dansk\u00E1 strana","zkratka":"VOS","adresa_s\u00EDdla":"735 41 Pet\u0159vald, Doln\u00ED 706","den_registrace":"2003-04-07","\u010D\u00EDslo_registrace":"VS-10/SDR/1-2003","identifika\u010Dn\u00ED_\u010D\u00EDslo":"26626047","statut\u00E1rn\u00ED_org\u00E1n":"P\u0159edstavenstvo strany, za kter\u00E9 jedn\u00E1 p\u0159edseda a m\u00EDstop\u0159edsedov\u00E9 strany a to ka\u017Ed\u00FD samostatn\u011B.","posledn\u00ED_zm\u011Bna_stanov":"2007-10-10","pozn\u00E1mka":"","organiza\u010Dn\u00ED_jednotky":["krajsk\u00E9 organizace","m\u00EDstn\u00ED organizace","obvodov\u00E1 organizace"],"osoby":[{"typ":"Osoba","funkce":"p\u0159edseda:","jm\u00E9no":"Ing. Vladislav Novara","datum_narozen\u00ED":"1939-06-23","adresa_ulice":"Padl\u00FDch hrdin\u016F 149/51","adresa_m\u011Bsto":"736 01 Hav\u00ED\u0159ov","platnost_od":"2003-04-15"},{"typ":"Osoba","funkce":"m\u00EDstop\u0159edsedkyn\u011B:","jm\u00E9no":"Pavl\u00EDna Vojt\u011Bchov\u00E1","datum_narozen\u00ED":"1948-08-24","adresa_ulice":"L\u00EDpov\u00E1 568","adresa_m\u011Bsto":"431 51 Kl\u00E1\u0161terec nad Oh\u0159\u00ED","platnost_od":"2007-08-25"},{"typ":"Osoba","funkce":"m\u00EDstop\u0159edseda:","jm\u00E9no":"Petr Drozd\u00EDk","datum_narozen\u00ED":"1983-05-12","adresa_ulice":"Ha\u0161kova 664/11","adresa_m\u011Bsto":"734 01 Karvin\u00E1","platnost_od":"2005-05-28"},{"typ":"Osoba","funkce":"\u010Dlen p\u0159edstavenstva:","jm\u00E9no":"Vladim\u00EDr Slez\u00E1k","datum_narozen\u00ED":"1937-11-12","adresa_ulice":"Na Chmelnici 1596","adresa_m\u011Bsto":"583 01 Chot\u011Bbo\u0159","platnost_od":"2002-05-28"},{"typ":"Osoba","funkce":"\u010Dlen p\u0159edstavenstva:","jm\u00E9no":"Eva Zwyrtekov\u00E1","datum_narozen\u00ED":"1965-05-23","adresa_ulice":"Doln\u00ED 706","adresa_m\u011Bsto":"735 41 Pet\u0159vald","platnost_od":"2003-04-15"},{"typ":"Osoba","funkce":"\u010Dlen p\u0159edstavenstva:","jm\u00E9no":"Lenka Havelkov\u00E1","datum_narozen\u00ED":"1945-01-19","adresa_ulice":"Mladoboleslavsk\u00E1 2309/13","adresa_m\u011Bsto":"276 01 M\u011Bln\u00EDk","platnost_od":"2005-05-28"},{"typ":"Osoba","funkce":"\u010Dlen p\u0159edstavenstva:","jm\u00E9no":"Stanislav Stadn\u00EDk","datum_narozen\u00ED":"1961-02-10","adresa_ulice":"t\u0159\u00EDda Edvarda Bene\u0161e 1747/1","adresa_m\u011Bsto":"500 12 Hradec Kr\u00E1lov\u00E9","platnost_od":"2005-05-28"}]},{"typ":["Digit\u00E1ln\u00ED objekt","Politick\u00E1 strana nebo hnut\u00ED"],"iri":"https://mv.gov.cz/api/boards/SPS/strana/147","url":"https://aplikace.mv.gov.cz/seznam-politickych-stran/Vypis_Rejstrik.aspx?id=147","n\u00E1zev":"Zl\u00EDnsk\u00E9 sdru\u017Een\u00ED \u017Eivnostn\u00EDk\u016F a podnikatel\u016F","zkratka":"ZS\u017DP","adresa_s\u00EDdla":"760 01 Zl\u00EDn, Vodn\u00ED 2985","den_registrace":"2006-07-25","\u010D\u00EDslo_registrace":"VS-5116/SDR/1-2006","identifika\u010Dn\u00ED_\u010D\u00EDslo":"27038459","statut\u00E1rn\u00ED_org\u00E1n":"P\u0159edstavenstvo, za kter\u00E9 jedn\u00E1 p\u0159edseda.","pozn\u00E1mka":"","organiza\u010Dn\u00ED_jednotky":["M\u00EDstn\u00ED kluby"],"osoby":[]},{"typ":["Digit\u00E1ln\u00ED objekt","Politick\u00E1 strana nebo hnut\u00ED"],"iri":"https://mv.gov.cz/api/boards/SPS/strana/148","url":"https://aplikace.mv.gov.cz/seznam-politickych-stran/Vypis_Rejstrik.aspx?id=148","n\u00E1zev":"Alternativa pro ob\u010Dany","zkratka":"AO","adresa_s\u00EDdla":"403 31 \u00DAst\u00ED nad Labem, U Fary 208","den_registrace":"2006-07-19","\u010D\u00EDslo_registrace":"VS-4775/SDR/1-2006","identifika\u010Dn\u00ED_\u010D\u00EDslo":"27038050","statut\u00E1rn\u00ED_org\u00E1n":"P\u0159edseda a m\u00EDstop\u0159edseda, kte\u0159\u00ED jednaj\u00ED samostatn\u011B.","posledn\u00ED_zm\u011Bna_stanov":"2011-04-11","pozn\u00E1mka":"","organiza\u010Dn\u00ED_jednotky":["m\u00EDstn\u00ED organizace"],"osoby":[{"typ":"Osoba","funkce":"p\u0159edsedkyn\u011B:","jm\u00E9no":"Jana  Pauerov\u00E1","datum_narozen\u00ED":"1964-07-20","adresa_ulice":"U Fary 208","adresa_m\u011Bsto":"403 31 \u00DAst\u00ED nad Labem","platnost_od":"2010-06-03"},{"typ":"Osoba","funkce":"m\u00EDstop\u0159edseda:","jm\u00E9no":"Ji\u0159\u00ED  Moravec","datum_narozen\u00ED":"1973-02-14","adresa_ulice":"n\u00E1m. J. Koziny 13","adresa_m\u011Bsto":"417 61 Byst\u0159any","platnost_od":"2011-03-28"}]},{"typ":["Digit\u00E1ln\u00ED objekt","Politick\u00E1 strana nebo hnut\u00ED"],"iri":"https://mv.gov.cz/api/boards/SPS/strana/150","url":"https://aplikace.mv.gov.cz/seznam-politickych-stran/Vypis_Rejstrik.aspx?id=150","n\u00E1zev":"KONZERVATIVN\u00CD ALTERNATIVA","zkratka":"KOAL","adresa_s\u00EDdla":"180 00 Praha, Prim\u00E1torsk\u00E1 296/38","den_registrace":"1999-09-01","\u010D\u00EDslo_registrace":"VS/1-1/4424/1999","identifika\u010Dn\u00ED_\u010D\u00EDslo":"70226709","statut\u00E1rn\u00ED_org\u00E1n":"P\u0159edseda.","posledn\u00ED_zm\u011Bna_stanov":"2019-03-12","pozn\u00E1mka":"","organiza\u010Dn\u00ED_jednotky":["m\u00EDstn\u00ED organizace"],"osoby":[{"typ":"Osoba","funkce":"p\u0159edseda:","jm\u00E9no":"","adresa_ulice":"","adresa_m\u011Bsto":"","platnost_od":"2020-08-01"}]},{"typ":["Digit\u00E1ln\u00ED objekt","Politick\u00E1 strana nebo hnut\u00ED"],"iri":"https://mv.gov.cz/api/boards/SPS/strana/151","url":"https://aplikace.mv.gov.cz/seznam-politickych-stran/Vypis_Rejstrik.aspx?id=151","n\u00E1zev":"Folklor i Spole\u010Dnost","zkratka":"FiS","adresa_s\u00EDdla":"637 00 Brno, Pivo\u0148kova 530/11","den_registrace":"2004-12-30","\u010D\u00EDslo_registrace":"VS-8954/SDR/1-2004","identifika\u010Dn\u00ED_\u010D\u00EDslo":"26986311","statut\u00E1rn\u00ED_org\u00E1n":"P\u0159edsednictvo, za n\u011Bj\u017E jedn\u00E1 a podepisuje p\u0159edseda nebo j\u00EDm pov\u011B\u0159en\u00FD \u010Dlen p\u0159edsednictva.","pozn\u00E1mka":"","organiza\u010Dn\u00ED_jednotky":[],"osoby":[{"typ":"Osoba","funkce":"p\u0159edseda:","jm\u00E9no":"Dr. Miroslav Lejsek","datum_narozen\u00ED":"1948-11-01","adresa_ulice":"Fanderl\u00EDkova 831/70","adresa_m\u011Bsto":"616 00 Brno","platnost_od":"2005-01-29"},{"typ":"Osoba","funkce":"m\u00EDstop\u0159edseda:","jm\u00E9no":"Ing. Lud\u011Bk Pecho","datum_narozen\u00ED":"1956-03-07","adresa_ulice":"Ulrychova 848/8","adresa_m\u011Bsto":"624 00 Brno","platnost_od":"2005-01-29"},{"typ":"Osoba","funkce":"\u010Dlen p\u0159edsednictva:","jm\u00E9no":"Bo\u017Eena  Rosenbergov\u00E1","datum_narozen\u00ED":"1949-05-17","adresa_ulice":"Pivo\u0148kova 530/11","adresa_m\u011Bsto":"637 00 Brno","platnost_od":"2005-01-29"}]},{"typ":["Digit\u00E1ln\u00ED objekt","Politick\u00E1 strana nebo hnut\u00ED"],"iri":"https://mv.gov.cz/api/boards/SPS/strana/152","url":"https://aplikace.mv.gov.cz/seznam-politickych-stran/Vypis_Rejstrik.aspx?id=152","n\u00E1zev":"M\u00CDSTN\u00CD HNUT\u00CD NEZ\u00C1VISL\u00DDCH ZA HARMONICK\u00DD ROZVOJ OBC\u00CD A M\u011AST","zkratka":"M\u00CDSTN\u00CD HNHRM","adresa_s\u00EDdla":"357 35 Chodov, Starom\u011Bstsk\u00E1 1105","den_registrace":"1998-08-05","\u010D\u00EDslo_registrace":"VS/1-1/4524/98","identifika\u010Dn\u00ED_\u010D\u00EDslo":"68455941","statut\u00E1rn\u00ED_org\u00E1n":"\u0158\u00EDd\u00EDc\u00ED rada, za kterou jedn\u00E1 p\u0159edseda nebo m\u00EDstop\u0159edseda.","posledn\u00ED_zm\u011Bna_stanov":"2024-04-04","pozn\u00E1mka":"","organiza\u010Dn\u00ED_jednotky":["klub"],"osoby":[{"typ":"Osoba","funkce":"p\u0159edseda:","jm\u00E9no":"Patrik Pizinger","datum_narozen\u00ED":"1975-03-24","adresa_ulice":"Starom\u011Bstsk\u00E1 1105","adresa_m\u011Bsto":"357 35 Chodov","platnost_od":"2025-03-15"},{"typ":"Osoba","funkce":"m\u00EDstop\u0159edseda:","jm\u00E9no":"Pavel Kundr\u00E1t","datum_narozen\u00ED":"1959-05-09","adresa_ulice":"Rybni\u010Dn\u00ED 221","adresa_m\u011Bsto":"411 45 \u00DA\u0161t\u011Bk","platnost_od":"2025-03-15"},{"typ":"Osoba","funkce":"hlavn\u00ED pokladn\u00EDk:","jm\u00E9no":"Miroslav Egert","datum_narozen\u00ED":"1968-10-25","adresa_ulice":"Obuvnick\u00E1 391","adresa_m\u011Bsto":"364 71 Bochov","platnost_od":"2025-03-15"},{"typ":"Osoba","funkce":"\u010Dlen \u0158R:","jm\u00E9no":"Ilona Sm\u00EDtkov\u00E1","datum_narozen\u00ED":"1948-11-18","adresa_ulice":"Dlouh\u00E1 196/36","adresa_m\u011Bsto":"417 02 Dub\u00ED","platnost_od":"2003-04-26"},{"typ":"Osoba","funkce":"\u010Dlen \u0158R:","jm\u00E9no":"Martin  Zv\u011B\u0159ina","datum_narozen\u00ED":"1962-01-15","adresa_ulice":"Svobodova 206/18","adresa_m\u011Bsto":"362 25 Nov\u00E1 Role","platnost_od":"2009-03-21"},{"typ":"Osoba","funkce":"\u010Dlen \u0158R:","jm\u00E9no":"Jakub Alt\u0161m\u00EDd","datum_narozen\u00ED":"1986-12-04","adresa_ulice":"Baarova 950","adresa_m\u011Bsto":"464 01 Fr\u00FDdlant","platnost_od":"2025-03-15"},{"typ":"Osoba","funkce":"\u010Dlen \u0158R:","jm\u00E9no":"Milo\u0161 Volek","datum_narozen\u00ED":"1961-06-02","adresa_ulice":"Dukelsk\u00FDch hrdin\u016F 837","adresa_m\u011Bsto":"357 35 Chodov","platnost_od":"2025-03-15"}]},{"typ":["Digit\u00E1ln\u00ED objekt","Politick\u00E1 strana nebo hnut\u00ED"],"iri":"https://mv.gov.cz/api/boards/SPS/strana/153","url":"https://aplikace.mv.gov.cz/seznam-politickych-stran/Vypis_Rejstrik.aspx?id=153","n\u00E1zev":"Hnut\u00ED pro Hav\u00ED\u0159ov","zkratka":"HPH","adresa_s\u00EDdla":"736 01 Hav\u00ED\u0159ov, Opletalova 1218/8B","den_registrace":"1998-08-06","\u010D\u00EDslo_registrace":"VS/1-1/4436/98","identifika\u010Dn\u00ED_\u010D\u00EDslo":"68321457","statut\u00E1rn\u00ED_org\u00E1n":"P\u0159edseda.","posledn\u00ED_zm\u011Bna_stanov":"2012-03-01","pozn\u00E1mka":"","organiza\u010Dn\u00ED_jednotky":["klub"],"osoby":[{"typ":"Osoba","funkce":"p\u0159edseda:","jm\u00E9no":"Ivo Tarkowski","datum_narozen\u00ED":"1971-07-17","adresa_ulice":"D\u011Blnick\u00E1 1179/29","adresa_m\u011Bsto":"736 01 Hav\u00ED\u0159ov","platnost_od":"2022-01-31"}]},{"typ":["Digit\u00E1ln\u00ED objekt","Politick\u00E1 strana nebo hnut\u00ED"],"iri":"https://mv.gov.cz/api/boards/SPS/strana/154","url":"https://aplikace.mv.gov.cz/seznam-politickych-stran/Vypis_Rejstrik.aspx?id=154","n\u00E1zev":"Hnut\u00ED pro T\u011B\u0161\u00EDn","zkratka":"HpT","adresa_s\u00EDdla":"737 01 \u010Cesk\u00FD T\u011B\u0161\u00EDn, Masarykovy sady 94/13","den_registrace":"2005-10-25","\u010D\u00EDslo_registrace":"VS-6819/SDR/1-2005","identifika\u010Dn\u00ED_\u010D\u00EDslo":"27014193","statut\u00E1rn\u00ED_org\u00E1n":"P\u0159edseda.","pozn\u00E1mka":"","organiza\u010Dn\u00ED_jednotky":[],"osoby":[{"typ":"Osoba","funkce":"p\u0159edseda:","jm\u00E9no":"Ing. Lubom\u00EDr Mat\u011Bj","datum_narozen\u00ED":"1948-02-28","adresa_ulice":"Masarykovy sady 94/13","adresa_m\u011Bsto":"737 01 \u010Cesk\u00FD T\u011B\u0161\u00EDn","platnost_od":"2008-06-25"}]},{"typ":["Digit\u00E1ln\u00ED objekt","Politick\u00E1 strana nebo hnut\u00ED"],"iri":"https://mv.gov.cz/api/boards/SPS/strana/155","url":"https://aplikace.mv.gov.cz/seznam-politickych-stran/Vypis_Rejstrik.aspx?id=155","n\u00E1zev":"Patrioti - hnut\u00ED za lep\u0161\u00ED \u00DAst\u00ED n.L.","zkratka":"P-HL\u00DA","adresa_s\u00EDdla":"400 01 \u00DAst\u00ED nad Labem, Moskevsk\u00E1 1590/38","den_registrace":"2006-07-21","\u010D\u00EDslo_registrace":"VS-5117/SDR/1-2006","identifika\u010Dn\u00ED_\u010D\u00EDslo":"27038297","statut\u00E1rn\u00ED_org\u00E1n":"V\u00FDbor, za kter\u00FD jedn\u00E1 a podepisuje p\u0159edseda nebo v\u00FDborem hnut\u00ED pov\u011B\u0159en\u00FD \u010Dlen tohoto v\u00FDboru.","posledn\u00ED_zm\u011Bna_stanov":"2008-07-01","pozn\u00E1mka":"","organiza\u010Dn\u00ED_jednotky":[],"osoby":[{"typ":"Osoba","funkce":"p\u0159edseda:","jm\u00E9no":"Ing. Josef Vejlupek","datum_narozen\u00ED":"1948-01-16","adresa_ulice":"\u0160e\u0159\u00EDkov\u00E1 386","adresa_m\u011Bsto":"403 21 \u00DAst\u00ED nad Labem","platnost_od":"2006-08-08"},{"typ":"Osoba","funkce":"m\u00EDstop\u0159edseda:","jm\u00E9no":"Ing. Ji\u0159\u00ED \u0160tesl","datum_narozen\u00ED":"1967-08-05","adresa_ulice":"Rubensova 1552/64","adresa_m\u011Bsto":"400 03 \u00DAst\u00ED nad Labem","platnost_od":"2006-08-08"},{"typ":"Osoba","funkce":"hospod\u00E1\u0159:","jm\u00E9no":"Bc. Juli\u00E1na Provazn\u00EDkov\u00E1","datum_narozen\u00ED":"1960-01-28","adresa_ulice":"Keplerova 706/18","adresa_m\u011Bsto":"400 07 \u00DAst\u00ED nad Labem","platnost_od":"2008-02-12"},{"typ":"Osoba","funkce":"\u010Dlen:","jm\u00E9no":"Miroslav Salava","datum_narozen\u00ED":"1948-12-24","adresa_ulice":"Dru\u017Estevn\u00ED 409/25","adresa_m\u011Bsto":"400 07 \u00DAst\u00ED nad Labem","platnost_od":"2006-08-08"}]},{"typ":["Digit\u00E1ln\u00ED objekt","Politick\u00E1 strana nebo hnut\u00ED"],"iri":"https://mv.gov.cz/api/boards/SPS/strana/157","url":"https://aplikace.mv.gov.cz/seznam-politickych-stran/Vypis_Rejstrik.aspx?id=157","n\u00E1zev":"M\u011ASTO LIDEM","zkratka":"ML","adresa_s\u00EDdla":"408 01 Rumburk, Pra\u017Esk\u00E1 451/14","den_registrace":"2002-08-08","\u010D\u00EDslo_registrace":"VS-4880/SDR/1-2002","identifika\u010Dn\u00ED_\u010D\u00EDslo":"26598647","statut\u00E1rn\u00ED_org\u00E1n":"P\u0159edseda.","posledn\u00ED_zm\u011Bna_stanov":"2018-02-13","pozn\u00E1mka":"","organiza\u010Dn\u00ED_jednotky":[],"osoby":[{"typ":"Osoba","funkce":"p\u0159edseda:","jm\u00E9no":"Ing. Martin Nedv\u00EDdek","datum_narozen\u00ED":"1975-01-25","adresa_ulice":"Na v\u00FDslun\u00ED 414/29","adresa_m\u011Bsto":"408 01 Rumburk","platnost_od":"2025-01-16"}]},{"typ":["Digit\u00E1ln\u00ED objekt","Politick\u00E1 strana nebo hnut\u00ED"],"iri":"https://mv.gov.cz/api/boards/SPS/strana/158","url":"https://aplikace.mv.gov.cz/seznam-politickych-stran/Vypis_Rejstrik.aspx?id=158","n\u00E1zev":"Hnut\u00ED pro Prahu 11","zkratka":"HPP 11","adresa_s\u00EDdla":"149 00 Praha, Plickova 568/9","den_registrace":"2006-08-10","\u010D\u00EDslo_registrace":"VS-5823/SDR/1-2006","identifika\u010Dn\u00ED_\u010D\u00EDslo":"27039145","statut\u00E1rn\u00ED_org\u00E1n":"V\u00FDbor, za kter\u00FD jednaj\u00ED v\u017Edy spole\u010Dn\u011B minim\u00E1ln\u011B dva \u010Dlenov\u00E9 v\u00FDboru.","posledn\u00ED_zm\u011Bna_stanov":"2024-12-06","pozn\u00E1mka":"","organiza\u010Dn\u00ED_jednotky":[],"osoby":[{"typ":"Osoba","funkce":"p\u0159edsedkyn\u011B/\u010Dlenka v\u00FDboru:","jm\u00E9no":"PhDr. \u0160\u00E1rka Zde\u0148kov\u00E1","datum_narozen\u00ED":"1978-03-06","adresa_ulice":"Ko\u0161t\u00ED\u0159ova 2285/4","adresa_m\u011Bsto":"148 00 Praha","platnost_od":"2022-01-24"},{"typ":"Osoba","funkce":"\u010Dlen v\u00FDboru:","jm\u00E9no":"Martin Farma\u010Dka","datum_narozen\u00ED":"1974-04-22","adresa_ulice":"Plickova 568/9","adresa_m\u011Bsto":"149 00 Praha","platnost_od":"2016-12-07"},{"typ":"Osoba","funkce":"\u010Dlen v\u00FDboru:","jm\u00E9no":"V\u00E1clav Tejkl","datum_narozen\u00ED":"1980-02-01","adresa_ulice":"Cyprichova 706/1","adresa_m\u011Bsto":"149 00 Praha","platnost_od":"2019-04-01"},{"typ":"Osoba","funkce":"\u010Dlen v\u00FDboru:","jm\u00E9no":"Ing. Ale\u0161 Kulh\u00E1nek","datum_narozen\u00ED":"1978-05-07","adresa_ulice":"Gregorova 2092/11","adresa_m\u011Bsto":"148 00 Praha","platnost_od":"2024-09-10"},{"typ":"Osoba","funkce":"\u010Dlenka v\u00FDboru:","jm\u00E9no":"RNDr. Kate\u0159ina Zelenkov\u00E1","datum_narozen\u00ED":"1960-05-05","adresa_ulice":"Medkova 572/1","adresa_m\u011Bsto":"149 00 Praha","platnost_od":"2019-04-01"},{"typ":"Osoba","funkce":"\u010Dlenka v\u00FDboru:","jm\u00E9no":"Mgr. Ivana Hovorkov\u00E1","datum_narozen\u00ED":"1986-05-08","adresa_ulice":"Jarn\u00EDkova 1881/2","adresa_m\u011Bsto":"148 00 Praha","platnost_od":"2019-04-01"}]},{"typ":["Digit\u00E1ln\u00ED objekt","Politick\u00E1 strana nebo hnut\u00ED"],"iri":"https://mv.gov.cz/api/boards/SPS/strana/159","url":"https://aplikace.mv.gov.cz/seznam-politickych-stran/Vypis_Rejstrik.aspx?id=159","n\u00E1zev":"Iniciativa ob\u010Dan\u016F","zkratka":"IO","adresa_s\u00EDdla":"110 00 Praha, Provaznick\u00E1 400/9","den_registrace":"1994-08-25","\u010D\u00EDslo_registrace":"II/s-OS/1-754/94","identifika\u010Dn\u00ED_\u010D\u00EDslo":"68403500","statut\u00E1rn\u00ED_org\u00E1n":"Republikov\u00FD v\u00FDbor, za kter\u00FD jedn\u00E1 p\u0159edseda s jedn\u00EDm \u010Dlenem v\u00FDboru.","posledn\u00ED_zm\u011Bna_stanov":"2015-10-23","pozn\u00E1mka":"","organiza\u010Dn\u00ED_jednotky":["m\u00EDstn\u00ED sbor (nen\u00ED-li, pln\u00ED jeho funkci okresn\u00ED v\u00FDbor)"],"osoby":[{"typ":"Osoba","funkce":"p\u0159edseda:","jm\u00E9no":"Mgr. Michal Vost\u0159ez","datum_narozen\u00ED":"1952-05-17","adresa_ulice":"Provaznick\u00E1 400/9","adresa_m\u011Bsto":"110 00 Praha","platnost_od":"1994-09-04"},{"typ":"Osoba","funkce":"m\u00EDstop\u0159edseda:","jm\u00E9no":"Ing. Miroslava Svit\u00E1kov\u00E1","datum_narozen\u00ED":"1944-08-18","adresa_ulice":"Plze\u0148sk\u00E1 1270/99","adresa_m\u011Bsto":"150 00 Praha","platnost_od":"2005-03-21"},{"typ":"Osoba","funkce":"m\u00EDstop\u0159edseda:","jm\u00E9no":"Michal Caban","datum_narozen\u00ED":"1961-09-05","adresa_ulice":"\u0160t\u011Bp\u00E1nsk\u00E1 629/59","adresa_m\u011Bsto":"110 00 Praha","platnost_od":"2018-04-26"},{"typ":"Osoba","funkce":"\u010Dlen RV:","jm\u00E9no":"MVDr. Alexander Bulsk\u00FD","datum_narozen\u00ED":"1936-07-07","adresa_ulice":"Ov\u010D\u00ED h\u00E1jek 2163/24","adresa_m\u011Bsto":"158 00 Praha","platnost_od":"1994-09-04"}]},{"typ":["Digit\u00E1ln\u00ED objekt","Politick\u00E1 strana nebo hnut\u00ED"],"iri":"https://mv.gov.cz/api/boards/SPS/strana/160","url":"https://aplikace.mv.gov.cz/seznam-politickych-stran/Vypis_Rejstrik.aspx?id=160","n\u00E1zev":"Karlovarsk\u00E1 ob\u010Dansk\u00E1 alternativa","zkratka":"KOA","adresa_s\u00EDdla":"360 01 Karlovy Vary, Krokova 262/39","den_registrace":"2006-06-21","\u010D\u00EDslo_registrace":"VS-4429/SDR/1-2006","identifika\u010Dn\u00ED_\u010D\u00EDslo":"27034321","statut\u00E1rn\u00ED_org\u00E1n":"Rada, za kterou jedn\u00E1 p\u0159edseda nebo m\u00EDstop\u0159edseda.","posledn\u00ED_zm\u011Bna_stanov":"2024-11-28","pozn\u00E1mka":"","organiza\u010Dn\u00ED_jednotky":[],"osoby":[{"typ":"Osoba","funkce":"p\u0159edseda:","jm\u00E9no":"RNDr. Adam  Kls\u00E1k, Ph.D.","datum_narozen\u00ED":"1991-06-25","adresa_ulice":"Pod Jelen\u00EDm skokem 393/30","adresa_m\u011Bsto":"360 01 Karlovy Vary","platnost_od":"2024-09-29"},{"typ":"Osoba","funkce":"m\u00EDstop\u0159edseda:","jm\u00E9no":"Ing. Petr Kulh\u00E1nek","datum_narozen\u00ED":"1971-04-14","adresa_ulice":"Terez\u00EDnsk\u00E1 228/10","adresa_m\u011Bsto":"360 07 Karlovy Vary","platnost_od":"2024-09-29"},{"typ":"Osoba","funkce":"pokladn\u00EDk:","jm\u00E9no":"Mgr. Tom\u00E1\u0161 Ma\u0161ek","datum_narozen\u00ED":"1979-08-08","adresa_ulice":"Gagarinova 515/32","adresa_m\u011Bsto":"360 01 Karlovy Vary","platnost_od":"2024-09-29"}]},{"typ":["Digit\u00E1ln\u00ED objekt","Politick\u00E1 strana nebo hnut\u00ED"],"iri":"https://mv.gov.cz/api/boards/SPS/strana/161","url":"https://aplikace.mv.gov.cz/seznam-politickych-stran/Vypis_Rejstrik.aspx?id=161","n\u00E1zev":"Klub anga\u017Eovan\u00FDch nestran\u00EDk\u016F","zkratka":"KAN","adresa_s\u00EDdla":"326 00 Plze\u0148, Slovansk\u00E1 1970/95","den_registrace":"1990-05-07","\u010D\u00EDslo_registrace":"VSP/1-1271/90","identifika\u010Dn\u00ED_\u010D\u00EDslo":"539996","statut\u00E1rn\u00ED_org\u00E1n":"P\u0159edsednictvo \u00FAst\u0159edn\u00ED rady, jeho\u017E jm\u00E9nem jedn\u00E1 spole\u010Dn\u011B p\u0159edseda a jeden z m\u00EDstop\u0159edsed\u016F nebo spole\u010Dn\u011B dva m\u00EDstop\u0159edsedov\u00E9.","posledn\u00ED_zm\u011Bna_stanov":"2024-12-03","pozn\u00E1mka":"","organiza\u010Dn\u00ED_jednotky":[],"osoby":[{"typ":"Osoba","funkce":"p\u0159edseda:","jm\u00E9no":"Ing. Miroslav  Mat\u011Bjka","datum_narozen\u00ED":"1967-03-25","adresa_ulice":"Slovansk\u00E1 1970/95","adresa_m\u011Bsto":"326 00 Plze\u0148","platnost_od":"2024-11-16"},{"typ":"Osoba","funkce":"1. m\u00EDstop\u0159edseda:","jm\u00E9no":"Ing. Franti\u0161ek Laud\u00E1t","datum_narozen\u00ED":"1960-03-13","adresa_ulice":"Kl\u00EDneck\u00E1 1224/14","adresa_m\u011Bsto":"152 00 Praha","platnost_od":"2024-11-16"},{"typ":"Osoba","funkce":"m\u00EDstop\u0159edsedkyn\u011B:","jm\u00E9no":"Martina \u017Dornov\u00E1","datum_narozen\u00ED":"1967-10-27","adresa_ulice":"Nad Hr\u00E1zkou 726","adresa_m\u011Bsto":"281 61 Kou\u0159im","platnost_od":"2024-11-16"}]},{"typ":["Digit\u00E1ln\u00ED objekt","Politick\u00E1 strana nebo hnut\u00ED"],"iri":"https://mv.gov.cz/api/boards/SPS/strana/162","url":"https://aplikace.mv.gov.cz/seznam-politickych-stran/Vypis_Rejstrik.aspx?id=162","n\u00E1zev":"Klub soci\u00E1ln\u011B demokratick\u00E9 orientace","zkratka":"KSDO","adresa_s\u00EDdla":"466 01 Jablonec nad Nisou, Jarn\u00ED 2970/14","den_registrace":"2006-05-23","\u010D\u00EDslo_registrace":"VS-3405/SDR/1-2006","identifika\u010Dn\u00ED_\u010D\u00EDslo":"27033511","statut\u00E1rn\u00ED_org\u00E1n":"P\u0159edseda a m\u00EDstop\u0159edsedov\u00E9 s t\u00EDm, \u017Ee p\u0159edseda jedn\u00E1 v\u017Edy spole\u010Dn\u011B s jedn\u00EDm z m\u00EDstop\u0159edsed\u016F.","posledn\u00ED_zm\u011Bna_stanov":"2006-07-21","pozn\u00E1mka":"","organiza\u010Dn\u00ED_jednotky":["m\u00EDstn\u00ED organizace"],"osoby":[{"typ":"Osoba","funkce":"P\u0159edseda:","jm\u00E9no":"Mgr. Ji\u0159\u00ED Rudolf","datum_narozen\u00ED":"1943-12-01","adresa_ulice":"Jarn\u00ED 2970/14","adresa_m\u011Bsto":"466 01 Jablonec nad Nisou","platnost_od":"2006-05-26"},{"typ":"Osoba","funkce":"M\u00EDstop\u0159edseda:","jm\u00E9no":"PaedDr. Franti\u0161ek V\u00EDzek","datum_narozen\u00ED":"1940-11-22","adresa_ulice":"Budovatel\u016F 3398/14","adresa_m\u011Bsto":"466 01 Jablonec nad Nisou","platnost_od":"2006-05-26"},{"typ":"Osoba","funkce":"M\u00EDstop\u0159edseda:","jm\u00E9no":"MUDr. Jan  Brandejsk\u00FD","datum_narozen\u00ED":"1939-08-18","adresa_ulice":"Karla \u010Capka 2059/6","adresa_m\u011Bsto":"466 01 Jablonec nad Nisou","platnost_od":"2006-05-26"}]},{"typ":["Digit\u00E1ln\u00ED objekt","Politick\u00E1 strana nebo hnut\u00ED"],"iri":"https://mv.gov.cz/api/boards/SPS/strana/163","url":"https://aplikace.mv.gov.cz/seznam-politickych-stran/Vypis_Rejstrik.aspx?id=163","n\u00E1zev":"M\u011ASTO I ML\u00C1DE\u017DI","zkratka":"MIM","adresa_s\u00EDdla":"390 02 T\u00E1bor, Husovo n\u00E1m. 529/6","den_registrace":"2006-07-26","\u010D\u00EDslo_registrace":"VS-5256/SDR/1-2006","identifika\u010Dn\u00ED_\u010D\u00EDslo":"27038530","statut\u00E1rn\u00ED_org\u00E1n":"P\u0159edseda a m\u00EDstop\u0159edseda, kte\u0159\u00ED jednaj\u00ED samostatn\u011B.","pozn\u00E1mka":"","organiza\u010Dn\u00ED_jednotky":[],"osoby":[{"typ":"Osoba","funkce":"p\u0159edseda:","jm\u00E9no":"Mgr. Tibor Stano","datum_narozen\u00ED":"1971-11-12","adresa_ulice":"Brig\u00E1dn\u00EDk\u016F 2553","adresa_m\u011Bsto":"390 02 T\u00E1bor","platnost_od":"2006-07-31"},{"typ":"Osoba","funkce":"m\u00EDstop\u0159edseda:","jm\u00E9no":"Ing. Zden\u011Bk  Havl\u016Fj","adresa_ulice":"/","adresa_m\u011Bsto":"/","platnost_od":"2006-07-31"}]},{"typ":["Digit\u00E1ln\u00ED objekt","Politick\u00E1 strana nebo hnut\u00ED"],"iri":"https://mv.gov.cz/api/boards/SPS/strana/164","url":"https://aplikace.mv.gov.cz/seznam-politickych-stran/Vypis_Rejstrik.aspx?id=164","n\u00E1zev":"NESPOKOJEN\u00CD OB\u010CAN\u00C9!","zkratka":"NO!","adresa_s\u00EDdla":"430 21 Chomutov, Nerudova 63/16","den_registrace":"2007-01-26","\u010D\u00EDslo_registrace":"VS-9637/SDR/1-2006","identifika\u010Dn\u00ED_\u010D\u00EDslo":"27053024","statut\u00E1rn\u00ED_org\u00E1n":"V\u00FDkonn\u00E1 rada, za kterou jedn\u00E1 p\u0159edseda nebo dva \u010Dlenov\u00E9 v\u00FDkonn\u00E9 rady.","pozn\u00E1mka":"","organiza\u010Dn\u00ED_jednotky":["krajsk\u00E1 organiza\u010Dn\u00ED jednotka","m\u00EDstn\u00ED sdru\u017Een\u00ED"],"osoby":[{"typ":"Osoba","funkce":"p\u0159edseda:","jm\u00E9no":"Petr  Kindermann","datum_narozen\u00ED":"1971-07-30","adresa_ulice":"Prokopova 1950/7","adresa_m\u011Bsto":"430 01 Chomutov","platnost_od":"2008-01-25"},{"typ":"Osoba","funkce":"m\u00EDstop\u0159edseda:","jm\u00E9no":"PaedDr. Marie Kindermannov\u00E1","datum_narozen\u00ED":"1948-07-09","adresa_ulice":"","adresa_m\u011Bsto":"430 01 V\u0161ehrdy 48","platnost_od":"2008-01-25"},{"typ":"Osoba","funkce":"\u010Dlen:","jm\u00E9no":"Anna H\u00E4cklov\u00E1","datum_narozen\u00ED":"1947-07-17","adresa_ulice":"Fibichova 3414/1","adresa_m\u011Bsto":"430 03 Chomutov","platnost_od":"2010-03-29"}]},{"typ":["Digit\u00E1ln\u00ED objekt","Politick\u00E1 strana nebo hnut\u00ED"],"iri":"https://mv.gov.cz/api/boards/SPS/strana/166","url":"https://aplikace.mv.gov.cz/seznam-politickych-stran/Vypis_Rejstrik.aspx?id=166","n\u00E1zev":"Nez\u00E1visl\u00E9 sdru\u017Een\u00ED ob\u010Dan\u016F Blanska","zkratka":"NSOB","adresa_s\u00EDdla":"678 01 Blansko, Svitavsk\u00E1 425/8","den_registrace":"1998-08-24","\u010D\u00EDslo_registrace":"VS/1-1/4671/98","identifika\u010Dn\u00ED_\u010D\u00EDslo":"65764561","statut\u00E1rn\u00ED_org\u00E1n":"Za NSOB jednaj\u00ED p\u0159edseda a m\u00EDstop\u0159edseda spole\u010Dn\u011B.","pozn\u00E1mka":"","organiza\u010Dn\u00ED_jednotky":[],"osoby":[{"typ":"Osoba","funkce":"p\u0159edseda:","jm\u00E9no":"Mgr. Michal Kr\u00E1l","datum_narozen\u00ED":"1942-02-16","adresa_ulice":"Svitavsk\u00E1 425/8","adresa_m\u011Bsto":"678 01 Blansko","platnost_od":"1998-09-03"},{"typ":"Osoba","funkce":"m\u00EDstop\u0159edseda:","jm\u00E9no":"Ing. Pavel  \u010C\u00EDpek","datum_narozen\u00ED":"1951-08-06","adresa_ulice":"Masarykova 877/18","adresa_m\u011Bsto":"678 01 Blansko","platnost_od":"1998-09-03"}]},{"typ":["Digit\u00E1ln\u00ED objekt","Politick\u00E1 strana nebo hnut\u00ED"],"iri":"https://mv.gov.cz/api/boards/SPS/strana/167","url":"https://aplikace.mv.gov.cz/seznam-politickych-stran/Vypis_Rejstrik.aspx?id=167","n\u00E1zev":"NEZ\u00C1VISL\u00CD","zkratka":"NEZ","adresa_s\u00EDdla":"709 00 Ostrava, Raisova 1066/6","den_registrace":"1994-09-08","\u010D\u00EDslo_registrace":"II/s-OS/1-881/94","identifika\u010Dn\u00ED_\u010D\u00EDslo":"60458399","statut\u00E1rn\u00ED_org\u00E1n":"Republikov\u00E1 rada - Za hnut\u00ED a Republikovou radu jedn\u00E1 navenek p\u0159edseda hnut\u00ED, pov\u011B\u0159en\u00FD m\u00EDstop\u0159edseda nebo pov\u011B\u0159en\u00FD \u010Dlen Republikov\u00E9 rady. P\u0159edsedu hnut\u00ED zastupuje pov\u011B\u0159en\u00FD m\u00EDstop\u0159edseda hnut\u00ED.","posledn\u00ED_zm\u011Bna_stanov":"2017-08-16","pozn\u00E1mka":"","organiza\u010Dn\u00ED_jednotky":["krajsk\u00E1 sdru\u017Een\u00ED","m\u00EDstn\u00ED sdru\u017Een\u00ED"],"osoby":[{"typ":"Osoba","funkce":"p\u0159edseda:","jm\u00E9no":"Mgr. Patrik Hujdus","datum_narozen\u00ED":"1977-04-03","adresa_ulice":"Pra\u017E\u00E1kova 1098/11","adresa_m\u011Bsto":"709 00 Ostrava","platnost_od":"2017-04-18"},{"typ":"Osoba","funkce":"m\u00EDstop\u0159edseda:","jm\u00E9no":"Bc. Petr Drozd\u00EDk","datum_narozen\u00ED":"1983-05-12","adresa_ulice":"F. S. T\u016Fmy 1244","adresa_m\u011Bsto":"735 14 Orlov\u00E1","platnost_od":"2025-04-14"},{"typ":"Osoba","funkce":"\u010Dlen RR:","jm\u00E9no":"Ji\u0159\u00ED Liz\u00E1k","datum_narozen\u00ED":"1968-08-16","adresa_ulice":"Dost\u00E1lova 994/20","adresa_m\u011Bsto":"713 00 He\u0159manice","platnost_od":"2017-04-18"},{"typ":"Osoba","funkce":"\u010Dlen RR:","jm\u00E9no":"Jan Kut\u00E1\u010D","datum_narozen\u00ED":"1975-05-24","adresa_ulice":"Jaro\u0161ovick\u00E1 1103","adresa_m\u011Bsto":"735 32 Rychvald","platnost_od":"2025-04-14"},{"typ":"Osoba","funkce":"\u010Dlenka RR:","jm\u00E9no":"Anna Ma\u0161insk\u00E1","datum_narozen\u00ED":"1959-12-07","adresa_ulice":"Hradi\u0161\u0165sk\u00E1 160/39","adresa_m\u011Bsto":"735 42 T\u011Brlicko","platnost_od":"2025-04-14"}]},{"typ":["Digit\u00E1ln\u00ED objekt","Politick\u00E1 strana nebo hnut\u00ED"],"iri":"https://mv.gov.cz/api/boards/SPS/strana/169","url":"https://aplikace.mv.gov.cz/seznam-politickych-stran/Vypis_Rejstrik.aspx?id=169","n\u00E1zev":"Ob\u010Dansk\u00E9 demokratick\u00E9 hnut\u00ED","zkratka":"ODH","adresa_s\u00EDdla":"407 47 Varnsdorf, N\u00E1rodn\u00ED  1133","den_registrace":"2004-11-03","\u010D\u00EDslo_registrace":"VS-9017/SDR/1-2003","identifika\u010Dn\u00ED_\u010D\u00EDslo":"26679850","statut\u00E1rn\u00ED_org\u00E1n":"V\u00FDkonn\u00E1 rada, za kterou jedn\u00E1 p\u0159edseda nebo 1. m\u00EDstop\u0159edseda.","pozn\u00E1mka":"","organiza\u010Dn\u00ED_jednotky":["m\u00EDstn\u00ED sdru\u017Een\u00ED","oblastn\u00ED sdru\u017Een\u00ED"],"osoby":[{"typ":"Osoba","funkce":"p\u0159edseda:","jm\u00E9no":"Ladislav Hou\u017Evi\u010Dka","datum_narozen\u00ED":"1975-02-23","adresa_ulice":"Karlova 2643","adresa_m\u011Bsto":"407 47 Varnsdorf","platnost_od":"2004-11-25"},{"typ":"Osoba","funkce":"1. m\u00EDstop\u0159edseda:","jm\u00E9no":"Petr Heinrich","datum_narozen\u00ED":"1963-09-14","adresa_ulice":"Lidick\u00E1 1062","adresa_m\u011Bsto":"407 47 Varnsdorf","platnost_od":"2005-11-08"},{"typ":"Osoba","funkce":"m\u00EDstop\u0159edseda:","jm\u00E9no":"Kate\u0159ina Teichmannov\u00E1","datum_narozen\u00ED":"1978-01-02","adresa_ulice":"Plze\u0148sk\u00E1 1632","adresa_m\u011Bsto":"407 47 Varnsdorf","platnost_od":"2004-11-25"},{"typ":"Osoba","funkce":"\u010Dlen VR:","jm\u00E9no":"Zden\u011Bk Janou\u0161ek","datum_narozen\u00ED":"1969-05-23","adresa_ulice":"\u010Celakovick\u00E1 1199","adresa_m\u011Bsto":"407 47 Varnsdorf","platnost_od":"2004-11-25"},{"typ":"Osoba","funkce":"\u010Dlen VR:","jm\u00E9no":"Franti\u0161ek Kab\u00E1t","datum_narozen\u00ED":"1975-02-06","adresa_ulice":"Truhl\u00E1\u0159sk\u00E1 1479","adresa_m\u011Bsto":"407 47 Varnsdorf","platnost_od":"2004-11-25"},{"typ":"Osoba","funkce":"\u010Dlen VR:","jm\u00E9no":"Jan Teichmann","datum_narozen\u00ED":"1975-03-04","adresa_ulice":"Plze\u0148sk\u00E1 1632","adresa_m\u011Bsto":"407 47 Varnsdorf","platnost_od":"2004-11-25"}]},{"typ":["Digit\u00E1ln\u00ED objekt","Politick\u00E1 strana nebo hnut\u00ED"],"iri":"https://mv.gov.cz/api/boards/SPS/strana/170","url":"https://aplikace.mv.gov.cz/seznam-politickych-stran/Vypis_Rejstrik.aspx?id=170","n\u00E1zev":"N\u00E1rodn\u00ED demokracie","zkratka":"ND","adresa_s\u00EDdla":"272 01 Kladno, U tr\u017Enice 1979","den_registrace":"1994-03-02","\u010D\u00EDslo_registrace":"II/s-OS/1-7643/93","identifika\u010Dn\u00ED_\u010D\u00EDslo":"69345473","statut\u00E1rn\u00ED_org\u00E1n":"Jm\u00E9nem strany jedn\u00E1 p\u0159edseda.","posledn\u00ED_zm\u011Bna_stanov":"2023-03-07","pozn\u00E1mka":"","organiza\u010Dn\u00ED_jednotky":["krajsk\u00E9 organizace","m\u00EDstn\u00ED organizace"],"osoby":[{"typ":"Osoba","funkce":"p\u0159edseda:","jm\u00E9no":"RNDr. Jan Sedl\u00E1\u010Dek","datum_narozen\u00ED":"1995-04-16","adresa_ulice":"Josefa R\u016F\u017Ei\u010Dky 352","adresa_m\u011Bsto":"337 01 Rokycany","platnost_od":"2025-02-15"}]},{"typ":["Digit\u00E1ln\u00ED objekt","Politick\u00E1 strana nebo hnut\u00ED"],"iri":"https://mv.gov.cz/api/boards/SPS/strana/171","url":"https://aplikace.mv.gov.cz/seznam-politickych-stran/Vypis_Rejstrik.aspx?id=171","n\u00E1zev":"Starostov\u00E9 a osobnosti pro Moravu","zkratka":"SOM","adresa_s\u00EDdla":"602 00 Brno, St\u0159edn\u00ED 396/12","den_registrace":"2004-02-09","\u010D\u00EDslo_registrace":"VS-9837/SDR/1-2003","identifika\u010Dn\u00ED_\u010D\u00EDslo":"26652242","statut\u00E1rn\u00ED_org\u00E1n":"P\u0159edsednictvo, za kter\u00E9 jedn\u00E1 p\u0159edseda nebo dva m\u00EDstop\u0159edsedov\u00E9 spole\u010Dn\u011B.","posledn\u00ED_zm\u011Bna_stanov":"2015-06-10","pozn\u00E1mka":"","organiza\u010Dn\u00ED_jednotky":["krajsk\u00E9 st\u0159edisko","m\u00EDstn\u00ED organizace","okresn\u00ED st\u0159edisko"],"osoby":[{"typ":"Osoba","funkce":"p\u0159edseda:","jm\u00E9no":"JUDr. Jan Kry\u010Der","datum_narozen\u00ED":"1955-11-16","adresa_ulice":"St\u0159edn\u00ED 396/12","adresa_m\u011Bsto":"602 00 Brno","platnost_od":"2004-02-19"},{"typ":"Osoba","funkce":"prvn\u00ED m\u00EDstop\u0159edsedkyn\u011B:","jm\u00E9no":"","adresa_ulice":"","adresa_m\u011Bsto":"","platnost_od":"2022-10-01"},{"typ":"Osoba","funkce":"m\u00EDstop\u0159edseda:","jm\u00E9no":"MUDr. Ladislav \u0160amlot","datum_narozen\u00ED":"1958-05-03","adresa_ulice":"Vacul\u00EDkova 534/11","adresa_m\u011Bsto":"638 00 Brno","platnost_od":"2015-03-28"}]},{"typ":["Digit\u00E1ln\u00ED objekt","Politick\u00E1 strana nebo hnut\u00ED"],"iri":"https://mv.gov.cz/api/boards/SPS/strana/173","url":"https://aplikace.mv.gov.cz/seznam-politickych-stran/Vypis_Rejstrik.aspx?id=173","n\u00E1zev":"Sdru\u017Een\u00ED pro sport a zdrav\u00ED","zkratka":"SSZ","adresa_s\u00EDdla":"434 01 Most, U Stadionu 1563/2","den_registrace":"1998-09-01","\u010D\u00EDslo_registrace":"VS/1-1/4511/98","identifika\u010Dn\u00ED_\u010D\u00EDslo":"68975201","statut\u00E1rn\u00ED_org\u00E1n":"Sbor z\u00E1stupc\u016F, za kter\u00FD jedn\u00E1 p\u0159edseda.","posledn\u00ED_zm\u011Bna_stanov":"2005-12-02","pozn\u00E1mka":"","organiza\u010Dn\u00ED_jednotky":[],"osoby":[{"typ":"Osoba","funkce":"p\u0159edseda:","jm\u00E9no":"Ing. Lud\u011Bk Traxmandl","datum_narozen\u00ED":"1958-10-09","adresa_ulice":"Pod Resslem 1978/2","adresa_m\u011Bsto":"434 01 Most","platnost_od":"1999-01-12"},{"typ":"Osoba","funkce":"m\u00EDstop\u0159edseda:","jm\u00E9no":"Jaroslav Kozel","datum_narozen\u00ED":"1950-05-02","adresa_ulice":"Maxima Gork\u00E9ho 1252/11","adresa_m\u011Bsto":"434 01 Most","platnost_od":"1999-01-12"},{"typ":"Osoba","funkce":"mana\u017Eer:","jm\u00E9no":"Franti\u0161ek Uhl\u00ED\u0159","datum_narozen\u00ED":"1939-01-05","adresa_ulice":"Konstantina Biebla 2374/7","adresa_m\u011Bsto":"434 01 Most","platnost_od":"1999-01-12"}]},{"typ":["Digit\u00E1ln\u00ED objekt","Politick\u00E1 strana nebo hnut\u00ED"],"iri":"https://mv.gov.cz/api/boards/SPS/strana/174","url":"https://aplikace.mv.gov.cz/seznam-politickych-stran/Vypis_Rejstrik.aspx?id=174","n\u00E1zev":"Spr\u00E1vn\u00FD sm\u011Br","zkratka":"SPS","adresa_s\u00EDdla":"760 01 Zl\u00EDn, t\u0159\u00EDda Tom\u00E1\u0161e Bati 2597","den_registrace":"2004-06-25","\u010D\u00EDslo_registrace":"VS-4040/SDR/1-2004","identifika\u010Dn\u00ED_\u010D\u00EDslo":"26667843","statut\u00E1rn\u00ED_org\u00E1n":"P\u0159edseda.","pozn\u00E1mka":"","organiza\u010Dn\u00ED_jednotky":[],"osoby":[{"typ":"Osoba","funkce":"p\u0159edseda:","jm\u00E9no":"Ing. Josef  Mikeska","datum_narozen\u00ED":"1971-03-14","adresa_ulice":"t\u0159\u00EDda Tom\u00E1\u0161e Bati 2597","adresa_m\u011Bsto":"760 01 Zl\u00EDn","platnost_od":"2004-07-19"}]},{"typ":["Digit\u00E1ln\u00ED objekt","Politick\u00E1 strana nebo hnut\u00ED"],"iri":"https://mv.gov.cz/api/boards/SPS/strana/175","url":"https://aplikace.mv.gov.cz/seznam-politickych-stran/Vypis_Rejstrik.aspx?id=175","n\u00E1zev":"Svobodn\u00E1 ob\u010Dansk\u00E1 samospr\u00E1va","zkratka":"SvOS","adresa_s\u00EDdla":"696 03 Dub\u0148any, Hodon\u00EDnsk\u00E1 314","den_registrace":"2004-06-22","\u010D\u00EDslo_registrace":"VS-4550/SDR/1-2004","identifika\u010Dn\u00ED_\u010D\u00EDslo":"26668874","statut\u00E1rn\u00ED_org\u00E1n":"P\u0159edsednictvo, za kter\u00E9 jedn\u00E1 p\u0159edseda.","pozn\u00E1mka":"","organiza\u010Dn\u00ED_jednotky":["m\u00EDstn\u00ED kluby"],"osoby":[{"typ":"Osoba","funkce":"p\u0159edseda:","jm\u00E9no":"Franti\u0161ek  T\u0159\u00EDska","datum_narozen\u00ED":"1961-02-18","adresa_ulice":"Hodon\u00EDnsk\u00E1 314","adresa_m\u011Bsto":"696 03 Dub\u0148any","platnost_od":"2004-07-06"}]},{"typ":["Digit\u00E1ln\u00ED objekt","Politick\u00E1 strana nebo hnut\u00ED"],"iri":"https://mv.gov.cz/api/boards/SPS/strana/176","url":"https://aplikace.mv.gov.cz/seznam-politickych-stran/Vypis_Rejstrik.aspx?id=176","n\u00E1zev":"Unie pro sport a zdrav\u00ED","zkratka":"USZ","adresa_s\u00EDdla":"460 01 Liberec, Jabloneck\u00E1 88/18","den_registrace":"1998-09-03","\u010D\u00EDslo_registrace":"VS/1-1/4875/98","identifika\u010Dn\u00ED_\u010D\u00EDslo":"68954263","statut\u00E1rn\u00ED_org\u00E1n":"P\u0159edseda a m\u00EDstop\u0159edseda, kte\u0159\u00ED jednaj\u00ED samostatn\u011B.","posledn\u00ED_zm\u011Bna_stanov":"2001-11-13","pozn\u00E1mka":"","organiza\u010Dn\u00ED_jednotky":["m\u00EDstn\u00ED organizace"],"osoby":[{"typ":"Osoba","funkce":"p\u0159edseda:","jm\u00E9no":"Ing. Ji\u0159\u00ED  Veselka","datum_narozen\u00ED":"1958-12-28","adresa_ulice":"Ruprechtick\u00E1 553/27","adresa_m\u011Bsto":"460 01 Liberec","platnost_od":"1999-01-15"},{"typ":"Osoba","funkce":"m\u00EDstop\u0159edseda:","jm\u00E9no":"Mirko Gr\u00E4f","datum_narozen\u00ED":"1928-09-20","adresa_ulice":"Masarykova 628/21","adresa_m\u011Bsto":"460 01 Liberec","platnost_od":"1999-01-15"}]},{"typ":["Digit\u00E1ln\u00ED objekt","Politick\u00E1 strana nebo hnut\u00ED"],"iri":"https://mv.gov.cz/api/boards/SPS/strana/177","url":"https://aplikace.mv.gov.cz/seznam-politickych-stran/Vypis_Rejstrik.aspx?id=177","n\u00E1zev":"Volba pro Mladou Boleslav","zkratka":"VpMB","adresa_s\u00EDdla":"293 01 Mlad\u00E1 Boleslav, Blahoslavova 186/8","den_registrace":"2006-08-04","\u010D\u00EDslo_registrace":"VS-5662/SDR/1-2006","identifika\u010Dn\u00ED_\u010D\u00EDslo":"27040097","statut\u00E1rn\u00ED_org\u00E1n":"V\u00FDkonn\u00FD v\u00FDbor, za kter\u00FD jedn\u00E1 p\u0159edseda a dva m\u00EDstop\u0159edsedov\u00E9, a to ka\u017Ed\u00FD samostatn\u011B.","pozn\u00E1mka":"","organiza\u010Dn\u00ED_jednotky":[],"osoby":[{"typ":"Osoba","funkce":"p\u0159edseda:","jm\u00E9no":"Bohumil  Rosenkranz","datum_narozen\u00ED":"1957-01-15","adresa_ulice":"U cukrovaru 21","adresa_m\u011Bsto":"293 01 Mlad\u00E1 Boleslav","platnost_od":"2006-09-07"},{"typ":"Osoba","funkce":"m\u00EDstop\u0159edseda:","jm\u00E9no":"Ale\u0161 Juranka","datum_narozen\u00ED":"1965-11-28","adresa_ulice":"t\u0159. V\u00E1clava Klementa 336","adresa_m\u011Bsto":"293 01 Mlad\u00E1 Boleslav","platnost_od":"2021-11-22"},{"typ":"Osoba","funkce":"m\u00EDstop\u0159edseda:","jm\u00E9no":"Ing. Ond\u0159ej Rame\u0161","datum_narozen\u00ED":"1978-05-23","adresa_ulice":"Michalovice 48","adresa_m\u011Bsto":"293 01 Mlad\u00E1 Boleslav","platnost_od":"2023-11-20"}]},{"typ":["Digit\u00E1ln\u00ED objekt","Politick\u00E1 strana nebo hnut\u00ED"],"iri":"https://mv.gov.cz/api/boards/SPS/strana/178","url":"https://aplikace.mv.gov.cz/seznam-politickych-stran/Vypis_Rejstrik.aspx?id=178","n\u00E1zev":"Zelen\u00ED","zkratka":"\u201EZ\u0022","adresa_s\u00EDdla":"143 00 Praha, Semick\u00E1 2026/14","den_registrace":"2006-01-23","\u010D\u00EDslo_registrace":"VS-300/SDR/1-2006","identifika\u010Dn\u00ED_\u010D\u00EDslo":"27022196","statut\u00E1rn\u00ED_org\u00E1n":"P\u0159edsednictvo, za kter\u00E9 jednaj\u00ED p\u0159edseda nebo spole\u010Dn\u011B oba m\u00EDstop\u0159edsedov\u00E9.","posledn\u00ED_zm\u011Bna_stanov":"2006-06-26","pozn\u00E1mka":"","organiza\u010Dn\u00ED_jednotky":[],"osoby":[{"typ":"Osoba","funkce":"p\u0159edseda:","jm\u00E9no":"Marek Elexa","datum_narozen\u00ED":"1972-11-27","adresa_ulice":"Pod P\u0159ivad\u011B\u010Dem 1307","adresa_m\u011Bsto":"431 11 Jirkov","platnost_od":"2008-11-28"},{"typ":"Osoba","funkce":"m\u00EDstop\u0159edseda:","jm\u00E9no":"doc. PhDr. Olga Lomov\u00E1","datum_narozen\u00ED":"1957-05-31","adresa_ulice":"Kl\u00E1nova 383/14","adresa_m\u011Bsto":"147 00 Praha","platnost_od":"2006-03-11"},{"typ":"Osoba","funkce":"m\u00EDstop\u0159edseda:","jm\u00E9no":"Tom\u00E1\u0161 To\u017Ei\u010Dka","datum_narozen\u00ED":"1966-12-20","adresa_ulice":"U M\u011Bsta Chersonu 1675/8","adresa_m\u011Bsto":"434 01 Most","platnost_od":"2008-11-28"},{"typ":"Osoba","funkce":"\u010Dlen:","jm\u00E9no":"Mojm\u00EDr  Ko\u0161\u010Do","datum_narozen\u00ED":"1972-06-06","adresa_ulice":"\u00DA\u017Eick\u00E1 393","adresa_m\u011Bsto":"250 70 Odolena Voda","platnost_od":"2010-06-30"},{"typ":"Osoba","funkce":"\u010Dlen:","jm\u00E9no":"Milan  Smr\u017E","datum_narozen\u00ED":"1948-04-19","adresa_ulice":"Truhl\u00E1\u0159sk\u00E1 1105/11","adresa_m\u011Bsto":"110 00 Praha","platnost_od":"2012-11-10"}]},{"typ":["Digit\u00E1ln\u00ED objekt","Politick\u00E1 strana nebo hnut\u00ED"],"iri":"https://mv.gov.cz/api/boards/SPS/strana/179","url":"https://aplikace.mv.gov.cz/seznam-politickych-stran/Vypis_Rejstrik.aspx?id=179","n\u00E1zev":"Zl\u00EDnsk\u00E9 hnut\u00ED nez\u00E1visl\u00FDch","zkratka":"ZHN","adresa_s\u00EDdla":"760 01 Zl\u00EDn, Bene\u0161ovo n\u00E1b\u0159e\u017E\u00ED 3686","den_registrace":"1998-05-21","\u010D\u00EDslo_registrace":"VS/1-1/1826/98","identifika\u010Dn\u00ED_\u010D\u00EDslo":"68684011","statut\u00E1rn\u00ED_org\u00E1n":"P\u0159edstavenstvo, za kter\u00E9 jednaj\u00ED p\u0159edseda a m\u00EDstop\u0159edseda, z nich\u017E ka\u017Ed\u00FD jedn\u00E1 samostatn\u011B.","posledn\u00ED_zm\u011Bna_stanov":"2012-07-24","pozn\u00E1mka":"","organiza\u010Dn\u00ED_jednotky":[],"osoby":[{"typ":"Osoba","funkce":"p\u0159edseda p\u0159edstavenstva:","jm\u00E9no":"Ing. arch. Franti\u0161ek Petr","datum_narozen\u00ED":"1947-05-11","adresa_ulice":"Bene\u0161ovo n\u00E1b\u0159e\u017E\u00ED 3686","adresa_m\u011Bsto":"760 01 Zl\u00EDn","platnost_od":"2012-06-29"},{"typ":"Osoba","funkce":"m\u00EDstop\u0159edseda p\u0159edstavenstva:","jm\u00E9no":"Ludv\u00EDk Pavli\u0161t\u00EDk","datum_narozen\u00ED":"1947-05-31","adresa_ulice":"t\u0159\u00EDda Tom\u00E1\u0161e Bati 1285","adresa_m\u011Bsto":"760 01 Zl\u00EDn","platnost_od":"2012-06-29"},{"typ":"Osoba","funkce":"\u010Dlen:","jm\u00E9no":"Jarom\u00EDr \u0160eb\u00EDk","datum_narozen\u00ED":"1952-01-23","adresa_ulice":"J\u00EDlov\u00E1 4571","adresa_m\u011Bsto":"760 05 Zl\u00EDn","platnost_od":"2000-04-30"},{"typ":"Osoba","funkce":"\u010Dlen:","jm\u00E9no":"Mgr. Kate\u0159ina  Francov\u00E1","datum_narozen\u00ED":"1977-11-21","adresa_ulice":"Novosady 1328","adresa_m\u011Bsto":"769 01 Hole\u0161ov","platnost_od":"2012-06-29"},{"typ":"Osoba","funkce":"\u010Dlen:","jm\u00E9no":"Karel Markyt\u00E1n","datum_narozen\u00ED":"1954-08-17","adresa_ulice":"Za \u0160kolou 170","adresa_m\u011Bsto":"760 01 Zl\u00EDn","platnost_od":"2012-06-29"}]},{"typ":["Digit\u00E1ln\u00ED objekt","Politick\u00E1 strana nebo hnut\u00ED"],"iri":"https://mv.gov.cz/api/boards/SPS/strana/180","url":"https://aplikace.mv.gov.cz/seznam-politickych-stran/Vypis_Rejstrik.aspx?id=180","n\u00E1zev":"ZVON","zkratka":"PHZ","adresa_s\u00EDdla":"293 01 Mlad\u00E1 Boleslav, Starom\u011Bstsk\u00E9 n\u00E1m\u011Bst\u00ED 25/13","den_registrace":"2006-08-08","\u010D\u00EDslo_registrace":"VS-5424/SDR/1-2006","identifika\u010Dn\u00ED_\u010D\u00EDslo":"27040178","statut\u00E1rn\u00ED_org\u00E1n":"P\u0159edseda.","posledn\u00ED_zm\u011Bna_stanov":"2012-03-07","pozn\u00E1mka":"","organiza\u010Dn\u00ED_jednotky":[],"osoby":[{"typ":"Osoba","funkce":"p\u0159edseda:","jm\u00E9no":"Lubo\u0161 Dvo\u0159\u00E1k","datum_narozen\u00ED":"1964-06-19","adresa_ulice":"t\u0159. V\u00E1clava Klementa 804","adresa_m\u011Bsto":"293 01 Mlad\u00E1 Boleslav","platnost_od":"2009-11-02"}]},{"typ":["Digit\u00E1ln\u00ED objekt","Politick\u00E1 strana nebo hnut\u00ED"],"iri":"https://mv.gov.cz/api/boards/SPS/strana/181","url":"https://aplikace.mv.gov.cz/seznam-politickych-stran/Vypis_Rejstrik.aspx?id=181","n\u00E1zev":"Mimo\u0148sk\u00E1 obroda","zkratka":"OHMO","adresa_s\u00EDdla":"471 24 Mimo\u0148, Tyr\u0161ovo n\u00E1m\u011Bst\u00ED 158","den_registrace":"2006-07-25","\u010D\u00EDslo_registrace":"VS-4994/SDR/1-2006","identifika\u010Dn\u00ED_\u010D\u00EDslo":"27038378","statut\u00E1rn\u00ED_org\u00E1n":"P\u0159edseda.","pozn\u00E1mka":"","organiza\u010Dn\u00ED_jednotky":[],"osoby":[{"typ":"Osoba","funkce":"p\u0159edseda:","jm\u00E9no":"Franti\u0161ek  Kaiser","datum_narozen\u00ED":"1948-11-07","adresa_ulice":"U Nemocnice 542","adresa_m\u011Bsto":"471 24 Mimo\u0148","platnost_od":"2006-12-09"}]},{"typ":["Digit\u00E1ln\u00ED objekt","Politick\u00E1 strana nebo hnut\u00ED"],"iri":"https://mv.gov.cz/api/boards/SPS/strana/182","url":"https://aplikace.mv.gov.cz/seznam-politickych-stran/Vypis_Rejstrik.aspx?id=182","n\u00E1zev":"Unie pro Evropu","zkratka":"UPE","adresa_s\u00EDdla":"301 55 Plze\u0148, Jeletov\u00E1 2","den_registrace":"2000-02-16","\u010D\u00EDslo_registrace":"VS/1-1/606/2000","identifika\u010Dn\u00ED_\u010D\u00EDslo":"70804532","statut\u00E1rn\u00ED_org\u00E1n":"P\u0159edstavenstvo - p\u0159edseda a m\u00EDstop\u0159edsedov\u00E9.","pozn\u00E1mka":"","organiza\u010Dn\u00ED_jednotky":[],"osoby":[]},{"typ":["Digit\u00E1ln\u00ED objekt","Politick\u00E1 strana nebo hnut\u00ED"],"iri":"https://mv.gov.cz/api/boards/SPS/strana/183","url":"https://aplikace.mv.gov.cz/seznam-politickych-stran/Vypis_Rejstrik.aspx?id=183","n\u00E1zev":"Soci\u00E1ln\u011B demokratick\u00E1 aliance nez\u00E1visl\u00FDch","zkratka":"SDAN","adresa_s\u00EDdla":"120 00 Praha, \u017Ditn\u00E1 657/13","den_registrace":"2002-08-20","\u010D\u00EDslo_registrace":"VS-4876/SDR/1-2002","identifika\u010Dn\u00ED_\u010D\u00EDslo":"26599295","statut\u00E1rn\u00ED_org\u00E1n":"P\u0159edseda.","pozn\u00E1mka":"","organiza\u010Dn\u00ED_jednotky":[],"osoby":[]},{"typ":["Digit\u00E1ln\u00ED objekt","Politick\u00E1 strana nebo hnut\u00ED"],"iri":"https://mv.gov.cz/api/boards/SPS/strana/186","url":"https://aplikace.mv.gov.cz/seznam-politickych-stran/Vypis_Rejstrik.aspx?id=186","n\u00E1zev":"Strana podnikatel\u016F, \u017Eivnostn\u00EDk\u016F a roln\u00EDk\u016F \u010Cesk\u00E9 republiky","zkratka":"SP\u017DR\u010CR","adresa_s\u00EDdla":"120 00 Praha, Mikovcova 476/10","den_registrace":"1992-03-06","\u010D\u00EDslo_registrace":"VSC/1-294/92","identifika\u010Dn\u00ED_\u010D\u00EDslo":"44991657","statut\u00E1rn\u00ED_org\u00E1n":"P\u0159edseda, prvn\u00ED m\u00EDstop\u0159edseda, v\u00FDkonn\u00FD m\u00EDstop\u0159edseda a gener\u00E1ln\u00ED sekret\u00E1\u0159.","posledn\u00ED_zm\u011Bna_stanov":"1995-05-09","pozn\u00E1mka":"","organiza\u010Dn\u00ED_jednotky":[],"osoby":[{"typ":"Osoba","funkce":"p\u0159edseda:","jm\u00E9no":"Rudolf Bar\u00E1nek","datum_narozen\u00ED":"1950-10-08","adresa_ulice":"Osvobozen\u00ED 343/24","adresa_m\u011Bsto":"691 41 B\u0159eclav","platnost_od":"1992-03-06"},{"typ":"Osoba","funkce":"p\u0159edseda strany:","jm\u00E9no":"Ji\u0159\u00ED  Nov\u00E1k","adresa_ulice":"U p\u00E1t\u00E9 baterie 779/4","adresa_m\u011Bsto":"162 00 Praha","platnost_od":"1992-03-06"},{"typ":"Osoba","funkce":"prvn\u00ED m\u00EDstop\u0159edseda:","jm\u00E9no":"Ing. Rostislav Senjuk","adresa_ulice":"V Z\u00E1pol\u00ED 435/24","adresa_m\u011Bsto":"312 00 Plze\u0148","platnost_od":"1992-03-06"},{"typ":"Osoba","funkce":"v\u00FDkonn\u00FD m\u00EDstop\u0159edseda:","jm\u00E9no":"Josef Vesel\u00FD","adresa_ulice":"Rimavsk\u00E9 Soboty 836","adresa_m\u011Bsto":"280 02 Kol\u00EDn","platnost_od":"1992-03-06"}]},{"typ":["Digit\u00E1ln\u00ED objekt","Politick\u00E1 strana nebo hnut\u00ED"],"iri":"https://mv.gov.cz/api/boards/SPS/strana/189","url":"https://aplikace.mv.gov.cz/seznam-politickych-stran/Vypis_Rejstrik.aspx?id=189","n\u00E1zev":"Aktiv nez\u00E1visl\u00FDch ob\u010Dan\u016F","zkratka":"ANEO","adresa_s\u00EDdla":"614 00 Brno, Vranovsk\u00E1 217/19","den_registrace":"2001-01-04","\u010D\u00EDslo_registrace":"VS/1-1/5889/2000","identifika\u010Dn\u00ED_\u010D\u00EDslo":"26517400","statut\u00E1rn\u00ED_org\u00E1n":"V\u00FDkonn\u00E1 rada, za kterou jedn\u00E1 p\u0159edseda nebo 2 \u010Dlenov\u00E9 v\u00FDkonn\u00E9 rady.","posledn\u00ED_zm\u011Bna_stanov":"2012-04-10","pozn\u00E1mka":"","organiza\u010Dn\u00ED_jednotky":["m\u00EDstn\u00ED organizace","organiza\u010Dn\u00ED jednotky na \u00FArovni kraje"],"osoby":[{"typ":"Osoba","funkce":"p\u0159edseda:","jm\u00E9no":"Ing. Karol Schneider","datum_narozen\u00ED":"1936-01-20","adresa_ulice":"Nedbalova 482/21","adresa_m\u011Bsto":"623 00 Brno","platnost_od":"2007-06-08"},{"typ":"Osoba","funkce":"\u010Dlen:","jm\u00E9no":"Ing. arch. Ludmila Kramoli\u0161ov\u00E1","datum_narozen\u00ED":"1947-07-10","adresa_ulice":"\u010Cernopoln\u00ED 231/39","adresa_m\u011Bsto":"613 00 Brno","platnost_od":"2007-06-08"},{"typ":"Osoba","funkce":"\u010Dlen:","jm\u00E9no":"Karel  Mauer","datum_narozen\u00ED":"1936-12-13","adresa_ulice":"Sl\u00E1mova 1095/37","adresa_m\u011Bsto":"618 00 Brno","platnost_od":"2007-06-08"}]},{"typ":["Digit\u00E1ln\u00ED objekt","Politick\u00E1 strana nebo hnut\u00ED"],"iri":"https://mv.gov.cz/api/boards/SPS/strana/190","url":"https://aplikace.mv.gov.cz/seznam-politickych-stran/Vypis_Rejstrik.aspx?id=190","n\u00E1zev":"Cesta zm\u011Bny","zkratka":"CZ","adresa_s\u00EDdla":"150 00 Praha, \u0160v\u00E9dsk\u00E1 1538/22","den_registrace":"2001-10-22","\u010D\u00EDslo_registrace":"VS-5215/SDR/1-2001","identifika\u010Dn\u00ED_\u010D\u00EDslo":"26543621","statut\u00E1rn\u00ED_org\u00E1n":"V\u00FDkonn\u00E1 rada, za kterou jedn\u00E1 p\u0159edseda spolu s jedn\u00EDm z m\u00EDstop\u0159edsed\u016F.","posledn\u00ED_zm\u011Bna_stanov":"2004-07-12","pozn\u00E1mka":"","organiza\u010Dn\u00ED_jednotky":["krajsk\u00E9 organizace"],"osoby":[{"typ":"Osoba","funkce":"p\u0159edseda:","jm\u00E9no":"Ji\u0159\u00ED Lobkowicz","datum_narozen\u00ED":"1956-04-23","adresa_ulice":"Svatov\u00E1clavsk\u00E1 19/16","adresa_m\u011Bsto":"276 01 M\u011Bln\u00EDk","platnost_od":"2004-02-28"},{"typ":"Osoba","funkce":"1. m\u00EDstop\u0159edseda:","jm\u00E9no":"Helena  Frankenbergerov\u00E1","datum_narozen\u00ED":"1949-10-10","adresa_ulice":"Ma\u0159\u00E1kova 269/4","adresa_m\u011Bsto":"160 00 Praha","platnost_od":"2004-02-28"},{"typ":"Osoba","funkce":"\u010Dlen VR:","jm\u00E9no":"Franti\u0161ek  Bachan","datum_narozen\u00ED":"1967-04-15","adresa_ulice":"Milady Hor\u00E1kov\u00E9 332/34","adresa_m\u011Bsto":"602 00 Brno","platnost_od":"2004-02-28"},{"typ":"Osoba","funkce":"\u010Dlen VR:","jm\u00E9no":"Ji\u0159\u00ED Eisenvort","datum_narozen\u00ED":"1952-01-06","adresa_ulice":"Na brodech 533","adresa_m\u011Bsto":"375 01 T\u00FDn nad Vltavou","platnost_od":"2004-02-28"},{"typ":"Osoba","funkce":"\u010Dlen VR:","jm\u00E9no":"Kate\u0159ina Posledn\u00ED","datum_narozen\u00ED":"1972-05-26","adresa_ulice":"Radostn\u00E1 222/5","adresa_m\u011Bsto":"102 00 Praha","platnost_od":"2004-02-28"},{"typ":"Osoba","funkce":"\u010Dlen VR:","jm\u00E9no":"V\u00E1clav Prok\u016Fpek","datum_narozen\u00ED":"1972-09-24","adresa_ulice":"P\u0159\u00ED\u010Dn\u00E1 1892/4","adresa_m\u011Bsto":"110 00 Praha","platnost_od":"2004-02-28"},{"typ":"Osoba","funkce":"\u010Dlen VR:","jm\u00E9no":"Bo\u0159ek Severa","datum_narozen\u00ED":"1950-07-26","adresa_ulice":"Na \u0160afr\u00E1nce 1812/43","adresa_m\u011Bsto":"101 00 Praha","platnost_od":"2004-02-28"}]},{"typ":["Digit\u00E1ln\u00ED objekt","Politick\u00E1 strana nebo hnut\u00ED"],"iri":"https://mv.gov.cz/api/boards/SPS/strana/191","url":"https://aplikace.mv.gov.cz/seznam-politickych-stran/Vypis_Rejstrik.aspx?id=191","n\u00E1zev":"Balb\u00EDnova poetick\u00E1 strana","zkratka":"BPS","adresa_s\u00EDdla":"120 00 Praha, Balb\u00EDnova 323/6","den_registrace":"2002-04-08","\u010D\u00EDslo_registrace":"VS-1933/SDR/1-2002","identifika\u010Dn\u00ED_\u010D\u00EDslo":"26587840","statut\u00E1rn\u00ED_org\u00E1n":"P\u0159edsednictvo strany, za kter\u00E9 jednaj\u00ED v\u017Edy dva \u010Dlenov\u00E9 spole\u010Dn\u011B.","posledn\u00ED_zm\u011Bna_stanov":"2012-03-01","pozn\u00E1mka":"","organiza\u010Dn\u00ED_jednotky":[],"osoby":[{"typ":"Osoba","funkce":"geni\u00E1ln\u00ED guvern\u00E9r:","jm\u00E9no":"Ji\u0159\u00ED Hrdina","datum_narozen\u00ED":"1952-09-16","adresa_ulice":"B\u011Blehradsk\u00E1 573/61","adresa_m\u011Bsto":"120 00 Praha","platnost_od":"2002-04-13"},{"typ":"Osoba","funkce":"\u010Dlen p\u0159edsednictva:","jm\u00E9no":"Petr Borka","datum_narozen\u00ED":"1960-11-12","adresa_ulice":"Balb\u00EDnova 224/3","adresa_m\u011Bsto":"120 00 Praha","platnost_od":"2002-04-13"},{"typ":"Osoba","funkce":"\u010Dlen p\u0159edsednictva:","jm\u00E9no":"Mgr. Ivan Fried","datum_narozen\u00ED":"1952-12-13","adresa_ulice":"\u010Ctvercov\u00E1 883","adresa_m\u011Bsto":"277 11 Neratovice","platnost_od":"2002-04-13"},{"typ":"Osoba","funkce":"\u010Dlen p\u0159edsednictva:","jm\u00E9no":"Monika Kuchtov\u00E1","datum_narozen\u00ED":"1981-04-30","adresa_ulice":"Otovick\u00E1 1662/83","adresa_m\u011Bsto":"193 00 Praha","platnost_od":"2002-04-13"},{"typ":"Osoba","funkce":"\u010Dlen p\u0159edsednictva:","jm\u00E9no":"Pavel Marek","datum_narozen\u00ED":"1954-05-18","adresa_ulice":"","adresa_m\u011Bsto":"411 72 Ho\u0161tka 9","platnost_od":"2002-04-13"}]},{"typ":["Digit\u00E1ln\u00ED objekt","Politick\u00E1 strana nebo hnut\u00ED"],"iri":"https://mv.gov.cz/api/boards/SPS/strana/192","url":"https://aplikace.mv.gov.cz/seznam-politickych-stran/Vypis_Rejstrik.aspx?id=192","n\u00E1zev":"\u010Cesk\u00E1 strana n\u00E1rodn\u011B socialistick\u00E1","zkratka":"\u010CSNS 2005","adresa_s\u00EDdla":"250 73 Podolanka, 1. m\u00E1je 86","den_registrace":"2005-12-21","\u010D\u00EDslo_registrace":"VS-5708/SDR/1-2005","identifika\u010Dn\u00ED_\u010D\u00EDslo":"27015904","statut\u00E1rn\u00ED_org\u00E1n":"P\u0159edseda.","posledn\u00ED_zm\u011Bna_stanov":"2011-05-16","pozn\u00E1mka":"","organiza\u010Dn\u00ED_jednotky":["krajsk\u00E1 organizace","oblastn\u00ED organizace"],"osoby":[{"typ":"Osoba","funkce":"p\u0159edseda:","jm\u00E9no":"Ing. Karel  Janko","datum_narozen\u00ED":"1943-07-25","adresa_ulice":"1. m\u00E1je 86","adresa_m\u011Bsto":"250 73 Podolanka","platnost_od":"2009-03-21"}]},{"typ":["Digit\u00E1ln\u00ED objekt","Politick\u00E1 strana nebo hnut\u00ED"],"iri":"https://mv.gov.cz/api/boards/SPS/strana/194","url":"https://aplikace.mv.gov.cz/seznam-politickych-stran/Vypis_Rejstrik.aspx?id=194","n\u00E1zev":"Nad\u011Bje","zkratka":"N","adresa_s\u00EDdla":"110 00 Praha, Na po\u0159\u00ED\u010D\u00ED 1041/12","den_registrace":"2002-01-25","\u010D\u00EDslo_registrace":"VS-145/SDR/1-2002","identifika\u010Dn\u00ED_\u010D\u00EDslo":"26582112","statut\u00E1rn\u00ED_org\u00E1n":"P\u0159edseda a m\u00EDstop\u0159edsedov\u00E9.","pozn\u00E1mka":"","organiza\u010Dn\u00ED_jednotky":[],"osoby":[{"typ":"Osoba","funkce":"p\u0159edseda:","jm\u00E9no":"PhDr. Monika  Pajerov\u00E1","datum_narozen\u00ED":"1966-01-08","adresa_ulice":"Hrade\u0161\u00EDnsk\u00E1 2389/49","adresa_m\u011Bsto":"101 00 Praha","platnost_od":"2002-01-30"},{"typ":"Osoba","funkce":"m\u00EDstop\u0159edseda:","jm\u00E9no":"Ing., MUDr. Petr Fiala","datum_narozen\u00ED":"1953-01-04","adresa_ulice":"\u0158ipsk\u00E1 1113/7","adresa_m\u011Bsto":"101 00 Praha","platnost_od":"2002-01-30"},{"typ":"Osoba","funkce":"m\u00EDstop\u0159edseda:","jm\u00E9no":"PhDr. Slavomil Hub\u00E1lek","datum_narozen\u00ED":"1947-06-16","adresa_ulice":"\u0160t\u011Bp\u00E1nsk\u00E1 653/17","adresa_m\u011Bsto":"110 00 Praha","platnost_od":"2002-01-30"}]},{"typ":["Digit\u00E1ln\u00ED objekt","Politick\u00E1 strana nebo hnut\u00ED"],"iri":"https://mv.gov.cz/api/boards/SPS/strana/195","url":"https://aplikace.mv.gov.cz/seznam-politickych-stran/Vypis_Rejstrik.aspx?id=195","n\u00E1zev":"Aliance nez\u00E1visl\u00FDch ob\u010Dan\u016F","zkratka":"ANO","adresa_s\u00EDdla":"702 00 Ostrava, Na hradb\u00E1ch  4","den_registrace":"1998-09-08","\u010D\u00EDslo_registrace":"VS/1-1/5029/98","identifika\u010Dn\u00ED_\u010D\u00EDslo":"None","statut\u00E1rn\u00ED_org\u00E1n":"P\u0159edseda.","posledn\u00ED_zm\u011Bna_stanov":"1999-03-24","pozn\u00E1mka":"O p\u0159id\u011Blen\u00ED identifika\u010Dn\u00EDho \u010D\u00EDsla strana - hnut\u00ED nepo\u017E\u00E1daly.","organiza\u010Dn\u00ED_jednotky":[],"osoby":[{"typ":"Osoba","funkce":"p\u0159edseda:","jm\u00E9no":"Mgr. Miroslav To\u0161er","datum_narozen\u00ED":"1959-05-02","adresa_ulice":"\u0160t\u011Bp\u00E1nkovick\u00E1 812/10","adresa_m\u011Bsto":"747 21 Krava\u0159e","platnost_od":"1999-03-03"}]},{"typ":["Digit\u00E1ln\u00ED objekt","Politick\u00E1 strana nebo hnut\u00ED"],"iri":"https://mv.gov.cz/api/boards/SPS/strana/196","url":"https://aplikace.mv.gov.cz/seznam-politickych-stran/Vypis_Rejstrik.aspx?id=196","n\u00E1zev":"\u010Ceskoslovensk\u00E1 strana Humanistick\u00E9 Internacion\u00E1ly","zkratka":"\u010CSHI","adresa_s\u00EDdla":"Ostrava","den_registrace":"1990-02-27","\u010D\u00EDslo_registrace":"AVS/1-526/90","identifika\u010Dn\u00ED_\u010D\u00EDslo":"None","statut\u00E1rn\u00ED_org\u00E1n":"\u00DAst\u0159edn\u00ED koordina\u010Dn\u00ED v\u00FDbor, za kter\u00FD jedn\u00E1 p\u0159edseda a tajemn\u00EDk.","pozn\u00E1mka":"O p\u0159id\u011Blen\u00ED identifika\u010Dn\u00EDho \u010D\u00EDsla strana nepo\u017E\u00E1dala.","organiza\u010Dn\u00ED_jednotky":[],"osoby":[]},{"typ":["Digit\u00E1ln\u00ED objekt","Politick\u00E1 strana nebo hnut\u00ED"],"iri":"https://mv.gov.cz/api/boards/SPS/strana/197","url":"https://aplikace.mv.gov.cz/seznam-politickych-stran/Vypis_Rejstrik.aspx?id=197","n\u00E1zev":"Demokratick\u00E1 unie zdrav\u00ED a sportu","zkratka":"DUZS","adresa_s\u00EDdla":"Jablonec nad Nisou","den_registrace":"1990-03-20","\u010D\u00EDslo_registrace":"AVS/1-790/90","identifika\u010Dn\u00ED_\u010D\u00EDslo":"None","statut\u00E1rn\u00ED_org\u00E1n":"Feder\u00E1ln\u00ED v\u00FDkonn\u00FD v\u00FDbor, za kter\u00FD jedn\u00E1 p\u0159edseda.","pozn\u00E1mka":"O p\u0159id\u011Blen\u00ED identifika\u010Dn\u00EDho \u010D\u00EDsla strana - hnut\u00ED nepo\u017E\u00E1daly.","organiza\u010Dn\u00ED_jednotky":[],"osoby":[]},{"typ":["Digit\u00E1ln\u00ED objekt","Politick\u00E1 strana nebo hnut\u00ED"],"iri":"https://mv.gov.cz/api/boards/SPS/strana/199","url":"https://aplikace.mv.gov.cz/seznam-politickych-stran/Vypis_Rejstrik.aspx?id=199","n\u00E1zev":"Moravsk\u00E1 n\u00E1rodn\u00ED strana","zkratka":"MNS","adresa_s\u00EDdla":"Brno","den_registrace":"1990-09-28","\u010D\u00EDslo_registrace":"VSP/1-2256/90","identifika\u010Dn\u00ED_\u010D\u00EDslo":"15526453","statut\u00E1rn\u00ED_org\u00E1n":"P\u0159edseda.","posledn\u00ED_zm\u011Bna_stanov":"1996-07-03","pozn\u00E1mka":"","organiza\u010Dn\u00ED_jednotky":[],"osoby":[]},{"typ":["Digit\u00E1ln\u00ED objekt","Politick\u00E1 strana nebo hnut\u00ED"],"iri":"https://mv.gov.cz/api/boards/SPS/strana/200","url":"https://aplikace.mv.gov.cz/seznam-politickych-stran/Vypis_Rejstrik.aspx?id=200","n\u00E1zev":"Konzervativn\u00ED a soci\u00E1ln\u00ED hnut\u00ED","zkratka":"KSH","adresa_s\u00EDdla":"272 04 Kladno, Va\u0161\u00ED\u010Dkova 505","den_registrace":"2002-04-12","\u010D\u00EDslo_registrace":"VS-1560/SDR/1-2002","identifika\u010Dn\u00ED_\u010D\u00EDslo":"26590018","statut\u00E1rn\u00ED_org\u00E1n":"P\u0159edsednictvo strany, za kter\u00E9 jedn\u00E1 p\u0159edseda nebo dva \u010Dlenov\u00E9 p\u0159edsednictva.","posledn\u00ED_zm\u011Bna_stanov":"2014-04-23","pozn\u00E1mka":"","organiza\u010Dn\u00ED_jednotky":["m\u00EDstn\u00ED organizace nebo obecn\u00ED sdru\u017Een\u00ED"],"osoby":[{"typ":"Osoba","funkce":"p\u0159edseda:","jm\u00E9no":"Pavel Kre\u0161ne","datum_narozen\u00ED":"1967-06-19","adresa_ulice":"\u0160achetn\u00ED 2541","adresa_m\u011Bsto":"272 01 Kladno","platnost_od":"2015-05-10"},{"typ":"Osoba","funkce":"m\u00EDstop\u0159edseda:","jm\u00E9no":"Ji\u0159\u00ED Lebeda","datum_narozen\u00ED":"1977-09-01","adresa_ulice":"L\u00E1ze\u0148sk\u00E1 89/15","adresa_m\u011Bsto":"250 01 Brand\u00FDs nad Labem-Star\u00E1 Boleslav","platnost_od":"2015-05-10"},{"typ":"Osoba","funkce":"\u010Dlen:","jm\u00E9no":"Jan  Kerula","datum_narozen\u00ED":"1973-09-19","adresa_ulice":"","adresa_m\u011Bsto":"357 35 Nov\u00E9 Sedlo 98","platnost_od":"2014-04-12"},{"typ":"Osoba","funkce":"jednatel:","jm\u00E9no":"Ivana  \u010Cervenkov\u00E1","datum_narozen\u00ED":"1980-03-04","adresa_ulice":"n\u00E1m\u011Bst\u00ED starosty Pavla 44","adresa_m\u011Bsto":"272 01 Kladno","platnost_od":"2015-05-10"}]},{"typ":["Digit\u00E1ln\u00ED objekt","Politick\u00E1 strana nebo hnut\u00ED"],"iri":"https://mv.gov.cz/api/boards/SPS/strana/202","url":"https://aplikace.mv.gov.cz/seznam-politickych-stran/Vypis_Rejstrik.aspx?id=202","n\u00E1zev":"NEZ\u00C1VISL\u00CD DEMOKRAT\u00C9","zkratka":"NEZ/DEM","adresa_s\u00EDdla":"110 00 Praha, Dlouh\u00E1 616/12","den_registrace":"2005-05-05","\u010D\u00EDslo_registrace":"VS-2691/SDR/1-2005","identifika\u010Dn\u00ED_\u010D\u00EDslo":"26996502","statut\u00E1rn\u00ED_org\u00E1n":"P\u0159edseda.","posledn\u00ED_zm\u011Bna_stanov":"2012-02-15","pozn\u00E1mka":"","organiza\u010Dn\u00ED_jednotky":["krajsk\u00E9 sdru\u017Een\u00ED","obecn\u00ED sdru\u017Een\u00ED"],"osoby":[{"typ":"Osoba","funkce":"p\u0159edseda:","jm\u00E9no":"PhDr. Vladim\u00EDr \u017Delezn\u00FD","datum_narozen\u00ED":"1945-03-03","adresa_ulice":"Ambiorix 40","adresa_m\u011Bsto":"Belgie, Brusel 1000","platnost_od":"2005-08-06"}]},{"typ":["Digit\u00E1ln\u00ED objekt","Politick\u00E1 strana nebo hnut\u00ED"],"iri":"https://mv.gov.cz/api/boards/SPS/strana/204","url":"https://aplikace.mv.gov.cz/seznam-politickych-stran/Vypis_Rejstrik.aspx?id=204","n\u00E1zev":"Permanentn\u00ED opozic\u00ED za demokracii","zkratka":"POZDE","adresa_s\u00EDdla":"Praha","den_registrace":"1990-03-28","\u010D\u00EDslo_registrace":"AVS/1-652/90","identifika\u010Dn\u00ED_\u010D\u00EDslo":"507121","statut\u00E1rn\u00ED_org\u00E1n":"Valn\u00E1 hromada a jej\u00ED \u010Dlenov\u00E9, kte\u0159\u00ED jednaj\u00ED samostatn\u011B.","pozn\u00E1mka":"","organiza\u010Dn\u00ED_jednotky":[],"osoby":[]},{"typ":["Digit\u00E1ln\u00ED objekt","Politick\u00E1 strana nebo hnut\u00ED"],"iri":"https://mv.gov.cz/api/boards/SPS/strana/206","url":"https://aplikace.mv.gov.cz/seznam-politickych-stran/Vypis_Rejstrik.aspx?id=206","n\u00E1zev":"Politick\u00E1 strana \u017Een a matek \u010Ceskoslovenska","zkratka":"NEUVEDENA","adresa_s\u00EDdla":"","den_registrace":"1991-01-18","\u010D\u00EDslo_registrace":"VSP/1-400/91","identifika\u010Dn\u00ED_\u010D\u00EDslo":"None","statut\u00E1rn\u00ED_org\u00E1n":"Pra\u017Esk\u00FD v\u00FDbor, mluv\u010D\u00ED.","pozn\u00E1mka":"O p\u0159id\u011Blen\u00ED identifika\u010Dn\u00EDho \u010D\u00EDsla strana - hnut\u00ED nepo\u017E\u00E1daly.","organiza\u010Dn\u00ED_jednotky":[],"osoby":[]},{"typ":["Digit\u00E1ln\u00ED objekt","Politick\u00E1 strana nebo hnut\u00ED"],"iri":"https://mv.gov.cz/api/boards/SPS/strana/207","url":"https://aplikace.mv.gov.cz/seznam-politickych-stran/Vypis_Rejstrik.aspx?id=207","n\u00E1zev":"Republik\u00E1nsk\u00E1 strana zem\u011Bd\u011Blsk\u00E9ho a malorolnick\u00E9ho lidu","zkratka":"RSZML","adresa_s\u00EDdla":"619 00 Brno, Star\u00E9 n\u00E1m\u011Bst\u00ED 279/28A","den_registrace":"1990-03-15","\u010D\u00EDslo_registrace":"AVS/1-739/90","identifika\u010Dn\u00ED_\u010D\u00EDslo":"49280872","statut\u00E1rn\u00ED_org\u00E1n":"P\u0159edseda a 1. m\u00EDstop\u0159edseda, a to ka\u017Ed\u00FD samostatn\u011B.","posledn\u00ED_zm\u011Bna_stanov":"2008-07-28","pozn\u00E1mka":"","organiza\u010Dn\u00ED_jednotky":["m\u00EDstn\u00ED organizace","okresn\u00ED organizace","zemsk\u00E1 organizace"],"osoby":[{"typ":"Osoba","funkce":"p\u0159edseda:","jm\u00E9no":"Prof. Dr. Ing. Mgr. PhD. Josef Pol\u00E1ch","datum_narozen\u00ED":"1929-09-10","adresa_ulice":"","adresa_m\u011Bsto":"595 01 B\u0159ezsk\u00E9 69","platnost_od":"2008-03-25"},{"typ":"Osoba","funkce":"1. m\u00EDstop\u0159edseda:","jm\u00E9no":"Vojt\u011Bch  Fila","datum_narozen\u00ED":"1952-07-16","adresa_ulice":"Z\u00E1meck\u00E1 691/63","adresa_m\u011Bsto":"643 00 Brno","platnost_od":"2008-03-25"}]},{"typ":["Digit\u00E1ln\u00ED objekt","Politick\u00E1 strana nebo hnut\u00ED"],"iri":"https://mv.gov.cz/api/boards/SPS/strana/208","url":"https://aplikace.mv.gov.cz/seznam-politickych-stran/Vypis_Rejstrik.aspx?id=208","n\u00E1zev":"Romsk\u00E1 demokratick\u00E1 soci\u00E1ln\u00ED strana","zkratka":"RDSS","adresa_s\u00EDdla":"100 40 Praha, U Stavoservisu 527/1","den_registrace":"2005-03-22","\u010D\u00EDslo_registrace":"VS-9626/SDR/1-2004","identifika\u010Dn\u00ED_\u010D\u00EDslo":"26993741","statut\u00E1rn\u00ED_org\u00E1n":"P\u0159edseda.","posledn\u00ED_zm\u011Bna_stanov":"2005-10-13","pozn\u00E1mka":"","organiza\u010Dn\u00ED_jednotky":["m\u00EDstn\u00ED organizace"],"osoby":[{"typ":"Osoba","funkce":"p\u0159edseda:","jm\u00E9no":"Miroslav Tanco\u0161","datum_narozen\u00ED":"1959-10-01","adresa_ulice":"Nemocni\u010Dn\u00ED 524","adresa_m\u011Bsto":"473 01 Nov\u00FD Bor","platnost_od":"2005-04-23"}]},{"typ":["Digit\u00E1ln\u00ED objekt","Politick\u00E1 strana nebo hnut\u00ED"],"iri":"https://mv.gov.cz/api/boards/SPS/strana/209","url":"https://aplikace.mv.gov.cz/seznam-politickych-stran/Vypis_Rejstrik.aspx?id=209","n\u00E1zev":"Blok proti islamizaci \u2013 Obrana domova","zkratka":"BPI","adresa_s\u00EDdla":"586 01 Jihlava, Znojemsk\u00E1 2380/82","den_registrace":"2003-05-06","\u010D\u00EDslo_registrace":"VS-3332/SDR/1-2003","identifika\u010Dn\u00ED_\u010D\u00EDslo":"26628601","statut\u00E1rn\u00ED_org\u00E1n":"P\u0159edseda.","posledn\u00ED_zm\u011Bna_stanov":"2017-02-13","pozn\u00E1mka":"","organiza\u010Dn\u00ED_jednotky":["krajsk\u00E9 organizace","m\u00EDstn\u00ED organizace","okresn\u00ED organizace"],"osoby":[{"typ":"Osoba","funkce":"p\u0159edseda:","jm\u00E9no":"David \u0160t\u011Bp\u00E1n","datum_narozen\u00ED":"1963-12-19","adresa_ulice":"Skupova 1257","adresa_m\u011Bsto":"415 01 Teplice","platnost_od":"2014-06-09"}]},{"typ":["Digit\u00E1ln\u00ED objekt","Politick\u00E1 strana nebo hnut\u00ED"],"iri":"https://mv.gov.cz/api/boards/SPS/strana/210","url":"https://aplikace.mv.gov.cz/seznam-politickych-stran/Vypis_Rejstrik.aspx?id=210","n\u00E1zev":"Strana demokratick\u00E9 levice","zkratka":"SDL","adresa_s\u00EDdla":"Praha","den_registrace":"1990-04-09","\u010D\u00EDslo_registrace":"AVS/1-985/90","identifika\u010Dn\u00ED_\u010D\u00EDslo":"None","statut\u00E1rn\u00ED_org\u00E1n":"P\u0159edseda a m\u00EDstop\u0159edseda.","posledn\u00ED_zm\u011Bna_stanov":"1995-04-07","pozn\u00E1mka":"O p\u0159id\u011Blen\u00ED identifika\u010Dn\u00EDho \u010D\u00EDsla strana - hnut\u00ED nepo\u0159\u00E1daly.","organiza\u010Dn\u00ED_jednotky":[],"osoby":[]},{"typ":["Digit\u00E1ln\u00ED objekt","Politick\u00E1 strana nebo hnut\u00ED"],"iri":"https://mv.gov.cz/api/boards/SPS/strana/211","url":"https://aplikace.mv.gov.cz/seznam-politickych-stran/Vypis_Rejstrik.aspx?id=211","n\u00E1zev":"Strana evropsk\u00E9ho domu","zkratka":"SED","adresa_s\u00EDdla":"Brno","den_registrace":"1990-03-29","\u010D\u00EDslo_registrace":"AVS/1-885/90","identifika\u010Dn\u00ED_\u010D\u00EDslo":"542636","statut\u00E1rn\u00ED_org\u00E1n":"\u00DAst\u0159edn\u00ED v\u00FDbor, za kter\u00FD jedn\u00E1 p\u0159edseda.","pozn\u00E1mka":"","organiza\u010Dn\u00ED_jednotky":[],"osoby":[]},{"typ":["Digit\u00E1ln\u00ED objekt","Politick\u00E1 strana nebo hnut\u00ED"],"iri":"https://mv.gov.cz/api/boards/SPS/strana/212","url":"https://aplikace.mv.gov.cz/seznam-politickych-stran/Vypis_Rejstrik.aspx?id=212","n\u00E1zev":"Strana ob\u010Dansk\u00E9ho porozum\u011Bn\u00ED","zkratka":"SOP","adresa_s\u00EDdla":"460 01 Liberec, Dr. Milady Hor\u00E1kov\u00E9 339/12","den_registrace":"2000-09-04","\u010D\u00EDslo_registrace":"VS/1-1/5041/2000","identifika\u010Dn\u00ED_\u010D\u00EDslo":"70867208","statut\u00E1rn\u00ED_org\u00E1n":"P\u0159edsednictvo \u00FAst\u0159edn\u00EDho v\u00FDboru, za kter\u00E9 jedn\u00E1 p\u0159edseda a \u00FA\u0159aduj\u00EDc\u00ED m\u00EDstop\u0159edseda samostatn\u011B.","pozn\u00E1mka":"","organiza\u010Dn\u00ED_jednotky":[],"osoby":[{"typ":"Osoba","funkce":"\u00FA\u0159aduj\u00EDc\u00ED m\u00EDstop\u0159edseda:","jm\u00E9no":"Jaroslav Kotrman","datum_narozen\u00ED":"1951-07-07","adresa_ulice":"Dr. Milady Hor\u00E1kov\u00E9 339/12","adresa_m\u011Bsto":"460 01 Liberec","platnost_od":"2001-02-24"},{"typ":"Osoba","funkce":"\u010Dlen p\u0159edsednictva:","jm\u00E9no":"Ing. Jana  Filipov\u00E1","datum_narozen\u00ED":"1951-08-05","adresa_ulice":"V\u011Bnceslava Metelky 158","adresa_m\u011Bsto":"512 11 Vysok\u00E9 nad Jizerou","platnost_od":"2001-02-24"},{"typ":"Osoba","funkce":"\u010Dlen p\u0159edsednictva:","jm\u00E9no":"David  Hrubec","datum_narozen\u00ED":"1975-02-20","adresa_ulice":"V\u011Btrn\u00E1 2717/10","adresa_m\u011Bsto":"400 11 \u00DAst\u00ED nad Labem","platnost_od":"2001-02-24"},{"typ":"Osoba","funkce":"\u010Dlen p\u0159edsednictva:","jm\u00E9no":"J\u00E1n Chimal","datum_narozen\u00ED":"1969-11-25","adresa_ulice":"Peruck\u00E1 8","adresa_m\u011Bsto":"440 01 Velt\u011B\u017Ee","platnost_od":"2001-02-24"},{"typ":"Osoba","funkce":"\u010Dlen p\u0159edsednictva:","jm\u00E9no":"Petr Ml\u00E1dek","datum_narozen\u00ED":"1978-10-25","adresa_ulice":"","adresa_m\u011Bsto":"463 72 Vi\u0161\u0148ov\u00E1  174","platnost_od":"2001-02-24"}]},{"typ":["Digit\u00E1ln\u00ED objekt","Politick\u00E1 strana nebo hnut\u00ED"],"iri":"https://mv.gov.cz/api/boards/SPS/strana/213","url":"https://aplikace.mv.gov.cz/seznam-politickych-stran/Vypis_Rejstrik.aspx?id=213","n\u00E1zev":"Strana P\u0159\u00EDrodn\u00EDho Z\u00E1kona","zkratka":"P\u0159\u00EDrodn\u00ED","adresa_s\u00EDdla":"Praha","den_registrace":"1995-12-07","\u010D\u00EDslo_registrace":"II/s-OS/1-1760/95","identifika\u010Dn\u00ED_\u010D\u00EDslo":"None","statut\u00E1rn\u00ED_org\u00E1n":"P\u0159edseda.","pozn\u00E1mka":"O p\u0159id\u011Blen\u00ED identifika\u010Dn\u00EDho \u010D\u00EDsla strana - hnut\u00ED nepo\u017E\u00E1daly.","organiza\u010Dn\u00ED_jednotky":[],"osoby":[{"typ":"Osoba","funkce":"P\u0159edsedkyn\u011B:","jm\u00E9no":"Zuzana  Sojkov\u00E1","adresa_ulice":"Dobi\u00E1\u0161ova 860/14","adresa_m\u011Bsto":"460 06 Liberec","platnost_od":"1996-06-14"}]},{"typ":["Digit\u00E1ln\u00ED objekt","Politick\u00E1 strana nebo hnut\u00ED"],"iri":"https://mv.gov.cz/api/boards/SPS/strana/214","url":"https://aplikace.mv.gov.cz/seznam-politickych-stran/Vypis_Rejstrik.aspx?id=214","n\u00E1zev":"STRANA ROVNOST \u0160ANC\u00CD","zkratka":"SR\u0160","adresa_s\u00EDdla":"181 00 Praha, Dol\u00E1kova 528/34","den_registrace":"2005-04-19","\u010D\u00EDslo_registrace":"VS-1703/SDR/1-2005","identifika\u010Dn\u00ED_\u010D\u00EDslo":"26997665","statut\u00E1rn\u00ED_org\u00E1n":"Republikov\u00E1 rada, za kterou jedn\u00E1 v\u017Edy spole\u010Dn\u011B dv\u011B \u010Dlenky/\u010Dlenov\u00E9, z nich\u017E alespo\u0148 jedna/jeden je p\u0159edsedkyn\u00ED/p\u0159edsedou nebo m\u00EDstop\u0159edsedkyn\u00ED/m\u00EDstop\u0159edsedou strany a druh\u00E1/druh\u00FD je \u010Dlenkou/\u010Dlenem republikov\u00E9 rady.","pozn\u00E1mka":"","organiza\u010Dn\u00ED_jednotky":["krajsk\u00E1 organizace"],"osoby":[{"typ":"Osoba","funkce":"p\u0159edseda:","jm\u00E9no":"Zdenka Ulmannov\u00E1","datum_narozen\u00ED":"1954-10-30","adresa_ulice":"Dol\u00E1kova 528/34","adresa_m\u011Bsto":"181 00 Praha","platnost_od":"2005-11-06"},{"typ":"Osoba","funkce":"m\u00EDstop\u0159edsedkyn\u011B:","jm\u00E9no":"MUDr. Eva B\u00E1\u010Dov\u00E1","datum_narozen\u00ED":"1946-07-11","adresa_ulice":"t\u0159\u00EDda Tom\u00E1\u0161e Bati 1037","adresa_m\u011Bsto":"760 01 Zl\u00EDn","platnost_od":"2006-04-08"},{"typ":"Osoba","funkce":"m\u00EDstop\u0159edsedkyn\u011B:","jm\u00E9no":"T\u00E1\u0148a  \u0160ediv\u00E1","datum_narozen\u00ED":"1952-05-08","adresa_ulice":"Novodvorsk\u00E1 415/139","adresa_m\u011Bsto":"142 00 Praha","platnost_od":"2006-04-08"},{"typ":"Osoba","funkce":"\u010Dlenka:","jm\u00E9no":"Iveta Burgetov\u00E1","adresa_ulice":"/","adresa_m\u011Bsto":"/","platnost_od":"2005-11-06"},{"typ":"Osoba","funkce":"\u010Dlenka:","jm\u00E9no":"Marika K\u0148avov\u00E1","adresa_ulice":"/","adresa_m\u011Bsto":"/","platnost_od":"2005-11-06"},{"typ":"Osoba","funkce":"\u010Dlenka:","jm\u00E9no":"Lada Sitov\u00E1","adresa_ulice":"/","adresa_m\u011Bsto":"/","platnost_od":"2005-11-06"},{"typ":"Osoba","funkce":"\u010Dlenka:","jm\u00E9no":"Darina Nem\u00E9thov\u00E1","datum_narozen\u00ED":"1954-06-12","adresa_ulice":"Truhl\u00E1\u0159sk\u00E1 1489/29","adresa_m\u011Bsto":"110 00 Praha","platnost_od":"2006-04-08"}]},{"typ":["Digit\u00E1ln\u00ED objekt","Politick\u00E1 strana nebo hnut\u00ED"],"iri":"https://mv.gov.cz/api/boards/SPS/strana/215","url":"https://aplikace.mv.gov.cz/seznam-politickych-stran/Vypis_Rejstrik.aspx?id=215","n\u00E1zev":"Strana svobodn\u00FDch demokrat\u016F","zkratka":"SSD","adresa_s\u00EDdla":"110 00 Praha, Novotn\u00E9ho l\u00E1vka 200/5","den_registrace":"1990-03-26","\u010D\u00EDslo_registrace":"AVS/1-850/90","identifika\u010Dn\u00ED_\u010D\u00EDslo":"499668","statut\u00E1rn\u00ED_org\u00E1n":"P\u0159edsednictvo, za kter\u00E9 jedn\u00E1 p\u0159edseda nebo ka\u017Ed\u00FD  z m\u00EDstop\u0159edsed\u016F samostatn\u011B.","posledn\u00ED_zm\u011Bna_stanov":"2016-07-08","pozn\u00E1mka":"","organiza\u010Dn\u00ED_jednotky":["m\u00EDstn\u00ED organizace","region\u00E1ln\u00ED organizace"],"osoby":[{"typ":"Osoba","funkce":"p\u0159edseda:","jm\u00E9no":"Ji\u0159\u00ED  K\u0159emen","datum_narozen\u00ED":"1966-09-27","adresa_ulice":"Na Skalk\u00E1ch 941","adresa_m\u011Bsto":"277 11 Neratovice","platnost_od":"2016-06-06"},{"typ":"Osoba","funkce":"1. m\u00EDstop\u0159edseda:","jm\u00E9no":"JUDr. Vladim\u00EDr Mus\u00EDlek","datum_narozen\u00ED":"1953-12-21","adresa_ulice":"Ocel\u00EDkova 672/1","adresa_m\u011Bsto":"149 00 Praha","platnost_od":"2016-06-06"},{"typ":"Osoba","funkce":"2. m\u00EDstop\u0159edseda:","jm\u00E9no":"Milo\u0161 Kub\u00EDk","datum_narozen\u00ED":"1953-05-23","adresa_ulice":"","adresa_m\u011Bsto":"256 01 Struha\u0159ov 7","platnost_od":"2016-06-06"},{"typ":"Osoba","funkce":"3. m\u00EDstop\u0159edseda:","jm\u00E9no":"Ji\u0159\u00ED Schwarzer","datum_narozen\u00ED":"1971-09-12","adresa_ulice":"Plickova 553/21","adresa_m\u011Bsto":"149 00 Praha","platnost_od":"2016-06-06"},{"typ":"Osoba","funkce":"m\u00EDstop\u0159edseda:","jm\u00E9no":"Mgr. Jan P\u00E1nek","datum_narozen\u00ED":"1967-01-11","adresa_ulice":"Pra\u017Esk\u00E1 465","adresa_m\u011Bsto":"506 01 Ji\u010D\u00EDn","platnost_od":"2016-06-06"},{"typ":"Osoba","funkce":"m\u00EDstop\u0159edseda:","jm\u00E9no":"Petr Pe\u0161ek","datum_narozen\u00ED":"1963-10-08","adresa_ulice":"Lu\u010Dn\u00ED 314","adresa_m\u011Bsto":"435 42 Litv\u00EDnov","platnost_od":"2016-06-06"}]},{"typ":["Digit\u00E1ln\u00ED objekt","Politick\u00E1 strana nebo hnut\u00ED"],"iri":"https://mv.gov.cz/api/boards/SPS/strana/216","url":"https://aplikace.mv.gov.cz/seznam-politickych-stran/Vypis_Rejstrik.aspx?id=216","n\u00E1zev":"Strana Svobody","zkratka":"Str. Svob.","adresa_s\u00EDdla":"324 00 Plze\u0148, Habrmannova 2115/39","den_registrace":"2006-08-25","\u010D\u00EDslo_registrace":"VS-5480/SDR/1-2006","identifika\u010Dn\u00ED_\u010D\u00EDslo":"27041492","statut\u00E1rn\u00ED_org\u00E1n":"P\u0159edseda strany, pop\u0159. j\u00EDm pov\u011B\u0159en\u00ED m\u00EDstop\u0159edsedov\u00E9, d\u00E1le pak sekret\u00E1\u0159 strany. Statut\u00E1rn\u00ED jedn\u00E1n\u00ED a podepisov\u00E1n\u00ED vy\u017Eaduje souhlas nejm\u00E9n\u011B dvou statut\u00E1rn\u00EDch z\u00E1stupc\u016F s v\u00FDjimkou p\u0159edsedy strany, ten je opr\u00E1vn\u011Bn podepisovat za stranu samostatn\u011B.","pozn\u00E1mka":"","organiza\u010Dn\u00ED_jednotky":[],"osoby":[]},{"typ":["Digit\u00E1ln\u00ED objekt","Politick\u00E1 strana nebo hnut\u00ED"],"iri":"https://mv.gov.cz/api/boards/SPS/strana/217","url":"https://aplikace.mv.gov.cz/seznam-politickych-stran/Vypis_Rejstrik.aspx?id=217","n\u00E1zev":"V\u011Bci ve\u0159ejn\u00E9","zkratka":"VV","adresa_s\u00EDdla":"140 00 Praha, Jaurisova 515/4","den_registrace":"2002-07-22","\u010D\u00EDslo_registrace":"VS-4623/SDR/1-2002","identifika\u010Dn\u00ED_\u010D\u00EDslo":"26599643","statut\u00E1rn\u00ED_org\u00E1n":"P\u0159edsednictvo, za kter\u00E9 jedn\u00E1 samostatn\u011B p\u0159edseda nebo osoba ur\u010Den\u00E1 p\u0159edsednictvem.","posledn\u00ED_zm\u011Bna_stanov":"2015-04-13","pozn\u00E1mka":"","organiza\u010Dn\u00ED_jednotky":["krajsk\u00E9 organizace","m\u00EDstn\u00ED kluby"],"osoby":[{"typ":"Osoba","funkce":"p\u0159edseda:","jm\u00E9no":"Ing. Ji\u0159\u00ED Kohout","datum_narozen\u00ED":"1967-10-06","adresa_ulice":"Nov\u00E1 \u010Dtvr\u0165 299/16C","adresa_m\u011Bsto":"750 02 P\u0159erov","platnost_od":"2014-01-25"},{"typ":"Osoba","funkce":"1.m\u00EDstop\u0159edsedkyn\u011B:","jm\u00E9no":"Olga Havlov\u00E1","datum_narozen\u00ED":"1953-07-25","adresa_ulice":"","adresa_m\u011Bsto":"793 83 Jind\u0159ichov 22","platnost_od":"2014-01-25"},{"typ":"Osoba","funkce":"m\u00EDstop\u0159edsedkyn\u011B:","jm\u00E9no":"Simona Chytrov\u00E1","datum_narozen\u00ED":"1962-07-13","adresa_ulice":"Zborovsk\u00E1 889/46","adresa_m\u011Bsto":"150 00 Praha","platnost_od":"2014-01-25"},{"typ":"Osoba","funkce":"m\u00EDstop\u0159edsedkyn\u011B:","jm\u00E9no":"MUDr. Alice \u010Ce\u010Dilov\u00E1","datum_narozen\u00ED":"1958-06-25","adresa_ulice":"Pod Hradi\u0161t\u011Bm 121","adresa_m\u011Bsto":"257 41 T\u00FDnec nad S\u00E1zavou","platnost_od":"2014-01-25"},{"typ":"Osoba","funkce":"m\u00EDstop\u0159edseda:","jm\u00E9no":"David K\u00E1dner","datum_narozen\u00ED":"1976-10-12","adresa_ulice":"","adresa_m\u011Bsto":"435 45 Nov\u00E1 Ves v Hor\u00E1ch 225","platnost_od":"2014-01-25"},{"typ":"Osoba","funkce":"m\u00EDstop\u0159edseda:","jm\u00E9no":"MUDr. Miroslav Malchar","datum_narozen\u00ED":"1957-01-10","adresa_ulice":"Lesn\u00ED 2330","adresa_m\u011Bsto":"756 61 Ro\u017Enov pod Radho\u0161t\u011Bm","platnost_od":"2014-01-25"},{"typ":"Osoba","funkce":"m\u00EDstop\u0159edseda:","jm\u00E9no":"Jan Je\u017Eovica","datum_narozen\u00ED":"1971-07-22","adresa_ulice":"17. listopadu 1167","adresa_m\u011Bsto":"293 01 Mlad\u00E1 Boleslav","platnost_od":"2014-01-25"}]},{"typ":["Digit\u00E1ln\u00ED objekt","Politick\u00E1 strana nebo hnut\u00ED"],"iri":"https://mv.gov.cz/api/boards/SPS/strana/218","url":"https://aplikace.mv.gov.cz/seznam-politickych-stran/Vypis_Rejstrik.aspx?id=218","n\u00E1zev":"Volba pro budoucnost","zkratka":"VPB","adresa_s\u00EDdla":"320 00 Plze\u0148, Klatovsk\u00E1 128","den_registrace":"2002-03-28","\u010D\u00EDslo_registrace":"VS-1777/SDR/1-2002","identifika\u010Dn\u00ED_\u010D\u00EDslo":"26587891","statut\u00E1rn\u00ED_org\u00E1n":"P\u0159edsednictvo, jm\u00E9nem kter\u00E9ho jedn\u00E1 p\u0159edseda samostatn\u011B nebo dva \u010Dlenov\u00E9 p\u0159edsednictva sou\u010Dasn\u011B.","pozn\u00E1mka":"","organiza\u010Dn\u00ED_jednotky":[],"osoby":[{"typ":"Osoba","funkce":"p\u0159edseda:","jm\u00E9no":"Daniel Zaj\u00EDc","datum_narozen\u00ED":"1961-08-10","adresa_ulice":"Th\u00E1mova 1089/4","adresa_m\u011Bsto":"301 00 Plze\u0148","platnost_od":"2002-04-06"}]},{"typ":["Digit\u00E1ln\u00ED objekt","Politick\u00E1 strana nebo hnut\u00ED"],"iri":"https://mv.gov.cz/api/boards/SPS/strana/219","url":"https://aplikace.mv.gov.cz/seznam-politickych-stran/Vypis_Rejstrik.aspx?id=219","n\u00E1zev":"Hnut\u00ED LEP\u0160\u00CD \u0158EPY","zkratka":"HL\u0158","adresa_s\u00EDdla":"163 00 Praha, \u0160panielova 1273/42","den_registrace":"2006-07-07","\u010D\u00EDslo_registrace":"VS-4739/SDR/1-2006","identifika\u010Dn\u00ED_\u010D\u00EDslo":"27038106","statut\u00E1rn\u00ED_org\u00E1n":"P\u0159edsednictvo, za kter\u00E9 jedn\u00E1 p\u0159edseda.","posledn\u00ED_zm\u011Bna_stanov":"2014-06-18","pozn\u00E1mka":"","organiza\u010Dn\u00ED_jednotky":["m\u00EDstn\u00ED organizace"],"osoby":[{"typ":"Osoba","funkce":"p\u0159edseda:","jm\u00E9no":"","adresa_ulice":"","adresa_m\u011Bsto":"","platnost_od":"2015-06-30"}]},{"typ":["Digit\u00E1ln\u00ED objekt","Politick\u00E1 strana nebo hnut\u00ED"],"iri":"https://mv.gov.cz/api/boards/SPS/strana/220","url":"https://aplikace.mv.gov.cz/seznam-politickych-stran/Vypis_Rejstrik.aspx?id=220","n\u00E1zev":"Fair play - HNPD","zkratka":"HNPD","adresa_s\u00EDdla":"739 91 Jablunkov, Plk. Velebnovsk\u00E9ho 70","den_registrace":"2004-08-31","\u010D\u00EDslo_registrace":"VS-6010/SDR/1-2004","identifika\u010Dn\u00ED_\u010D\u00EDslo":"26673851","statut\u00E1rn\u00ED_org\u00E1n":"\u00DAst\u0159edn\u00ED p\u0159edstavenstvo, za kter\u00E9 jedn\u00E1 p\u0159edseda hnut\u00ED.","posledn\u00ED_zm\u011Bna_stanov":"2014-02-24","pozn\u00E1mka":"","organiza\u010Dn\u00ED_jednotky":["krajsk\u00E9 organizace","m\u00EDstn\u00ED organizace","obvodov\u00E1 organizace"],"osoby":[{"typ":"Osoba","funkce":"p\u0159edseda:","jm\u00E9no":"Mgr. Jan  Szotkowski","datum_narozen\u00ED":"1952-10-11","adresa_ulice":"Hornick\u00E1 487/21","adresa_m\u011Bsto":"737 01 \u010Cesk\u00FD T\u011B\u0161\u00EDn","platnost_od":"2005-02-26"},{"typ":"Osoba","funkce":"m\u00EDstop\u0159edseda:","jm\u00E9no":"V\u00E1clav \u0158\u00EDha","datum_narozen\u00ED":"1952-08-17","adresa_ulice":"Seneck\u00E1 172","adresa_m\u011Bsto":"330 08 Zru\u010D-Senec","platnost_od":"2006-03-04"},{"typ":"Osoba","funkce":"\u010Dlen:","jm\u00E9no":"Kv\u011Btoslava Landeck\u00E1","datum_narozen\u00ED":"1958-01-19","adresa_ulice":"U Lesa 733/7","adresa_m\u011Bsto":"734 01 Karvin\u00E1","platnost_od":"2005-02-26"},{"typ":"Osoba","funkce":"\u010Dlen:","jm\u00E9no":"Anton\u00EDn Tomica","datum_narozen\u00ED":"1953-03-26","adresa_ulice":"Lipov\u00E1 580","adresa_m\u011Bsto":"739 91 Jablunkov","platnost_od":"2005-02-26"},{"typ":"Osoba","funkce":"\u010Dlen:","jm\u00E9no":"Martin Tomica","datum_narozen\u00ED":"1979-02-17","adresa_ulice":"Lipov\u00E1 580","adresa_m\u011Bsto":"739 91 Jablunkov","platnost_od":"2005-02-26"}]},{"typ":["Digit\u00E1ln\u00ED objekt","Politick\u00E1 strana nebo hnut\u00ED"],"iri":"https://mv.gov.cz/api/boards/SPS/strana/221","url":"https://aplikace.mv.gov.cz/seznam-politickych-stran/Vypis_Rejstrik.aspx?id=221","n\u00E1zev":"Hnut\u00ED zem\u011Bd\u011Blc\u016F","zkratka":"HZ","adresa_s\u00EDdla":"Praha","den_registrace":"1990-03-09","\u010D\u00EDslo_registrace":"AVS/1-653/90","identifika\u010Dn\u00ED_\u010D\u00EDslo":"00222101","statut\u00E1rn\u00ED_org\u00E1n":"P\u0159edseda a m\u00EDstop\u0159edsedov\u00E9, p\u0159i\u010Dem\u017E jednaj\u00ED ve dvojici.","posledn\u00ED_zm\u011Bna_stanov":"1996-08-05","pozn\u00E1mka":"","organiza\u010Dn\u00ED_jednotky":[],"osoby":[]},{"typ":["Digit\u00E1ln\u00ED objekt","Politick\u00E1 strana nebo hnut\u00ED"],"iri":"https://mv.gov.cz/api/boards/SPS/strana/222","url":"https://aplikace.mv.gov.cz/seznam-politickych-stran/Vypis_Rejstrik.aspx?id=222","n\u00E1zev":"Kl\u00ED\u010Dov\u00E9 hnut\u00ED","zkratka":"KH","adresa_s\u00EDdla":"120 00 Praha, Je\u010Dn\u00E1 529/29","den_registrace":"2008-01-04","\u010D\u00EDslo_registrace":"MV-246-2/VS-2008","identifika\u010Dn\u00ED_\u010D\u00EDslo":"71339426","statut\u00E1rn\u00ED_org\u00E1n":"P\u0159edsednictvo, za kter\u00E9 jednaj\u00ED p\u0159edseda nebo m\u00EDstop\u0159edsedov\u00E9.","posledn\u00ED_zm\u011Bna_stanov":"2013-02-26","pozn\u00E1mka":"","organiza\u010Dn\u00ED_jednotky":["m\u00EDstn\u00ED spole\u010Denstv\u00ED"],"osoby":[{"typ":"Osoba","funkce":"p\u0159edseda:","jm\u00E9no":"Ta\u0165ana Fischerov\u00E1","datum_narozen\u00ED":"1947-06-06","adresa_ulice":"Je\u010Dn\u00E1 529/29","adresa_m\u011Bsto":"120 00 Praha","platnost_od":"2008-06-18"},{"typ":"Osoba","funkce":"m\u00EDstop\u0159edseda:","jm\u00E9no":"Barbora Seifertov\u00E1","datum_narozen\u00ED":"1962-11-25","adresa_ulice":"\u0160ternova 144/17","adresa_m\u011Bsto":"158 00 Praha","platnost_od":"2008-06-18"},{"typ":"Osoba","funkce":"\u010Dlen:","jm\u00E9no":"Ond\u0159ej  Louka","datum_narozen\u00ED":"1982-08-24","adresa_ulice":"\u0160ev\u010D\u00EDkova 3056","adresa_m\u011Bsto":"407 47 Varnsdorf","platnost_od":"2013-02-09"},{"typ":"Osoba","funkce":"\u010Dlenka:","jm\u00E9no":"Monika \u0160atavov\u00E1","datum_narozen\u00ED":"1964-09-19","adresa_ulice":"U Malvazinky 2255/15","adresa_m\u011Bsto":"150 00 Praha","platnost_od":"2010-10-02"}]},{"typ":["Digit\u00E1ln\u00ED objekt","Politick\u00E1 strana nebo hnut\u00ED"],"iri":"https://mv.gov.cz/api/boards/SPS/strana/223","url":"https://aplikace.mv.gov.cz/seznam-politickych-stran/Vypis_Rejstrik.aspx?id=223","n\u00E1zev":"\u201ESONOB - sdru\u017Een\u00ED ochrany n\u00E1jemn\u00EDk\u016F a ostatn\u00EDho bydlen\u00ED\u0022","zkratka":"SONOB","adresa_s\u00EDdla":"110 00 Praha, Sko\u0159epka 423/9","den_registrace":"2002-02-19","\u010D\u00EDslo_registrace":"VS-4561/SDR/1-2002","identifika\u010Dn\u00ED_\u010D\u00EDslo":"26599210","statut\u00E1rn\u00ED_org\u00E1n":"V\u00FDbor, za kter\u00FD jedn\u00E1 p\u0159edseda.","posledn\u00ED_zm\u011Bna_stanov":"2023-05-17","pozn\u00E1mka":"","organiza\u010Dn\u00ED_jednotky":[],"osoby":[{"typ":"Osoba","funkce":"p\u0159edseda:","jm\u00E9no":"JUDr. Vladim\u00EDr Hru\u0161ka","datum_narozen\u00ED":"1953-10-20","adresa_ulice":"Sko\u0159epka 423/9","adresa_m\u011Bsto":"110 00 Praha","platnost_od":"2002-09-01"},{"typ":"Osoba","funkce":"\u010Dlen v\u00FDboru:","jm\u00E9no":"Hana Sieglov\u00E1","datum_narozen\u00ED":"1961-06-12","adresa_ulice":"Biskupsk\u00FD dv\u016Fr 1147/6","adresa_m\u011Bsto":"110 00 Praha","platnost_od":"2002-09-01"},{"typ":"Osoba","funkce":"\u010Dlen v\u00FDboru:","jm\u00E9no":"Alena  \u0160imkov\u00E1","datum_narozen\u00ED":"1955-10-15","adresa_ulice":"","adresa_m\u011Bsto":"381 01 Bohdalovice 35","platnost_od":"2002-09-01"}]},{"typ":["Digit\u00E1ln\u00ED objekt","Politick\u00E1 strana nebo hnut\u00ED"],"iri":"https://mv.gov.cz/api/boards/SPS/strana/224","url":"https://aplikace.mv.gov.cz/seznam-politickych-stran/Vypis_Rejstrik.aspx?id=224","n\u00E1zev":"Koalice PRO kraj","zkratka":"Koalice PRO kraj","adresa_s\u00EDdla":"400 01 \u00DAst\u00ED nad Labem, Van\u00ED\u010Dkova 835/9","den_registrace":"2002-04-22","\u010D\u00EDslo_registrace":"VS-2402/SDR/1-2002","identifika\u010Dn\u00ED_\u010D\u00EDslo":"26592118","statut\u00E1rn\u00ED_org\u00E1n":"P\u0159edseda.","posledn\u00ED_zm\u011Bna_stanov":"2022-12-28","pozn\u00E1mka":"","organiza\u010Dn\u00ED_jednotky":["m\u00EDstn\u00ED organizace"],"osoby":[{"typ":"Osoba","funkce":"p\u0159edsedkyn\u011B:","jm\u00E9no":"Mgr. Helena Kubcov\u00E1","datum_narozen\u00ED":"1955-07-31","adresa_ulice":"Na Vyhl\u00EDdce 2340/11","adresa_m\u011Bsto":"400 11 \u00DAst\u00ED nad Labem","platnost_od":"2016-02-02"}]},{"typ":["Digit\u00E1ln\u00ED objekt","Politick\u00E1 strana nebo hnut\u00ED"],"iri":"https://mv.gov.cz/api/boards/SPS/strana/225","url":"https://aplikace.mv.gov.cz/seznam-politickych-stran/Vypis_Rejstrik.aspx?id=225","n\u00E1zev":"T\u00E1bor 2020","zkratka":"T2020","adresa_s\u00EDdla":"390 01 T\u00E1bor, Pra\u017Esk\u00E1 223/6","den_registrace":"2002-02-14","\u010D\u00EDslo_registrace":"VS-709/SDR/1-2002","identifika\u010Dn\u00ED_\u010D\u00EDslo":"26582406","statut\u00E1rn\u00ED_org\u00E1n":"P\u0159edseda.","posledn\u00ED_zm\u011Bna_stanov":"2006-08-01","pozn\u00E1mka":"","organiza\u010Dn\u00ED_jednotky":[],"osoby":[{"typ":"Osoba","funkce":"p\u0159edseda:","jm\u00E9no":"Ing. \u0160t\u011Bp\u00E1n  Pavl\u00EDk","datum_narozen\u00ED":"1971-02-17","adresa_ulice":"Klokotsk\u00E1 106/7","adresa_m\u011Bsto":"390 01 T\u00E1bor","platnost_od":"2023-05-02"}]},{"typ":["Digit\u00E1ln\u00ED objekt","Politick\u00E1 strana nebo hnut\u00ED"],"iri":"https://mv.gov.cz/api/boards/SPS/strana/226","url":"https://aplikace.mv.gov.cz/seznam-politickych-stran/Vypis_Rejstrik.aspx?id=226","n\u00E1zev":"Liber\u00E1lov\u00E9.CZ","zkratka":"LIB","adresa_s\u00EDdla":"158 00 Praha - Ko\u0161\u00ED\u0159e, Jinonick\u00E1  804/80","den_registrace":"2002-03-21","\u010D\u00EDslo_registrace":"VS-1429/SDR/1-2002","identifika\u010Dn\u00ED_\u010D\u00EDslo":"26586908","statut\u00E1rn\u00ED_org\u00E1n":"P\u0159edsednictvo, za kter\u00E9 jednaj\u00ED p\u0159edseda nebo spole\u010Dn\u011B m\u00EDstop\u0159edsedov\u00E9, v hospod\u00E1\u0159sk\u00FDch a administrativn\u00EDch ot\u00E1zk\u00E1ch tajemn\u00EDk.","posledn\u00ED_zm\u011Bna_stanov":"2010-06-24","pozn\u00E1mka":"","organiza\u010Dn\u00ED_jednotky":["krajsk\u00E1 rada"],"osoby":[{"typ":"Osoba","funkce":"p\u0159edseda:","jm\u00E9no":"Pavel  Weiss","datum_narozen\u00ED":"1980-05-13","adresa_ulice":"M\u00EDrov\u00E9 n\u00E1m\u011Bst\u00ED 1","adresa_m\u011Bsto":"432 01 Kada\u0148","platnost_od":"2008-11-29"},{"typ":"Osoba","funkce":"m\u00EDstop\u0159edseda:","jm\u00E9no":"Derek Pilous","datum_narozen\u00ED":"1972-02-19","adresa_ulice":"Novom\u011Bstsk\u00E1 15","adresa_m\u011Bsto":"251 01 \u0158\u00ED\u010Dany u Prahy","platnost_od":"2008-11-29"}]},{"typ":["Digit\u00E1ln\u00ED objekt","Politick\u00E1 strana nebo hnut\u00ED"],"iri":"https://mv.gov.cz/api/boards/SPS/strana/227","url":"https://aplikace.mv.gov.cz/seznam-politickych-stran/Vypis_Rejstrik.aspx?id=227","n\u00E1zev":"D\u011Blnick\u00E1 strana","zkratka":"DS","adresa_s\u00EDdla":"161 00 Praha 6, Ciolkovsk\u00E9ho  853","den_registrace":"2002-12-20","\u010D\u00EDslo_registrace":"VS-7089/SDR/1-2002","identifika\u010Dn\u00ED_\u010D\u00EDslo":"26614278","statut\u00E1rn\u00ED_org\u00E1n":"P\u0159edseda a 1. m\u00EDstop\u0159edseda kte\u0159\u00ED jednaj\u00ED samostatn\u011B.","posledn\u00ED_zm\u011Bna_stanov":"2006-08-21","pozn\u00E1mka":"","organiza\u010Dn\u00ED_jednotky":["m\u00EDstn\u00ED organizace"],"osoby":[{"typ":"Osoba","funkce":"p\u0159edseda:","jm\u00E9no":"Tom\u00E1\u0161 Vandas","datum_narozen\u00ED":"1969-03-03","adresa_ulice":"","adresa_m\u011Bsto":"270 23 Velk\u00E1 Bukov\u00E1 64","platnost_od":"2003-05-31"},{"typ":"Osoba","funkce":"1. m\u00EDstop\u0159edseda:","jm\u00E9no":"Ji\u0159\u00ED  \u0160t\u011Bp\u00E1nek","datum_narozen\u00ED":"1972-03-05","adresa_ulice":"Ciolkovsk\u00E9ho 853/1","adresa_m\u011Bsto":"161 00 Praha","platnost_od":"2003-05-31"}]},{"typ":["Digit\u00E1ln\u00ED objekt","Politick\u00E1 strana nebo hnut\u00ED"],"iri":"https://mv.gov.cz/api/boards/SPS/strana/228","url":"https://aplikace.mv.gov.cz/seznam-politickych-stran/Vypis_Rejstrik.aspx?id=228","n\u00E1zev":"STAROSTOV\u00C9 A NEZ\u00C1VISL\u00CD","zkratka":"STAN","adresa_s\u00EDdla":"118 00 Praha, Malostransk\u00E9 n\u00E1m\u011Bst\u00ED  266/5","den_registrace":"2004-08-19","\u010D\u00EDslo_registrace":"VS-5908/SDR/1-2004","identifika\u010Dn\u00ED_\u010D\u00EDslo":"26673908","statut\u00E1rn\u00ED_org\u00E1n":"P\u0159edsednictvo hnut\u00ED, a to samostatn\u011B p\u0159edsedou \u010Di 1. m\u00EDstop\u0159edsedou anebo spole\u010Dn\u011B dv\u011Bma m\u00EDstop\u0159edsedy.","posledn\u00ED_zm\u011Bna_stanov":"2025-06-04","pozn\u00E1mka":"","organiza\u010Dn\u00ED_jednotky":["krajsk\u00E1 organizace","m\u00EDstn\u00ED organizace","oblastn\u00ED organizace"],"osoby":[{"typ":"Osoba","funkce":"p\u0159edseda:","jm\u00E9no":"V\u00EDt Raku\u0161an","datum_narozen\u00ED":"1978-06-16","adresa_ulice":"Bachma\u010Dsk\u00E1 396","adresa_m\u011Bsto":"280 02 Kol\u00EDn","platnost_od":"2019-04-13"},{"typ":"Osoba","funkce":"1. m\u00EDstop\u0159edseda:","jm\u00E9no":"Luk\u00E1\u0161 Vl\u010Dek","datum_narozen\u00ED":"1982-02-27","adresa_ulice":"Na Blatech 916","adresa_m\u011Bsto":"395 01 Pacov","platnost_od":"2022-07-23"},{"typ":"Osoba","funkce":"m\u00EDstop\u0159edsedkyn\u011B:","jm\u00E9no":"Michaela \u0160ebelov\u00E1","datum_narozen\u00ED":"1982-06-16","adresa_ulice":"","adresa_m\u011Bsto":"739 13 Kun\u010Dice pod Ond\u0159ejn\u00EDkem 735","platnost_od":"2025-05-17"},{"typ":"Osoba","funkce":"m\u00EDstop\u0159edseda:","jm\u00E9no":"Jan  Farsk\u00FD","datum_narozen\u00ED":"1979-07-11","adresa_ulice":"Mikol\u00E1\u0161e Al\u0161e 617","adresa_m\u011Bsto":"513 01 Semily","platnost_od":"2025-05-17"},{"typ":"Osoba","funkce":"m\u00EDstop\u0159edseda:","jm\u00E9no":"Pavel \u010C\u00ED\u017Eek","datum_narozen\u00ED":"1964-04-20","adresa_ulice":"","adresa_m\u011Bsto":"335 61 Sp\u00E1len\u00E9 Po\u0159\u00ED\u010D\u00ED 6","platnost_od":"2025-05-17"},{"typ":"Osoba","funkce":"m\u00EDstop\u0159edseda:","jm\u00E9no":"Karel Dvo\u0159\u00E1k","datum_narozen\u00ED":"1986-07-01","adresa_ulice":"Barto\u0161kova 1411/20","adresa_m\u011Bsto":"140 00 Praha","platnost_od":"2025-05-17"},{"typ":"Osoba","funkce":"\u010Dlen p\u0159edsednictva:","jm\u00E9no":"Viktor Vojtko","datum_narozen\u00ED":"1978-09-01","adresa_ulice":"Ryb\u00E1\u0159sk\u00E1 2310/45","adresa_m\u011Bsto":"370 10 \u010Cesk\u00E9 Bud\u011Bjovice","platnost_od":"2022-07-23"},{"typ":"Osoba","funkce":"\u010Dlen p\u0159edsednictva:","jm\u00E9no":"Tom\u00E1\u0161 Dubsk\u00FD","datum_narozen\u00ED":"1973-07-21","adresa_ulice":"","adresa_m\u011Bsto":"539 01 Vyso\u010Dina, Mo\u017Ed\u011Bnice 32","platnost_od":"2025-05-17"},{"typ":"Osoba","funkce":"\u010Dlen p\u0159edsednictva:","jm\u00E9no":"Ond\u0159ej Lochman","datum_narozen\u00ED":"1980-10-30","adresa_ulice":"5. kv\u011Btna 46","adresa_m\u011Bsto":"295 01 Mnichovo Hradi\u0161t\u011B","platnost_od":"2025-05-17"},{"typ":"Osoba","funkce":"\u010Dlen p\u0159edsednictva:","jm\u00E9no":"Jan Papajanovsk\u00FD","datum_narozen\u00ED":"1994-11-07","adresa_ulice":"","adresa_m\u011Bsto":"405 02 \u010Cesk\u00E1 Kamenice, Hun\u00EDkov 235","platnost_od":"2025-05-17"},{"typ":"Osoba","funkce":"\u010Dlen p\u0159edsednictva:","jm\u00E9no":"Miroslav Balatka","datum_narozen\u00ED":"1970-07-13","adresa_ulice":"Brn\u011Bnsk\u00E1 1494","adresa_m\u011Bsto":"356 01 Sokolov","platnost_od":"2025-05-17"},{"typ":"Osoba","funkce":"\u010Dlen p\u0159edsednictva:","jm\u00E9no":"Martin Dvo\u0159\u00E1k","datum_narozen\u00ED":"1956-11-11","adresa_ulice":"Pu\u0161kinova 1138/5","adresa_m\u011Bsto":"500 02 Hradec Kr\u00E1lov\u00E9","platnost_od":"2025-05-17"},{"typ":"Osoba","funkce":"\u010Dlenka p\u0159edsednictva:","jm\u00E9no":"Petra Peckov\u00E1","datum_narozen\u00ED":"1975-10-12","adresa_ulice":"Z\u00E1meck\u00E1 21","adresa_m\u011Bsto":"251 64 Mnichovice","platnost_od":"2022-07-23"},{"typ":"Osoba","funkce":"\u010Dlenka p\u0159edsednictva:","jm\u00E9no":"Petra Korlaar","datum_narozen\u00ED":"1982-07-09","adresa_ulice":"Z\u00E1meck\u00E1 1808/4","adresa_m\u011Bsto":"692 01 Mikulov","platnost_od":"2025-05-17"},{"typ":"Osoba","funkce":"\u010Dlenka p\u0159edsednictva:","jm\u00E9no":"Hana Naiclerov\u00E1","datum_narozen\u00ED":"1972-06-19","adresa_ulice":"Borov\u00E1 362/10","adresa_m\u011Bsto":"796 01 Prost\u011Bjov","platnost_od":"2025-05-17"},{"typ":"Osoba","funkce":"\u010Dlenka p\u0159edsednictva:","jm\u00E9no":"Kate\u0159ina Arnotov\u00E1","datum_narozen\u00ED":"1973-12-19","adresa_ulice":"\u00DAslavsk\u00E1 589/4","adresa_m\u011Bsto":"196 00 Praha","platnost_od":"2025-05-17"}]},{"typ":["Digit\u00E1ln\u00ED objekt","Politick\u00E1 strana nebo hnut\u00ED"],"iri":"https://mv.gov.cz/api/boards/SPS/strana/229","url":"https://aplikace.mv.gov.cz/seznam-politickych-stran/Vypis_Rejstrik.aspx?id=229","n\u00E1zev":"Ob\u010Dansk\u00E1 spole\u010Densk\u00E1 aktivita","zkratka":"OSA","adresa_s\u00EDdla":"Praha , \u017Ditn\u00E1","den_registrace":"1990-04-05","\u010D\u00EDslo_registrace":"AVS/1-954/90","identifika\u010Dn\u00ED_\u010D\u00EDslo":"499650","statut\u00E1rn\u00ED_org\u00E1n":"V\u00FDkonn\u00E1 rada, za kterou jedn\u00E1 p\u0159edseda, m\u00EDstop\u0159edsedov\u00E9, tajemn\u00EDk, hospod\u00E1\u0159 nebo pov\u011B\u0159en\u00FD \u010Dlen VR OSA.","pozn\u00E1mka":"","organiza\u010Dn\u00ED_jednotky":[],"osoby":[]},{"typ":["Digit\u00E1ln\u00ED objekt","Politick\u00E1 strana nebo hnut\u00ED"],"iri":"https://mv.gov.cz/api/boards/SPS/strana/230","url":"https://aplikace.mv.gov.cz/seznam-politickych-stran/Vypis_Rejstrik.aspx?id=230","n\u00E1zev":"Organizace nez\u00E1visl\u00FDch Rumun\u016F","zkratka":"ONR","adresa_s\u00EDdla":"Ostrava","den_registrace":"1990-03-07","\u010D\u00EDslo_registrace":"AVS/1-626/90","identifika\u010Dn\u00ED_\u010D\u00EDslo":"490521","statut\u00E1rn\u00ED_org\u00E1n":"Rada koordina\u010Dn\u00EDho centra, za kterou jedn\u00E1 p\u0159edseda, tajemn\u00EDk a mluv\u010D\u00ED.","pozn\u00E1mka":"","organiza\u010Dn\u00ED_jednotky":[],"osoby":[]},{"typ":["Digit\u00E1ln\u00ED objekt","Politick\u00E1 strana nebo hnut\u00ED"],"iri":"https://mv.gov.cz/api/boards/SPS/strana/233","url":"https://aplikace.mv.gov.cz/seznam-politickych-stran/Vypis_Rejstrik.aspx?id=233","n\u00E1zev":"ALTERNATIVA","zkratka":"ALTERNATIVA","adresa_s\u00EDdla":"360 01 Karlovy Vary, Jir\u00E1skova 1375/11","den_registrace":"2008-04-02","\u010D\u00EDslo_registrace":"MV-27031-4/VS-2008","identifika\u010Dn\u00ED_\u010D\u00EDslo":"71339451","statut\u00E1rn\u00ED_org\u00E1n":"mana\u017Eer","posledn\u00ED_zm\u011Bna_stanov":"2012-05-18","pozn\u00E1mka":"","organiza\u010Dn\u00ED_jednotky":["krajsk\u00FD sn\u011Bm","z\u00E1kladn\u00ED sn\u011Bm"],"osoby":[{"typ":"Osoba","funkce":"mana\u017Eer:","jm\u00E9no":"Ing. Ji\u0159\u00ED  Kotek","datum_narozen\u00ED":"1957-10-12","adresa_ulice":"Vrchlick\u00E9ho 1375/2","adresa_m\u011Bsto":"360 01 Karlovy Vary","platnost_od":"2008-08-03"}]},{"typ":["Digit\u00E1ln\u00ED objekt","Politick\u00E1 strana nebo hnut\u00ED"],"iri":"https://mv.gov.cz/api/boards/SPS/strana/234","url":"https://aplikace.mv.gov.cz/seznam-politickych-stran/Vypis_Rejstrik.aspx?id=234","n\u00E1zev":"Starostov\u00E9 pro Libereck\u00FD kraj","zkratka":"SLK","adresa_s\u00EDdla":"463 34 Hr\u00E1dek nad Nisou, Turistick\u00E1 197","den_registrace":"2008-04-10","\u010D\u00EDslo_registrace":"MV-26612-4/VS-2008","identifika\u010Dn\u00ED_\u010D\u00EDslo":"71339485","statut\u00E1rn\u00ED_org\u00E1n":"P\u0159edstavenstvo hnut\u00ED, za kter\u00E9 jednaj\u00ED  spole\u010Dn\u011B  dva  \u010Dlenov\u00E9,  z nich\u017E jeden je p\u0159edsedou a druh\u00FD \u010Dlenem p\u0159edstavenstva anebo spole\u010Dn\u011B t\u0159i \u010Dlenov\u00E9 p\u0159edstavenstva, z nich\u017E jeden je m\u00EDstop\u0159edsedou hnut\u00ED a dal\u0161\u00ED dva jsou \u010Dleny p\u0159edstavenstva hnut\u00ED.","posledn\u00ED_zm\u011Bna_stanov":"2020-06-12","pozn\u00E1mka":"","organiza\u010Dn\u00ED_jednotky":["m\u00EDstn\u00ED kluby"],"osoby":[{"typ":"Osoba","funkce":"p\u0159edseda:","jm\u00E9no":"Martin  P\u016Fta","datum_narozen\u00ED":"1971-09-13","adresa_ulice":"Turistick\u00E1 197","adresa_m\u011Bsto":"463 34 Hr\u00E1dek nad Nisou","platnost_od":"2017-11-07"},{"typ":"Osoba","funkce":"1. m\u00EDstop\u0159edseda:","jm\u00E9no":"Ing. Jan  Svit\u00E1k","datum_narozen\u00ED":"1974-08-20","adresa_ulice":"","adresa_m\u011Bsto":"471 15 Prysk 101","platnost_od":"2024-11-23"},{"typ":"Osoba","funkce":"m\u00EDstop\u0159edsedkyn\u011B:","jm\u00E9no":"Ing. Kv\u011Bta Vinkl\u00E1tov\u00E1","datum_narozen\u00ED":"1965-09-13","adresa_ulice":"Hrdin\u016F 113/21","adresa_m\u011Bsto":"460 01 Liberec","platnost_od":"2025-06-02"},{"typ":"Osoba","funkce":"m\u00EDstop\u0159edseda:","jm\u00E9no":"Mgr. Daniel David","datum_narozen\u00ED":"1971-09-15","adresa_ulice":"","adresa_m\u011Bsto":"468 11 Janov nad Nisou 461","platnost_od":"2014-03-20"},{"typ":"Osoba","funkce":"m\u00EDstop\u0159edseda:","jm\u00E9no":"Ing. Radek L\u00EDpa","datum_narozen\u00ED":"1979-12-08","adresa_ulice":"","adresa_m\u011Bsto":"470 02 Z\u00E1kupy 44","platnost_od":"2014-03-20"},{"typ":"Osoba","funkce":"m\u00EDstop\u0159edseda:","jm\u00E9no":"Mgr. Ji\u0159\u00ED Ulvr","datum_narozen\u00ED":"1972-05-05","adresa_ulice":"","adresa_m\u011Bsto":"512 33 Studenec 399","platnost_od":"2018-02-14"},{"typ":"Osoba","funkce":"m\u00EDstop\u0159edseda:","jm\u00E9no":"Ji\u0159\u00ED \u010Cern\u00FD","datum_narozen\u00ED":"1984-05-07","adresa_ulice":"","adresa_m\u011Bsto":"468 47 Zlat\u00E1 Ole\u0161nice 188","platnost_od":"2018-02-14"},{"typ":"Osoba","funkce":"m\u00EDstop\u0159edseda:","jm\u00E9no":"Ing. Michael  Canov","datum_narozen\u00ED":"1960-12-10","adresa_ulice":"St\u0159eleck\u00FD vrch 666","adresa_m\u011Bsto":"463 31 Chrastava","platnost_od":"2024-11-23"},{"typ":"Osoba","funkce":"m\u00EDstop\u0159edseda:","jm\u00E9no":"Ing. Tom\u00E1\u0161 Hocke","datum_narozen\u00ED":"1975-07-23","adresa_ulice":"Josefa \u0160tr\u00E9gla 2164","adresa_m\u011Bsto":"511 01 Turnov","platnost_od":"2024-11-23"}]},{"typ":["Digit\u00E1ln\u00ED objekt","Politick\u00E1 strana nebo hnut\u00ED"],"iri":"https://mv.gov.cz/api/boards/SPS/strana/235","url":"https://aplikace.mv.gov.cz/seznam-politickych-stran/Vypis_Rejstrik.aspx?id=235","n\u00E1zev":"Severo\u010De\u0161i.cz","zkratka":"S.cz","adresa_s\u00EDdla":"400 01 \u00DAst\u00ED nad Labem, Pa\u0159\u00ED\u017Esk\u00E1 538/19","den_registrace":"2008-04-14","\u010D\u00EDslo_registrace":"MV-30869/VS-2008","identifika\u010Dn\u00ED_\u010D\u00EDslo":"71339493","statut\u00E1rn\u00ED_org\u00E1n":"P\u0159edsednictvo, jeho\u017E jm\u00E9nem jedn\u00E1 a podepisuje p\u0159edseda nebo prvn\u00ED m\u00EDstop\u0159edseda nebo jin\u00FD pov\u011B\u0159en\u00FD \u010Dlen P\u0159edsednictva hnut\u00ED.","posledn\u00ED_zm\u011Bna_stanov":"2018-04-05","pozn\u00E1mka":"- k historii hnut\u00ED: Dle v\u00FDroku I. rozsudku Okresn\u00EDho soudu v Most\u011B ze dne 3.9.2015, \u010D.j. 15 C 261/2014-150, kter\u00FD nabyl pr\u00E1vn\u00ED moci dne 10.8.2016 bylo ur\u010Deno, \u017Ee usnesen\u00ED p\u0159ijat\u00E1 na valn\u00E9 hromad\u011B konan\u00E9 dne 10.2.2014 t\u00FDkaj\u00EDc\u00ED se statut\u00E1rn\u00EDho org\u00E1nu politick\u00E9ho hnut\u00ED Severo\u010De\u0161i.cz a zm\u011Bny stanov, v\u010Detn\u011B zm\u011Bny s\u00EDdla, jsou v rozporu se stanovami hnut\u00ED a z\u00E1konem \u010D. 424/1991 Sb. Na z\u00E1klad\u011B uveden\u00E9 skute\u010Dnosti je zm\u011Bna stanov registrovan\u00E1 Ministerstvem vnitra ze dne 18.2.2014 pr\u00E1vn\u011B ne\u00FA\u010Dinn\u00E1. Pokud jde o \u00FAdaje t\u00FDkaj\u00EDc\u00ED se statut\u00E1rn\u00EDho org\u00E1nu hnut\u00ED, je rozhodnut\u00ED Okresn\u00EDho soudu v Most\u011B zohledn\u011Bno v jejich historii s v\u00FDjimkou Ing. Ji\u0159\u00EDho Zelenky, v jeho\u017E p\u0159\u00EDpad\u011B rozhodnut\u00ED Okresn\u00EDho soudu v Most\u011B ze dne 6.10.2016 zat\u00EDm nenabylo pr\u00E1vn\u00ED moci. V mezidob\u00ED v\u0161ak jmenovan\u00FD ukon\u010Dil v\u00FDkon funkce prvn\u00EDho m\u00EDstop\u0159edsedy na z\u00E1klad\u011B rozhodnut\u00ED valn\u00E9 hromady konan\u00E9 dne 24.10.2016, a n\u00E1sledn\u011B ukon\u010Dil t\u00E9\u017E v\u00FDkon funkce \u010Dlena p\u0159edsednictva.","organiza\u010Dn\u00ED_jednotky":["okresn\u00ED organizace","z\u00E1kladn\u00ED organizace"],"osoby":[{"typ":"Osoba","funkce":"p\u0159edseda:","jm\u00E9no":"Ing. Bronislav Schwarz","datum_narozen\u00ED":"1966-10-07","adresa_ulice":"Spojeneck\u00FDch letc\u016F 916","adresa_m\u011Bsto":"435 11 Lom","platnost_od":"2016-10-24"},{"typ":"Osoba","funkce":"prvn\u00ED m\u00EDstop\u0159edseda:","jm\u00E9no":"Ing. Lubo\u0161 Pit\u00EDn","datum_narozen\u00ED":"1964-07-23","adresa_ulice":"Jana K\u0159\u00ED\u017Ee 910/8","adresa_m\u011Bsto":"434 01 Most","platnost_od":"2017-10-30"},{"typ":"Osoba","funkce":"m\u00EDstop\u0159edseda:","jm\u00E9no":"Ing. Petr P\u00EDpal","datum_narozen\u00ED":"1959-03-06","adresa_ulice":"K Emance 300","adresa_m\u011Bsto":"417 03 Dub\u00ED","platnost_od":"2016-10-24"},{"typ":"Osoba","funkce":"m\u00EDstop\u0159edseda:","jm\u00E9no":"Lukas W\u00FCnsch","datum_narozen\u00ED":"1974-05-11","adresa_ulice":"Ka\u0161tanov\u00E1 587","adresa_m\u011Bsto":"412 01 Litom\u011B\u0159ice","platnost_od":"2016-10-24"},{"typ":"Osoba","funkce":"\u010Dlen:","jm\u00E9no":"Jaroslav Doubrava","datum_narozen\u00ED":"1948-04-04","adresa_ulice":"","adresa_m\u011Bsto":"403 38 Telnice 178","platnost_od":"2017-10-30"},{"typ":"Osoba","funkce":"\u010Dlen:","jm\u00E9no":"Radek Slav\u00EDk","datum_narozen\u00ED":"1972-08-03","adresa_ulice":"Na v\u00FDslun\u00ED 438/23","adresa_m\u011Bsto":"408 01 Rumburk","platnost_od":"2019-03-18"}]},{"typ":["Digit\u00E1ln\u00ED objekt","Politick\u00E1 strana nebo hnut\u00ED"],"iri":"https://mv.gov.cz/api/boards/SPS/strana/236","url":"https://aplikace.mv.gov.cz/seznam-politickych-stran/Vypis_Rejstrik.aspx?id=236","n\u00E1zev":"Sdru\u017Een\u00ED pro republiku - Republik\u00E1nsk\u00E1 strana \u010Ceskoslovenska","zkratka":"SPR-RS\u010C","adresa_s\u00EDdla":"293 06 Kosmonosy, Boleslavsk\u00E1 294/52","den_registrace":"1990-02-26","\u010D\u00EDslo_registrace":"AVS/1-301/90","identifika\u010Dn\u00ED_\u010D\u00EDslo":"536687","statut\u00E1rn\u00ED_org\u00E1n":"P\u0159edseda.","posledn\u00ED_zm\u011Bna_stanov":"2008-06-20","pozn\u00E1mka":"","organiza\u010Dn\u00ED_jednotky":["krajsk\u00E9 organizace","m\u00EDstn\u00ED organizace"],"osoby":[{"typ":"Osoba","funkce":"p\u0159edseda:","jm\u00E9no":"PhDr. Miroslav Sl\u00E1dek","datum_narozen\u00ED":"1950-10-24","adresa_ulice":"\u0160afa\u0159\u00EDkova 221/6","adresa_m\u011Bsto":"612 00 Brno","platnost_od":"2008-05-17"}]},{"typ":["Digit\u00E1ln\u00ED objekt","Politick\u00E1 strana nebo hnut\u00ED"],"iri":"https://mv.gov.cz/api/boards/SPS/strana/238","url":"https://aplikace.mv.gov.cz/seznam-politickych-stran/Vypis_Rejstrik.aspx?id=238","n\u00E1zev":"Chci svou \u0161anci","zkratka":"CISN","adresa_s\u00EDdla":"118 00 Praha, Poho\u0159elec 110/26","den_registrace":"2005-05-05","\u010D\u00EDslo_registrace":"VS-2828/SDR/1-2005","identifika\u010Dn\u00ED_\u010D\u00EDslo":"27000206","statut\u00E1rn\u00ED_org\u00E1n":"V\u00FDkonn\u00E1 rada, za kterou jedn\u00E1 p\u0159edseda.","pozn\u00E1mka":"","organiza\u010Dn\u00ED_jednotky":["krajsk\u00E1 organizace"],"osoby":[]},{"typ":["Digit\u00E1ln\u00ED objekt","Politick\u00E1 strana nebo hnut\u00ED"],"iri":"https://mv.gov.cz/api/boards/SPS/strana/239","url":"https://aplikace.mv.gov.cz/seznam-politickych-stran/Vypis_Rejstrik.aspx?id=239","n\u00E1zev":"Prav\u00E1 alternativa","zkratka":"PA","adresa_s\u00EDdla":"250 87 Mochov, 5. kv\u011Btna 67","den_registrace":"1990-09-14","\u010D\u00EDslo_registrace":"VSP/1-2197/90","identifika\u010Dn\u00ED_\u010D\u00EDslo":"70954411","statut\u00E1rn\u00ED_org\u00E1n":"P\u0159edsednictvo, za kter\u00E9 jedn\u00E1 p\u0159edseda a tajemn\u00EDk.","posledn\u00ED_zm\u011Bna_stanov":"2002-03-15","pozn\u00E1mka":"","organiza\u010Dn\u00ED_jednotky":[],"osoby":[{"typ":"Osoba","funkce":"p\u0159edseda:","jm\u00E9no":"David  Kocour","datum_narozen\u00ED":"1974-04-06","adresa_ulice":"","adresa_m\u011Bsto":"539 42 Svratouch 97","platnost_od":"2001-03-03"},{"typ":"Osoba","funkce":"m\u00EDstop\u0159edseda:","jm\u00E9no":"Alena Muckov\u00E1","datum_narozen\u00ED":"1956-03-17","adresa_ulice":"M. Chlajna 1279/3","adresa_m\u011Bsto":"370 05 \u010Cesk\u00E9 Bud\u011Bjovice","platnost_od":"2000-08-05"},{"typ":"Osoba","funkce":"tajemn\u00EDk:","jm\u00E9no":"Lud\u011Bk Hlinka","datum_narozen\u00ED":"1976-12-03","adresa_ulice":"Majakovsk\u00E9ho 697/25","adresa_m\u011Bsto":"360 05 Karlovy Vary","platnost_od":"2001-03-03"}]},{"typ":["Digit\u00E1ln\u00ED objekt","Politick\u00E1 strana nebo hnut\u00ED"],"iri":"https://mv.gov.cz/api/boards/SPS/strana/241","url":"https://aplikace.mv.gov.cz/seznam-politickych-stran/Vypis_Rejstrik.aspx?id=241","n\u00E1zev":"Strana drobn\u00FDch \u017Eivnostn\u00EDk\u016F a podnikatel\u016F","zkratka":"SD\u017DP","adresa_s\u00EDdla":"569 07 Radim\u011B\u0159 424","den_registrace":"2004-08-17","\u010D\u00EDslo_registrace":"VS-5747/SDR/-2004","identifika\u010Dn\u00ED_\u010D\u00EDslo":"26673339","statut\u00E1rn\u00ED_org\u00E1n":"P\u0159edseda.","posledn\u00ED_zm\u011Bna_stanov":"2007-01-26","pozn\u00E1mka":"","organiza\u010Dn\u00ED_jednotky":["m\u00EDstn\u00ED organizace"],"osoby":[{"typ":"Osoba","funkce":"p\u0159edseda:","jm\u00E9no":"Miloslav Kopeck\u00FD","datum_narozen\u00ED":"1948-03-13","adresa_ulice":"","adresa_m\u011Bsto":"569 07 Radim\u011B\u0159 424","platnost_od":"2004-10-22"}]},{"typ":["Digit\u00E1ln\u00ED objekt","Politick\u00E1 strana nebo hnut\u00ED"],"iri":"https://mv.gov.cz/api/boards/SPS/strana/242","url":"https://aplikace.mv.gov.cz/seznam-politickych-stran/Vypis_Rejstrik.aspx?id=242","n\u00E1zev":"\u010Cesk\u00E1 strana n\u00E1rodn\u011B soci\u00E1ln\u00ED","zkratka":"\u010CSNS","adresa_s\u00EDdla":"120 00 Praha, Legerova 1854/22","den_registrace":"1992-03-25","\u010D\u00EDslo_registrace":"VSC/1-754/92","identifika\u010Dn\u00ED_\u010D\u00EDslo":"442721","statut\u00E1rn\u00ED_org\u00E1n":"P\u0159edseda.","posledn\u00ED_zm\u011Bna_stanov":"2024-05-20","pozn\u00E1mka":"Krajsk\u00FD soud v Praze rozsudkem ze dne 11. 6. 2021, \u010D. j. 38 C 56/2019-190 zru\u0161il 37. Mimo\u0159\u00E1dn\u00FD sjezd \u010Cesk\u00E9 strany n\u00E1rodn\u011B soci\u00E1ln\u00ED dne 15. 6. 2019, zru\u0161il volbu p\u0159edsedy Vladislava Svobody na tomto sjezdu a dal\u0161\u00ED pr\u00E1vn\u00ED jedn\u00E1n\u00ED t\u00EDmto neplatn\u011B zvolen\u00FDm p\u0159edsedou. Rozsudek Krajsk\u00E9ho soudu v Praze nabyl pr\u00E1vn\u00ED moci dne  28. 7. 2021.","organiza\u010Dn\u00ED_jednotky":["krajsk\u00E1 organizace","m\u00EDstn\u00ED organizace"],"osoby":[{"typ":"Osoba","funkce":"p\u0159edseda:","jm\u00E9no":"Ing. Michal Klus\u00E1\u010Dek","datum_narozen\u00ED":"1979-10-23","adresa_ulice":"Lesn\u00ED 2","adresa_m\u011Bsto":"471 52 Sloup v \u010Cech\u00E1ch","platnost_od":"2012-11-03"}]},{"typ":["Digit\u00E1ln\u00ED objekt","Politick\u00E1 strana nebo hnut\u00ED"],"iri":"https://mv.gov.cz/api/boards/SPS/strana/244","url":"https://aplikace.mv.gov.cz/seznam-politickych-stran/Vypis_Rejstrik.aspx?id=244","n\u00E1zev":"Humanistick\u00E1 strana","zkratka":"HS","adresa_s\u00EDdla":"128 00 Praha , Na slupi 5","den_registrace":"1996-09-12","\u010D\u00EDslo_registrace":"II/s-OS/1-3747/96","identifika\u010Dn\u00ED_\u010D\u00EDslo":"65990391","statut\u00E1rn\u00ED_org\u00E1n":"P\u0159edseda a dva m\u00EDstop\u0159edsedov\u00E9, a to v\u017Edy dva z jmenovan\u00FDch spole\u010Dn\u011B.","posledn\u00ED_zm\u011Bna_stanov":"2005-06-06","pozn\u00E1mka":"","organiza\u010Dn\u00ED_jednotky":[],"osoby":[{"typ":"Osoba","funkce":"p\u0159edseda:","jm\u00E9no":"Ing. Jan Tam\u00E1\u0161","datum_narozen\u00ED":"1976-06-09","adresa_ulice":"Va\u010Dk\u00E1\u0159ova 278","adresa_m\u011Bsto":"251 01 Dob\u0159ejovice","platnost_od":"2005-06-06"},{"typ":"Osoba","funkce":"m\u00EDstop\u0159edseda:","jm\u00E9no":"Jan Bedn\u00E1\u0159","datum_narozen\u00ED":"1979-01-06","adresa_ulice":"U D\u011Bkanky 1648/12","adresa_m\u011Bsto":"140 00 Praha","platnost_od":"2005-06-06"},{"typ":"Osoba","funkce":"m\u00EDstop\u0159edseda:","jm\u00E9no":"Hynek Opoleck\u00FD","datum_narozen\u00ED":"1985-10-06","adresa_ulice":"Seifertova 455/17","adresa_m\u011Bsto":"130 00 Praha","platnost_od":"2018-11-02"}]},{"typ":["Digit\u00E1ln\u00ED objekt","Politick\u00E1 strana nebo hnut\u00ED"],"iri":"https://mv.gov.cz/api/boards/SPS/strana/245","url":"https://aplikace.mv.gov.cz/seznam-politickych-stran/Vypis_Rejstrik.aspx?id=245","n\u00E1zev":"NEZ\u00C1VISL\u00C1 VOLBA","zkratka":"NV","adresa_s\u00EDdla":"772 00 Olomouc, Z\u00E1me\u010Dnick\u00E1 497/3A","den_registrace":"2004-07-02","\u010D\u00EDslo_registrace":"VS-4582/SDR/1-2004","identifika\u010Dn\u00ED_\u010D\u00EDslo":"26668980","statut\u00E1rn\u00ED_org\u00E1n":"P\u0159edseda strany a m\u00EDstop\u0159edseda pro \u0159\u00EDzen\u00ED, kte\u0159\u00ED jednaj\u00ED samostatn\u011B.","pozn\u00E1mka":"","organiza\u010Dn\u00ED_jednotky":["krajsk\u00E1 organizace","z\u00E1kladn\u00ED organizace"],"osoby":[{"typ":"Osoba","funkce":"p\u0159edseda:","jm\u00E9no":"Ing. Ji\u0159\u00ED Rudolf","datum_narozen\u00ED":"1972-03-04","adresa_ulice":"Husitsk\u00E1 372/20","adresa_m\u011Bsto":"779 00 Olomouc","platnost_od":"2024-05-15"},{"typ":"Osoba","funkce":"m\u00EDstop\u0159edseda pro \u0159\u00EDzen\u00ED:","jm\u00E9no":"Dita Pala\u0161\u010D\u00E1kov\u00E1","datum_narozen\u00ED":"1980-04-24","adresa_ulice":"Rokycanova 781/13","adresa_m\u011Bsto":"772 00 Olomouc","platnost_od":"2004-04-18"}]},{"typ":["Digit\u00E1ln\u00ED objekt","Politick\u00E1 strana nebo hnut\u00ED"],"iri":"https://mv.gov.cz/api/boards/SPS/strana/248","url":"https://aplikace.mv.gov.cz/seznam-politickych-stran/Vypis_Rejstrik.aspx?id=248","n\u00E1zev":"Strana podnikatel\u016F a \u017Eivnostn\u00EDk\u016F","zkratka":"\u201ESP\u017D\u0022","adresa_s\u00EDdla":"120 00 Praha, Jarom\u00EDrova 663/42","den_registrace":"2008-07-10","\u010D\u00EDslo_registrace":"MV-11513-5/VS-2008","identifika\u010Dn\u00ED_\u010D\u00EDslo":"71339507","statut\u00E1rn\u00ED_org\u00E1n":"P\u0159edseda.","pozn\u00E1mka":"","organiza\u010Dn\u00ED_jednotky":["m\u00EDstn\u00ED organizace"],"osoby":[{"typ":"Osoba","funkce":"p\u0159edseda:","jm\u00E9no":"Jaroslav Samek","datum_narozen\u00ED":"1935-05-31","adresa_ulice":"Jarom\u00EDrova 663/42","adresa_m\u011Bsto":"128 00 Praha","platnost_od":"2008-10-04"}]},{"typ":["Digit\u00E1ln\u00ED objekt","Politick\u00E1 strana nebo hnut\u00ED"],"iri":"https://mv.gov.cz/api/boards/SPS/strana/249","url":"https://aplikace.mv.gov.cz/seznam-politickych-stran/Vypis_Rejstrik.aspx?id=249","n\u00E1zev":"Demokratick\u00E1 strana \u010Ceskoslovenska","zkratka":"DS\u010C","adresa_s\u00EDdla":"101 00 Praha, Ko\u0161ick\u00E1 70/10","den_registrace":"1990-03-21","\u010D\u00EDslo_registrace":"AVS/-792/90","identifika\u010Dn\u00ED_\u010D\u00EDslo":"48548278","statut\u00E1rn\u00ED_org\u00E1n":"V\u00FDkonn\u00FD v\u00FDbor, za kter\u00FD jedn\u00E1 p\u0159edseda, m\u00EDstop\u0159edseda a sekret\u00E1\u0159.","posledn\u00ED_zm\u011Bna_stanov":"1997-01-07","pozn\u00E1mka":"","organiza\u010Dn\u00ED_jednotky":[],"osoby":[{"typ":"Osoba","funkce":"sekret\u00E1\u0159:","jm\u00E9no":"Josef Tu\u010Dek","adresa_ulice":"/","adresa_m\u011Bsto":"/","platnost_od":"1996-12-19"}]},{"typ":["Digit\u00E1ln\u00ED objekt","Politick\u00E1 strana nebo hnut\u00ED"],"iri":"https://mv.gov.cz/api/boards/SPS/strana/250","url":"https://aplikace.mv.gov.cz/seznam-politickych-stran/Vypis_Rejstrik.aspx?id=250","n\u00E1zev":"\u201EJirkov 21. stolet\u00ED\u0022","zkratka":"J 21 S","adresa_s\u00EDdla":"431 11 Jirkov, Kru\u0161nohorsk\u00E1 1661","den_registrace":"2002-07-26","\u010D\u00EDslo_registrace":"VS-4142/SDR/1-2001","identifika\u010Dn\u00ED_\u010D\u00EDslo":"26600218","statut\u00E1rn\u00ED_org\u00E1n":"V\u00FDbor, za kter\u00FD jedn\u00E1 p\u0159edseda nebo pov\u011B\u0159en\u00FD \u010Dlen v\u00FDboru.","posledn\u00ED_zm\u011Bna_stanov":"2011-05-19","pozn\u00E1mka":"","organiza\u010Dn\u00ED_jednotky":[],"osoby":[{"typ":"Osoba","funkce":"p\u0159edseda:","jm\u00E9no":"","adresa_ulice":"","adresa_m\u011Bsto":"","platnost_od":"2019-02-27"},{"typ":"Osoba","funkce":"m\u00EDstop\u0159edsedkyn\u011B:","jm\u00E9no":"Renata Fotrov\u00E1","datum_narozen\u00ED":"1967-12-29","adresa_ulice":"Nerudova 1001","adresa_m\u011Bsto":"431 11 Jirkov","platnost_od":"2015-12-15"},{"typ":"Osoba","funkce":"\u010Dlen:","jm\u00E9no":"MVDr. Pavel Klier","datum_narozen\u00ED":"1968-05-29","adresa_ulice":"Horova 640","adresa_m\u011Bsto":"431 11 Jirkov","platnost_od":"2013-11-14"},{"typ":"Osoba","funkce":"\u010Dlen:","jm\u00E9no":"Ji\u0159\u00ED  Sad\u00EDlek","datum_narozen\u00ED":"1961-03-27","adresa_ulice":"Panorama 357","adresa_m\u011Bsto":"431 11 Jirkov","platnost_od":"2013-11-14"},{"typ":"Osoba","funkce":"\u010Dlenka:","jm\u00E9no":"Ing. Miroslava Neubertov\u00E1","datum_narozen\u00ED":"1986-08-31","adresa_ulice":"K. Marxe 1683","adresa_m\u011Bsto":"431 11 Jirkov","platnost_od":"2015-12-15"}]},{"typ":["Digit\u00E1ln\u00ED objekt","Politick\u00E1 strana nebo hnut\u00ED"],"iri":"https://mv.gov.cz/api/boards/SPS/strana/252","url":"https://aplikace.mv.gov.cz/seznam-politickych-stran/Vypis_Rejstrik.aspx?id=252","n\u00E1zev":"D\u011Blnick\u00E1 strana soci\u00E1ln\u00ED spravedlnosti","zkratka":"DSSS","adresa_s\u00EDdla":"161 00 Praha, Ciolkovsk\u00E9ho 853/1","den_registrace":"2004-01-29","\u010D\u00EDslo_registrace":"VS-706/SDR/1-2004","identifika\u010Dn\u00ED_\u010D\u00EDslo":"26650797","statut\u00E1rn\u00ED_org\u00E1n":"P\u0159edseda a v\u00FDkonn\u00FD m\u00EDstop\u0159edseda, kte\u0159\u00ED jednaj\u00ED spole\u010Dn\u011B.","posledn\u00ED_zm\u011Bna_stanov":"2018-02-07","pozn\u00E1mka":"","organiza\u010Dn\u00ED_jednotky":["krajsk\u00E9 organizace","m\u00EDstn\u00ED organizace"],"osoby":[{"typ":"Osoba","funkce":"p\u0159edseda:","jm\u00E9no":"Tom\u00E1\u0161 Vandas","datum_narozen\u00ED":"1969-03-03","adresa_ulice":"Teplick\u00E1 598","adresa_m\u011Bsto":"418 01 B\u00EDlina","platnost_od":"2010-11-20"},{"typ":"Osoba","funkce":"v\u00FDkonn\u00FD m\u00EDstop\u0159edseda:","jm\u00E9no":"Ji\u0159\u00ED \u0160t\u011Bp\u00E1nek","datum_narozen\u00ED":"1972-03-05","adresa_ulice":"Na Celchu 395/29","adresa_m\u011Bsto":"326 00 Plze\u0148","platnost_od":"2010-11-20"}]},{"typ":["Digit\u00E1ln\u00ED objekt","Politick\u00E1 strana nebo hnut\u00ED"],"iri":"https://mv.gov.cz/api/boards/SPS/strana/254","url":"https://aplikace.mv.gov.cz/seznam-politickych-stran/Vypis_Rejstrik.aspx?id=254","n\u00E1zev":"Nez\u00E1visl\u00ED starostov\u00E9","zkratka":"NEST","adresa_s\u00EDdla":"664 51 \u0160lapanice, Dlouh\u00E1 560/22","den_registrace":"2008-07-18","\u010D\u00EDslo_registrace":"MV-59411-3/VS-2008","identifika\u010Dn\u00ED_\u010D\u00EDslo":"71339515","statut\u00E1rn\u00ED_org\u00E1n":"Hlavn\u00ED v\u00FDbor, jeho jm\u00E9nem jedn\u00E1 a podepisuje p\u0159edseda.","pozn\u00E1mka":"","organiza\u010Dn\u00ED_jednotky":[],"osoby":[{"typ":"Osoba","funkce":"p\u0159edseda:","jm\u00E9no":"Ing. Jan St\u0159echovsk\u00FD","datum_narozen\u00ED":"1963-04-18","adresa_ulice":"Dlouh\u00E1 560/22","adresa_m\u011Bsto":"664 51 \u0160lapanice","platnost_od":"2008-07-28"},{"typ":"Osoba","funkce":"\u010Dlen:","jm\u00E9no":"Ing. Andrea  Hudl\u00EDkov\u00E1","datum_narozen\u00ED":"1980-06-05","adresa_ulice":"Kyjevsk\u00E1 290/1","adresa_m\u011Bsto":"625 00 Brno","platnost_od":"2008-07-28"},{"typ":"Osoba","funkce":"\u010Dlen:","jm\u00E9no":"Mgr. Lubom\u00EDr Kone\u010Dn\u00FD","datum_narozen\u00ED":"1954-06-21","adresa_ulice":"Brn\u011Bnsk\u00E1 1418/88","adresa_m\u011Bsto":"664 51 \u0160lapanice","platnost_od":"2008-07-28"}]},{"typ":["Digit\u00E1ln\u00ED objekt","Politick\u00E1 strana nebo hnut\u00ED"],"iri":"https://mv.gov.cz/api/boards/SPS/strana/257","url":"https://aplikace.mv.gov.cz/seznam-politickych-stran/Vypis_Rejstrik.aspx?id=257","n\u00E1zev":"\u0022Evrop\u0161t\u00ED demokrat\u00E9 za pr\u00E1vo, mor\u00E1lku a spravedlnost\u0022","zkratka":"ED-MS","adresa_s\u00EDdla":"620 00 Brno, V aleji 263/105","den_registrace":"2008-07-24","\u010D\u00EDslo_registrace":"MV-59412-4/VS-2008","identifika\u010Dn\u00ED_\u010D\u00EDslo":"71339523","statut\u00E1rn\u00ED_org\u00E1n":"Rada, jm\u00E9nem kter\u00E9 jedn\u00E1 a podepisuje p\u0159edseda.","pozn\u00E1mka":"","organiza\u010Dn\u00ED_jednotky":["krajsk\u00E1 rada"],"osoby":[{"typ":"Osoba","funkce":"p\u0159edseda:","jm\u00E9no":"JUDr. Anna Haisov\u00E1","datum_narozen\u00ED":"1955-04-10","adresa_ulice":"Jo\u0161tova 598/3","adresa_m\u011Bsto":"602 00 Brno","platnost_od":"2008-07-29"},{"typ":"Osoba","funkce":"\u010Dlen:","jm\u00E9no":"And\u011Bla  Plevov\u00E1","datum_narozen\u00ED":"1949-03-13","adresa_ulice":"V Aleji 105","adresa_m\u011Bsto":"620 00 Brno","platnost_od":"2008-07-29"},{"typ":"Osoba","funkce":"\u010Dlen:","jm\u00E9no":"Ing. arch. Franti\u0161ek Kabelka","datum_narozen\u00ED":"1958-07-28","adresa_ulice":"Kohoutovick\u00E1 432/89","adresa_m\u011Bsto":"641 00 Brno","platnost_od":"2008-07-29"},{"typ":"Osoba","funkce":"\u010Dlen:","jm\u00E9no":"Emil \u0160ibor","datum_narozen\u00ED":"1964-07-30","adresa_ulice":"ppor. Rozpr\u00FDmova  967","adresa_m\u011Bsto":"664 53 \u00DAjezd u Brna","platnost_od":"2008-07-29"}]},{"typ":["Digit\u00E1ln\u00ED objekt","Politick\u00E1 strana nebo hnut\u00ED"],"iri":"https://mv.gov.cz/api/boards/SPS/strana/258","url":"https://aplikace.mv.gov.cz/seznam-politickych-stran/Vypis_Rejstrik.aspx?id=258","n\u00E1zev":"Liber\u00E1ln\u011B demokratick\u00E1 strana","zkratka":"LDS","adresa_s\u00EDdla":"Praha","den_registrace":"1990-01-31","\u010D\u00EDslo_registrace":"AVS/1-208/90","identifika\u010Dn\u00ED_\u010D\u00EDslo":"409251","statut\u00E1rn\u00ED_org\u00E1n":"P\u0159edsednictvo, jm\u00E9nem p\u0159edsednictva jedn\u00E1 ka\u017Ed\u00FD jeho \u010Dlen.","posledn\u00ED_zm\u011Bna_stanov":"1992-02-26","pozn\u00E1mka":"","organiza\u010Dn\u00ED_jednotky":[],"osoby":[]},{"typ":["Digit\u00E1ln\u00ED objekt","Politick\u00E1 strana nebo hnut\u00ED"],"iri":"https://mv.gov.cz/api/boards/SPS/strana/259","url":"https://aplikace.mv.gov.cz/seznam-politickych-stran/Vypis_Rejstrik.aspx?id=259","n\u00E1zev":"Hnut\u00ED za lep\u0161\u00ED bydlen\u00ED","zkratka":"HZLB","adresa_s\u00EDdla":"738 01 Fr\u00FDdek-M\u00EDstek, Dru\u017Estevn\u00ED 844","den_registrace":"2006-07-21","\u010D\u00EDslo_registrace":"VS-4418/SDR/1-2006","identifika\u010Dn\u00ED_\u010D\u00EDslo":"27038211","statut\u00E1rn\u00ED_org\u00E1n":"P\u0159edstavenstvo, za kter\u00E9 jednaj\u00ED spole\u010Dn\u011B v\u017Edy dva jeho \u010Dlenov\u00E9, z nich\u017E jeden je p\u0159edsedou nebo m\u00EDstop\u0159edsedou.","pozn\u00E1mka":"","organiza\u010Dn\u00ED_jednotky":["m\u00EDstn\u00ED organizace"],"osoby":[{"typ":"Osoba","funkce":"p\u0159edseda p\u0159edstavenstva:","jm\u00E9no":"Ing. Jozef  Troj\u00E1k","datum_narozen\u00ED":"1945-06-15","adresa_ulice":"Osvobozen\u00ED 824","adresa_m\u011Bsto":"735 14 Orlov\u00E1","platnost_od":"2007-06-06"},{"typ":"Osoba","funkce":"prvn\u00ED m\u00EDstop\u0159edseda:","jm\u00E9no":"Ing. Miroslav Gryc, CSc.","datum_narozen\u00ED":"1945-08-14","adresa_ulice":"Kopern\u00EDkova 1583/7","adresa_m\u011Bsto":"737 01 \u010Cesk\u00FD T\u011B\u0161\u00EDn","platnost_od":"2006-08-01"},{"typ":"Osoba","funkce":"druh\u00FD m\u00EDstop\u0159edseda:","jm\u00E9no":"Marie Greplov\u00E1","datum_narozen\u00ED":"1958-05-08","adresa_ulice":"Francouzsk\u00E1 1190/36","adresa_m\u011Bsto":"742 21 Kop\u0159ivnice","platnost_od":"2007-06-06"},{"typ":"Osoba","funkce":"\u010Dlen p\u0159edstavenstva:","jm\u00E9no":"PhDr. Pavel Mrkv\u00E1nek","datum_narozen\u00ED":"1946-03-21","adresa_ulice":"S\u00EDdli\u0161t\u011B 6. kv\u011Btna 1059","adresa_m\u011Bsto":"756 54 Zub\u0159\u00ED","platnost_od":"2006-08-01"},{"typ":"Osoba","funkce":"\u010Dlen p\u0159edstavenstva:","jm\u00E9no":"Vratislav N\u011Bmec","datum_narozen\u00ED":"1959-01-27","adresa_ulice":"Ostravsk\u00E1 883","adresa_m\u011Bsto":"738 01 Fr\u00FDdek-M\u00EDstek","platnost_od":"2007-06-06"}]},{"typ":["Digit\u00E1ln\u00ED objekt","Politick\u00E1 strana nebo hnut\u00ED"],"iri":"https://mv.gov.cz/api/boards/SPS/strana/261","url":"https://aplikace.mv.gov.cz/seznam-politickych-stran/Vypis_Rejstrik.aspx?id=261","n\u00E1zev":"Strana obrany kultury","zkratka":"SOK","adresa_s\u00EDdla":"Praha","den_registrace":"1990-04-09","\u010D\u00EDslo_registrace":"AVS/1-997/90","identifika\u010Dn\u00ED_\u010D\u00EDslo":"None","statut\u00E1rn\u00ED_org\u00E1n":"Presidium, za kter\u00E9 jednaj\u00ED jeho jednotliv\u00ED \u010Dlenov\u00E9.","pozn\u00E1mka":"O p\u0159id\u011Blen\u00ED identifika\u010Dn\u00EDho \u010D\u00EDsla strana - hnut\u00ED nepo\u017E\u00E1daly.","organiza\u010Dn\u00ED_jednotky":[],"osoby":[]},{"typ":["Digit\u00E1ln\u00ED objekt","Politick\u00E1 strana nebo hnut\u00ED"],"iri":"https://mv.gov.cz/api/boards/SPS/strana/262","url":"https://aplikace.mv.gov.cz/seznam-politickych-stran/Vypis_Rejstrik.aspx?id=262","n\u00E1zev":"Spojen\u00ED demokrat\u00E9 - Sdru\u017Een\u00ED nez\u00E1visl\u00FDch","zkratka":"SD-SN","adresa_s\u00EDdla":"140 00 Praha, Lounsk\u00FDch 791/10","den_registrace":"2002-07-18","\u010D\u00EDslo_registrace":"VS-4585/SDR/1-2002","identifika\u010Dn\u00ED_\u010D\u00EDslo":"26595940","statut\u00E1rn\u00ED_org\u00E1n":"P\u0159edsednictvo, a to v\u017Edy bu\u010F p\u0159edseda nebo m\u00EDstop\u0159edseda strany.","posledn\u00ED_zm\u011Bna_stanov":"2024-07-15","pozn\u00E1mka":"","organiza\u010Dn\u00ED_jednotky":["krajsk\u00E1 organizace","m\u00EDstn\u00ED organizace"],"osoby":[{"typ":"Osoba","funkce":"p\u0159edsedkyn\u011B:","jm\u00E9no":"Alena Dernerov\u00E1","datum_narozen\u00ED":"1958-09-13","adresa_ulice":"Jaroslava Seiferta 2158/12","adresa_m\u011Bsto":"434 01 Most","platnost_od":"2022-11-09"},{"typ":"Osoba","funkce":"m\u00EDstop\u0159edseda:","jm\u00E9no":"Petr Heinzl","datum_narozen\u00ED":"1981-07-17","adresa_ulice":"Vesel\u00E1 13","adresa_m\u011Bsto":"512 63 Semily","platnost_od":"2022-11-09"},{"typ":"Osoba","funkce":"\u010Dlenka p\u0159edsednictva:","jm\u00E9no":"Dana Tich\u00E1","datum_narozen\u00ED":"1960-12-24","adresa_ulice":"R\u016F\u017Eov\u00E1 85/3","adresa_m\u011Bsto":"390 01 T\u00E1bor","platnost_od":"2017-01-31"},{"typ":"Osoba","funkce":"\u010Dlenka p\u0159edsednictva:","jm\u00E9no":"Zuzana Ji\u0159\u00EDkov\u00E1","datum_narozen\u00ED":"1962-05-07","adresa_ulice":"Skl\u00E1\u0159sk\u00E1 210","adresa_m\u011Bsto":"417 23 Ko\u0161\u0165any","platnost_od":"2022-11-09"}]},{"typ":["Digit\u00E1ln\u00ED objekt","Politick\u00E1 strana nebo hnut\u00ED"],"iri":"https://mv.gov.cz/api/boards/SPS/strana/263","url":"https://aplikace.mv.gov.cz/seznam-politickych-stran/Vypis_Rejstrik.aspx?id=263","n\u00E1zev":"Republik\u00E1ni Miroslava Sl\u00E1dka","zkratka":"RMS","adresa_s\u00EDdla":"623 00 Brno, Uli\u010Dka 831/1","den_registrace":"2000-07-12","\u010D\u00EDslo_registrace":"VS/1-13793/2000","identifika\u010Dn\u00ED_\u010D\u00EDslo":"70436312","statut\u00E1rn\u00ED_org\u00E1n":"p\u0159edseda","posledn\u00ED_zm\u011Bna_stanov":"2003-01-06","pozn\u00E1mka":"","organiza\u010Dn\u00ED_jednotky":[],"osoby":[{"typ":"Osoba","funkce":"p\u0159edseda:","jm\u00E9no":"PhDr. Miroslav Sl\u00E1dek","datum_narozen\u00ED":"1950-10-24","adresa_ulice":"Kub\u00E1nky 98/6","adresa_m\u011Bsto":"644 00 Brno","platnost_od":"2002-02-24"}]},{"typ":["Digit\u00E1ln\u00ED objekt","Politick\u00E1 strana nebo hnut\u00ED"],"iri":"https://mv.gov.cz/api/boards/SPS/strana/264","url":"https://aplikace.mv.gov.cz/seznam-politickych-stran/Vypis_Rejstrik.aspx?id=264","n\u00E1zev":"SNK Evrop\u0161t\u00ED demokrat\u00E9","zkratka":"SNK ED","adresa_s\u00EDdla":"530 21 Pardubice, Pern\u0161t\u00FDnsk\u00E9 n\u00E1m\u011Bst\u00ED 117","den_registrace":"2000-08-24","\u010D\u00EDslo_registrace":"VS/1-1/4900/2000","identifika\u010Dn\u00ED_\u010D\u00EDslo":"70869553","statut\u00E1rn\u00ED_org\u00E1n":"P\u0159edsednictvo.Pr\u00E1vn\u00ED \u00FAkony ve v\u0161ech v\u011Bcech t\u00FDk. se n\u00E1kupu, prodeje nebo zat\u011B\u017Eov.nemovit.,ve v\u011Bc.sm\u011Bne\u010D.,\u00FAv\u011Br\u016F a p\u016Fj\u010Dek a ud\u011Blen\u00ED pln\u00E9 moci v p\u00EDs.form\u011B \u010Din\u00ED v\u017Edy dva \u010Dl.p\u0159eds.spole\u010D.; z nich\u017E jeden je p\u0159edseda \u010Di m\u00EDstop\u0159edseda strany ostatn\u00ED pr\u00E1v.\u00FAk.\u010Din\u00ED kter\u00FDk.jeho \u010Dlen samostatn\u011B.","posledn\u00ED_zm\u011Bna_stanov":"2013-03-27","pozn\u00E1mka":"","organiza\u010Dn\u00ED_jednotky":["krajsk\u00E9 organizace","oblastn\u00ED organizace"],"osoby":[{"typ":"Osoba","funkce":"p\u0159edseda:","jm\u00E9no":"Ren\u00E9  \u017Divn\u00FD","datum_narozen\u00ED":"1974-03-10","adresa_ulice":"Karla IV. 2591","adresa_m\u011Bsto":"530 02 Pardubice","platnost_od":"2018-11-10"},{"typ":"Osoba","funkce":"m\u00EDstop\u0159edsedkyn\u011B:","jm\u00E9no":"Zde\u0148ka Markov\u00E1","datum_narozen\u00ED":"1956-06-22","adresa_ulice":"Karn\u00EDkova 1148","adresa_m\u011Bsto":"592 31 Nov\u00E9 M\u011Bsto na Morav\u011B","platnost_od":"2021-06-19"},{"typ":"Osoba","funkce":"\u010Dlen:","jm\u00E9no":"Petr \u0158ezn\u00ED\u010Dek","datum_narozen\u00ED":"1951-02-23","adresa_ulice":"Jungmannovo n\u00E1b\u0159e\u017E\u00ED 399","adresa_m\u011Bsto":"537 01 Chrudim","platnost_od":"2015-04-11"},{"typ":"Osoba","funkce":"\u010Dlen:","jm\u00E9no":"Stanislav Bolo\u0148sk\u00FD","datum_narozen\u00ED":"1948-08-10","adresa_ulice":"\u0160koln\u00ED n\u00E1m. 492","adresa_m\u011Bsto":"252 63 Roztoky","platnost_od":"2021-06-19"},{"typ":"Osoba","funkce":"\u010Dlen:","jm\u00E9no":"Zden\u011Bk Jirsa","datum_narozen\u00ED":"1953-08-08","adresa_ulice":"","adresa_m\u011Bsto":"588 45 Doln\u00ED Cerekev 201","platnost_od":"2025-04-25"}]},{"typ":["Digit\u00E1ln\u00ED objekt","Politick\u00E1 strana nebo hnut\u00ED"],"iri":"https://mv.gov.cz/api/boards/SPS/strana/265","url":"https://aplikace.mv.gov.cz/seznam-politickych-stran/Vypis_Rejstrik.aspx?id=265","n\u00E1zev":"Demokracie","zkratka":"DK","adresa_s\u00EDdla":"793 23 Karlovice 287","den_registrace":"2008-02-05","\u010D\u00EDslo_registrace":"MV-12633-1/VS-2008","identifika\u010Dn\u00ED_\u010D\u00EDslo":"71339434","statut\u00E1rn\u00ED_org\u00E1n":"Republikov\u00E1 rada, za kterou jedn\u00E1 p\u0159edseda.","posledn\u00ED_zm\u011Bna_stanov":"2009-12-17","pozn\u00E1mka":"","organiza\u010Dn\u00ED_jednotky":["krajsk\u00E9 organizace","m\u00EDstn\u00ED organizace"],"osoby":[{"typ":"Osoba","funkce":"p\u0159edseda:","jm\u00E9no":"Petr  Czasch","datum_narozen\u00ED":"1960-08-09","adresa_ulice":"","adresa_m\u011Bsto":"793 26 Karlovice 19","platnost_od":"2008-05-31"},{"typ":"Osoba","funkce":"m\u00EDstop\u0159edseda:","jm\u00E9no":"Ph.D. Ji\u0159\u00ED Pol\u00E1k","datum_narozen\u00ED":"1933-05-23","adresa_ulice":"Assarhusav\u00E4gen 64","adresa_m\u011Bsto":"S-247 36, S. Sandby, Sweden","platnost_od":"2009-03-07"}]},{"typ":["Digit\u00E1ln\u00ED objekt","Politick\u00E1 strana nebo hnut\u00ED"],"iri":"https://mv.gov.cz/api/boards/SPS/strana/267","url":"https://aplikace.mv.gov.cz/seznam-politickych-stran/Vypis_Rejstrik.aspx?id=267","n\u00E1zev":"N\u00E1rodn\u00ED strana","zkratka":"NS","adresa_s\u00EDdla":"110 00 Praha , Senov\u00E1\u017En\u00E9 n\u00E1m\u011Bst\u00ED 978/23","den_registrace":"2002-10-31","\u010D\u00EDslo_registrace":"VS-3640/SDR/1-2002","identifika\u010Dn\u00ED_\u010D\u00EDslo":"26607701","statut\u00E1rn\u00ED_org\u00E1n":"Zemsk\u00E1 rada, kter\u00E1 jedn\u00E1 prost\u0159ednictv\u00EDm p\u0159edsedy.","posledn\u00ED_zm\u011Bna_stanov":"2006-03-09","pozn\u00E1mka":"","organiza\u010Dn\u00ED_jednotky":["krajsk\u00E1 organizace","m\u00EDstn\u00ED organizace"],"osoby":[{"typ":"Osoba","funkce":"p\u0159edseda:","jm\u00E9no":"Mgr. Petra Edelmannov\u00E1","datum_narozen\u00ED":"1975-02-27","adresa_ulice":"Renoirova 620/4","adresa_m\u011Bsto":"152 00 Praha","platnost_od":"2003-03-01"}]},{"typ":["Digit\u00E1ln\u00ED objekt","Politick\u00E1 strana nebo hnut\u00ED"],"iri":"https://mv.gov.cz/api/boards/SPS/strana/268","url":"https://aplikace.mv.gov.cz/seznam-politickych-stran/Vypis_Rejstrik.aspx?id=268","n\u00E1zev":"Podnikatelsko \u017Eivnostensk\u00E1 strana","zkratka":"P\u017DS","adresa_s\u00EDdla":"120 00 Praha, Jarom\u00EDrova 663/42","den_registrace":"1990-02-12","\u010D\u00EDslo_registrace":"AVS/1-99/1990","identifika\u010Dn\u00ED_\u010D\u00EDslo":"409332","statut\u00E1rn\u00ED_org\u00E1n":"\u00DAst\u0159edn\u00ED v\u00FDbor, za kter\u00FD jedn\u00E1 p\u0159edseda.","posledn\u00ED_zm\u011Bna_stanov":"1990-07-10","pozn\u00E1mka":"","organiza\u010Dn\u00ED_jednotky":[],"osoby":[]},{"typ":["Digit\u00E1ln\u00ED objekt","Politick\u00E1 strana nebo hnut\u00ED"],"iri":"https://mv.gov.cz/api/boards/SPS/strana/270","url":"https://aplikace.mv.gov.cz/seznam-politickych-stran/Vypis_Rejstrik.aspx?id=270","n\u00E1zev":"Nestran\u00EDci","zkratka":"NK","adresa_s\u00EDdla":"565 01 Choce\u0148, K. H. Borovsk\u00E9ho 672","den_registrace":"2006-05-29","\u010D\u00EDslo_registrace":"VS-3350/SDR/1-2006","identifika\u010Dn\u00ED_\u010D\u00EDslo":"27034500","statut\u00E1rn\u00ED_org\u00E1n":"P\u0159edsednictvo, za kter\u00E9 jedn\u00E1 a podepisuje v\u017Edy p\u0159edseda spole\u010Dn\u011B s alespo\u0148 jedn\u00EDm z m\u00EDstop\u0159edsed\u016F.","posledn\u00ED_zm\u011Bna_stanov":"2008-05-29","pozn\u00E1mka":"","organiza\u010Dn\u00ED_jednotky":["celost\u00E1tn\u00ED organizace","krajsk\u00E9 organizace","m\u00EDstn\u00ED nebo m\u011Bstsk\u00E1 sdru\u017Een\u00ED"],"osoby":[{"typ":"Osoba","funkce":"p\u0159edsedkyn\u011B:","jm\u00E9no":"V\u011Bra  Uhl\u00ED\u0159ov\u00E1","datum_narozen\u00ED":"1959-12-10","adresa_ulice":"K. H. Borovsk\u00E9ho 672","adresa_m\u011Bsto":"565 01 Choce\u0148","platnost_od":"2006-07-15"},{"typ":"Osoba","funkce":"m\u00EDstop\u0159edseda:","jm\u00E9no":"David \u0160imek","datum_narozen\u00ED":"1977-03-21","adresa_ulice":"Gork\u00E9ho 2231/35E","adresa_m\u011Bsto":"568 02 Svitavy","platnost_od":"2015-05-18"},{"typ":"Osoba","funkce":"m\u00EDstop\u0159edseda:","jm\u00E9no":"Petr H\u00E1jek","datum_narozen\u00ED":"1967-03-07","adresa_ulice":"Hradebn\u00ED 37","adresa_m\u011Bsto":"562 01 \u00DAst\u00ED nad Orlic\u00ED","platnost_od":"2015-05-18"}]},{"typ":["Digit\u00E1ln\u00ED objekt","Politick\u00E1 strana nebo hnut\u00ED"],"iri":"https://mv.gov.cz/api/boards/SPS/strana/271","url":"https://aplikace.mv.gov.cz/seznam-politickych-stran/Vypis_Rejstrik.aspx?id=271","n\u00E1zev":"Nestran\u00EDci pro Moravu","zkratka":"NPM","adresa_s\u00EDdla":"635 00 Brno, Kub\u00ED\u010Dkova 1115/8","den_registrace":"2000-03-06","\u010D\u00EDslo_registrace":"VS/1-1/741/815/2000","identifika\u010Dn\u00ED_\u010D\u00EDslo":"70907277","statut\u00E1rn\u00ED_org\u00E1n":"p\u0159edseda","posledn\u00ED_zm\u011Bna_stanov":"2006-06-29","pozn\u00E1mka":"","organiza\u010Dn\u00ED_jednotky":[],"osoby":[{"typ":"Osoba","funkce":"p\u0159edseda:","jm\u00E9no":"Leona \u017D\u00E1kov\u00E1","datum_narozen\u00ED":"1974-04-28","adresa_ulice":"Sko\u0159epka 240/14","adresa_m\u011Bsto":"602 00 Brno","platnost_od":"2000-05-27"}]},{"typ":["Digit\u00E1ln\u00ED objekt","Politick\u00E1 strana nebo hnut\u00ED"],"iri":"https://mv.gov.cz/api/boards/SPS/strana/272","url":"https://aplikace.mv.gov.cz/seznam-politickych-stran/Vypis_Rejstrik.aspx?id=272","n\u00E1zev":"Strana za \u017Eivotn\u00ED jistoty","zkratka":"S\u017DJ","adresa_s\u00EDdla":"120 00 Praha, Trojick\u00E1 437/20","den_registrace":"1990-03-14","\u010D\u00EDslo_registrace":"AVS/1-720/90","identifika\u010Dn\u00ED_\u010D\u00EDslo":"499421","statut\u00E1rn\u00ED_org\u00E1n":"Statut\u00E1rn\u00ED org\u00E1n strany; p\u0159edseda a m\u00EDstop\u0159edsedov\u00E9. V neb\u011B\u017En\u00FDch z\u00E1le\u017Eitostech (politick\u00E9 dohody, p\u016Fj\u010Dky apod.) je pot\u0159eba podpisu t\u0159\u00ED statut\u00E1rn\u00EDch z\u00E1st\u017Eupc\u016F, jeden z nich v\u017Edy p\u0159edseda.","posledn\u00ED_zm\u011Bna_stanov":"2005-06-20","pozn\u00E1mka":"","organiza\u010Dn\u00ED_jednotky":[],"osoby":[{"typ":"Osoba","funkce":"p\u0159edseda:","jm\u00E9no":"Mgr. Marcela Kozerov\u00E1","datum_narozen\u00ED":"1945-01-29","adresa_ulice":"Dru\u017Eby 340","adresa_m\u011Bsto":"530 09 Pardubice","platnost_od":"2002-11-14"},{"typ":"Osoba","funkce":"1. m\u00EDstop\u0159edseda:","jm\u00E9no":"Miroslav Neubert","datum_narozen\u00ED":"1938-06-12","adresa_ulice":"Osikov\u00E1 3219","adresa_m\u011Bsto":"415 01 Teplice","platnost_od":"2005-05-19"},{"typ":"Osoba","funkce":"m\u00EDstop\u0159edseda:","jm\u00E9no":"Ing. Zden\u011Bk Ma\u0161ek, CSc.","datum_narozen\u00ED":"1934-07-07","adresa_ulice":"Zeyerova 923/12","adresa_m\u011Bsto":"779 00 Olomouc","platnost_od":"2005-05-19"},{"typ":"Osoba","funkce":"m\u00EDstop\u0159edseda:","jm\u00E9no":"Ing. Alexej Weiss","datum_narozen\u00ED":"1921-10-31","adresa_ulice":"U Ladronky 1162/44","adresa_m\u011Bsto":"169 00 Praha","platnost_od":"2005-05-19"},{"typ":"Osoba","funkce":"m\u00EDstop\u0159edseda:","jm\u00E9no":"Mgr. Miroslava Zatloukalov\u00E1","datum_narozen\u00ED":"1933-01-09","adresa_ulice":"Sta\u0148kova 232/16","adresa_m\u011Bsto":"700 30 Ostrava","platnost_od":"2005-05-19"}]},{"typ":["Digit\u00E1ln\u00ED objekt","Politick\u00E1 strana nebo hnut\u00ED"],"iri":"https://mv.gov.cz/api/boards/SPS/strana/273","url":"https://aplikace.mv.gov.cz/seznam-politickych-stran/Vypis_Rejstrik.aspx?id=273","n\u00E1zev":"Pra\u017Ean\u00E9 Praze","zkratka":"PP","adresa_s\u00EDdla":"Praha , 0","den_registrace":"1994-06-24","\u010D\u00EDslo_registrace":"II/s-OS/1-602/94","identifika\u010Dn\u00ED_\u010D\u00EDslo":"60449047","statut\u00E1rn\u00ED_org\u00E1n":"V\u00FDkonn\u00E1 rada, za kterou jedn\u00E1 p\u0159edseda.","pozn\u00E1mka":"","organiza\u010Dn\u00ED_jednotky":[],"osoby":[{"typ":"Osoba","funkce":"p\u0159edseda:","jm\u00E9no":"Miroslav Kulhav\u00FD","adresa_ulice":"Plickova 553/21","adresa_m\u011Bsto":"149 00 Praha","platnost_od":"1996-11-30"},{"typ":"Osoba","funkce":"m\u00EDstop\u0159edseda:","jm\u00E9no":"Mgr. M\u00E1rio  Fatur\u00EDk","adresa_ulice":"Pirinsk\u00E1 3247/7","adresa_m\u011Bsto":"143 00 Praha","platnost_od":"1996-11-30"},{"typ":"Osoba","funkce":"\u010Dlen VR:","jm\u00E9no":"Zuzana  Semelov\u00E1","adresa_ulice":"/","adresa_m\u011Bsto":"/","platnost_od":"1996-11-30"},{"typ":"Osoba","funkce":"\u010Dlen VR:","jm\u00E9no":"Ing. Milo\u0161 Ji\u0159\u00EDk","adresa_ulice":"/","adresa_m\u011Bsto":"/","platnost_od":"1996-11-30"},{"typ":"Osoba","funkce":"\u010Dlen VR:","jm\u00E9no":"V\u00E1clav  Zapp","adresa_ulice":"/","adresa_m\u011Bsto":"/","platnost_od":"1996-11-30"}]},{"typ":["Digit\u00E1ln\u00ED objekt","Politick\u00E1 strana nebo hnut\u00ED"],"iri":"https://mv.gov.cz/api/boards/SPS/strana/274","url":"https://aplikace.mv.gov.cz/seznam-politickych-stran/Vypis_Rejstrik.aspx?id=274","n\u00E1zev":"Alternativa 2000","zkratka":"A 2000","adresa_s\u00EDdla":"718 00 Ostrava, St\u0159\u00E1dal\u016F 26/73","den_registrace":"1998-03-30","\u010D\u00EDslo_registrace":"VS/1-1/1565/98/r","identifika\u010Dn\u00ED_\u010D\u00EDslo":"None","statut\u00E1rn\u00ED_org\u00E1n":"P\u0159edseda.","pozn\u00E1mka":"O p\u0159id\u011Blen\u00ED identifika\u010Dn\u00EDho \u010D\u00EDsla strana - hnut\u00ED nepo\u017E\u00E1daly.","organiza\u010Dn\u00ED_jednotky":[],"osoby":[]},{"typ":["Digit\u00E1ln\u00ED objekt","Politick\u00E1 strana nebo hnut\u00ED"],"iri":"https://mv.gov.cz/api/boards/SPS/strana/275","url":"https://aplikace.mv.gov.cz/seznam-politickych-stran/Vypis_Rejstrik.aspx?id=275","n\u00E1zev":"Republik\u00E1nsk\u00E1 unie","zkratka":"RU","adresa_s\u00EDdla":"110 00 Praha, \u0160irok\u00E1 65/14","den_registrace":"1990-03-06","\u010D\u00EDslo_registrace":"AVS/1-594/90","identifika\u010Dn\u00ED_\u010D\u00EDslo":"499200","statut\u00E1rn\u00ED_org\u00E1n":"P\u0159edsednictvo, za kter\u00E9 jedn\u00E1 p\u0159edseda.","pozn\u00E1mka":"","organiza\u010Dn\u00ED_jednotky":[],"osoby":[{"typ":"Osoba","funkce":"p\u0159edseda:","jm\u00E9no":"Dan Vegenknecht","datum_narozen\u00ED":"1976-07-02","adresa_ulice":"Pozna\u0148sk\u00E1 428/47","adresa_m\u011Bsto":"181 00 Praha","platnost_od":"2003-09-30"},{"typ":"Osoba","funkce":"\u010Dlen p\u0159edsednictva a p\u0159edseda GR:","jm\u00E9no":"Jan Mach\u00E1lek","datum_narozen\u00ED":"1958-05-18","adresa_ulice":"Bude\u010Dsk\u00E1 1005/12","adresa_m\u011Bsto":"120 00 Praha","platnost_od":"2000-12-13"}]},{"typ":["Digit\u00E1ln\u00ED objekt","Politick\u00E1 strana nebo hnut\u00ED"],"iri":"https://mv.gov.cz/api/boards/SPS/strana/276","url":"https://aplikace.mv.gov.cz/seznam-politickych-stran/Vypis_Rejstrik.aspx?id=276","n\u00E1zev":"\u017Divnostensk\u00E1 strana","zkratka":"\u017DS","adresa_s\u00EDdla":"120 00 Praha 2, Lond\u00FDnsk\u00E1  52","den_registrace":"1995-01-31","\u010D\u00EDslo_registrace":"II/s-OS/1-89/95","identifika\u010Dn\u00ED_\u010D\u00EDslo":"62934414","statut\u00E1rn\u00ED_org\u00E1n":"P\u0159edseda.","pozn\u00E1mka":"","organiza\u010Dn\u00ED_jednotky":[],"osoby":[]},{"typ":["Digit\u00E1ln\u00ED objekt","Politick\u00E1 strana nebo hnut\u00ED"],"iri":"https://mv.gov.cz/api/boards/SPS/strana/277","url":"https://aplikace.mv.gov.cz/seznam-politickych-stran/Vypis_Rejstrik.aspx?id=277","n\u00E1zev":"Strana pro ekologii a zdrav\u00ED","zkratka":"SEZ","adresa_s\u00EDdla":"403 40 \u00DAst\u00ED nad Labem 86","den_registrace":"2008-09-18","\u010D\u00EDslo_registrace":"MV-56390-10/VS-2008","identifika\u010Dn\u00ED_\u010D\u00EDslo":"71339531","statut\u00E1rn\u00ED_org\u00E1n":"P\u0159edsednictvo republikov\u00E9 rady, a to v\u017Edy spole\u010Dn\u011B dv\u011Bma \u010Dleny, z nich\u017E alespo\u0148 jeden je p\u0159edsedou nebo m\u00EDstop\u0159edsedou strany a druh\u00FD je \u010Dlenem p\u0159edsednictva republikov\u00E9 rady.","pozn\u00E1mka":"","organiza\u010Dn\u00ED_jednotky":["krajsk\u00E1 organizace","m\u00EDstn\u00ED organizace"],"osoby":[{"typ":"Osoba","funkce":"p\u0159edseda:","jm\u00E9no":"Ing. David  Tirp\u00E1k","datum_narozen\u00ED":"1974-11-01","adresa_ulice":"Velk\u00E1 hradebn\u00ED  1660","adresa_m\u011Bsto":"400 01 \u00DAst\u00ED nad Labem","platnost_od":"2009-01-17"},{"typ":"Osoba","funkce":"m\u00EDstop\u0159edseda:","jm\u00E9no":"He\u0159man  Kr\u00E1l","datum_narozen\u00ED":"1950-01-04","adresa_ulice":"","adresa_m\u011Bsto":"471 01 Zahr\u00E1dky 40","platnost_od":"2009-01-17"},{"typ":"Osoba","funkce":"m\u00EDstop\u0159edseda:","jm\u00E9no":"Mgr. Anna Vernerov\u00E1","datum_narozen\u00ED":"1954-02-13","adresa_ulice":"Dlouh\u00E1 715/38","adresa_m\u011Bsto":"110 00 Praha","platnost_od":"2009-01-17"}]},{"typ":["Digit\u00E1ln\u00ED objekt","Politick\u00E1 strana nebo hnut\u00ED"],"iri":"https://mv.gov.cz/api/boards/SPS/strana/278","url":"https://aplikace.mv.gov.cz/seznam-politickych-stran/Vypis_Rejstrik.aspx?id=278","n\u00E1zev":"Demokrat\u00E9 92","zkratka":"D 92","adresa_s\u00EDdla":"Praha","den_registrace":"1992-03-13","\u010D\u00EDslo_registrace":"VSC/1-406/92","identifika\u010Dn\u00ED_\u010D\u00EDslo":"45248541","statut\u00E1rn\u00ED_org\u00E1n":"P\u0159edstavenstvo, za kter\u00E9 jedn\u00E1 p\u0159edseda, m\u00EDstop\u0159edseda a hospod\u00E1\u0159 spolu s jedn\u00EDm dal\u0161\u00EDm \u010Dlenem p\u0159edstavenstva.","posledn\u00ED_zm\u011Bna_stanov":"1995-02-07","pozn\u00E1mka":"","organiza\u010Dn\u00ED_jednotky":[],"osoby":[{"typ":"Osoba","funkce":"p\u0159edseda:","jm\u00E9no":"Stanislav Musil","datum_narozen\u00ED":"1993-04-25","adresa_ulice":"Radnick\u00E1 1004","adresa_m\u011Bsto":"592 31 Nov\u00E9 M\u011Bsto na Morav\u011B","platnost_od":"1998-12-07"},{"typ":"Osoba","funkce":"\u010Dlen p\u0159edstavenstva:","jm\u00E9no":"Miroslav  Janatka","datum_narozen\u00ED":"1998-02-07","adresa_ulice":"","adresa_m\u011Bsto":"468 49 Ko\u0159enov","platnost_od":"1998-12-07"},{"typ":"Osoba","funkce":"\u010Dlen p\u0159edstavenstva:","jm\u00E9no":"RNDr. Mirko  Van\u011B\u010Dek","adresa_ulice":"Biskupova 68","adresa_m\u011Bsto":"130 00 Praha 3","platnost_od":"1998-12-07"}]},{"typ":["Digit\u00E1ln\u00ED objekt","Politick\u00E1 strana nebo hnut\u00ED"],"iri":"https://mv.gov.cz/api/boards/SPS/strana/279","url":"https://aplikace.mv.gov.cz/seznam-politickych-stran/Vypis_Rejstrik.aspx?id=279","n\u00E1zev":"V\u00FDchodoevropsk\u00E9 n\u00E1rodnostn\u00ED politick\u00E9 hnut\u00ED v \u010CR","zkratka":"VENPH","adresa_s\u00EDdla":"Sokolov, 0","den_registrace":"1994-02-24","\u010D\u00EDslo_registrace":"II/s-OS/-2384/93","identifika\u010Dn\u00ED_\u010D\u00EDslo":"49742035","statut\u00E1rn\u00ED_org\u00E1n":"P\u0159edseda.","pozn\u00E1mka":"","organiza\u010Dn\u00ED_jednotky":[],"osoby":[{"typ":"Osoba","funkce":"p\u0159edseda:","jm\u00E9no":"Vojt\u011Bch  Makula","datum_narozen\u00ED":"1944-09-02","adresa_ulice":"Hornick\u00E1 1415","adresa_m\u011Bsto":"356 01 Sokolov","platnost_od":"1998-02-24"}]},{"typ":["Digit\u00E1ln\u00ED objekt","Politick\u00E1 strana nebo hnut\u00ED"],"iri":"https://mv.gov.cz/api/boards/SPS/strana/280","url":"https://aplikace.mv.gov.cz/seznam-politickych-stran/Vypis_Rejstrik.aspx?id=280","n\u00E1zev":"Sdru\u017Een\u00ED nez\u00E1visl\u00FDch kandid\u00E1t\u016F m\u011Bsta \u010Cesk\u00E9 Bud\u011Bjovice","zkratka":"SNK\u010CB","adresa_s\u00EDdla":"\u010Cesk\u00E9 Bud\u011Bjovice, 0","den_registrace":"1994-09-12","\u010D\u00EDslo_registrace":"II/s-OS/1-904/94","identifika\u010Dn\u00ED_\u010D\u00EDslo":"60075872","statut\u00E1rn\u00ED_org\u00E1n":"Za SNK \u010CB jednaj\u00ED v\u017Edy 2 funkcion\u00E1\u0159i, a to bu\u010F p\u0159edseda a m\u00EDstop\u0159edseda spole\u010Dn\u011B nebo jednatel a pokladn\u00EDk spole\u010Dn\u011B.","pozn\u00E1mka":"","organiza\u010Dn\u00ED_jednotky":[],"osoby":[{"typ":"Osoba","funkce":"p\u0159edseda:","jm\u00E9no":"PhDr. Jarom\u00EDr  Proch\u00E1zka","datum_narozen\u00ED":"1951-11-28","adresa_ulice":"n\u00E1m. P\u0159emysla Otakara II. 50/14","adresa_m\u011Bsto":"370 01 \u010Cesk\u00E9 Bud\u011Bjovice","platnost_od":"1996-04-23"},{"typ":"Osoba","funkce":"m\u00EDstop\u0159edseda:","jm\u00E9no":"Ing. Roman  Sko\u010Ddopole","adresa_ulice":"/","adresa_m\u011Bsto":"/","platnost_od":"1996-04-23"},{"typ":"Osoba","funkce":"pokladn\u00EDk:","jm\u00E9no":"Miroslav Pokorn\u00FD","adresa_ulice":"/","adresa_m\u011Bsto":"/"},{"typ":"Osoba","funkce":"jednatel:","jm\u00E9no":"Ji\u0159\u00ED Milisd\u00F6rfer","datum_narozen\u00ED":"1945-05-07","adresa_ulice":"Na N\u00E1b\u0159e\u017E\u00ED 661/15","adresa_m\u011Bsto":"370 01 \u010Cesk\u00E9 Bud\u011Bjovice","platnost_od":"1996-04-23"}]},{"typ":["Digit\u00E1ln\u00ED objekt","Politick\u00E1 strana nebo hnut\u00ED"],"iri":"https://mv.gov.cz/api/boards/SPS/strana/281","url":"https://aplikace.mv.gov.cz/seznam-politickych-stran/Vypis_Rejstrik.aspx?id=281","n\u00E1zev":"Celost\u00E1tn\u00ED aktiv ob\u010Dan\u016F","zkratka":"CAO","adresa_s\u00EDdla":"Praha 1","den_registrace":"1990-03-20","\u010D\u00EDslo_registrace":"AVS/1-75/90","identifika\u010Dn\u00ED_\u010D\u00EDslo":"505978","statut\u00E1rn\u00ED_org\u00E1n":"p\u0159edseda, m\u00EDstop\u0159edseda, tajemn\u00EDk","posledn\u00ED_zm\u011Bna_stanov":"1995-03-23","pozn\u00E1mka":"","organiza\u010Dn\u00ED_jednotky":[],"osoby":[{"typ":"Osoba","funkce":"p\u0159edseda:","jm\u00E9no":"Ing. Martin  \u017De\u017Eula","datum_narozen\u00ED":"1929-12-03","adresa_ulice":"Obr\u00E1nc\u016F m\u00EDru  123","adresa_m\u011Bsto":"160 00 Praha 6","platnost_od":"1992-04-30"},{"typ":"Osoba","funkce":"m\u00EDstop\u0159edseda:","jm\u00E9no":"doc. dr. J\u00E1n Ligu\u0161","datum_narozen\u00ED":"1941-07-02","adresa_ulice":"Nechv\u00EDlova 1838/15","adresa_m\u011Bsto":"148 00 Praha","platnost_od":"1995-03-23"},{"typ":"Osoba","funkce":"tajemn\u00EDk:","jm\u00E9no":"Julius Kol\u00EDn","datum_narozen\u00ED":"1970-11-11","adresa_ulice":"Polsk\u00E1 2553","adresa_m\u011Bsto":"272 01 Kladno","platnost_od":"1995-03-23"}]},{"typ":["Digit\u00E1ln\u00ED objekt","Politick\u00E1 strana nebo hnut\u00ED"],"iri":"https://mv.gov.cz/api/boards/SPS/strana/282","url":"https://aplikace.mv.gov.cz/seznam-politickych-stran/Vypis_Rejstrik.aspx?id=282","n\u00E1zev":"Republik\u00E1ni","zkratka":"REP","adresa_s\u00EDdla":"170 00 Praha, Kamenick\u00E1 361/3","den_registrace":"1992-02-20","\u010D\u00EDslo_registrace":"VSC/1-160/92","identifika\u010Dn\u00ED_\u010D\u00EDslo":"70962022","statut\u00E1rn\u00ED_org\u00E1n":"P\u0159edseda a tajemn\u00EDk.","posledn\u00ED_zm\u011Bna_stanov":"1994-07-07","pozn\u00E1mka":"","organiza\u010Dn\u00ED_jednotky":[],"osoby":[]},{"typ":["Digit\u00E1ln\u00ED objekt","Politick\u00E1 strana nebo hnut\u00ED"],"iri":"https://mv.gov.cz/api/boards/SPS/strana/283","url":"https://aplikace.mv.gov.cz/seznam-politickych-stran/Vypis_Rejstrik.aspx?id=283","n\u00E1zev":"Moravsk\u00E1 demokratick\u00E1 strana","zkratka":"MODS","adresa_s\u00EDdla":"602 00 Brno, Starobrn\u011Bnsk\u00E1 690/20","den_registrace":"1994-04-26","\u010D\u00EDslo_registrace":"II/s-OS/1-461/94","identifika\u010Dn\u00ED_\u010D\u00EDslo":"65842626","statut\u00E1rn\u00ED_org\u00E1n":"p\u0159edseda","pozn\u00E1mka":"","organiza\u010Dn\u00ED_jednotky":[],"osoby":[{"typ":"Osoba","funkce":"p\u0159edseda:","jm\u00E9no":"Ing. Pavel  Dohnal","datum_narozen\u00ED":"1961-05-04","adresa_ulice":"\u010Ctvrt\u011B 1177","adresa_m\u011Bsto":"687 25 Hluk","platnost_od":"2005-12-17"}]},{"typ":["Digit\u00E1ln\u00ED objekt","Politick\u00E1 strana nebo hnut\u00ED"],"iri":"https://mv.gov.cz/api/boards/SPS/strana/284","url":"https://aplikace.mv.gov.cz/seznam-politickych-stran/Vypis_Rejstrik.aspx?id=284","n\u00E1zev":"Hnut\u00ED za soci\u00E1ln\u00ED spravedlnost","zkratka":"HSS","adresa_s\u00EDdla":"Praha","den_registrace":"1992-02-17","\u010D\u00EDslo_registrace":"VSC/1-108/1992","identifika\u010Dn\u00ED_\u010D\u00EDslo":"45247927","statut\u00E1rn\u00ED_org\u00E1n":"p\u0159edseda","pozn\u00E1mka":"","organiza\u010Dn\u00ED_jednotky":[],"osoby":[]},{"typ":["Digit\u00E1ln\u00ED objekt","Politick\u00E1 strana nebo hnut\u00ED"],"iri":"https://mv.gov.cz/api/boards/SPS/strana/285","url":"https://aplikace.mv.gov.cz/seznam-politickych-stran/Vypis_Rejstrik.aspx?id=285","n\u00E1zev":"Ob\u010Dansk\u00E1 liga FORUM","zkratka":"OLF","adresa_s\u00EDdla":"184 00 Praha , Hru\u0161ovansk\u00E9 n\u00E1m. 1","den_registrace":"1998-08-24","\u010D\u00EDslo_registrace":"VS/1-1/4813/98","identifika\u010Dn\u00ED_\u010D\u00EDslo":"69061564","statut\u00E1rn\u00ED_org\u00E1n":"Za p\u0159edstavenstvo jednaj\u00ED v\u017Edy dva \u010Dlenov\u00E9 spole\u010Dn\u011B, z nich\u017E jeden mus\u00ED b\u00FDt p\u0159edseda nebo m\u00EDstop\u0159edseda p\u0159edstavenstva.","pozn\u00E1mka":"","organiza\u010Dn\u00ED_jednotky":[],"osoby":[{"typ":"Osoba","funkce":"p\u0159edseda:","jm\u00E9no":"Ing. Dalibor  Stejskal","datum_narozen\u00ED":"1953-07-16","adresa_ulice":"Spo\u0159ick\u00E1 748/5A","adresa_m\u011Bsto":"184 00 Praha","platnost_od":"1999-01-04"},{"typ":"Osoba","funkce":"m\u00EDstop\u0159edseda:","jm\u00E9no":"Miroslav Vokurka","datum_narozen\u00ED":"1952-02-16","adresa_ulice":"Oseck\u00E1 547/12","adresa_m\u011Bsto":"184 00 Praha","platnost_od":"1999-01-04"},{"typ":"Osoba","funkce":"\u010Dlen p\u0159edstavenstva:","jm\u00E9no":"Ing. Michael  Bohin","datum_narozen\u00ED":"1970-01-08","adresa_ulice":"Doubick\u00E1 776/4","adresa_m\u011Bsto":"184 00 Praha","platnost_od":"1999-01-04"},{"typ":"Osoba","funkce":"\u010Dlen p\u0159edstavenstva:","jm\u00E9no":"Anton\u00EDn  Mat\u011Bjka","datum_narozen\u00ED":"1948-12-21","adresa_ulice":"Prun\u00E9\u0159ovsk\u00E1 309/11","adresa_m\u011Bsto":"184 00 Praha","platnost_od":"1999-01-04"},{"typ":"Osoba","funkce":"\u010Dlen p\u0159edstavenstva:","jm\u00E9no":"Jaroslava  Plevov\u00E1","datum_narozen\u00ED":"1950-05-27","adresa_ulice":"Pod z\u00E1me\u010Dkem 516/6","adresa_m\u011Bsto":"184 00 Praha","platnost_od":"1999-01-04"}]},{"typ":["Digit\u00E1ln\u00ED objekt","Politick\u00E1 strana nebo hnut\u00ED"],"iri":"https://mv.gov.cz/api/boards/SPS/strana/286","url":"https://aplikace.mv.gov.cz/seznam-politickych-stran/Vypis_Rejstrik.aspx?id=286","n\u00E1zev":"Nov\u00E9 hnut\u00ED","zkratka":"NH.","adresa_s\u00EDdla":"252 25 Jino\u010Dany, N\u00E1m\u011Bst\u00ED 5. kv\u011Btna 24","den_registrace":"1999-09-20","\u010D\u00EDslo_registrace":"VS/1-1/4632/99","identifika\u010Dn\u00ED_\u010D\u00EDslo":"70946566","statut\u00E1rn\u00ED_org\u00E1n":"Republikov\u00FD v\u00FDbor, za kter\u00FD v\u017Edy dva \u010Dlenov\u00E9 republikov\u00E9ho v\u00FDboru spole\u010Dn\u011B, z nich\u017E jeden je p\u0159edseda nebo m\u00EDstop\u0159edseda.","posledn\u00ED_zm\u011Bna_stanov":"2002-04-22","pozn\u00E1mka":"","organiza\u010Dn\u00ED_jednotky":[],"osoby":[{"typ":"Osoba","funkce":"p\u0159edseda NH:","jm\u00E9no":"Stanislav Br\u00E1zda","datum_narozen\u00ED":"1948-05-30","adresa_ulice":"B\u011Bhounkova 2344/27","adresa_m\u011Bsto":"158 00 Praha","platnost_od":"2000-03-19"},{"typ":"Osoba","funkce":"m\u00EDstop\u0159edseda NH:","jm\u00E9no":"Libor  Paskovsk\u00FD","datum_narozen\u00ED":"1962-03-04","adresa_ulice":"Gork\u00E9ho 658/15","adresa_m\u011Bsto":"460 01 Liberec","platnost_od":"2001-10-04"},{"typ":"Osoba","funkce":"\u010Dlen RVNH:","jm\u00E9no":"Kate\u0159ina Kocevov\u00E1","datum_narozen\u00ED":"1974-09-22","adresa_ulice":"Emilie Hyblerov\u00E9 528/4","adresa_m\u011Bsto":"149 00 Praha","platnost_od":"2001-10-04"}]},{"typ":["Digit\u00E1ln\u00ED objekt","Politick\u00E1 strana nebo hnut\u00ED"],"iri":"https://mv.gov.cz/api/boards/SPS/strana/287","url":"https://aplikace.mv.gov.cz/seznam-politickych-stran/Vypis_Rejstrik.aspx?id=287","n\u00E1zev":"\u010Ceskobud\u011Bjovick\u00E1 nez\u00E1visl\u00E1 nov\u00E1 volba","zkratka":"\u010CbNNV","adresa_s\u00EDdla":"370 05 \u010Cesk\u00E9 Bud\u011Bjovice, Vltavsk\u00E9 n\u00E1b\u0159. 526/7","den_registrace":"1999-04-09","\u010D\u00EDslo_registrace":"VS/2088/2159/99","identifika\u010Dn\u00ED_\u010D\u00EDslo":"69103852","statut\u00E1rn\u00ED_org\u00E1n":"mluv\u010D\u00ED","pozn\u00E1mka":"","organiza\u010Dn\u00ED_jednotky":[],"osoby":[{"typ":"Osoba","funkce":"mluv\u010D\u00ED:","jm\u00E9no":"Ing. Otto Eibl","datum_narozen\u00ED":"1959-05-30","adresa_ulice":"U V\u00FDstavi\u0161t\u011B 1407/18A","adresa_m\u011Bsto":"370 05 \u010Cesk\u00E9 Bud\u011Bjovice","platnost_od":"1999-04-14"}]},{"typ":["Digit\u00E1ln\u00ED objekt","Politick\u00E1 strana nebo hnut\u00ED"],"iri":"https://mv.gov.cz/api/boards/SPS/strana/288","url":"https://aplikace.mv.gov.cz/seznam-politickych-stran/Vypis_Rejstrik.aspx?id=288","n\u00E1zev":"Hnut\u00ED proti kriminalit\u011B","zkratka":"HPK","adresa_s\u00EDdla":"Praha","den_registrace":"1995-11-06","\u010D\u00EDslo_registrace":"II/s-OS/1-739/95","identifika\u010Dn\u00ED_\u010D\u00EDslo":"61984744","statut\u00E1rn\u00ED_org\u00E1n":"p\u0159edseda a m\u00EDstop\u0159edsedov\u00E9, kte\u0159\u00ED jednaj\u00ED samostatn\u011B","pozn\u00E1mka":"","organiza\u010Dn\u00ED_jednotky":[],"osoby":[{"typ":"Osoba","funkce":"p\u0159edseda:","jm\u00E9no":"Marek  Tom\u010Dala","adresa_ulice":"Tr\u00E1vn\u00EDk 1315/28","adresa_m\u011Bsto":"750 02 P\u0159erov","platnost_od":"1996-04-13"},{"typ":"Osoba","funkce":"1. m\u00EDstop\u0159edseda:","jm\u00E9no":"Jana  \u0160ebestov\u00E1","adresa_ulice":"Tr\u00E1vn\u00EDk 628/9","adresa_m\u011Bsto":"750 02 P\u0159erov","platnost_od":"1996-04-13"},{"typ":"Osoba","funkce":"2. m\u00EDstop\u0159edseda:","jm\u00E9no":"Robert Sn\u00E1\u0161el","adresa_ulice":"Dvo\u0159\u00E1kova 1536/22","adresa_m\u011Bsto":"750 02 P\u0159erov","platnost_od":"1996-04-13"}]},{"typ":["Digit\u00E1ln\u00ED objekt","Politick\u00E1 strana nebo hnut\u00ED"],"iri":"https://mv.gov.cz/api/boards/SPS/strana/289","url":"https://aplikace.mv.gov.cz/seznam-politickych-stran/Vypis_Rejstrik.aspx?id=289","n\u00E1zev":"Hnut\u00ED anga\u017Eovan\u00FDch Rom\u016F","zkratka":"HAR","adresa_s\u00EDdla":"370 00 \u010Cesk\u00E9 Bud\u011Bjovice, Pra\u017Esk\u00E1 1","den_registrace":"1991-01-30","\u010D\u00EDslo_registrace":"VSP/1-342/91","identifika\u010Dn\u00ED_\u010D\u00EDslo":"15271471","statut\u00E1rn\u00ED_org\u00E1n":"p\u0159edseda","posledn\u00ED_zm\u011Bna_stanov":"1996-04-15","pozn\u00E1mka":"","organiza\u010Dn\u00ED_jednotky":[],"osoby":[{"typ":"Osoba","funkce":"p\u0159edseda:","jm\u00E9no":"Juraj  Markovi\u010D","datum_narozen\u00ED":"1946-04-26","adresa_ulice":"N. Fr\u00FDda 1248/6","adresa_m\u011Bsto":"370 05 \u010Cesk\u00E9 Bud\u011Bjovice","platnost_od":"1995-11-20"}]},{"typ":["Digit\u00E1ln\u00ED objekt","Politick\u00E1 strana nebo hnut\u00ED"],"iri":"https://mv.gov.cz/api/boards/SPS/strana/290","url":"https://aplikace.mv.gov.cz/seznam-politickych-stran/Vypis_Rejstrik.aspx?id=290","n\u00E1zev":"Hnut\u00ED 90","zkratka":"H 90","adresa_s\u00EDdla":"102 00 Praha, Azalkov\u00E1 1216/29","den_registrace":"1991-01-24","\u010D\u00EDslo_registrace":"VSP/1-3848/90","identifika\u010Dn\u00ED_\u010D\u00EDslo":"None","statut\u00E1rn\u00ED_org\u00E1n":"P\u0159edseda a 1. m\u00EDstop\u0159edseda.","posledn\u00ED_zm\u011Bna_stanov":"1995-06-23","pozn\u00E1mka":"","organiza\u010Dn\u00ED_jednotky":[],"osoby":[{"typ":"Osoba","funkce":"p\u0159edseda:","jm\u00E9no":"Ing. Pavel  Pol\u00E1\u010Dek, CSc.","adresa_ulice":"/","adresa_m\u011Bsto":"/","platnost_od":"1995-01-18"},{"typ":"Osoba","funkce":"1. m\u00EDstop\u0159edseda:","jm\u00E9no":"MUDr. Zden\u011Bk  Pinta","datum_narozen\u00ED":"1931-04-23","adresa_ulice":"Na hroud\u011B 1864/69","adresa_m\u011Bsto":"100 00 Praha","platnost_od":"1995-01-18"}]},{"typ":["Digit\u00E1ln\u00ED objekt","Politick\u00E1 strana nebo hnut\u00ED"],"iri":"https://mv.gov.cz/api/boards/SPS/strana/291","url":"https://aplikace.mv.gov.cz/seznam-politickych-stran/Vypis_Rejstrik.aspx?id=291","n\u00E1zev":"Asociace Radik\u00E1l\u016F za Spojen\u00E9 st\u00E1ty evropsk\u00E9","zkratka":"AR","adresa_s\u00EDdla":"Praha, 0","den_registrace":"1990-06-06","\u010D\u00EDslo_registrace":"VSP/1-1561/90","identifika\u010Dn\u00ED_\u010D\u00EDslo":"674621","statut\u00E1rn\u00ED_org\u00E1n":"Tajemn\u00EDk.","posledn\u00ED_zm\u011Bna_stanov":"1992-05-12","pozn\u00E1mka":"","organiza\u010Dn\u00ED_jednotky":[],"osoby":[{"typ":"Osoba","funkce":"tajemn\u00EDk:","jm\u00E9no":"Richard Stockar","datum_narozen\u00ED":"1959-01-03","adresa_ulice":"Jakubsk\u00E1 670/14","adresa_m\u011Bsto":"110 00 Praha","platnost_od":"1990-06-06"}]},{"typ":["Digit\u00E1ln\u00ED objekt","Politick\u00E1 strana nebo hnut\u00ED"],"iri":"https://mv.gov.cz/api/boards/SPS/strana/292","url":"https://aplikace.mv.gov.cz/seznam-politickych-stran/Vypis_Rejstrik.aspx?id=292","n\u00E1zev":"Demokratick\u00E1 liga","zkratka":"DL","adresa_s\u00EDdla":"110 00 Praha, V j\u00E1m\u011B 639/12","den_registrace":"1998-04-23","\u010D\u00EDslo_registrace":"VS/1577/1706/98","identifika\u010Dn\u00ED_\u010D\u00EDslo":"69056811","statut\u00E1rn\u00ED_org\u00E1n":"\u00DAst\u0159edn\u00ED rada za kterou jedn\u00E1 p\u0159edseda a m\u00EDstop\u0159edsedov\u00E9, p\u0159i\u010Dem\u017E se vy\u017Eaduje v\u017Edy podpis p\u0159edsedy s jedn\u00EDm m\u00EDstop\u0159edsedou.","posledn\u00ED_zm\u011Bna_stanov":"1998-12-04","pozn\u00E1mka":"","organiza\u010Dn\u00ED_jednotky":[],"osoby":[{"typ":"Osoba","funkce":"p\u0159edseda:","jm\u00E9no":"Petr Vlas\u00E1k","datum_narozen\u00ED":"1962-01-16","adresa_ulice":"Hradebn\u00ED 761/3","adresa_m\u011Bsto":"110 00 Praha","platnost_od":"1998-11-28"},{"typ":"Osoba","funkce":"m\u00EDstop\u0159edseda:","jm\u00E9no":"Vladim\u00EDr Vel\u00ED\u0161ek","datum_narozen\u00ED":"1947-04-11","adresa_ulice":"\u0160umberova 332/6","adresa_m\u011Bsto":"162 00 Praha","platnost_od":"1998-11-28"}]},{"typ":["Digit\u00E1ln\u00ED objekt","Politick\u00E1 strana nebo hnut\u00ED"],"iri":"https://mv.gov.cz/api/boards/SPS/strana/293","url":"https://aplikace.mv.gov.cz/seznam-politickych-stran/Vypis_Rejstrik.aspx?id=293","n\u00E1zev":"Demokratick\u00E1 unie","zkratka":"DEU","adresa_s\u00EDdla":"190 14 Praha, U trativodu 358","den_registrace":"1994-03-07","\u010D\u00EDslo_registrace":"II/s-OS/1-207/94","identifika\u010Dn\u00ED_\u010D\u00EDslo":"61379999","statut\u00E1rn\u00ED_org\u00E1n":"P\u0159edsednictvo, za kter\u00E9 jedn\u00E1 p\u0159edseda.","posledn\u00ED_zm\u011Bna_stanov":"2001-01-22","pozn\u00E1mka":"","organiza\u010Dn\u00ED_jednotky":[],"osoby":[{"typ":"Osoba","funkce":"p\u0159edseda:","jm\u00E9no":"Ing. Ratibor  Majzl\u00EDk","datum_narozen\u00ED":"1945-11-15","adresa_ulice":"U trativodu 358","adresa_m\u011Bsto":"190 14 Praha","platnost_od":"1996-06-22"}]},{"typ":["Digit\u00E1ln\u00ED objekt","Politick\u00E1 strana nebo hnut\u00ED"],"iri":"https://mv.gov.cz/api/boards/SPS/strana/294","url":"https://aplikace.mv.gov.cz/seznam-politickych-stran/Vypis_Rejstrik.aspx?id=294","n\u00E1zev":"Mlad\u00ED demokrat\u00E9","zkratka":"MD","adresa_s\u00EDdla":"Brno, Josefsk\u00E1 15","den_registrace":"1995-09-16","\u010D\u00EDslo_registrace":"II/S-OS/1-185/95","identifika\u010Dn\u00ED_\u010D\u00EDslo":"64328287","statut\u00E1rn\u00ED_org\u00E1n":"P\u0159edseda a m\u00EDdtop\u0159edseda, kte\u0159\u00ED jednaj\u00ED spole\u010Dn\u011B.","posledn\u00ED_zm\u011Bna_stanov":"1999-11-11","pozn\u00E1mka":"","organiza\u010Dn\u00ED_jednotky":[],"osoby":[{"typ":"Osoba","funkce":"p\u0159edseda:","jm\u00E9no":"Ing. Lotar Indruch","datum_narozen\u00ED":"1940-07-10","adresa_ulice":"Bohuslava Martin\u016F 853/77","adresa_m\u011Bsto":"602 00 Brno","platnost_od":"1995-11-18"},{"typ":"Osoba","funkce":"m\u00EDstop\u0159edseda:","jm\u00E9no":"Ing. Ladislav Volf","adresa_ulice":"Na Kov\u00E1rn\u011B 1142/32","adresa_m\u011Bsto":"312 00 Plze\u0148","platnost_od":"1995-11-18"}]},{"typ":["Digit\u00E1ln\u00ED objekt","Politick\u00E1 strana nebo hnut\u00ED"],"iri":"https://mv.gov.cz/api/boards/SPS/strana/295","url":"https://aplikace.mv.gov.cz/seznam-politickych-stran/Vypis_Rejstrik.aspx?id=295","n\u00E1zev":"Republik\u00E1nsk\u00E1 strana","zkratka":"RS","adresa_s\u00EDdla":"Brno, 0","den_registrace":"1990-03-16","\u010D\u00EDslo_registrace":"AVS/1-3928/622/90","identifika\u010Dn\u00ED_\u010D\u00EDslo":"49466127","statut\u00E1rn\u00ED_org\u00E1n":"P\u0159edsednictvo, za kter\u00E9 jedn\u00E1 p\u0159edseda a m\u00EDstop\u0159edsedov\u00E9.","posledn\u00ED_zm\u011Bna_stanov":"1993-07-08","pozn\u00E1mka":"","organiza\u010Dn\u00ED_jednotky":[],"osoby":[{"typ":"Osoba","funkce":"p\u0159edseda:","jm\u00E9no":"Ilona T\u016Fmov\u00E1","adresa_ulice":"Jind\u0159i\u0161sk\u00E1 1759/8","adresa_m\u011Bsto":"110 00 Praha","platnost_od":"1998-02-28"},{"typ":"Osoba","funkce":"m\u00EDstop\u0159edseda:","jm\u00E9no":"Hana  Bro\u017Eovsk\u00E1","adresa_ulice":"\u00DAtuln\u00E1 498/22","adresa_m\u011Bsto":"108 00 Praha","platnost_od":"1998-02-28"},{"typ":"Osoba","funkce":"m\u00EDstop\u0159edseda:","jm\u00E9no":"Miroslav Frayer","adresa_ulice":"\u0160imonova 1105/2","adresa_m\u011Bsto":"163 00 Praha","platnost_od":"1998-02-28"}]},{"typ":["Digit\u00E1ln\u00ED objekt","Politick\u00E1 strana nebo hnut\u00ED"],"iri":"https://mv.gov.cz/api/boards/SPS/strana/296","url":"https://aplikace.mv.gov.cz/seznam-politickych-stran/Vypis_Rejstrik.aspx?id=296","n\u00E1zev":"Strana konzervativn\u00ED smlouvy","zkratka":"SKS","adresa_s\u00EDdla":"120 00 Praha, \u0158\u00EDmsk\u00E1 678/26","den_registrace":"1998-03-12","\u010D\u00EDslo_registrace":"VS/1-1/1398/98/r","identifika\u010Dn\u00ED_\u010D\u00EDslo":"67981291","statut\u00E1rn\u00ED_org\u00E1n":"P\u0159edsednictvo, za kter\u00E9 jedn\u00E1 p\u0159edseda.","posledn\u00ED_zm\u011Bna_stanov":"1998-09-24","pozn\u00E1mka":"","organiza\u010Dn\u00ED_jednotky":[],"osoby":[{"typ":"Osoba","funkce":"p\u0159edseda:","jm\u00E9no":"Zuzana  B\u00F6nischov\u00E1","datum_narozen\u00ED":"1953-01-11","adresa_ulice":"Lomen\u00E1 308/30","adresa_m\u011Bsto":"162 00 Praha","platnost_od":"2000-04-01"},{"typ":"Osoba","funkce":"m\u00EDstop\u0159edseda:","jm\u00E9no":"RNDr. \u010Cestm\u00EDr Hofhanzl","adresa_ulice":"Brat\u0159\u00ED \u010Capk\u016F 264","adresa_m\u011Bsto":"586 01 Tel\u010D","platnost_od":"2000-04-01"},{"typ":"Osoba","funkce":"m\u00EDstop\u0159edseda:","jm\u00E9no":"Mgr. Jan Kubal\u010D\u00EDk","datum_narozen\u00ED":"1972-08-26","adresa_ulice":"","adresa_m\u011Bsto":"798 53 Jesenec 62","platnost_od":"2000-04-01"},{"typ":"Osoba","funkce":"m\u00EDstop\u0159edseda:","jm\u00E9no":"MUDr. Miroslav Be\u0148o","datum_narozen\u00ED":"1951-07-30","adresa_ulice":"Staroosadn\u00ED 21","adresa_m\u011Bsto":"615 00 Brno","platnost_od":"2001-06-23"},{"typ":"Osoba","funkce":"kancl\u00E9\u0159:","jm\u00E9no":"Martin Rejman","datum_narozen\u00ED":"1940-02-13","adresa_ulice":"\u0158\u00EDmsk\u00E1 678/26","adresa_m\u011Bsto":"120 00 Praha","platnost_od":"2001-06-23"},{"typ":"Osoba","funkce":"\u010Dlen:","jm\u00E9no":"MUDr. Roman Jech","adresa_ulice":"9. kv\u011Btna 18","adresa_m\u011Bsto":"\u0160estajovice","platnost_od":"2000-04-01"},{"typ":"Osoba","funkce":"\u010Dlen:","jm\u00E9no":"Nata\u0161a \u0160turmov\u00E1","adresa_ulice":"U letensk\u00E9ho sadu 1304/18","adresa_m\u011Bsto":"170 00 Praha","platnost_od":"2000-04-01"}]},{"typ":["Digit\u00E1ln\u00ED objekt","Politick\u00E1 strana nebo hnut\u00ED"],"iri":"https://mv.gov.cz/api/boards/SPS/strana/297","url":"https://aplikace.mv.gov.cz/seznam-politickych-stran/Vypis_Rejstrik.aspx?id=297","n\u00E1zev":"Strana moravsk\u00E9ho venkova","zkratka":"SMV","adresa_s\u00EDdla":"\u0160umperk, 0","den_registrace":"1990-04-05","\u010D\u00EDslo_registrace":"AVS/1-928/90","identifika\u010Dn\u00ED_\u010D\u00EDslo":"44940017","statut\u00E1rn\u00ED_org\u00E1n":"P\u0159edseda.","posledn\u00ED_zm\u011Bna_stanov":"1995-02-28","pozn\u00E1mka":"","organiza\u010Dn\u00ED_jednotky":[],"osoby":[]},{"typ":["Digit\u00E1ln\u00ED objekt","Politick\u00E1 strana nebo hnut\u00ED"],"iri":"https://mv.gov.cz/api/boards/SPS/strana/298","url":"https://aplikace.mv.gov.cz/seznam-politickych-stran/Vypis_Rejstrik.aspx?id=298","n\u00E1zev":"Strana drobn\u00FDch podnikatel\u016F","zkratka":"SDP","adresa_s\u00EDdla":"160 00 Praha, Bubene\u010Dsk\u00E1 382/43","den_registrace":"1990-09-26","\u010D\u00EDslo_registrace":"VSP/4-2289/90","identifika\u010Dn\u00ED_\u010D\u00EDslo":"None","statut\u00E1rn\u00ED_org\u00E1n":"p\u0159edseda, sekret\u00E1\u0159","posledn\u00ED_zm\u011Bna_stanov":"1996-03-07","pozn\u00E1mka":"O p\u0159id\u011Blen\u00ED identifika\u010Dn\u00EDho \u010D\u00EDsla strana nepo\u017E\u00E1dala.","organiza\u010Dn\u00ED_jednotky":[],"osoby":[{"typ":"Osoba","funkce":"p\u0159edseda:","jm\u00E9no":"Zden\u011Bk  \u0160koda","adresa_ulice":"dr. Zikmunda Wintra 362/6","adresa_m\u011Bsto":"160 00 Praha","platnost_od":"1996-03-07"}]},{"typ":["Digit\u00E1ln\u00ED objekt","Politick\u00E1 strana nebo hnut\u00ED"],"iri":"https://mv.gov.cz/api/boards/SPS/strana/299","url":"https://aplikace.mv.gov.cz/seznam-politickych-stran/Vypis_Rejstrik.aspx?id=299","n\u00E1zev":"Dokto\u0159i (za uzdraven\u00ED spole\u010Dnosti)","zkratka":"Dokto\u0159i","adresa_s\u00EDdla":"362 21 Tisov\u00E1 158","den_registrace":"2008-03-21","\u010D\u00EDslo_registrace":"MV-26710-2/VS-2008","identifika\u010Dn\u00ED_\u010D\u00EDslo":"71339442","statut\u00E1rn\u00ED_org\u00E1n":"Rada hnut\u00ED, za kterou jednaj\u00ED dva jej\u00ED \u010Dlenov\u00E9, z nich\u017E alespo\u0148 jeden mus\u00ED b\u00FDt p\u0159edsedou \u010Di m\u00EDstop\u0159edsedou rady hnut\u00ED.","posledn\u00ED_zm\u011Bna_stanov":"2008-10-21","pozn\u00E1mka":"","organiza\u010Dn\u00ED_jednotky":[],"osoby":[{"typ":"Osoba","funkce":"p\u0159edseda:","jm\u00E9no":"Dalibor Stach","datum_narozen\u00ED":"1971-12-02","adresa_ulice":"Brig\u00E1dnick\u00E1 1035","adresa_m\u011Bsto":"363 01 Ostrov","platnost_od":"2013-01-08"},{"typ":"Osoba","funkce":"m\u00EDstop\u0159edseda:","jm\u00E9no":"MUDr. Pavel \u0160kap\u00EDk","datum_narozen\u00ED":"1961-08-10","adresa_ulice":"V\u00EDt\u011Bzn\u00E1 548/77","adresa_m\u011Bsto":"360 01 Karlovy Vary","platnost_od":"2008-07-25"},{"typ":"Osoba","funkce":"m\u00EDstop\u0159edseda:","jm\u00E9no":"MUDr. Berenika Podzemsk\u00E1","datum_narozen\u00ED":"1966-03-17","adresa_ulice":"Tisov\u00E1 158","adresa_m\u011Bsto":"362 21 Nejdek","platnost_od":"2010-08-27"},{"typ":"Osoba","funkce":"\u010Dlen:","jm\u00E9no":"MUDr. Jaroslav \u017D\u00E1k","datum_narozen\u00ED":"1963-06-01","adresa_ulice":"Z\u00E1meck\u00FD vrch 390/1","adresa_m\u011Bsto":"360 01 Karlovy Vary","platnost_od":"2010-08-27"}]},{"typ":["Digit\u00E1ln\u00ED objekt","Politick\u00E1 strana nebo hnut\u00ED"],"iri":"https://mv.gov.cz/api/boards/SPS/strana/301","url":"https://aplikace.mv.gov.cz/seznam-politickych-stran/Vypis_Rejstrik.aspx?id=301","n\u00E1zev":"\u010Ceskoslovensk\u00E1 strana socialistick\u00E1","zkratka":"\u010CSS","adresa_s\u00EDdla":"750 00 P\u0159erov, Palack\u00E9ho 77/1","den_registrace":"1993-12-17","\u010D\u00EDslo_registrace":"VS/1-7045/93","identifika\u010Dn\u00ED_\u010D\u00EDslo":"49628763","statut\u00E1rn\u00ED_org\u00E1n":"P\u0159edseda a tajemn\u00EDk.","posledn\u00ED_zm\u011Bna_stanov":"1998-07-14","pozn\u00E1mka":"","organiza\u010Dn\u00ED_jednotky":["okresn\u00ED, obvodn\u00ED, m\u011Bstsk\u00E9 a oblastn\u00ED organizace","z\u00E1kladn\u00ED \u010Dl\u00E1nky"],"osoby":[{"typ":"Osoba","funkce":"p\u0159edseda:","jm\u00E9no":"Jaroslav  Vojtek","datum_narozen\u00ED":"1947-05-14","adresa_ulice":"","adresa_m\u011Bsto":"751 03 Brodek u P\u0159erova 57","platnost_od":"1998-06-20"},{"typ":"Osoba","funkce":"tajemn\u00EDk:","jm\u00E9no":"","adresa_ulice":"","adresa_m\u011Bsto":"","platnost_od":"2019-10-30"}]},{"typ":["Digit\u00E1ln\u00ED objekt","Politick\u00E1 strana nebo hnut\u00ED"],"iri":"https://mv.gov.cz/api/boards/SPS/strana/302","url":"https://aplikace.mv.gov.cz/seznam-politickych-stran/Vypis_Rejstrik.aspx?id=302","n\u00E1zev":"Hnut\u00ED za prosperitu Brna","zkratka":"HPB","adresa_s\u00EDdla":"624 00 Brno, Jundrovsk\u00E1 1035/33","den_registrace":"1998-05-04","\u010D\u00EDslo_registrace":"VS/1-1/2255/1998","identifika\u010Dn\u00ED_\u010D\u00EDslo":"None","statut\u00E1rn\u00ED_org\u00E1n":"P\u0159edseda.,","pozn\u00E1mka":"O p\u0159id\u011Blen\u00ED identifika\u010Dn\u00EDho \u010D\u00EDsla strana - hnut\u00ED nepo\u017E\u00E1daly.","organiza\u010Dn\u00ED_jednotky":[],"osoby":[{"typ":"Osoba","funkce":"p\u0159edseda:","jm\u00E9no":"Ing. Zden\u011Bk \u010C\u00E1slava","adresa_ulice":"Me\u010D\u00ED\u0159ova 2760/19","adresa_m\u011Bsto":"612 00 Brno","platnost_od":"1998-10-17"}]},{"typ":["Digit\u00E1ln\u00ED objekt","Politick\u00E1 strana nebo hnut\u00ED"],"iri":"https://mv.gov.cz/api/boards/SPS/strana/303","url":"https://aplikace.mv.gov.cz/seznam-politickych-stran/Vypis_Rejstrik.aspx?id=303","n\u00E1zev":"4 VIZE - www.4vize.cz","zkratka":"4 VIZE","adresa_s\u00EDdla":"252 64 Velk\u00E9 P\u0159\u00EDlepy, M\u00E1chova 685","den_registrace":"2006-03-08","\u010D\u00EDslo_registrace":"VS-1708/SDR/1-2006","identifika\u010Dn\u00ED_\u010D\u00EDslo":"27023842","statut\u00E1rn\u00ED_org\u00E1n":"Hlavn\u00ED koordin\u00E1tor.","posledn\u00ED_zm\u011Bna_stanov":"2010-07-13","pozn\u00E1mka":"","organiza\u010Dn\u00ED_jednotky":[],"osoby":[{"typ":"Osoba","funkce":"Koordin\u00E1tor:","jm\u00E9no":"Zden\u011Bk Macura","datum_narozen\u00ED":"1974-05-06","adresa_ulice":"M\u00E1chova 685","adresa_m\u011Bsto":"252 64 Velk\u00E9 P\u0159\u00EDlepy","platnost_od":"2006-07-25"}]},{"typ":["Digit\u00E1ln\u00ED objekt","Politick\u00E1 strana nebo hnut\u00ED"],"iri":"https://mv.gov.cz/api/boards/SPS/strana/304","url":"https://aplikace.mv.gov.cz/seznam-politickych-stran/Vypis_Rejstrik.aspx?id=304","n\u00E1zev":"Volte Prav\u00FD Blok - stranu za snadnou a rychlou ODVOLATELNOST politik\u016F a st\u00E1tn\u00EDch \u00FA\u0159edn\u00EDk\u016F P\u0158\u00CDMO OB\u010CANY, za N\u00CDZK\u00C9 dan\u011B, VYROVNAN\u00DD rozpo\u010Det, MINIMALIZACI byrokracie, SPRAVEDLIVOU a NEZKORUMPOVANOU policii a justici, REFERENDA  a P\u0158\u00CDMOU demokracii WWW.CIBULKA.NET, kandiduj\u00EDc\u00ED s nejlep\u0161\u00EDm protikrimin\u00E1ln\u00EDm programem P\u0158\u00CDM\u00C9 demokracie a hlubok\u00E9ho n\u00E1rodn\u00EDho, duchovn\u00EDho a mravn\u00EDho obrozen\u00ED VY NEV\u011A\u0158\u00CDTE POLITIK\u016EM A JEJICH NOVIN\u00C1\u0158\u016EM? NO KONE\u010CN\u011A! V\u011A\u0158ME SAMI SOB\u011A!!! - ale i s mnoha dal\u0161\u00EDmi D\u016EVODY, pro\u010D bychom m\u011Bli j\u00EDt tentokr\u00E1t V\u0160ICHNI K VOLB\u00C1M, ale - pokud nechceme b\u00FDt ZNOVU obelh\u00E1ni, podvedeni a okradeni - NEVOLIT \u017D\u00C1DNOU PARLAMENTN\u00CD TUNEL - STRANU vl\u00E1dnouc\u00ED (post) komunistick\u00E9 RUSKO - \u010CESK\u00C9 totalitn\u00ED F\u00CDZLOKRACIE a jejich likvida\u010Dn\u00ED protin\u00E1rodn\u00ED politiku \u010C\u00CDM H\u016E\u0158E, T\u00CDM L\u00C9PE!!! - jen\u017E \u017E\u00E1d\u00E1  o volebn\u00ED podporu V\u0160ECHNY \u010CESK\u00C9 OB\u010CANY a da\u0148ov\u00E9 poplatn\u00EDky, kte\u0159\u00ED cht\u011Bj\u00ED zm\u011Bnit dne\u0161n\u00ED krimin\u00E1ln\u00ED pom\u011Bry, jejich\u017E jsme v\u0161ichni ob\u011Bt\u00ED, v jejich prav\u00FD opak! V BOJI MEZI DOBREM A ZLEM, PRAVDOU A L\u017D\u00CD, NELZE B\u00DDT NEUTR\u00C1LN\u00CD A P\u0158ESTO Z\u016ESTAT SLU\u0160N\u00DD!!! Proto d\u011Bkujeme za Va\u0161i podporu!!! Nev\u011B\u0159\u00EDte-li na pokoru u poprav\u010D\u00ED k\u00E1ry, zd\u00E1-li se v\u00E1m na\u0161e kandid\u00E1tka m\u00E1lo dokonal\u00E1 nebo postr\u00E1d\u00E1te-li na n\u00ED z\u00E1stupce sv\u00E9 obce nebo m\u011Bsta a p\u0159itom M\u00C1TE ODVAHU v t\u00E9to v\u00E1lce Lid\u00ED Dobra s vl\u00E1dnouc\u00EDmi Lidmi Zla povstat z jimi naordinovan\u00E9ho ob\u010Dansk\u00E9ho bezv\u011Bdom\u00ED, kter\u00FDm n\u00E1s ni\u010D\u00ED a dne\u0161n\u00ED DEMOKRATURU, SKRYTOU TOTALITU a OTROK\u00C1\u0158STV\u00CD VY\u0160\u0160\u00CDHO \u0158\u00C1DU z\u00E1sadn\u00EDm zp\u016Fsobem zm\u011Bnit, KANDIDUJTE ZA N\u00C1S!!! Kontakt: Volte Prav\u00FD Blok www.cibulka.net, PO BOX 595, 170 00 Praha 7","zkratka":"Volte Prav\u00FD Blok www.cibulka.net","adresa_s\u00EDdla":"170 00 Praha, Janovsk\u00E9ho 985/15","den_registrace":"1996-03-29","\u010D\u00EDslo_registrace":"II/s-OS/1-1371/96","identifika\u010Dn\u00ED_\u010D\u00EDslo":"64933911","statut\u00E1rn\u00ED_org\u00E1n":"P\u0159edseda.","posledn\u00ED_zm\u011Bna_stanov":"2016-07-26","pozn\u00E1mka":"","organiza\u010Dn\u00ED_jednotky":["m\u00EDstn\u00ED organizace"],"osoby":[{"typ":"Osoba","funkce":"p\u0159edseda:","jm\u00E9no":"Petr Cibulka","datum_narozen\u00ED":"1950-10-27","adresa_ulice":"Janovsk\u00E9ho 985/15","adresa_m\u011Bsto":"170 00 Praha","platnost_od":"2000-07-22"}]},{"typ":["Digit\u00E1ln\u00ED objekt","Politick\u00E1 strana nebo hnut\u00ED"],"iri":"https://mv.gov.cz/api/boards/SPS/strana/305","url":"https://aplikace.mv.gov.cz/seznam-politickych-stran/Vypis_Rejstrik.aspx?id=305","n\u00E1zev":"COEXISTENTIA","zkratka":"COEX","adresa_s\u00EDdla":"737 01 \u010Cesk\u00FD T\u011B\u0161\u00EDn, St\u0159elni\u010Dn\u00ED 209/28","den_registrace":"1990-02-27","\u010D\u00EDslo_registrace":"AVS/1-514/90","identifika\u010Dn\u00ED_\u010D\u00EDslo":"494887","statut\u00E1rn\u00ED_org\u00E1n":"P\u0159edseda.","posledn\u00ED_zm\u011Bna_stanov":"2019-11-28","pozn\u00E1mka":"","organiza\u010Dn\u00ED_jednotky":["m\u00EDstn\u00ED a oblastn\u00ED skupiny"],"osoby":[{"typ":"Osoba","funkce":"p\u0159edseda:","jm\u00E9no":"dr. Ing. Stanislav Gawlik","datum_narozen\u00ED":"1941-05-06","adresa_ulice":"Ka\u0161tanov\u00E1 866","adresa_m\u011Bsto":"739 92 N\u00E1vs\u00ED","platnost_od":"2025-05-24"}]},{"typ":["Digit\u00E1ln\u00ED objekt","Politick\u00E1 strana nebo hnut\u00ED"],"iri":"https://mv.gov.cz/api/boards/SPS/strana/306","url":"https://aplikace.mv.gov.cz/seznam-politickych-stran/Vypis_Rejstrik.aspx?id=306","n\u00E1zev":"Konzervativn\u00ED strana","zkratka":"KONS","adresa_s\u00EDdla":"110 00 Praha, Rybn\u00E1 716/24","den_registrace":"1990-03-16","\u010D\u00EDslo_registrace":"AVS/1-714/90","identifika\u010Dn\u00ED_\u010D\u00EDslo":"15271960","statut\u00E1rn\u00ED_org\u00E1n":"P\u0159edsednictvo, za kter\u00E9 jedn\u00E1 p\u0159edseda nebo dva \u010Dlenov\u00E9 p\u0159edsednictva.","posledn\u00ED_zm\u011Bna_stanov":"2018-02-20","pozn\u00E1mka":"","organiza\u010Dn\u00ED_jednotky":["m\u00EDstn\u00ED sdru\u017Een\u00ED"],"osoby":[{"typ":"Osoba","funkce":"p\u0159edseda:","jm\u00E9no":"RNDr. Jan Kubal\u010D\u00EDk, Ph.D.","datum_narozen\u00ED":"1972-08-26","adresa_ulice":"","adresa_m\u011Bsto":"798 53 Jesenec 62","platnost_od":"2017-05-20"},{"typ":"Osoba","funkce":"m\u00EDstop\u0159edseda:","jm\u00E9no":"Mgr. Ing. Michal Struha","datum_narozen\u00ED":"1977-04-26","adresa_ulice":"Ba\u0161kirsk\u00E1 1407/7","adresa_m\u011Bsto":"101 00 Praha","platnost_od":"2017-05-20"},{"typ":"Osoba","funkce":"kancl\u00E9\u0159:","jm\u00E9no":"Ing. Jan Mega","datum_narozen\u00ED":"1953-01-24","adresa_ulice":"Tyr\u0161ova 443","adresa_m\u011Bsto":"664 42 Mod\u0159ice","platnost_od":"2018-05-12"},{"typ":"Osoba","funkce":"\u010Dlen p\u0159edsednictva:","jm\u00E9no":"Mgr. Cyril Modra","datum_narozen\u00ED":"1974-12-09","adresa_ulice":"Rybn\u00ED\u010Dek 321/3","adresa_m\u011Bsto":"602 00 Brno","platnost_od":"2018-05-12"},{"typ":"Osoba","funkce":"\u010Dlen p\u0159edsednictva:","jm\u00E9no":"Du\u0161an Stuchl\u00EDk","datum_narozen\u00ED":"1972-03-01","adresa_ulice":"","adresa_m\u011Bsto":"410 02 Vchynice 9","platnost_od":"2018-05-12"},{"typ":"Osoba","funkce":"\u010Dlenka p\u0159edsednictva:","jm\u00E9no":"Ing. Kristina \u0160tefanov\u00E1 Hol\u00EDkov\u00E1","datum_narozen\u00ED":"1978-09-12","adresa_ulice":"Lu\u017En\u00E1 291/19","adresa_m\u011Bsto":"617 00 Brno","platnost_od":"2018-05-12"},{"typ":"Osoba","funkce":"\u010Dlenka p\u0159edsednictva:","jm\u00E9no":"Gabriela Sedl\u00E1\u010Dkov\u00E1","datum_narozen\u00ED":"1985-01-30","adresa_ulice":"Chel\u010Dick\u00E9ho 1129/10","adresa_m\u011Bsto":"130 00 Praha","platnost_od":"2022-09-17"}]},{"typ":["Digit\u00E1ln\u00ED objekt","Politick\u00E1 strana nebo hnut\u00ED"],"iri":"https://mv.gov.cz/api/boards/SPS/strana/307","url":"https://aplikace.mv.gov.cz/seznam-politickych-stran/Vypis_Rejstrik.aspx?id=307","n\u00E1zev":"Evropsk\u00E1 demokratick\u00E1 strana","zkratka":"EDS","adresa_s\u00EDdla":"160 00 Praha, Na ba\u0161t\u011B sv. Ji\u0159\u00ED 259/9","den_registrace":"2008-11-19","\u010D\u00EDslo_registrace":"MV-83369-5/VS-2008","identifika\u010Dn\u00ED_\u010D\u00EDslo":"71339566","statut\u00E1rn\u00ED_org\u00E1n":"P\u0159edsednictvo, kter\u00E9 jedn\u00E1 v\u017Edy spole\u010Dn\u011B dv\u011Bma \u010Dleny, z nich\u017E alespo\u0148 jeden je p\u0159edsedou, druh\u00FD \u010Dlenem p\u0159edsednictva.","posledn\u00ED_zm\u011Bna_stanov":"2009-12-28","pozn\u00E1mka":"","organiza\u010Dn\u00ED_jednotky":[],"osoby":[{"typ":"Osoba","funkce":"p\u0159edseda:","jm\u00E9no":"Jana  Hyb\u00E1\u0161kov\u00E1","datum_narozen\u00ED":"1965-06-26","adresa_ulice":"Na ba\u0161t\u011B sv. Ji\u0159\u00ED 259/9","adresa_m\u011Bsto":"160 00 Praha","platnost_od":"2008-11-24"},{"typ":"Osoba","funkce":"1. m\u00EDstop\u0159edseda:","jm\u00E9no":"RNDr. V\u00E1clav \u0160r\u00E1mek","datum_narozen\u00ED":"1950-08-05","adresa_ulice":"Jerevansk\u00E1 727/4","adresa_m\u011Bsto":"100 00 Praha","platnost_od":"2009-11-27"},{"typ":"Osoba","funkce":"m\u00EDstop\u0159edseda:","jm\u00E9no":"Jaroslav \u010Capek","adresa_ulice":"","adresa_m\u011Bsto":"","platnost_od":"2009-11-27"}]},{"typ":["Digit\u00E1ln\u00ED objekt","Politick\u00E1 strana nebo hnut\u00ED"],"iri":"https://mv.gov.cz/api/boards/SPS/strana/308","url":"https://aplikace.mv.gov.cz/seznam-politickych-stran/Vypis_Rejstrik.aspx?id=308","n\u00E1zev":"Liga spo\u0159\u00E1dan\u00FDch lid\u00ED","zkratka":"LSL","adresa_s\u00EDdla":"263 01 Dob\u0159\u00ED\u0161, U Ov\u010D\u00EDna 1452","den_registrace":"2008-11-24","\u010D\u00EDslo_registrace":"MV-82670-5/VS-2008","identifika\u010Dn\u00ED_\u010D\u00EDslo":"71339574","statut\u00E1rn\u00ED_org\u00E1n":"P\u0159edsednictvo. Pr\u00E1vn\u00ED \u00FAkony ve v\u011Bcech t\u00FDkaj\u00EDc\u00EDch se n\u00E1kupu, prodeje nebo zat\u011B\u017Eov\u00E1n\u00ED nemovitost\u00ED, \u00FAv\u011Br\u016F a p\u016Fj\u010Dek a ud\u011Blen\u00ED pln\u00E9 moci v p\u00EDsemn\u00E9 form\u011B \u010Din\u00ED v\u017Edy dva \u010Dlenov\u00E9 p\u0159edsednictva spole\u010Dn\u011B, z nich\u017E jeden je p\u0159edseda \u010Di m\u00EDstop\u0159edseda. Ostatn\u00ED pr\u00E1vn\u00ED \u00FAkony \u010Din\u00ED p\u0159edseda.","posledn\u00ED_zm\u011Bna_stanov":"2011-01-12","pozn\u00E1mka":"","organiza\u010Dn\u00ED_jednotky":["m\u00EDstn\u00ED organizace","okrskov\u00E9 organizace"],"osoby":[{"typ":"Osoba","funkce":"p\u0159edseda:","jm\u00E9no":"Milan Tich\u00FD","datum_narozen\u00ED":"1947-04-11","adresa_ulice":"U Ov\u010D\u00EDna 1452","adresa_m\u011Bsto":"263 01 Dob\u0159\u00ED\u0161","platnost_od":"2009-02-03"},{"typ":"Osoba","funkce":"m\u00EDstop\u0159edseda:","jm\u00E9no":"JUDr. Jaroslav Musil","datum_narozen\u00ED":"1941-04-26","adresa_ulice":"Anton\u00EDna Dvo\u0159\u00E1ka 90","adresa_m\u011Bsto":"263 01 Dob\u0159\u00ED\u0161","platnost_od":"2009-02-03"},{"typ":"Osoba","funkce":"\u010Dlen p\u0159edsednictva:","jm\u00E9no":"Ing. Ji\u0159\u00ED \u0160ebek","datum_narozen\u00ED":"1959-11-23","adresa_ulice":"U Slavie 701","adresa_m\u011Bsto":"263 01 Dob\u0159\u00ED\u0161","platnost_od":"2010-11-25"},{"typ":"Osoba","funkce":"\u010Dlen p\u0159edsednictva:","jm\u00E9no":"Dagmar  Drncov\u00E1","datum_narozen\u00ED":"1958-02-19","adresa_ulice":"U Ov\u010D\u00EDna 1451","adresa_m\u011Bsto":"263 01 Dob\u0159\u00ED\u0161","platnost_od":"2010-11-25"}]},{"typ":["Digit\u00E1ln\u00ED objekt","Politick\u00E1 strana nebo hnut\u00ED"],"iri":"https://mv.gov.cz/api/boards/SPS/strana/309","url":"https://aplikace.mv.gov.cz/seznam-politickych-stran/Vypis_Rejstrik.aspx?id=309","n\u00E1zev":"Lid\u00E9 a Politika","zkratka":"LAP","adresa_s\u00EDdla":"252 26 T\u0159ebotov, Koso\u0159 1","den_registrace":"2008-11-27","\u010D\u00EDslo_registrace":"MV-77334-9/VS-2008","identifika\u010Dn\u00ED_\u010D\u00EDslo":"71339582","statut\u00E1rn\u00ED_org\u00E1n":"P\u0159edseda.","pozn\u00E1mka":"","organiza\u010Dn\u00ED_jednotky":["krajsk\u00E9 organizace","m\u00EDstn\u00ED bu\u0148ka","oblastn\u00ED sdru\u017Een\u00ED"],"osoby":[{"typ":"Osoba","funkce":"p\u0159edseda:","jm\u00E9no":"Ji\u0159\u00ED  Michali\u010Dka","datum_narozen\u00ED":"1969-06-21","adresa_ulice":"Goetheho 1077/23","adresa_m\u011Bsto":"160 00 Praha","platnost_od":"2009-01-07"}]},{"typ":["Digit\u00E1ln\u00ED objekt","Politick\u00E1 strana nebo hnut\u00ED"],"iri":"https://mv.gov.cz/api/boards/SPS/strana/310","url":"https://aplikace.mv.gov.cz/seznam-politickych-stran/Vypis_Rejstrik.aspx?id=310","n\u00E1zev":"\u201EM\u00EDrov\u00E9 hnut\u00ED 2007\u0022","zkratka":"\u201EMH-2007\u0022","adresa_s\u00EDdla":"170 04 Praha , AS Tusarova  60","den_registrace":"2008-12-10","\u010D\u00EDslo_registrace":"MV-45910-17/VS-2008","identifika\u010Dn\u00ED_\u010D\u00EDslo":"71339591","statut\u00E1rn\u00ED_org\u00E1n":"P\u0159edseda.","posledn\u00ED_zm\u011Bna_stanov":"2010-08-05","pozn\u00E1mka":"","organiza\u010Dn\u00ED_jednotky":["z\u00E1kladn\u00ED organizace"],"osoby":[{"typ":"Osoba","funkce":"p\u0159edseda:","jm\u00E9no":"Miloslav Jand\u00EDk","datum_narozen\u00ED":"1942-08-13","adresa_ulice":"Tupolevova 465","adresa_m\u011Bsto":"199 00 Praha","platnost_od":"2009-03-28"}]},{"typ":["Digit\u00E1ln\u00ED objekt","Politick\u00E1 strana nebo hnut\u00ED"],"iri":"https://mv.gov.cz/api/boards/SPS/strana/311","url":"https://aplikace.mv.gov.cz/seznam-politickych-stran/Vypis_Rejstrik.aspx?id=311","n\u00E1zev":"Libertas.cz","zkratka":"Libertas","adresa_s\u00EDdla":"110 00 Praha, Dlouh\u00E1 616/12","den_registrace":"2009-01-13","\u010D\u00EDslo_registrace":"MV-1495-2/VS-2009","identifika\u010Dn\u00ED_\u010D\u00EDslo":"71339604","statut\u00E1rn\u00ED_org\u00E1n":"P\u0159edseda a m\u00EDstop\u0159edseda, kte\u0159\u00ED jednaj\u00ED spole\u010Dn\u011B.","posledn\u00ED_zm\u011Bna_stanov":"2009-04-01","pozn\u00E1mka":"","organiza\u010Dn\u00ED_jednotky":["krajsk\u00E1 organizace"],"osoby":[{"typ":"Osoba","funkce":"p\u0159edseda:","jm\u00E9no":"Jan Fuka","datum_narozen\u00ED":"1953-03-28","adresa_ulice":"","adresa_m\u011Bsto":"431 91 Lou\u010Dn\u00E1 pod Kl\u00EDnovcem 100E","platnost_od":"2009-03-07"},{"typ":"Osoba","funkce":"m\u00EDstop\u0159edseda:","jm\u00E9no":"Jaroslava Fukov\u00E1","datum_narozen\u00ED":"1958-01-11","adresa_ulice":"Krokova 4553","adresa_m\u011Bsto":"430 01 Chomutov","platnost_od":"2010-03-28"}]},{"typ":["Digit\u00E1ln\u00ED objekt","Politick\u00E1 strana nebo hnut\u00ED"],"iri":"https://mv.gov.cz/api/boards/SPS/strana/312","url":"https://aplikace.mv.gov.cz/seznam-politickych-stran/Vypis_Rejstrik.aspx?id=312","n\u00E1zev":"Svobodn\u00ED","zkratka":"Svobodn\u00ED","adresa_s\u00EDdla":"120 00 Praha, Peruck\u00E1 2196/14","den_registrace":"2009-02-06","\u010D\u00EDslo_registrace":"MV-4812-4/VS-2009","identifika\u010Dn\u00ED_\u010D\u00EDslo":"71339612","statut\u00E1rn\u00ED_org\u00E1n":"Republikov\u00E9 p\u0159edsednictvo, za kter\u00E9 jedn\u00E1 p\u0159edseda.","posledn\u00ED_zm\u011Bna_stanov":"2025-01-30","pozn\u00E1mka":"","organiza\u010Dn\u00ED_jednotky":["krajsk\u00E1 sdru\u017Een\u00ED"],"osoby":[{"typ":"Osoba","funkce":"p\u0159edseda:","jm\u00E9no":"Mgr. Libor Vondr\u00E1\u010Dek","datum_narozen\u00ED":"1994-07-29","adresa_ulice":"Sl\u00E1dk\u016Fv kopec 1089","adresa_m\u011Bsto":"377 01 Jind\u0159ich\u016Fv Hradec","platnost_od":"2019-10-17"},{"typ":"Osoba","funkce":"m\u00EDstop\u0159edseda:","jm\u00E9no":"Mgr. Lubo\u0161 Z\u00E1lom","datum_narozen\u00ED":"1981-01-25","adresa_ulice":"Havl\u00ED\u010Dkova 9","adresa_m\u011Bsto":"266 01 Beroun","platnost_od":"2019-10-29"},{"typ":"Osoba","funkce":"m\u00EDstop\u0159edseda:","jm\u00E9no":"MUDr. Miroslav Havrda","datum_narozen\u00ED":"1963-10-23","adresa_ulice":"Turinsk\u00E9ho 1671/4","adresa_m\u011Bsto":"500 02 Hradec Kr\u00E1lov\u00E9","platnost_od":"2021-02-20"}]},{"typ":["Digit\u00E1ln\u00ED objekt","Politick\u00E1 strana nebo hnut\u00ED"],"iri":"https://mv.gov.cz/api/boards/SPS/strana/313","url":"https://aplikace.mv.gov.cz/seznam-politickych-stran/Vypis_Rejstrik.aspx?id=313","n\u00E1zev":"Demokratick\u00E1 strana zelen\u00FDch - ZA PR\u00C1VA ZV\u00CD\u0158AT","zkratka":"DSZ - ZA PR\u00C1VA ZV\u00CD\u0158AT","adresa_s\u00EDdla":"345 34 Klen\u010D\u00ED pod \u010Cerchovem 34","den_registrace":"2009-03-10","\u010D\u00EDslo_registrace":"MV-14845-4/VS-2009","identifika\u010Dn\u00ED_\u010D\u00EDslo":"71339647","statut\u00E1rn\u00ED_org\u00E1n":"P\u0159edseda.","posledn\u00ED_zm\u011Bna_stanov":"2019-01-23","pozn\u00E1mka":"","organiza\u010Dn\u00ED_jednotky":["bu\u0148ka","krajsk\u00E1 organizace"],"osoby":[{"typ":"Osoba","funkce":"p\u0159edseda:","jm\u00E9no":"Ji\u0159\u00ED  Anderle","datum_narozen\u00ED":"1969-08-07","adresa_ulice":"","adresa_m\u011Bsto":"345 34 Klen\u010D\u00ED pod \u010Cerchovem 34","platnost_od":"2012-06-30"}]},{"typ":["Digit\u00E1ln\u00ED objekt","Politick\u00E1 strana nebo hnut\u00ED"],"iri":"https://mv.gov.cz/api/boards/SPS/strana/315","url":"https://aplikace.mv.gov.cz/seznam-politickych-stran/Vypis_Rejstrik.aspx?id=315","n\u00E1zev":"\u010CESK\u00DD POLITICK\u00DD ST\u0158ED","zkratka":"\u010CPST","adresa_s\u00EDdla":"110 00 Praha, V\u00E1clavsk\u00E9 n\u00E1m\u011Bst\u00ED 846/1","den_registrace":"2009-03-24","\u010D\u00EDslo_registrace":"MV-21271-4/VS-2009","identifika\u010Dn\u00ED_\u010D\u00EDslo":"71339663","statut\u00E1rn\u00ED_org\u00E1n":"V\u00FDkonn\u00FD v\u00FDbor \u00DAV, za kter\u00FD jedn\u00E1 p\u0159edseda nebo pov\u011B\u0159en\u00FD m\u00EDstop\u0159edseda \u00DAV strany.","posledn\u00ED_zm\u011Bna_stanov":"2010-07-30","pozn\u00E1mka":"","organiza\u010Dn\u00ED_jednotky":["krajsk\u00E9 organizace","m\u00EDstn\u00ED organizace"],"osoby":[{"typ":"Osoba","funkce":"\u010Dlen:","jm\u00E9no":"Jana Va\u0148kov\u00E1","datum_narozen\u00ED":"1951-09-17","adresa_ulice":"Doubravick\u00E1 1303/6","adresa_m\u011Bsto":"149 00 Praha","platnost_od":"2009-06-25"},{"typ":"Osoba","funkce":"\u010Dlen:","jm\u00E9no":"JUDr. Ji\u0159\u00ED Kutil","datum_narozen\u00ED":"1941-11-09","adresa_ulice":"Radlick\u00E1 2343/48","adresa_m\u011Bsto":"150 00 Praha","platnost_od":"2009-06-25"},{"typ":"Osoba","funkce":"\u010Dlen:","jm\u00E9no":"Bohumil Vesel\u00FD","datum_narozen\u00ED":"1950-11-27","adresa_ulice":"","adresa_m\u011Bsto":"286 01 \u010Cejkovice 35","platnost_od":"2010-01-11"}]},{"typ":["Digit\u00E1ln\u00ED objekt","Politick\u00E1 strana nebo hnut\u00ED"],"iri":"https://mv.gov.cz/api/boards/SPS/strana/316","url":"https://aplikace.mv.gov.cz/seznam-politickych-stran/Vypis_Rejstrik.aspx?id=316","n\u00E1zev":"Strana soukromn\u00EDk\u016F \u010Cesk\u00E9 republiky","zkratka":"Soukromn\u00EDci","adresa_s\u00EDdla":"110 00 Praha, \u0160kolsk\u00E1 660/3","den_registrace":"2009-03-13","\u010D\u00EDslo_registrace":"MV-15624-6/VS-2009","identifika\u010Dn\u00ED_\u010D\u00EDslo":"71339655","statut\u00E1rn\u00ED_org\u00E1n":"P\u0159edsednictvo, za kter\u00E9 jedn\u00E1 samostatn\u011B p\u0159edseda nebo prvn\u00ED m\u00EDstop\u0159edseda, jedn\u00E1-li se o finan\u010Dn\u00ED operace ve v\u00FD\u0161i nad 100.000,-K\u010D, je nutn\u00FD podpis p\u0159edsedy spole\u010Dn\u011B s podpisem 1. m\u00EDstop\u0159edsedy nebo p\u0159edsedy a  dvou m\u00EDstop\u0159edsed\u016F, resp. 1. m\u00EDstop\u0159edsedy a dvou m\u00EDstop\u0159edsed\u016F.","posledn\u00ED_zm\u011Bna_stanov":"2025-04-02","pozn\u00E1mka":"","organiza\u010Dn\u00ED_jednotky":["kraj","m\u00EDstn\u00ED kluby"],"osoby":[{"typ":"Osoba","funkce":"p\u0159edseda:","jm\u00E9no":"Petr Bajer","datum_narozen\u00ED":"1967-05-13","adresa_ulice":"Ottmarova 1149","adresa_m\u011Bsto":"534 01 Holice","platnost_od":"2013-12-07"},{"typ":"Osoba","funkce":"1. m\u00EDstop\u0159edseda:","jm\u00E9no":"Ing. Ladislav Linek","datum_narozen\u00ED":"1959-05-04","adresa_ulice":"Sob\u011Bslavsk\u00E1 2314/15","adresa_m\u011Bsto":"130 00 Praha","platnost_od":"2017-06-10"},{"typ":"Osoba","funkce":"m\u00EDstop\u0159edseda:","jm\u00E9no":"Petr Jur\u010Da","datum_narozen\u00ED":"1965-09-27","adresa_ulice":"Bezru\u010Dova 1204","adresa_m\u011Bsto":"357 35 Chodov","platnost_od":"2022-11-26"},{"typ":"Osoba","funkce":"m\u00EDstop\u0159edseda:","jm\u00E9no":"Robert Ku\u010Dera","datum_narozen\u00ED":"1969-09-23","adresa_ulice":"Ratbo\u0159sk\u00E1 298","adresa_m\u011Bsto":"190 16 Praha","platnost_od":"2025-11-29"},{"typ":"Osoba","funkce":"\u010Dlen:","jm\u00E9no":"Jaroslav Sojka","datum_narozen\u00ED":"1971-04-20","adresa_ulice":"Pod H\u00E1jkem 93/45","adresa_m\u011Bsto":"664 91 Ivan\u010Dice","platnost_od":"2022-11-26"},{"typ":"Osoba","funkce":"\u010Dlen:","jm\u00E9no":"Otto Jarol\u00EDmek","datum_narozen\u00ED":"1961-04-03","adresa_ulice":"Rub\u00EDnov\u00E1 1926","adresa_m\u011Bsto":"511 01 Turnov","platnost_od":"2025-11-29"},{"typ":"Osoba","funkce":"\u010Dlenka:","jm\u00E9no":"Zora Ml\u010D\u00E1kov\u00E1","datum_narozen\u00ED":"1956-02-23","adresa_ulice":"","adresa_m\u011Bsto":"373 84 Dubn\u00E9 179","platnost_od":"2024-11-16"}]},{"typ":["Digit\u00E1ln\u00ED objekt","Politick\u00E1 strana nebo hnut\u00ED"],"iri":"https://mv.gov.cz/api/boards/SPS/strana/317","url":"https://aplikace.mv.gov.cz/seznam-politickych-stran/Vypis_Rejstrik.aspx?id=317","n\u00E1zev":"OB\u010CAN\u00C9.CZ","zkratka":"Ob\u010Dan\u00E9","adresa_s\u00EDdla":"140 21 Praha, 5. kv\u011Btna 1640/65","den_registrace":"2009-04-20","\u010D\u00EDslo_registrace":"MV-23857-4/VS-2009","identifika\u010Dn\u00ED_\u010D\u00EDslo":"71339671","statut\u00E1rn\u00ED_org\u00E1n":"P\u0159edsednictvo, za kter\u00E9 jedn\u00E1 p\u0159edseda nebo j\u00EDm pov\u011B\u0159en\u00FD m\u00EDstop\u0159edseda.","posledn\u00ED_zm\u011Bna_stanov":"2012-04-04","pozn\u00E1mka":"","organiza\u010Dn\u00ED_jednotky":["krajsk\u00E9 sdru\u017Een\u00ED","m\u00EDstn\u00ED organizace","region\u00E1ln\u00ED sdru\u017Een\u00ED"],"osoby":[{"typ":"Osoba","funkce":"p\u0159edseda:","jm\u00E9no":"Petr  Havl\u00EDk","datum_narozen\u00ED":"1959-04-21","adresa_ulice":"Na h\u0159ebenech II 1163/3c","adresa_m\u011Bsto":"147 00 Praha","platnost_od":"2009-06-13"},{"typ":"Osoba","funkce":"m\u00EDstop\u0159edsedkyn\u011B:","jm\u00E9no":"Marcela Roche","datum_narozen\u00ED":"1973-04-17","adresa_ulice":"","adresa_m\u011Bsto":"388 01 Uzeni\u010Dky 5","platnost_od":"2009-10-03"},{"typ":"Osoba","funkce":"m\u00EDstop\u0159edseda:","jm\u00E9no":"Ivan Piln\u00FD","datum_narozen\u00ED":"1944-07-06","adresa_ulice":"Za Poho\u0159elcem 696/6","adresa_m\u011Bsto":"169 00 Praha","platnost_od":"2009-06-13"},{"typ":"Osoba","funkce":"m\u00EDstop\u0159edseda:","jm\u00E9no":"Ing. Libor Halman","datum_narozen\u00ED":"1955-11-25","adresa_ulice":"Nitransk\u00E1 918/14","adresa_m\u011Bsto":"130 00 Praha","platnost_od":"2014-07-09"}]},{"typ":["Digit\u00E1ln\u00ED objekt","Politick\u00E1 strana nebo hnut\u00ED"],"iri":"https://mv.gov.cz/api/boards/SPS/strana/318","url":"https://aplikace.mv.gov.cz/seznam-politickych-stran/Vypis_Rejstrik.aspx?id=318","n\u00E1zev":"\u201E1. Sdru\u017Een\u00ED nez\u00E1visl\u00FDch kandid\u00E1t\u016F m\u011Bsta T\u00E1bor\u201D","zkratka":"1 SNK","adresa_s\u00EDdla":"390 01 T\u00E1bor, Var\u0161avsk\u00E1 2742/6","den_registrace":"1998-08-31","\u010D\u00EDslo_registrace":"VS/1-1/4943/98-R","identifika\u010Dn\u00ED_\u010D\u00EDslo":"70932611","statut\u00E1rn\u00ED_org\u00E1n":"P\u0159edseda p\u0159edstavenstva.","posledn\u00ED_zm\u011Bna_stanov":"2006-03-07","pozn\u00E1mka":"","organiza\u010Dn\u00ED_jednotky":[],"osoby":[{"typ":"Osoba","funkce":"p\u0159edseda p\u0159edstavenstva:","jm\u00E9no":"Mgr. Dagmar Jarol\u00EDmov\u00E1","adresa_ulice":"U \u0160p\u00FDcharu 30","adresa_m\u011Bsto":"391 56 T\u00E1bor","platnost_od":"2006-02-15"}]},{"typ":["Digit\u00E1ln\u00ED objekt","Politick\u00E1 strana nebo hnut\u00ED"],"iri":"https://mv.gov.cz/api/boards/SPS/strana/319","url":"https://aplikace.mv.gov.cz/seznam-politickych-stran/Vypis_Rejstrik.aspx?id=319","n\u00E1zev":"Hnut\u00ED Za Telefonov\u00E1n\u00ED Zdarma","zkratka":"HZTZ.CZ","adresa_s\u00EDdla":"466 01 Jablonec nad Nisou, M\u00E1chova 766/29","den_registrace":"2009-06-15","\u010D\u00EDslo_registrace":"MV-32981-8/VS-2009","identifika\u010Dn\u00ED_\u010D\u00EDslo":"71339680","statut\u00E1rn\u00ED_org\u00E1n":"Guru.","pozn\u00E1mka":"","organiza\u010Dn\u00ED_jednotky":[],"osoby":[{"typ":"Osoba","funkce":"Guru:","jm\u00E9no":"Tom\u00E1\u0161  Jen\u010Dek","datum_narozen\u00ED":"1981-10-24","adresa_ulice":"M\u00E1chova 29","adresa_m\u011Bsto":"466 01 Jablonec nad Nisou","platnost_od":"2009-06-30"}]},{"typ":["Digit\u00E1ln\u00ED objekt","Politick\u00E1 strana nebo hnut\u00ED"],"iri":"https://mv.gov.cz/api/boards/SPS/strana/320","url":"https://aplikace.mv.gov.cz/seznam-politickych-stran/Vypis_Rejstrik.aspx?id=320","n\u00E1zev":"\u010Cesk\u00E1 pir\u00E1tsk\u00E1 strana","zkratka":"Pir\u00E1ti","adresa_s\u00EDdla":"128 00 Praha, Na Mor\u00E1ni 360/3","den_registrace":"2009-06-17","\u010D\u00EDslo_registrace":"MV-39553-7/VS-2009","identifika\u010Dn\u00ED_\u010D\u00EDslo":"71339698","statut\u00E1rn\u00ED_org\u00E1n":"Republikov\u00E9 p\u0159edsednictvo, za kter\u00E9 jedn\u00E1 p\u0159edseda nebo jin\u00FD pov\u011B\u0159en\u00FD \u010Dlen p\u0159edsednictva.","posledn\u00ED_zm\u011Bna_stanov":"2026-02-02","pozn\u00E1mka":"","organiza\u010Dn\u00ED_jednotky":["krajsk\u00E1 sdru\u017Een\u00ED","m\u00EDstn\u00ED sdru\u017Een\u00ED"],"osoby":[{"typ":"Osoba","funkce":"p\u0159edseda:","jm\u00E9no":"MUDr. Zden\u011Bk H\u0159ib","datum_narozen\u00ED":"1981-05-21","adresa_ulice":"n\u00E1m\u011Bst\u00ED Svatopluka \u010Cecha 1356/8","adresa_m\u011Bsto":"101 00 Praha","platnost_od":"2024-11-09"},{"typ":"Osoba","funkce":"1. m\u00EDstop\u0159edseda:","jm\u00E9no":"Ing. et Ing. Martin \u0160m\u00EDda","datum_narozen\u00ED":"1985-06-11","adresa_ulice":"U sokolovny 144","adresa_m\u011Bsto":"751 03 Majet\u00EDn","platnost_od":"2024-11-09"},{"typ":"Osoba","funkce":"2. m\u00EDstop\u0159edsedkyn\u011B:","jm\u00E9no":"Mgr. Kate\u0159ina Stojanov\u00E1","datum_narozen\u00ED":"1998-06-28","adresa_ulice":"U Stadionu 272/7","adresa_m\u011Bsto":"412 01 Litom\u011B\u0159ice","platnost_od":"2026-01-17"},{"typ":"Osoba","funkce":"3. m\u00EDstop\u0159edseda:","jm\u00E9no":"Ji\u0159\u00ED Hlavenka","datum_narozen\u00ED":"1964-10-26","adresa_ulice":"","adresa_m\u011Bsto":"664 71 Bran\u00ED\u0161kov 54","platnost_od":"2026-01-17"},{"typ":"Osoba","funkce":"4. m\u00EDstop\u0159edsedkyn\u011B:","jm\u00E9no":"PhDr. Olga  Richterov\u00E1, Ph.D.","datum_narozen\u00ED":"1985-01-21","adresa_ulice":"Obloukov\u00E1 491/14","adresa_m\u011Bsto":"101 00 Praha","platnost_od":"2026-01-17"}]},{"typ":["Digit\u00E1ln\u00ED objekt","Politick\u00E1 strana nebo hnut\u00ED"],"iri":"https://mv.gov.cz/api/boards/SPS/strana/321","url":"https://aplikace.mv.gov.cz/seznam-politickych-stran/Vypis_Rejstrik.aspx?id=321","n\u00E1zev":"TOP 09","zkratka":"TOP 09","adresa_s\u00EDdla":"110 00 Praha, Opletalova 1603/57","den_registrace":"2009-06-26","\u010D\u00EDslo_registrace":"MV-43744-6/VS-2009","identifika\u010Dn\u00ED_\u010D\u00EDslo":"71339728","statut\u00E1rn\u00ED_org\u00E1n":"P\u0159edsednictvo, za kter\u00E9 jednaj\u00ED navenek p\u0159edseda nebo samostatn\u011B prvn\u00ED m\u00EDstop\u0159edseda anebo spole\u010Dn\u011B m\u00EDstop\u0159edseda strany a dal\u0161\u00ED \u010Dlen p\u0159edsednictva.","posledn\u00ED_zm\u011Bna_stanov":"2025-11-20","pozn\u00E1mka":"","organiza\u010Dn\u00ED_jednotky":["krajsk\u00E1 organizace","m\u00EDstn\u00ED organizace","region\u00E1ln\u00ED organizace"],"osoby":[{"typ":"Osoba","funkce":"p\u0159edseda:","jm\u00E9no":"Mat\u011Bj Ond\u0159ej Havel","datum_narozen\u00ED":"1987-02-12","adresa_ulice":"Tich\u00E1 148/1","adresa_m\u011Bsto":"500 03 Hradec Kr\u00E1lov\u00E9","platnost_od":"2025-11-08"},{"typ":"Osoba","funkce":"p\u0159edseda Klubu poslanc\u016F:","jm\u00E9no":"Jan Jakob","datum_narozen\u00ED":"1982-12-02","adresa_ulice":"Lidick\u00E1 365","adresa_m\u011Bsto":"252 63 Roztoky","platnost_od":"2021-10-12"},{"typ":"Osoba","funkce":"1. m\u00EDstop\u0159edseda:","jm\u00E9no":"Ji\u0159\u00ED Posp\u00ED\u0161il","datum_narozen\u00ED":"1975-11-24","adresa_ulice":"Na Kamp\u011B 512/11","adresa_m\u011Bsto":"118 00 Praha","platnost_od":"2025-11-08"},{"typ":"Osoba","funkce":"vedouc\u00ED n\u00E1rodn\u00ED delegace v poslaneck\u00E9m klubu Evropsk\u00E9ho parlamentu:","jm\u00E9no":"Lud\u011Bk Niedermayer","datum_narozen\u00ED":"1966-03-13","adresa_ulice":"Na Vyhl\u00EDdce 255","adresa_m\u011Bsto":"252 06 M\u011Bchenice","platnost_od":"2017-11-29"},{"typ":"Osoba","funkce":"m\u00EDstop\u0159edsedkyn\u011B:","jm\u00E9no":"Kate\u0159ina Pastorkov\u00E1","datum_narozen\u00ED":"1998-10-19","adresa_ulice":"Zborovsk\u00E1 412","adresa_m\u011Bsto":"377 01 Jind\u0159ich\u016Fv Hradec","platnost_od":"2025-11-08"},{"typ":"Osoba","funkce":"m\u00EDstop\u0159edseda:","jm\u00E9no":"Ond\u0159ej M\u0171ller","datum_narozen\u00ED":"1988-03-03","adresa_ulice":"Kyjevsk\u00E1 438","adresa_m\u011Bsto":"530 03 Pardubice","platnost_od":"2025-11-08"},{"typ":"Osoba","funkce":"m\u00EDstop\u0159edseda:","jm\u00E9no":"Luk\u00E1\u0161 Otys","datum_narozen\u00ED":"1985-01-05","adresa_ulice":"Tr\u017Ei\u0161t\u011B 28/7","adresa_m\u011Bsto":"360 01 Karlovy Vary","platnost_od":"2025-11-08"},{"typ":"Osoba","funkce":"\u010Dlen p\u0159edsednictva:","jm\u00E9no":"Jakub Lep\u0161","datum_narozen\u00ED":"1974-06-04","adresa_ulice":"Jurkovi\u010Dova 970/8","adresa_m\u011Bsto":"149 00 Praha","platnost_od":"2021-11-20"},{"typ":"Osoba","funkce":"\u010Dlen p\u0159edsednictva:","jm\u00E9no":"Herbert Pavera","datum_narozen\u00ED":"1958-01-04","adresa_ulice":"Hornick\u00E1 578/29","adresa_m\u011Bsto":"747 23 Bolatice","platnost_od":"2023-11-11"},{"typ":"Osoba","funkce":"\u010Dlen p\u0159edsednictva:","jm\u00E9no":"Marek \u017Den\u00ED\u0161ek","datum_narozen\u00ED":"1978-11-26","adresa_ulice":"17. listopadu 2560/6","adresa_m\u011Bsto":"301 00 Plze\u0148","platnost_od":"2025-11-08"},{"typ":"Osoba","funkce":"\u010Dlen p\u0159edsednictva:","jm\u00E9no":"Tom\u00E1\u0161 Aberl","datum_narozen\u00ED":"1988-05-29","adresa_ulice":"Okrouhl\u00E1 344/12","adresa_m\u011Bsto":"625 00 Brno","platnost_od":"2025-11-08"},{"typ":"Osoba","funkce":"\u010Dlen p\u0159edsednictva:","jm\u00E9no":"Martin Hor\u00E1k","datum_narozen\u00ED":"1994-08-30","adresa_ulice":"","adresa_m\u011Bsto":"798 43 Pten\u00ED 104","platnost_od":"2025-11-08"},{"typ":"Osoba","funkce":"\u010Dlen p\u0159edsednictva:","jm\u00E9no":"Vlastimil V\u00E1lek","datum_narozen\u00ED":"1960-05-17","adresa_ulice":"Belcrediho 637/6","adresa_m\u011Bsto":"628 00 Brno","platnost_od":"2025-11-08"},{"typ":"Osoba","funkce":"\u010Dlen p\u0159edsednictva:","jm\u00E9no":"Martin Le\u0161ka","datum_narozen\u00ED":"1988-04-11","adresa_ulice":"Kazn\u011Bjovsk\u00E1 1216/21","adresa_m\u011Bsto":"323 00 Plze\u0148","platnost_od":"2025-11-08"},{"typ":"Osoba","funkce":"\u010Dlen p\u0159edsednictva:","jm\u00E9no":"Martin Ne\u0159\u00E1d","datum_narozen\u00ED":"1999-09-19","adresa_ulice":"Sadov\u00E1 4154/20","adresa_m\u011Bsto":"767 01 Krom\u011B\u0159\u00ED\u017E","platnost_od":"2025-11-08"},{"typ":"Osoba","funkce":"\u010Dlen p\u0159edsednictva:","jm\u00E9no":"Ji\u0159\u00ED Slav\u00EDk","datum_narozen\u00ED":"1968-09-13","adresa_ulice":"","adresa_m\u011Bsto":"259 01 Votice 17","platnost_od":"2025-11-08"},{"typ":"Osoba","funkce":"\u010Dlenka p\u0159edsednictva:","jm\u00E9no":"Radka Va\u0148ousov\u00E1","datum_narozen\u00ED":"1978-04-15","adresa_ulice":"Husova 3143","adresa_m\u011Bsto":"390 02 T\u00E1bor","platnost_od":"2025-11-08"}]},{"typ":["Digit\u00E1ln\u00ED objekt","Politick\u00E1 strana nebo hnut\u00ED"],"iri":"https://mv.gov.cz/api/boards/SPS/strana/322","url":"https://aplikace.mv.gov.cz/seznam-politickych-stran/Vypis_Rejstrik.aspx?id=322","n\u00E1zev":"\u010Cesk\u00E1 realistick\u00E1 strana","zkratka":"\u010CRS","adresa_s\u00EDdla":"612 00 Brno, Hudcova 367/78b","den_registrace":"2009-06-30","\u010D\u00EDslo_registrace":"MV-42789-6/VS-2009","identifika\u010Dn\u00ED_\u010D\u00EDslo":"71339736","statut\u00E1rn\u00ED_org\u00E1n":"P\u0159edseda.","pozn\u00E1mka":"","organiza\u010Dn\u00ED_jednotky":[],"osoby":[]},{"typ":["Digit\u00E1ln\u00ED objekt","Politick\u00E1 strana nebo hnut\u00ED"],"iri":"https://mv.gov.cz/api/boards/SPS/strana/323","url":"https://aplikace.mv.gov.cz/seznam-politickych-stran/Vypis_Rejstrik.aspx?id=323","n\u00E1zev":"STOP","zkratka":"STOP","adresa_s\u00EDdla":"628 00 Brno, Podb\u011Blov\u00E1 2716/4","den_registrace":"2009-08-05","\u010D\u00EDslo_registrace":"MV-52636-8/VS-2009","identifika\u010Dn\u00ED_\u010D\u00EDslo":"71339744","statut\u00E1rn\u00ED_org\u00E1n":"P\u0159edsednictvo, za kter\u00E9 jedn\u00E1 p\u0159edseda strany nebo prvn\u00ED m\u00EDstop\u0159edseda, a to ka\u017Ed\u00FD samostatn\u011B.","posledn\u00ED_zm\u011Bna_stanov":"2012-04-10","pozn\u00E1mka":"*) Dle pravomocn\u00E9ho usnesen\u00ED M\u011Bstsk\u00E9ho soudu v Brn\u011B \u010D.j. 47C 93/2011-43 ze dne 22.11.2011 bylo ur\u010Deno, \u017Ee statut\u00E1rn\u00ED org\u00E1n v obdob\u00ED od 25.5.2011 do 6.12.2011 nebyl ustaven do funkce v souladu se stanovami ze dne 5.8.2009.    Na z\u00E1klad\u011B t\u00E9to skute\u010Dnosti je j\u00EDm ozn\u00E1men\u00E1 zm\u011Bna stanov registrovan\u00E1 dne 13.6.2011 pr\u00E1vn\u011B ne\u00FA\u010Dinn\u00E1.","organiza\u010Dn\u00ED_jednotky":[],"osoby":[{"typ":"Osoba","funkce":"p\u0159edseda:","jm\u00E9no":"Miroslav Zajd\u00E1k","datum_narozen\u00ED":"1959-04-01","adresa_ulice":"V\u00EDde\u0148sk\u00E1 275/66","adresa_m\u011Bsto":"639 00 Brno","platnost_od":"2012-02-02"},{"typ":"Osoba","funkce":"1. m\u00EDstop\u0159edseda:","jm\u00E9no":"Tom\u00E1\u0161 Havelka","datum_narozen\u00ED":"1973-12-30","adresa_ulice":"","adresa_m\u011Bsto":"591 01 \u0160krdlovice 149","platnost_od":"2012-02-02"},{"typ":"Osoba","funkce":"m\u00EDstop\u0159edseda:","jm\u00E9no":"Ing. Martin  Mach","datum_narozen\u00ED":"1975-07-04","adresa_ulice":"Zahradn\u00ED 213","adresa_m\u011Bsto":"691 85 Doln\u00ED Dunajovice","platnost_od":"2012-02-02"}]},{"typ":["Digit\u00E1ln\u00ED objekt","Politick\u00E1 strana nebo hnut\u00ED"],"iri":"https://mv.gov.cz/api/boards/SPS/strana/324","url":"https://aplikace.mv.gov.cz/seznam-politickych-stran/Vypis_Rejstrik.aspx?id=324","n\u00E1zev":"Strana Pr\u00E1v Ob\u010Dan\u016F ZEMANOVCI","zkratka":"SPOZ","adresa_s\u00EDdla":"101 00 Praha, Nad Vinn\u00FDm potokem 1148/4","den_registrace":"2009-12-08","\u010D\u00EDslo_registrace":"MV-87478-6/VS-2009","identifika\u010Dn\u00ED_\u010D\u00EDslo":"71339752","statut\u00E1rn\u00ED_org\u00E1n":"P\u0159edseda a m\u00EDstop\u0159edsedov\u00E9. Za stranu jednaj\u00ED navenek samostatn\u011B p\u0159edseda nebo spole\u010Dn\u011B dva m\u00EDstop\u0159edsedov\u00E9 strany.","posledn\u00ED_zm\u011Bna_stanov":"2019-09-25","pozn\u00E1mka":"","organiza\u010Dn\u00ED_jednotky":["krajsk\u00E1 organizace","m\u00EDstn\u00ED organizace"],"osoby":[{"typ":"Osoba","funkce":"p\u0159edseda:","jm\u00E9no":"","adresa_ulice":"","adresa_m\u011Bsto":"","platnost_od":"2022-03-31"},{"typ":"Osoba","funkce":"1. m\u00EDstop\u0159edseda:","jm\u00E9no":"Mgr. Marian Keremidsk\u00FD","datum_narozen\u00ED":"1968-09-08","adresa_ulice":"Havl\u00ED\u010Dkova 958/4","adresa_m\u011Bsto":"669 02 Znojmo","platnost_od":"2020-03-07"},{"typ":"Osoba","funkce":"m\u00EDstop\u0159edseda:","jm\u00E9no":"Ing. Miloslav Sou\u0161ek","datum_narozen\u00ED":"1961-06-21","adresa_ulice":"St\u0159ib\u0159\u00EDkova 73","adresa_m\u011Bsto":"566 01 Vysok\u00E9 M\u00FDto","platnost_od":"2020-03-07"}]},{"typ":["Digit\u00E1ln\u00ED objekt","Politick\u00E1 strana nebo hnut\u00ED"],"iri":"https://mv.gov.cz/api/boards/SPS/strana/325","url":"https://aplikace.mv.gov.cz/seznam-politickych-stran/Vypis_Rejstrik.aspx?id=325","n\u00E1zev":"Victoria.cz","zkratka":"Victoria","adresa_s\u00EDdla":"360 09 Karlovy Vary, Kvapilova 419/5","den_registrace":"2010-03-01","\u010D\u00EDslo_registrace":"MV-97320-9/VS-2009","identifika\u010Dn\u00ED_\u010D\u00EDslo":"71339761","statut\u00E1rn\u00ED_org\u00E1n":"Gr\u00E9mium, jeho\u017E jm\u00E9nem jedn\u00E1 p\u0159edseda.","pozn\u00E1mka":"","organiza\u010Dn\u00ED_jednotky":["m\u00EDstn\u00ED sdru\u017Een\u00ED"],"osoby":[{"typ":"Osoba","funkce":"p\u0159edsedkyn\u011B:","jm\u00E9no":"Bc. Monika Makkiehov\u00E1, DiS.","datum_narozen\u00ED":"1963-11-29","adresa_ulice":"Z\u00E1zvorkova 2002/16","adresa_m\u011Bsto":"155 00 Praha","platnost_od":"2010-04-08"},{"typ":"Osoba","funkce":"v\u00FDkonn\u00FD m\u00EDstop\u0159edseda:","jm\u00E9no":"V\u00E1clav  Kr\u00E1l","datum_narozen\u00ED":"1952-04-21","adresa_ulice":"Pallova 2813/18","adresa_m\u011Bsto":"301 00 Plze\u0148","platnost_od":"2018-02-24"},{"typ":"Osoba","funkce":"druh\u00FD m\u00EDstop\u0159edseda:","jm\u00E9no":"Ing. Tom\u00E1\u0161 Mat\u011Bj\u010Dek","datum_narozen\u00ED":"1960-03-23","adresa_ulice":"Anglick\u00E1 432/28","adresa_m\u011Bsto":"360 01 Karlovy Vary","platnost_od":"2018-02-24"},{"typ":"Osoba","funkce":"\u010Dlen:","jm\u00E9no":"Anton\u00EDn Prachar","datum_narozen\u00ED":"1973-06-13","adresa_ulice":"\u0160emnice Pulovice 67","adresa_m\u011Bsto":"362 72 Kyselka","platnost_od":"2010-04-08"},{"typ":"Osoba","funkce":"\u010Dlen:","jm\u00E9no":"Pavel Ondrejcsik","datum_narozen\u00ED":"1957-02-23","adresa_ulice":"\u0160koln\u00ED louka 312","adresa_m\u011Bsto":"362 36 Pernink","platnost_od":"2010-04-08"},{"typ":"Osoba","funkce":"\u010Dlen:","jm\u00E9no":"Martin \u0160ol\u00EDn","datum_narozen\u00ED":"1967-10-09","adresa_ulice":"U Porcel\u00E1nky 860","adresa_m\u011Bsto":"357 35 Chodov","platnost_od":"2010-04-08"},{"typ":"Osoba","funkce":"\u010Dlen:","jm\u00E9no":"Marcel  Kosec","datum_narozen\u00ED":"1974-01-18","adresa_ulice":"V\u00FDchodn\u00ED 561/14","adresa_m\u011Bsto":"360 01 Karlovy Vary","platnost_od":"2010-04-08"},{"typ":"Osoba","funkce":"\u010Dlen:","jm\u00E9no":"Jaroslav Jir\u00E1k","datum_narozen\u00ED":"1954-12-17","adresa_ulice":"Na s\u00EDdli\u0161ti 183","adresa_m\u011Bsto":"356 01 Kr\u00E1lovsk\u00E9 Po\u0159\u00ED\u010D\u00ED","platnost_od":"2010-04-08"},{"typ":"Osoba","funkce":"\u010Dlen:","jm\u00E9no":"Pavel Cipov","datum_narozen\u00ED":"1963-05-13","adresa_ulice":"\u0160indelov\u00E1 126","adresa_m\u011Bsto":"358 01 Kraslice","platnost_od":"2010-04-08"},{"typ":"Osoba","funkce":"\u010Dlenka:","jm\u00E9no":"Eva \u0160arm\u00EDrov\u00E1","datum_narozen\u00ED":"1984-07-13","adresa_ulice":"Dubov\u00E1 440/3","adresa_m\u011Bsto":"360 04 Karlovy Vary","platnost_od":"2010-04-08"},{"typ":"Osoba","funkce":"\u010Dlenka:","jm\u00E9no":"Jana  Bohmov\u00E1","datum_narozen\u00ED":"1975-03-18","adresa_ulice":"","adresa_m\u011Bsto":"362 25 D\u011Bpoltovice 30","platnost_od":"2010-04-08"},{"typ":"Osoba","funkce":"\u010Dlenka:","jm\u00E9no":"Marie Kosecov\u00E1","datum_narozen\u00ED":"1944-06-22","adresa_ulice":"T\u0159ebo\u0148sk\u00E1 664/73","adresa_m\u011Bsto":"360 05 Karlovy Vary","platnost_od":"2010-04-08"},{"typ":"Osoba","funkce":"\u010Dlenka:","jm\u00E9no":"Marie Jandov\u00E1","datum_narozen\u00ED":"1966-10-20","adresa_ulice":"Celn\u00ED 328/7","adresa_m\u011Bsto":"360 05 Karlovy Vary","platnost_od":"2010-04-08"},{"typ":"Osoba","funkce":"\u010Dlenka:","jm\u00E9no":"Ivana  Syta\u0159ov\u00E1","datum_narozen\u00ED":"1955-03-05","adresa_ulice":"Moskevsk\u00E1 1575/43","adresa_m\u011Bsto":"360 01 Karlovy Vary","platnost_od":"2010-04-08"},{"typ":"Osoba","funkce":"\u010Dlenka:","jm\u00E9no":"Kristina Schneiderov\u00E1","datum_narozen\u00ED":"1957-01-30","adresa_ulice":"Na s\u00EDdli\u0161ti 188/3","adresa_m\u011Bsto":"356 01 Kr\u00E1lovsk\u00E9 Po\u0159\u00ED\u010D\u00ED","platnost_od":"2010-04-08"}]},{"typ":["Digit\u00E1ln\u00ED objekt","Politick\u00E1 strana nebo hnut\u00ED"],"iri":"https://mv.gov.cz/api/boards/SPS/strana/326","url":"https://aplikace.mv.gov.cz/seznam-politickych-stran/Vypis_Rejstrik.aspx?id=326","n\u00E1zev":"Nov\u00FD Impuls","zkratka":"NI","adresa_s\u00EDdla":"765 02 Otrokovice, Hlavn\u00ED 1250","den_registrace":"2010-04-06","\u010D\u00EDslo_registrace":"MV-24612-6/VS-2010","identifika\u010Dn\u00ED_\u010D\u00EDslo":"71339779","statut\u00E1rn\u00ED_org\u00E1n":"P\u0159edseda.","posledn\u00ED_zm\u011Bna_stanov":"2017-03-28","pozn\u00E1mka":"","organiza\u010Dn\u00ED_jednotky":[],"osoby":[{"typ":"Osoba","funkce":"p\u0159edseda:","jm\u00E9no":"Zden\u011Bk Nov\u00E1k","datum_narozen\u00ED":"1957-10-01","adresa_ulice":"t\u0159. Tom\u00E1\u0161e Bati 1829","adresa_m\u011Bsto":"765 02 Otrokovice","platnost_od":"2023-11-11"}]},{"typ":["Digit\u00E1ln\u00ED objekt","Politick\u00E1 strana nebo hnut\u00ED"],"iri":"https://mv.gov.cz/api/boards/SPS/strana/327","url":"https://aplikace.mv.gov.cz/seznam-politickych-stran/Vypis_Rejstrik.aspx?id=327","n\u00E1zev":"Pro T\u0159eb\u00ED\u010D","zkratka":"ProTR","adresa_s\u00EDdla":"674 01 T\u0159eb\u00ED\u010D, Obr\u00E1nc\u016F m\u00EDru 489/20","den_registrace":"2010-04-20","\u010D\u00EDslo_registrace":"MV-35568-6/VS-2010","identifika\u010Dn\u00ED_\u010D\u00EDslo":"71339809","statut\u00E1rn\u00ED_org\u00E1n":"P\u0159edstavenstvo, za kter\u00E9 jednaj\u00ED dva mluv\u010D\u00ED, a to ka\u017Ed\u00FD samostatn\u011B.","posledn\u00ED_zm\u011Bna_stanov":"2012-04-25","pozn\u00E1mka":"","organiza\u010Dn\u00ED_jednotky":[],"osoby":[{"typ":"Osoba","funkce":"mluv\u010D\u00ED:","jm\u00E9no":"Mgr. Pavel  Pacal","datum_narozen\u00ED":"1974-03-02","adresa_ulice":"Obr\u00E1nc\u016F m\u00EDru 489/20","adresa_m\u011Bsto":"674 01 T\u0159eb\u00ED\u010D","platnost_od":"2010-05-03"},{"typ":"Osoba","funkce":"mluv\u010D\u00ED:","jm\u00E9no":"Bc. Jarom\u00EDra Han\u00E1\u010Dkov\u00E1","datum_narozen\u00ED":"1958-11-22","adresa_ulice":"","adresa_m\u011Bsto":"382 82 Bene\u0161ov nad \u010Cernou 215","platnost_od":"2010-05-03"},{"typ":"Osoba","funkce":"\u010Dlen:","jm\u00E9no":"Ing. Jitka  B\u00EDnov\u00E1","datum_narozen\u00ED":"1973-11-01","adresa_ulice":"Obr\u00E1nc\u016F m\u00EDru 489/20","adresa_m\u011Bsto":"674 01 T\u0159eb\u00ED\u010D","platnost_od":"2010-05-03"}]},{"typ":["Digit\u00E1ln\u00ED objekt","Politick\u00E1 strana nebo hnut\u00ED"],"iri":"https://mv.gov.cz/api/boards/SPS/strana/328","url":"https://aplikace.mv.gov.cz/seznam-politickych-stran/Vypis_Rejstrik.aspx?id=328","n\u00E1zev":"VOLBA PRO KLADNO","zkratka":"VPK","adresa_s\u00EDdla":"272 01 Kladno , Na Str\u00E1ni  613","den_registrace":"2010-04-20","\u010D\u00EDslo_registrace":"MV-29900-8/VS-2010","identifika\u010Dn\u00ED_\u010D\u00EDslo":"71339817","statut\u00E1rn\u00ED_org\u00E1n":"V\u00FDkonn\u00E1 rada, za kterou jedn\u00E1 p\u0159edseda gr\u00E9mia nebo pov\u011B\u0159en\u00FD m\u00EDstop\u0159edseda gr\u00E9mia.","pozn\u00E1mka":"","organiza\u010Dn\u00ED_jednotky":["krajsk\u00E1 organizace","m\u011Bstsk\u00E9 organizace"],"osoby":[{"typ":"Osoba","funkce":"p\u0159edseda gr\u00E9mia:","jm\u00E9no":"Mgr. Milan  Volf","datum_narozen\u00ED":"1963-04-20","adresa_ulice":"Ve Strnadovn\u011B 969","adresa_m\u011Bsto":"272 04 Kladno","platnost_od":"2010-05-31"},{"typ":"Osoba","funkce":"m\u00EDstop\u0159edseda gr\u00E9mia:","jm\u00E9no":"Ing. P\u0159emysl  Mu\u017E\u00EDk","datum_narozen\u00ED":"1965-05-01","adresa_ulice":"Petrohradsk\u00E1 999","adresa_m\u011Bsto":"272 04 Kladno","platnost_od":"2010-05-31"},{"typ":"Osoba","funkce":"m\u00EDstop\u0159edseda gr\u00E9mia:","jm\u00E9no":"Ing. V\u011Bra Ku\u010Derov\u00E1","datum_narozen\u00ED":"1961-01-27","adresa_ulice":"Wolkerova 1067","adresa_m\u011Bsto":"272 01 Kladno","platnost_od":"2013-11-21"}]},{"typ":["Digit\u00E1ln\u00ED objekt","Politick\u00E1 strana nebo hnut\u00ED"],"iri":"https://mv.gov.cz/api/boards/SPS/strana/329","url":"https://aplikace.mv.gov.cz/seznam-politickych-stran/Vypis_Rejstrik.aspx?id=329","n\u00E1zev":"POLITIKA TRADI\u010CN\u00CDCH HODNOT","zkratka":"PTH","adresa_s\u00EDdla":"197 00 Praha, Jilemnick\u00E1 655/4","den_registrace":"2010-04-23","\u010D\u00EDslo_registrace":"MV-38916-6/VS-2010","identifika\u010Dn\u00ED_\u010D\u00EDslo":"71339833","statut\u00E1rn\u00ED_org\u00E1n":"Rada, za kterou jedn\u00E1 p\u0159edseda nebo dva \u010Dlenov\u00E9 rady spole\u010Dn\u011B.","posledn\u00ED_zm\u011Bna_stanov":"2011-11-11","pozn\u00E1mka":"","organiza\u010Dn\u00ED_jednotky":["m\u00EDstn\u00ED organizace","region\u00E1ln\u00ED organizace"],"osoby":[{"typ":"Osoba","funkce":"p\u0159edseda:","jm\u00E9no":"Kate\u0159ina  B\u0159ezinov\u00E1","datum_narozen\u00ED":"1981-07-23","adresa_ulice":"n\u00E1m\u011Bst\u00ED 5. kv\u011Btna  1/11","adresa_m\u011Bsto":"250 88 \u010Cel\u00E1kovice","platnost_od":"2010-05-12"},{"typ":"Osoba","funkce":"m\u00EDstop\u0159edseda:","jm\u00E9no":"Martin  B\u00E1rta","datum_narozen\u00ED":"1974-08-12","adresa_ulice":"n\u00E1m\u011Bst\u00ED 5. kv\u011Btna 1/11","adresa_m\u011Bsto":"250 88 \u010Cel\u00E1kovice","platnost_od":"2010-05-12"},{"typ":"Osoba","funkce":"\u010Dlen:","jm\u00E9no":"Jana Martinovsk\u00E1","datum_narozen\u00ED":"1979-05-31","adresa_ulice":"Katusick\u00E1 683/16","adresa_m\u011Bsto":"197 00 Praha","platnost_od":"2013-08-12"},{"typ":"Osoba","funkce":"\u010Dlen p\u0159edsednictva:","jm\u00E9no":"Ing. Zbyn\u011Bk Jankovsk\u00FD","datum_narozen\u00ED":"1962-03-14","adresa_ulice":"Jilmov\u00E1 1870","adresa_m\u011Bsto":"250 88 \u010Cel\u00E1kovice","platnost_od":"2012-04-16"}]},{"typ":["Digit\u00E1ln\u00ED objekt","Politick\u00E1 strana nebo hnut\u00ED"],"iri":"https://mv.gov.cz/api/boards/SPS/strana/330","url":"https://aplikace.mv.gov.cz/seznam-politickych-stran/Vypis_Rejstrik.aspx?id=330","n\u00E1zev":"Nov\u00E1 budoucnost","zkratka":"NB","adresa_s\u00EDdla":"466 05 Jablonec nad Nisou, Podhorsk\u00E1 635/85","den_registrace":"2010-04-30","\u010D\u00EDslo_registrace":"MV-40546-6/VS-2010","identifika\u010Dn\u00ED_\u010D\u00EDslo":"71339841","statut\u00E1rn\u00ED_org\u00E1n":"Republikov\u00E9 p\u0159edsednictvo, za kter\u00FD jedn\u00E1 p\u0159edseda.","pozn\u00E1mka":"","organiza\u010Dn\u00ED_jednotky":["krajsk\u00E1 sdru\u017Een\u00ED"],"osoby":[{"typ":"Osoba","funkce":"p\u0159edseda:","jm\u00E9no":"Petr Jon\u00E1\u0161","datum_narozen\u00ED":"1991-06-01","adresa_ulice":"Ha\u0161kova 950/34","adresa_m\u011Bsto":"460 06 Liberec","platnost_od":"2010-11-05"},{"typ":"Osoba","funkce":"m\u00EDstop\u0159edseda:","jm\u00E9no":"Jan Nov\u00E1k","datum_narozen\u00ED":"1989-09-02","adresa_ulice":"Pod alt\u00E1nem 428/34","adresa_m\u011Bsto":"100 00 Praha","platnost_od":"2010-11-05"},{"typ":"Osoba","funkce":"m\u00EDstop\u0159edseda:","jm\u00E9no":"Petr Proch\u00E1zka","datum_narozen\u00ED":"1990-05-06","adresa_ulice":"Husitsk\u00E1 107/23","adresa_m\u011Bsto":"130 00 Praha","platnost_od":"2010-11-05"}]},{"typ":["Digit\u00E1ln\u00ED objekt","Politick\u00E1 strana nebo hnut\u00ED"],"iri":"https://mv.gov.cz/api/boards/SPS/strana/331","url":"https://aplikace.mv.gov.cz/seznam-politickych-stran/Vypis_Rejstrik.aspx?id=331","n\u00E1zev":"\u017Deny za Brod","zkratka":"\u017DB","adresa_s\u00EDdla":"580 01 Havl\u00ED\u010Dk\u016Fv Brod, Prokopa Hol\u00E9ho 787","den_registrace":"2010-05-10","\u010D\u00EDslo_registrace":"MV-42277-6/VS-2010","identifika\u010Dn\u00ED_\u010D\u00EDslo":"71339850","statut\u00E1rn\u00ED_org\u00E1n":"Rada, za kterou jedn\u00E1 p\u0159edseda a m\u00EDstop\u0159edseda, a to ka\u017Ed\u00FD samostatn\u011B.","pozn\u00E1mka":"","organiza\u010Dn\u00ED_jednotky":[],"osoby":[{"typ":"Osoba","funkce":"p\u0159edsedkyn\u011B:","jm\u00E9no":"PhDr. Ivana  \u0160trossov\u00E1","datum_narozen\u00ED":"1956-10-04","adresa_ulice":"Prokopa Hol\u00E9ho 787","adresa_m\u011Bsto":"580 01 Havl\u00ED\u010Dk\u016Fv Brod","platnost_od":"2010-06-28"},{"typ":"Osoba","funkce":"m\u00EDstop\u0159edsedkyn\u011B:","jm\u00E9no":"Libu\u0161e Milichovsk\u00E1","datum_narozen\u00ED":"1966-06-19","adresa_ulice":"Nad Skalkou 789","adresa_m\u011Bsto":"580 01 Havl\u00ED\u010Dk\u016Fv Brod","platnost_od":"2025-11-11"},{"typ":"Osoba","funkce":"pokladn\u00EDk:","jm\u00E9no":"Kl\u00E1ra Mrkvi\u010Dkov\u00E1","datum_narozen\u00ED":"1979-01-25","adresa_ulice":"\u017Di\u017Ekov II 1293","adresa_m\u011Bsto":"580 01 Havl\u00ED\u010Dk\u016Fv Brod","platnost_od":"2025-11-11"}]},{"typ":["Digit\u00E1ln\u00ED objekt","Politick\u00E1 strana nebo hnut\u00ED"],"iri":"https://mv.gov.cz/api/boards/SPS/strana/332","url":"https://aplikace.mv.gov.cz/seznam-politickych-stran/Vypis_Rejstrik.aspx?id=332","n\u00E1zev":"N\u00C1\u0160 HLU\u010C\u00CDN","zkratka":"NH","adresa_s\u00EDdla":"748 01 Hlu\u010D\u00EDn, Ostravsk\u00E1  1923/3","den_registrace":"2010-05-25","\u010D\u00EDslo_registrace":"MV-47758-6/VS-2010","identifika\u010Dn\u00ED_\u010D\u00EDslo":"71339884","statut\u00E1rn\u00ED_org\u00E1n":"P\u0159edstavenstvo jednaj\u00EDc\u00ED bu\u010F spole\u010Dn\u011B dv\u011Bma \u010Dleny, z nich\u017E jeden je p\u0159edsedou a druh\u00FD \u010Dlenem p\u0159edstavenstva anebo spole\u010Dn\u011B t\u0159emi \u010Dleny p\u0159edstavenstva, z nich\u017E jeden je m\u00EDstop\u0159edsedou hnut\u00ED a dal\u0161\u00ED dva jsou \u010Dleny p\u0159edstavenstva hnut\u00ED.","pozn\u00E1mka":"","organiza\u010Dn\u00ED_jednotky":[],"osoby":[{"typ":"Osoba","funkce":"p\u0159edseda:","jm\u00E9no":"Ing. Eduard Skaba","datum_narozen\u00ED":"1961-01-02","adresa_ulice":"Jaselsk\u00E1 740/8","adresa_m\u011Bsto":"748 01 Hlu\u010D\u00EDn","platnost_od":"2010-06-15"},{"typ":"Osoba","funkce":"m\u00EDstop\u0159edseda:","jm\u00E9no":"Ing. Ost\u00E1rek Bernard","datum_narozen\u00ED":"1957-02-03","adresa_ulice":"Na Kr\u00E1sn\u00E9 vyhl\u00EDdce 1718/9","adresa_m\u011Bsto":"748 01 Hlu\u010D\u00EDn","platnost_od":"2010-06-15"},{"typ":"Osoba","funkce":"m\u00EDstop\u0159edseda:","jm\u00E9no":"Ing. R\u016F\u017Eena  Hansl\u00EDkov\u00E1","datum_narozen\u00ED":"1960-09-22","adresa_ulice":"D\u011Blnick\u00E1 1576/38","adresa_m\u011Bsto":"748 01 Hlu\u010D\u00EDn","platnost_od":"2010-06-15"},{"typ":"Osoba","funkce":"\u010Dlen p\u0159edstavenstva:","jm\u00E9no":"Mgr. Pavel Lindovsk\u00FD","datum_narozen\u00ED":"1947-11-30","adresa_ulice":"Ostravsk\u00E1 108/46","adresa_m\u011Bsto":"748 01 Hlu\u010D\u00EDn","platnost_od":"2010-06-15"},{"typ":"Osoba","funkce":"\u010Dlen p\u0159edstavenstva:","jm\u00E9no":"Mgr. Libu\u0161e Gelnarov\u00E1","datum_narozen\u00ED":"1946-03-27","adresa_ulice":"Jaroslava Seiferta 1334/1","adresa_m\u011Bsto":"748 01 Hlu\u010D\u00EDn","platnost_od":"2010-06-15"}]},{"typ":["Digit\u00E1ln\u00ED objekt","Politick\u00E1 strana nebo hnut\u00ED"],"iri":"https://mv.gov.cz/api/boards/SPS/strana/333","url":"https://aplikace.mv.gov.cz/seznam-politickych-stran/Vypis_Rejstrik.aspx?id=333","n\u00E1zev":"\u201EVol\u00EDm Orlovou\u0022","zkratka":"\u201EVO\u0022","adresa_s\u00EDdla":"735 14 Orlov\u00E1, Ke Stud\u00E1nce 354","den_registrace":"2010-05-31","\u010D\u00EDslo_registrace":"MV-53132-5/VS-2010","identifika\u010Dn\u00ED_\u010D\u00EDslo":"71339892","statut\u00E1rn\u00ED_org\u00E1n":"V\u00FDbor, za kter\u00FD jedn\u00E1 samostatn\u011B p\u0159edseda nebo m\u00EDstop\u0159edseda, p\u00EDsemn\u00E9 \u00FAkony \u010Din\u00ED v\u017Edy spole\u010Dn\u011B p\u0159edseda a 1 \u010Dlen v\u00FDboru.","posledn\u00ED_zm\u011Bna_stanov":"2018-07-18","pozn\u00E1mka":"","organiza\u010Dn\u00ED_jednotky":[],"osoby":[{"typ":"Osoba","funkce":"p\u0159edseda:","jm\u00E9no":"Bc. Nad\u011B\u017Eda Kubalov\u00E1","datum_narozen\u00ED":"1958-02-10","adresa_ulice":"Doubravsk\u00E1 505","adresa_m\u011Bsto":"735 14 Orlov\u00E1","platnost_od":"2010-06-28"},{"typ":"Osoba","funkce":"m\u00EDstop\u0159edsedkyn\u011B:","jm\u00E9no":"Mgr. Pavla Bjalon\u010D\u00EDkov\u00E1","datum_narozen\u00ED":"1965-01-06","adresa_ulice":"U Kapli\u010Dky 967","adresa_m\u011Bsto":"735 14 Orlov\u00E1","platnost_od":"2018-06-26"},{"typ":"Osoba","funkce":"\u010Dlen:","jm\u00E9no":"Ing. Miroslava \u0160romkov\u00E1","datum_narozen\u00ED":"1957-10-31","adresa_ulice":"Ke Stud\u00E1nce 354","adresa_m\u011Bsto":"735 14 Orlov\u00E1","platnost_od":"2010-06-28"}]},{"typ":["Digit\u00E1ln\u00ED objekt","Politick\u00E1 strana nebo hnut\u00ED"],"iri":"https://mv.gov.cz/api/boards/SPS/strana/334","url":"https://aplikace.mv.gov.cz/seznam-politickych-stran/Vypis_Rejstrik.aspx?id=334","n\u00E1zev":"Ob\u010Dan\u00E9 m\u011Bstu, m\u011Bsto ob\u010Dan\u016Fm","zkratka":"OMMO","adresa_s\u00EDdla":"434 01 Most, Moskevsk\u00E1 1463/37","den_registrace":"2010-06-09","\u010D\u00EDslo_registrace":"MV-53627-6/VS-2010","identifika\u010Dn\u00ED_\u010D\u00EDslo":"71339906","statut\u00E1rn\u00ED_org\u00E1n":"V\u00FDkonn\u00FD v\u00FDbor, za kter\u00FD jedn\u00E1 p\u0159edseda nebo prvn\u00ED m\u00EDstop\u0159edseda.","posledn\u00ED_zm\u011Bna_stanov":"2024-05-03","pozn\u00E1mka":"","organiza\u010Dn\u00ED_jednotky":["z\u00E1kladn\u00ED organizace"],"osoby":[{"typ":"Osoba","funkce":"p\u0159edsedkyn\u011B:","jm\u00E9no":"Mgr. Hana Svobodov\u00E1, Ph.D.","datum_narozen\u00ED":"1968-01-02","adresa_ulice":"Moskevsk\u00E1 1463/37","adresa_m\u011Bsto":"434 01 Most","platnost_od":"2017-03-25"},{"typ":"Osoba","funkce":"1. m\u00EDstop\u0159edseda:","jm\u00E9no":"PhDr. Mgr. Marian Dancso","datum_narozen\u00ED":"1981-09-30","adresa_ulice":"Havl\u00ED\u010Dkovo n\u00E1m\u011Bst\u00ED 704/15","adresa_m\u011Bsto":"435 11 Lom","platnost_od":"2017-03-25"},{"typ":"Osoba","funkce":"2. m\u00EDstop\u0159edseda:","jm\u00E9no":"Marcel Vorl\u00ED\u010Dek","datum_narozen\u00ED":"1986-09-16","adresa_ulice":"Libkovick\u00E1 177","adresa_m\u011Bsto":"435 11 Lom","platnost_od":"2024-03-15"},{"typ":"Osoba","funkce":"jednatel:","jm\u00E9no":"RSDr. Vlastimil  Bal\u00EDn","datum_narozen\u00ED":"1950-10-23","adresa_ulice":"Moskevsk\u00E1 1463/37","adresa_m\u011Bsto":"434 01 Most","platnost_od":"2011-07-02"}]},{"typ":["Digit\u00E1ln\u00ED objekt","Politick\u00E1 strana nebo hnut\u00ED"],"iri":"https://mv.gov.cz/api/boards/SPS/strana/335","url":"https://aplikace.mv.gov.cz/seznam-politickych-stran/Vypis_Rejstrik.aspx?id=335","n\u00E1zev":"Nez\u00E1visl\u00ED pro B\u00EDlinu","zkratka":"NEZ\u00C1VISL\u00CD - B\u00CDLINA","adresa_s\u00EDdla":"418 01 B\u00EDlina, Ji\u017En\u00ED 305","den_registrace":"2010-06-10","\u010D\u00EDslo_registrace":"MV-52855-6/VS-2010","identifika\u010Dn\u00ED_\u010D\u00EDslo":"71339914","statut\u00E1rn\u00ED_org\u00E1n":"P\u0159edseda.","pozn\u00E1mka":"","organiza\u010Dn\u00ED_jednotky":["m\u00EDstn\u00ED organizace"],"osoby":[{"typ":"Osoba","funkce":"p\u0159edseda:","jm\u00E9no":"Mgr. Zden\u011Bk  Svoboda, Ph.D.","datum_narozen\u00ED":"1976-06-25","adresa_ulice":"Ji\u017En\u00ED 305","adresa_m\u011Bsto":"418 01 B\u00EDlina","platnost_od":"2010-07-14"}]},{"typ":["Digit\u00E1ln\u00ED objekt","Politick\u00E1 strana nebo hnut\u00ED"],"iri":"https://mv.gov.cz/api/boards/SPS/strana/336","url":"https://aplikace.mv.gov.cz/seznam-politickych-stran/Vypis_Rejstrik.aspx?id=336","n\u00E1zev":"SDRU\u017DEN\u00CD PRO REPUBLIKU - REPUBLIK\u00C1NSK\u00C1 STRANA \u010CECH, MORAVY A SLEZSKA","zkratka":"SPR-RS\u010CMS","adresa_s\u00EDdla":"779 00 Olomouc, Peka\u0159sk\u00E1 490/11","den_registrace":"2010-06-24","\u010D\u00EDslo_registrace":"MV-57833-6/VS-2010","identifika\u010Dn\u00ED_\u010D\u00EDslo":"71339922","statut\u00E1rn\u00ED_org\u00E1n":"P\u0159edseda a m\u00EDstop\u0159edsedov\u00E9, kte\u0159\u00ED jednaj\u00ED samostatn\u011B.","posledn\u00ED_zm\u011Bna_stanov":"2023-05-17","pozn\u00E1mka":"","organiza\u010Dn\u00ED_jednotky":["krajsk\u00E9 organizace","m\u00EDstn\u00ED organizace","okresn\u00ED (obvodn\u00ED) organizace"],"osoby":[{"typ":"Osoba","funkce":"p\u0159edseda:","jm\u00E9no":"Ing. Pavel Mu\u017En\u00FD","datum_narozen\u00ED":"1952-04-26","adresa_ulice":"Balb\u00EDnova 364/17","adresa_m\u011Bsto":"779 00 Olomouc","platnost_od":"2019-03-30"},{"typ":"Osoba","funkce":"1. m\u00EDstop\u0159edseda:","jm\u00E9no":"","adresa_ulice":"","adresa_m\u011Bsto":"","platnost_od":"2025-04-17"},{"typ":"Osoba","funkce":"2. m\u00EDstop\u0159edseda:","jm\u00E9no":"","adresa_ulice":"","adresa_m\u011Bsto":"","platnost_od":"2021-11-30"}]},{"typ":["Digit\u00E1ln\u00ED objekt","Politick\u00E1 strana nebo hnut\u00ED"],"iri":"https://mv.gov.cz/api/boards/SPS/strana/337","url":"https://aplikace.mv.gov.cz/seznam-politickych-stran/Vypis_Rejstrik.aspx?id=337","n\u00E1zev":"\u010CESK\u00C1 NEZ\u00C1VISL\u00C1","zkratka":"\u201E\u010CNEZ\u201C","adresa_s\u00EDdla":"417 23 Ko\u0161\u0165any, Rakousk\u00E9 domy 526","den_registrace":"2010-06-25","\u010D\u00EDslo_registrace":"MV-58578-6/VS-2010","identifika\u010Dn\u00ED_\u010D\u00EDslo":"71339931","statut\u00E1rn\u00ED_org\u00E1n":"Republikov\u00E1 rada, za kterou jedn\u00E1 p\u0159edseda, v p\u0159\u00EDpad\u011B jeho nep\u0159\u00EDtomnosti statur\u00E1rn\u00ED m\u00EDstop\u0159edseda.","pozn\u00E1mka":"","organiza\u010Dn\u00ED_jednotky":["krajsk\u00E1 sdru\u017Een\u00ED","m\u00EDstn\u00ED sdru\u017Een\u00ED"],"osoby":[{"typ":"Osoba","funkce":"p\u0159edseda:","jm\u00E9no":"Franti\u0161ek Voh\u00E1\u0148ka","datum_narozen\u00ED":"1955-05-22","adresa_ulice":"Rakousk\u00E9 domy 526","adresa_m\u011Bsto":"417 23 Ko\u0161\u0165any","platnost_od":"2010-07-18"},{"typ":"Osoba","funkce":"\u010Dlen RR:","jm\u00E9no":"Pavel Pape\u017E","datum_narozen\u00ED":"1955-12-05","adresa_ulice":"Nemocni\u010Dn\u00ED 1156/16","adresa_m\u011Bsto":"407 46 Kr\u00E1sn\u00E1 L\u00EDpa","platnost_od":"2010-07-18"}]},{"typ":["Digit\u00E1ln\u00ED objekt","Politick\u00E1 strana nebo hnut\u00ED"],"iri":"https://mv.gov.cz/api/boards/SPS/strana/338","url":"https://aplikace.mv.gov.cz/seznam-politickych-stran/Vypis_Rejstrik.aspx?id=338","n\u00E1zev":"Strana demokratick\u00E9 obnovy","zkratka":"SDeO","adresa_s\u00EDdla":"405 02 D\u011B\u010D\u00EDn, Stoli\u010Dn\u00ED 1205/6","den_registrace":"2010-06-28","\u010D\u00EDslo_registrace":"MV-61571-6/VS-2010","identifika\u010Dn\u00ED_\u010D\u00EDslo":"71339981","statut\u00E1rn\u00ED_org\u00E1n":"Rada, za kterou jedn\u00E1  a podepisuje p\u0159edseda nebo j\u00EDm pov\u011B\u0159en\u00FD m\u00EDstop\u0159edseda.","posledn\u00ED_zm\u011Bna_stanov":"2010-08-12","pozn\u00E1mka":"","organiza\u010Dn\u00ED_jednotky":[],"osoby":[{"typ":"Osoba","funkce":"p\u0159edseda a pokladn\u00EDk:","jm\u00E9no":"Mgr. Petra  Bostlov\u00E1","datum_narozen\u00ED":"1970-04-04","adresa_ulice":"Stoli\u010Dn\u00ED 1205/6","adresa_m\u011Bsto":"405 02 D\u011B\u010D\u00EDn","platnost_od":"2010-08-05"},{"typ":"Osoba","funkce":"m\u00EDstop\u0159edseda:","jm\u00E9no":"Eduard  La\u017Eansk\u00FD","datum_narozen\u00ED":"1972-11-11","adresa_ulice":"Na Podles\u00ED 1440","adresa_m\u011Bsto":"432 01 Kada\u0148","platnost_od":"2010-08-05"}]},{"typ":["Digit\u00E1ln\u00ED objekt","Politick\u00E1 strana nebo hnut\u00ED"],"iri":"https://mv.gov.cz/api/boards/SPS/strana/339","url":"https://aplikace.mv.gov.cz/seznam-politickych-stran/Vypis_Rejstrik.aspx?id=339","n\u00E1zev":"Jundrov\u00E1ci","zkratka":"Jundrov\u00E1ci","adresa_s\u00EDdla":"637 00 Brno, Jasanov\u00E1 756/7","den_registrace":"2010-06-28","\u010D\u00EDslo_registrace":"MV-57011-6/VS-2010","identifika\u010Dn\u00ED_\u010D\u00EDslo":"71339965","statut\u00E1rn\u00ED_org\u00E1n":"P\u0159edseda.","posledn\u00ED_zm\u011Bna_stanov":"2019-04-30","pozn\u00E1mka":"","organiza\u010Dn\u00ED_jednotky":["klub"],"osoby":[{"typ":"Osoba","funkce":"p\u0159edseda:","jm\u00E9no":"Ing. Ond\u0159ej \u0160\u0165astn\u00EDk","datum_narozen\u00ED":"1972-03-13","adresa_ulice":"Jasanov\u00E1 756/7","adresa_m\u011Bsto":"637 00 Brno","platnost_od":"2010-11-18"}]},{"typ":["Digit\u00E1ln\u00ED objekt","Politick\u00E1 strana nebo hnut\u00ED"],"iri":"https://mv.gov.cz/api/boards/SPS/strana/340","url":"https://aplikace.mv.gov.cz/seznam-politickych-stran/Vypis_Rejstrik.aspx?id=340","n\u00E1zev":"Kr\u00E1lovopol\u0161t\u00ED patrioti","zkratka":"KPP","adresa_s\u00EDdla":"613 00 Brno, t\u0159\u00EDda Gener\u00E1la P\u00EDky 1993/9","den_registrace":"2010-06-28","\u010D\u00EDslo_registrace":"MV-58309-6/VS-2010","identifika\u010Dn\u00ED_\u010D\u00EDslo":"71339973","statut\u00E1rn\u00ED_org\u00E1n":"P\u0159edseda.","posledn\u00ED_zm\u011Bna_stanov":"2023-05-30","pozn\u00E1mka":"","organiza\u010Dn\u00ED_jednotky":[],"osoby":[{"typ":"Osoba","funkce":"p\u0159edseda:","jm\u00E9no":"Iva Tejkalov\u00E1","datum_narozen\u00ED":"1972-08-22","adresa_ulice":"Kep\u00E1kova 2871/6","adresa_m\u011Bsto":"612 00 Brno","platnost_od":"2023-04-27"}]},{"typ":["Digit\u00E1ln\u00ED objekt","Politick\u00E1 strana nebo hnut\u00ED"],"iri":"https://mv.gov.cz/api/boards/SPS/strana/341","url":"https://aplikace.mv.gov.cz/seznam-politickych-stran/Vypis_Rejstrik.aspx?id=341","n\u00E1zev":"SLATIN\u0160T\u00CD NEZ\u00C1VISL\u00CD","zkratka":"SN SLATINA","adresa_s\u00EDdla":"627 00 Brno, Tu\u0159anka 1260/1","den_registrace":"2010-06-29","\u010D\u00EDslo_registrace":"MV-63899-4/VS-2010","identifika\u010Dn\u00ED_\u010D\u00EDslo":"71339990","statut\u00E1rn\u00ED_org\u00E1n":"V\u00FDkonn\u00FD v\u00FDbor, za kter\u00FD jedn\u00E1 p\u0159edseda.","posledn\u00ED_zm\u011Bna_stanov":"2022-04-08","pozn\u00E1mka":"","organiza\u010Dn\u00ED_jednotky":[],"osoby":[{"typ":"Osoba","funkce":"p\u0159edseda:","jm\u00E9no":"Ing. V\u00E1clav Klajsner","datum_narozen\u00ED":"1962-04-25","adresa_ulice":"K\u0159ehl\u00EDkova 1100/56","adresa_m\u011Bsto":"627 00 Brno","platnost_od":"2010-07-13"},{"typ":"Osoba","funkce":"m\u00EDstop\u0159edseda:","jm\u00E9no":"Miroslav Smutn\u00FD","datum_narozen\u00ED":"1945-07-06","adresa_ulice":"Langrova 820/5","adresa_m\u011Bsto":"627 00 Brno","platnost_od":"2010-07-13"},{"typ":"Osoba","funkce":"m\u00EDstop\u0159edseda:","jm\u00E9no":"Ing. Zden\u011Bk Vil\u00EDm","datum_narozen\u00ED":"1969-04-10","adresa_ulice":"Tu\u0159anka 223/24","adresa_m\u011Bsto":"627 00 Brno","platnost_od":"2022-03-30"}]},{"typ":["Digit\u00E1ln\u00ED objekt","Politick\u00E1 strana nebo hnut\u00ED"],"iri":"https://mv.gov.cz/api/boards/SPS/strana/342","url":"https://aplikace.mv.gov.cz/seznam-politickych-stran/Vypis_Rejstrik.aspx?id=342","n\u00E1zev":"Strakonick\u00E1 Ve\u0159ejnost","zkratka":"SV","adresa_s\u00EDdla":"386 01 Strakonice, Velk\u00E9 n\u00E1m\u011Bst\u00ED 149","den_registrace":"2010-07-08","\u010D\u00EDslo_registrace":"MV-57411-6/VS-2010","identifika\u010Dn\u00ED_\u010D\u00EDslo":"71340009","statut\u00E1rn\u00ED_org\u00E1n":"Rada, jej\u00EDm\u017E jm\u00E9nem jedn\u00E1 p\u0159edseda nebo v jeho nep\u0159\u00EDtomnosti m\u00EDstop\u0159edseda, a to samostatn\u011B.","posledn\u00ED_zm\u011Bna_stanov":"2025-06-25","pozn\u00E1mka":"","organiza\u010Dn\u00ED_jednotky":[],"osoby":[{"typ":"Osoba","funkce":"p\u0159edseda:","jm\u00E9no":"Mgr. B\u0159etislav  Hrdli\u010Dka","datum_narozen\u00ED":"1962-01-06","adresa_ulice":"U \u017Didovsk\u00E9ho h\u0159bitova 54","adresa_m\u011Bsto":"386 01 Strakonice","platnost_od":"2010-08-03"},{"typ":"Osoba","funkce":"m\u00EDstop\u0159edseda:","jm\u00E9no":"Franti\u0161ek Christelbauer","datum_narozen\u00ED":"1966-08-06","adresa_ulice":"Bezd\u011Bkovsk\u00E1 427","adresa_m\u011Bsto":"386 01 Strakonice","platnost_od":"2010-08-13"},{"typ":"Osoba","funkce":"archiv\u00E1\u0159:","jm\u00E9no":"Ivana Hrdli\u010Dkov\u00E1","datum_narozen\u00ED":"1966-10-30","adresa_ulice":"U \u017Didovsk\u00E9ho h\u0159bitova 54","adresa_m\u011Bsto":"386 01 Strakonice","platnost_od":"2022-06-07"},{"typ":"Osoba","funkce":"\u010Dlen:","jm\u00E9no":"Pavel Zach, Dis.","datum_narozen\u00ED":"1973-04-30","adresa_ulice":"","adresa_m\u011Bsto":"386 01 Strakonice 12","platnost_od":"2025-06-09"},{"typ":"Osoba","funkce":"\u010Dlen:","jm\u00E9no":"Franti\u0161ek Kov\u00E1\u0159","datum_narozen\u00ED":"1987-01-21","adresa_ulice":"U \u017Didovsk\u00E9ho h\u0159bitova 54","adresa_m\u011Bsto":"386 01 Strakonice","platnost_od":"2025-06-09"}]},{"typ":["Digit\u00E1ln\u00ED objekt","Politick\u00E1 strana nebo hnut\u00ED"],"iri":"https://mv.gov.cz/api/boards/SPS/strana/343","url":"https://aplikace.mv.gov.cz/seznam-politickych-stran/Vypis_Rejstrik.aspx?id=343","n\u00E1zev":"Hnut\u00ED O co jim jde?!","zkratka":"OCJJ","adresa_s\u00EDdla":"360 01 Karlovy Vary, Plze\u0148sk\u00E1 1428/105","den_registrace":"2010-07-13","\u010D\u00EDslo_registrace":"MV-64740-6/VS-2010","identifika\u010Dn\u00ED_\u010D\u00EDslo":"71340017","statut\u00E1rn\u00ED_org\u00E1n":"Rada, za kterou jedn\u00E1 p\u0159edseda nebo m\u00EDstop\u0159edseda, p\u0159i\u010Dem\u017E ka\u017Ed\u00FD jedn\u00E1 samostatn\u011B.","posledn\u00ED_zm\u011Bna_stanov":"2012-07-13","pozn\u00E1mka":"","organiza\u010Dn\u00ED_jednotky":[],"osoby":[{"typ":"Osoba","funkce":"p\u0159edseda:","jm\u00E9no":"Ing. Otmar Homolka","datum_narozen\u00ED":"1957-08-25","adresa_ulice":"Moskevsk\u00E1 1681/41","adresa_m\u011Bsto":"360 01 Karlovy Vary","platnost_od":"2011-03-24"},{"typ":"Osoba","funkce":"m\u00EDstop\u0159edseda:","jm\u00E9no":"Jaroslav Fujdiar","datum_narozen\u00ED":"1974-02-15","adresa_ulice":"Svato\u0161sk\u00E1 302/23","adresa_m\u011Bsto":"360 07 Karlovy Vary","platnost_od":"2011-03-24"},{"typ":"Osoba","funkce":"pokladn\u00EDk:","jm\u00E9no":"Mgr. Jind\u0159ich  \u010Cerm\u00E1k","datum_narozen\u00ED":"1982-08-20","adresa_ulice":"Havl\u00ED\u010Dkova 1387/9","adresa_m\u011Bsto":"360 01 Karlovy Vary","platnost_od":"2015-09-18"}]},{"typ":["Digit\u00E1ln\u00ED objekt","Politick\u00E1 strana nebo hnut\u00ED"],"iri":"https://mv.gov.cz/api/boards/SPS/strana/344","url":"https://aplikace.mv.gov.cz/seznam-politickych-stran/Vypis_Rejstrik.aspx?id=344","n\u00E1zev":"Pra\u017Ean\u00E9 za sv\u00E1 pr\u00E1va","zkratka":"PP","adresa_s\u00EDdla":"160 00 Praha, Rooseveltova 444/5","den_registrace":"2010-07-13","\u010D\u00EDslo_registrace":"MV-64742-6/VS-2010","identifika\u010Dn\u00ED_\u010D\u00EDslo":"71340050","statut\u00E1rn\u00ED_org\u00E1n":"P\u0159edsednictvo, za kter\u00E9 jedn\u00E1 bu\u010F samostatn\u011B p\u0159edseda nebo jde-li o pr\u00E1vn\u00ED \u00FAkony vy\u017Eaduj\u00EDc\u00ED p\u00EDsemnou formu p\u0159edseda spolu s jedn\u00EDm z m\u00EDstop\u0159edsed\u016F.","pozn\u00E1mka":"","organiza\u010Dn\u00ED_jednotky":["m\u00EDstn\u00ED spole\u010Denstv\u00ED"],"osoby":[{"typ":"Osoba","funkce":"p\u0159edseda:","jm\u00E9no":"Ing. Karel  Berka","datum_narozen\u00ED":"1940-01-30","adresa_ulice":"J\u00EDlovsk\u00E1 1154/49","adresa_m\u011Bsto":"142 00 Praha","platnost_od":"2010-07-26"},{"typ":"Osoba","funkce":"m\u00EDstop\u0159edseda:","jm\u00E9no":"V\u011Bra Grandeov\u00E1","datum_narozen\u00ED":"1946-02-22","adresa_ulice":"V jez\u00EDrk\u00E1ch 1541/8","adresa_m\u011Bsto":"149 00 Praha","platnost_od":"2010-07-26"},{"typ":"Osoba","funkce":"m\u00EDstop\u0159edseda:","jm\u00E9no":"Ing. Ale\u0161 Moravec","datum_narozen\u00ED":"1939-09-22","adresa_ulice":"Rooseveltova 444/5","adresa_m\u011Bsto":"160 00 Praha","platnost_od":"2010-07-26"},{"typ":"Osoba","funkce":"\u010Dlen:","jm\u00E9no":"Ing. Ji\u0159\u00ED  V\u00E1lek","datum_narozen\u00ED":"1945-04-24","adresa_ulice":"Pod lipami 2663/3","adresa_m\u011Bsto":"130 00 Praha","platnost_od":"2010-07-26"},{"typ":"Osoba","funkce":"\u010Dlen:","jm\u00E9no":"Bc. Dagmar Jungov\u00E1","datum_narozen\u00ED":"1961-01-04","adresa_ulice":"Na st\u0159elnici 555/3","adresa_m\u011Bsto":"186 00 Praha","platnost_od":"2010-07-26"}]},{"typ":["Digit\u00E1ln\u00ED objekt","Politick\u00E1 strana nebo hnut\u00ED"],"iri":"https://mv.gov.cz/api/boards/SPS/strana/345","url":"https://aplikace.mv.gov.cz/seznam-politickych-stran/Vypis_Rejstrik.aspx?id=345","n\u00E1zev":"B\u00EDlin\u0161t\u00ED soci\u00E1ln\u00ED demokrat\u00E9 a nez\u00E1visl\u00ED","zkratka":"BSDN","adresa_s\u00EDdla":"418 01 B\u00EDlina, \u017Delivsk\u00E9ho 63/13","den_registrace":"2010-07-15","\u010D\u00EDslo_registrace":"MV-66764-4/VS-2010","identifika\u010Dn\u00ED_\u010D\u00EDslo":"71340068","statut\u00E1rn\u00ED_org\u00E1n":"P\u0159edseda.","posledn\u00ED_zm\u011Bna_stanov":"2018-05-22","pozn\u00E1mka":"","organiza\u010Dn\u00ED_jednotky":["m\u00EDstn\u00ED organizace"],"osoby":[{"typ":"Osoba","funkce":"p\u0159edseda:","jm\u00E9no":"Ing.. Mgr. Ren\u00E9 \u0160t\u011Bp\u00E1nek, MBA","datum_narozen\u00ED":"1972-05-14","adresa_ulice":"S\u00EDdli\u0161t\u011B Za Chlumem 774","adresa_m\u011Bsto":"418 01 B\u00EDlina","platnost_od":"2016-10-28"}]},{"typ":["Digit\u00E1ln\u00ED objekt","Politick\u00E1 strana nebo hnut\u00ED"],"iri":"https://mv.gov.cz/api/boards/SPS/strana/346","url":"https://aplikace.mv.gov.cz/seznam-politickych-stran/Vypis_Rejstrik.aspx?id=346","n\u00E1zev":"OSMA - ob\u010Dan\u00E9 sv\u00E9mu m\u011Bstu","zkratka":"OSMA","adresa_s\u00EDdla":"503 11 Hradec Kr\u00E1lov\u00E9, Postrann\u00ED 659/8","den_registrace":"2010-07-15","\u010D\u00EDslo_registrace":"MV-67614-4/VS-2010","identifika\u010Dn\u00ED_\u010D\u00EDslo":"71340076","statut\u00E1rn\u00ED_org\u00E1n":"P\u0159edseda.","pozn\u00E1mka":"","organiza\u010Dn\u00ED_jednotky":[],"osoby":[]},{"typ":["Digit\u00E1ln\u00ED objekt","Politick\u00E1 strana nebo hnut\u00ED"],"iri":"https://mv.gov.cz/api/boards/SPS/strana/347","url":"https://aplikace.mv.gov.cz/seznam-politickych-stran/Vypis_Rejstrik.aspx?id=347","n\u00E1zev":"ZaRegion","zkratka":"ZaRegion","adresa_s\u00EDdla":"418 01 B\u00EDlina, Seifertova 4/7","den_registrace":"2010-07-16","\u010D\u00EDslo_registrace":"MV-67617-5/VS-2010","identifika\u010Dn\u00ED_\u010D\u00EDslo":"71340084","statut\u00E1rn\u00ED_org\u00E1n":"P\u0159edseda.","posledn\u00ED_zm\u011Bna_stanov":"2020-06-01","pozn\u00E1mka":"","organiza\u010Dn\u00ED_jednotky":["krajsk\u00E1 sdru\u017Een\u00ED","m\u00EDstn\u00ED sdru\u017Een\u00ED"],"osoby":[{"typ":"Osoba","funkce":"p\u0159edsedkyn\u011B:","jm\u00E9no":"Ing. Lucie Je\u010Dmenov\u00E1","datum_narozen\u00ED":"1982-05-28","adresa_ulice":"B\u0159e\u017E\u00E1nsk\u00E1 49/2","adresa_m\u011Bsto":"418 01 B\u00EDlina","platnost_od":"2019-12-16"}]},{"typ":["Digit\u00E1ln\u00ED objekt","Politick\u00E1 strana nebo hnut\u00ED"],"iri":"https://mv.gov.cz/api/boards/SPS/strana/348","url":"https://aplikace.mv.gov.cz/seznam-politickych-stran/Vypis_Rejstrik.aspx?id=348","n\u00E1zev":"Spole\u010Dnost pro T\u0159inec","zkratka":"SpT","adresa_s\u00EDdla":"739 61 T\u0159inec, ul. 1. m\u00E1je  129","den_registrace":"2010-07-19","\u010D\u00EDslo_registrace":"MV-68451-6/VS-2010","identifika\u010Dn\u00ED_\u010D\u00EDslo":"71340092","statut\u00E1rn\u00ED_org\u00E1n":"P\u0159edstavenstvo, za kter\u00E9 jedn\u00E1 p\u0159edseda a m\u00EDstop\u0159edseda spole\u010Dn\u011B.","pozn\u00E1mka":"","organiza\u010Dn\u00ED_jednotky":[],"osoby":[]},{"typ":["Digit\u00E1ln\u00ED objekt","Politick\u00E1 strana nebo hnut\u00ED"],"iri":"https://mv.gov.cz/api/boards/SPS/strana/349","url":"https://aplikace.mv.gov.cz/seznam-politickych-stran/Vypis_Rejstrik.aspx?id=349","n\u00E1zev":"Des\u00EDtka pro dom\u00E1c\u00ED","zkratka":"DPD","adresa_s\u00EDdla":"101 00 Praha, Bulharsk\u00E1 1401/38","den_registrace":"2010-07-20","\u010D\u00EDslo_registrace":"MV-63894-6/VS-2010","identifika\u010Dn\u00ED_\u010D\u00EDslo":"71443142","statut\u00E1rn\u00ED_org\u00E1n":"P\u0159edseda a m\u00EDstop\u0159edseda, kte\u0159\u00ED jednaj\u00ED samostatn\u011Bn\u011B.","posledn\u00ED_zm\u011Bna_stanov":"2022-05-23","pozn\u00E1mka":"","organiza\u010Dn\u00ED_jednotky":[],"osoby":[{"typ":"Osoba","funkce":"p\u0159edseda:","jm\u00E9no":"MgA. Ji\u0159\u00ED  Vrba","datum_narozen\u00ED":"1971-12-06","adresa_ulice":"K lou\u017Ei 784/3","adresa_m\u011Bsto":"101 00 Praha","platnost_od":"2014-07-31"},{"typ":"Osoba","funkce":"m\u00EDstop\u0159edseda:","jm\u00E9no":"Martin Kurka","datum_narozen\u00ED":"1974-08-05","adresa_ulice":"U\u010D\u0148ovsk\u00E1 378/4","adresa_m\u011Bsto":"190 00 Praha","platnost_od":"2014-07-31"}]},{"typ":["Digit\u00E1ln\u00ED objekt","Politick\u00E1 strana nebo hnut\u00ED"],"iri":"https://mv.gov.cz/api/boards/SPS/strana/350","url":"https://aplikace.mv.gov.cz/seznam-politickych-stran/Vypis_Rejstrik.aspx?id=350","n\u00E1zev":"Konzervativn\u00ED aliance 2014","zkratka":"KA14","adresa_s\u00EDdla":"150 00 Praha, Ostrovsk\u00E9ho 253/3","den_registrace":"2010-07-20","\u010D\u00EDslo_registrace":"MV-65866-6/VS-2010","identifika\u010Dn\u00ED_\u010D\u00EDslo":"71443151","statut\u00E1rn\u00ED_org\u00E1n":"V\u00FDbor, za kter\u00FD jedn\u00E1 p\u0159edseda.","posledn\u00ED_zm\u011Bna_stanov":"2014-05-21","pozn\u00E1mka":"","organiza\u010Dn\u00ED_jednotky":["region\u00E1ln\u00ED organizace"],"osoby":[{"typ":"Osoba","funkce":"p\u0159edseda:","jm\u00E9no":"","adresa_ulice":"","adresa_m\u011Bsto":"","platnost_od":"2015-01-31"},{"typ":"Osoba","funkce":"m\u00EDstop\u0159edseda:","jm\u00E9no":"","adresa_ulice":"","adresa_m\u011Bsto":"","platnost_od":"2015-01-31"},{"typ":"Osoba","funkce":"\u010Dlen:","jm\u00E9no":"","adresa_ulice":"","adresa_m\u011Bsto":"","platnost_od":"2015-01-31"}]},{"typ":["Digit\u00E1ln\u00ED objekt","Politick\u00E1 strana nebo hnut\u00ED"],"iri":"https://mv.gov.cz/api/boards/SPS/strana/351","url":"https://aplikace.mv.gov.cz/seznam-politickych-stran/Vypis_Rejstrik.aspx?id=351","n\u00E1zev":"VLASTENECK\u00C1 STRANA","zkratka":"VS","adresa_s\u00EDdla":"470 01 \u010Cesk\u00E1 L\u00EDpa, Sokolsk\u00E1 270/8","den_registrace":"2010-07-21","\u010D\u00EDslo_registrace":"MV- 54543-8/VS-2010","identifika\u010Dn\u00ED_\u010D\u00EDslo":"71443169","statut\u00E1rn\u00ED_org\u00E1n":"P\u0159edsednictvo, za kter\u00E9 jedn\u00E1 p\u0159edseda nebo m\u00EDstop\u0159edseda ka\u017Ed\u00FD samostatn\u011B; jde-li o uzav\u00EDr\u00E1n\u00ED politick\u00FDch dohod a zavazov\u00E1n\u00ED se nad \u010D\u00E1stku 50.000,- K\u010D jednaj\u00ED spole\u010Dn\u011B dva \u010Dlenov\u00E9 p\u0159edsednictva.","posledn\u00ED_zm\u011Bna_stanov":"2012-02-24","pozn\u00E1mka":"","organiza\u010Dn\u00ED_jednotky":["krajsk\u00E9 organizace","m\u011Bstsk\u00E9 organizace","z\u00E1kladn\u00ED organizace"],"osoby":[{"typ":"Osoba","funkce":"p\u0159edseda:","jm\u00E9no":"Roman Podzimek","datum_narozen\u00ED":"1966-11-14","adresa_ulice":"\u00DAjezd 2222","adresa_m\u011Bsto":"470 01 \u010Cesk\u00E1 L\u00EDpa","platnost_od":"2010-09-05"},{"typ":"Osoba","funkce":"m\u00EDstop\u0159edseda:","jm\u00E9no":"JUDr. Josef Klof\u00E1\u010D","datum_narozen\u00ED":"1942-02-17","adresa_ulice":"Hav\u00ED\u0159sk\u00E1 1994","adresa_m\u011Bsto":"470 01 \u010Cesk\u00E1 L\u00EDpa","platnost_od":"2010-09-05"},{"typ":"Osoba","funkce":"m\u00EDstop\u0159edseda:","jm\u00E9no":"JUDr. Jan Je\u0159\u00E1bek","datum_narozen\u00ED":"1943-07-10","adresa_ulice":"V zahrad\u00E1ch 528/13","adresa_m\u011Bsto":"180 00 Praha","platnost_od":"2010-09-05"}]},{"typ":["Digit\u00E1ln\u00ED objekt","Politick\u00E1 strana nebo hnut\u00ED"],"iri":"https://mv.gov.cz/api/boards/SPS/strana/352","url":"https://aplikace.mv.gov.cz/seznam-politickych-stran/Vypis_Rejstrik.aspx?id=352","n\u00E1zev":"\u0160V\u00DDCARSK\u00C1 DEMOKRACIE - \u0160v\u00FDca\u0159i si u\u017E\u00EDvaj\u00ED nejvy\u0161\u0161\u00ED kvality \u017Eivota na sv\u011Bt\u011B - PR\u016EM\u011ARNOU MZDU maj\u00ED v p\u0159epo\u010Dtu zhruba 185 000 K\u010D (\u010CR 47 000 K\u010D), DPH maj\u00ED pouh\u00FDch 8 % (\u010CR 21 %), ST\u00C1TN\u00CD DLUH dlouhodob\u011B sni\u017Euj\u00ED (maj\u00ED \u00FAstavou danou povinnost st\u00E1tu hospoda\u0159it s VYROVNAN\u00DDM ROZPO\u010CTEM), INFLACI maj\u00ED nejni\u017E\u0161\u00ED v Evrop\u011B, v posledn\u00EDch krizov\u00FDch letech jen 3 % (\u010CR 17 %), KONKURENCESCHOPN\u00CD jsou nejv\u00EDce na sv\u011Bt\u011B, JUSTICI maj\u00ED jednu z nejefektivn\u011Bj\u0161\u00EDch (p\u0159itom nemaj\u00ED \u00FAstavn\u00ED soud), st\u00E1t udr\u017Euj\u00ED hluboce DECENTRALIZOVAN\u00DD (\u00FAstavou maj\u00ED d\u00E1nu z\u00E1sadu SUBSIDIARITY- na st\u00E1t je delegov\u00E1no jen to, co nelze nebo nen\u00ED v\u00FDhodn\u00E9 \u0159e\u0161it na ni\u017E\u0161\u00ED politick\u00E9 \u00FArovni, v\u00FDrazn\u011B v\u011Bt\u0161\u00ED mno\u017Estv\u00ED pen\u011Bz da\u0148ov\u00FDch poplatn\u00EDk\u016F z\u016Fst\u00E1v\u00E1 na m\u00EDstn\u00ED \u00FArovni), p\u0159\u00EDmo \u00FAstavou chr\u00E1n\u00ED svou POTRAVINOVOU SOB\u011ASTA\u010CNOST, KVALITU \u017DIVOTN\u00CDHO PROST\u0158ED\u00CD maj\u00ED jednu z nejlep\u0161\u00EDch, OCHRANU PR\u00C1V ZV\u00CD\u0158AT jednu z nejvy\u0161\u0161\u00EDch, OBRANU jednu z nej\u00FA\u010Dinn\u011Bj\u0161\u00EDch (organizovanou jako domobranu), IMIGRACI zcela pod kontrolou, p\u0159itom nejsou \u010Dleny EU ani NATO - za v\u0161e vd\u011B\u010D\u00ED sv\u00E9mu origin\u00E1ln\u00EDmu politick\u00E9mu SYST\u00C9MU, kter\u00FD stoj\u00ED na FEDERALISMU, NEUTRALIT\u011A a P\u0158\u00CDM\u00C9 DEMOKRACII - 30 let m\u011Bn\u00EDme politiky a na\u0161e v\u00FDsledky se z\u00E1sadn\u011B nem\u011Bn\u00ED, je tedy POT\u0158EBA ZM\u011ANIT SYST\u00C9M po vzoru \u0160v\u00FDcarska, to m\u016F\u017Eeme u\u010Dinit jedn\u00EDm velk\u00FDm krokem, P\u0158IJET\u00CDM NOV\u00C9 \u00DASTAVY, to je n\u00E1\u0161 c\u00EDl, je pot\u0159eba se u\u010Dit od \u00FAsp\u011B\u0161n\u00FDch (www.svycarska-demokracie.cz)","zkratka":"\u0160v\u00FDcarsk\u00E1 demokracie","adresa_s\u00EDdla":"708 00 Ostrava, Al\u0161ovo n\u00E1m\u011Bst\u00ED 691/4","den_registrace":"2010-07-21","\u010D\u00EDslo_registrace":"MV-69200-5/VS-2010","identifika\u010Dn\u00ED_\u010D\u00EDslo":"71443177","statut\u00E1rn\u00ED_org\u00E1n":"P\u0159edsednictvo, za kter\u00E9 jedn\u00E1 p\u0159edseda.","posledn\u00ED_zm\u011Bna_stanov":"2026-03-23","pozn\u00E1mka":"- usnesen\u00ED Krajsk\u00E9ho soudu v Ostrav\u011B \u010D.j. 24 Cm 134/2022-153,  PM 15. 4. 2023, neplatnost usnesen\u00ED o vylou\u010Den\u00ED Ing. Lu\u010Fka \u0160armana z politick\u00E9ho hnut\u00ED- usnesen\u00ED Vrchn\u00EDho soudu v Olomouci \u010D.j. 5 Cmo 69/2023-325, PM 18. 8. 2023, neplatnost usnesen\u00ED p\u0159edsednictva o ujmut\u00ED se \u010Dinnosti p\u0159edsedy 1. m\u00EDstop\u0159edsedkyn\u00ED Ing. Mgr. Pynelopi Cimprichov\u00E9","organiza\u010Dn\u00ED_jednotky":["krajsk\u00E9 organizace"],"osoby":[{"typ":"Osoba","funkce":"p\u0159edsedkyn\u011B:","jm\u00E9no":"Ing. Mgr. Pynelopi Cimprichov\u00E1","datum_narozen\u00ED":"1958-09-27","adresa_ulice":"Opavsk\u00E1 774/91","adresa_m\u011Bsto":"708 00 Ostrava","platnost_od":"2026-01-25"},{"typ":"Osoba","funkce":"1. m\u00EDstop\u0159edseda:","jm\u00E9no":"Ing. Tom\u00E1\u0161  Ra\u017Ed\u00EDk","datum_narozen\u00ED":"1982-01-26","adresa_ulice":"Lum\u00EDrova 489/11","adresa_m\u011Bsto":"700 30 Ostrava","platnost_od":"2026-01-25"},{"typ":"Osoba","funkce":"2. m\u00EDstop\u0159edseda:","jm\u00E9no":"Ji\u0159\u00ED Fojt\u00EDk","datum_narozen\u00ED":"1985-03-19","adresa_ulice":"","adresa_m\u011Bsto":"742 74 Tich\u00E1 48","platnost_od":"2023-01-22"}]},{"typ":["Digit\u00E1ln\u00ED objekt","Politick\u00E1 strana nebo hnut\u00ED"],"iri":"https://mv.gov.cz/api/boards/SPS/strana/353","url":"https://aplikace.mv.gov.cz/seznam-politickych-stran/Vypis_Rejstrik.aspx?id=353","n\u00E1zev":"Ob\u010Dan\u00E9 pro Bud\u011Bjovice","zkratka":"HOPB","adresa_s\u00EDdla":"370 01 \u010Cesk\u00E9 Bud\u011Bjovice, Riegrova 1804/11","den_registrace":"2010-07-22","\u010D\u00EDslo_registrace":"MV-69909-4/VS-2010","identifika\u010Dn\u00ED_\u010D\u00EDslo":"71443185","statut\u00E1rn\u00ED_org\u00E1n":"P\u0159edseda.","posledn\u00ED_zm\u011Bna_stanov":"2022-02-02","pozn\u00E1mka":"","organiza\u010Dn\u00ED_jednotky":[],"osoby":[{"typ":"Osoba","funkce":"p\u0159edseda:","jm\u00E9no":"Mgr. Tom\u00E1\u0161 Chovanec, Ph.D.","datum_narozen\u00ED":"1979-07-11","adresa_ulice":"Riegrova 1804/11","adresa_m\u011Bsto":"370 01 \u010Cesk\u00E9 Bud\u011Bjovice","platnost_od":"2025-06-12"}]},{"typ":["Digit\u00E1ln\u00ED objekt","Politick\u00E1 strana nebo hnut\u00ED"],"iri":"https://mv.gov.cz/api/boards/SPS/strana/354","url":"https://aplikace.mv.gov.cz/seznam-politickych-stran/Vypis_Rejstrik.aspx?id=354","n\u00E1zev":"\u010Cesk\u00E1 strana region\u016F","zkratka":"\u010CSR","adresa_s\u00EDdla":"530 03 Pardubice, Na Dr\u00E1\u017Ece 1539","den_registrace":"2010-07-29","\u010D\u00EDslo_registrace":"MV-68061-6/VS-2010","identifika\u010Dn\u00ED_\u010D\u00EDslo":"71443207","statut\u00E1rn\u00ED_org\u00E1n":"V\u00FDbor, za kter\u00FD jedn\u00E1 p\u0159edseda nebo m\u00EDstop\u0159edseda nebo jin\u00FD pov\u011B\u0159en\u00FD \u010Dlen v\u00FDboru.","posledn\u00ED_zm\u011Bna_stanov":"2019-02-25","pozn\u00E1mka":"","organiza\u010Dn\u00ED_jednotky":[],"osoby":[{"typ":"Osoba","funkce":"p\u0159edseda:","jm\u00E9no":"Franti\u0161ek Brendl","datum_narozen\u00ED":"1976-05-20","adresa_ulice":"Spojilsk\u00E1 37","adresa_m\u011Bsto":"530 03 Pardubice","platnost_od":"2018-03-01"},{"typ":"Osoba","funkce":"m\u00EDstop\u0159edseda:","jm\u00E9no":"Libor Hlav\u00E1\u010D","datum_narozen\u00ED":"1977-03-31","adresa_ulice":"Na Dr\u00E1\u017Ece 1539","adresa_m\u011Bsto":"530 03 Pardubice","platnost_od":"2018-03-01"},{"typ":"Osoba","funkce":"pokladn\u00EDk:","jm\u00E9no":"Kl\u00E1ra Hlav\u00E1\u010Dov\u00E1","datum_narozen\u00ED":"1984-09-10","adresa_ulice":"Dubinsk\u00E1 758","adresa_m\u011Bsto":"530 12 Pardubice","platnost_od":"2010-08-02"}]},{"typ":["Digit\u00E1ln\u00ED objekt","Politick\u00E1 strana nebo hnut\u00ED"],"iri":"https://mv.gov.cz/api/boards/SPS/strana/355","url":"https://aplikace.mv.gov.cz/seznam-politickych-stran/Vypis_Rejstrik.aspx?id=355","n\u00E1zev":"Ob\u010Dansk\u00E9 hnut\u00ED pro Mimo\u0148","zkratka":"OHM","adresa_s\u00EDdla":"471 24 Mimo\u0148, Okrouhlick\u00E1 95","den_registrace":"2010-07-29","\u010D\u00EDslo_registrace":"MV-69910-6/VS-2010","identifika\u010Dn\u00ED_\u010D\u00EDslo":"71443193","statut\u00E1rn\u00ED_org\u00E1n":"Rada, za kterou jedn\u00E1 p\u0159edseda nebo m\u00EDstop\u0159edseda, a to ka\u017Ed\u00FD samostatn\u011B.","pozn\u00E1mka":"","organiza\u010Dn\u00ED_jednotky":[],"osoby":[{"typ":"Osoba","funkce":"p\u0159edseda:","jm\u00E9no":"Marek Astalo\u0161","datum_narozen\u00ED":"1973-05-25","adresa_ulice":"Okrouhlick\u00E1 95","adresa_m\u011Bsto":"471 24 Mimo\u0148","platnost_od":"2011-02-16"},{"typ":"Osoba","funkce":"m\u00EDstop\u0159edseda:","jm\u00E9no":"Jana Pe\u0161kov\u00E1","datum_narozen\u00ED":"1972-11-15","adresa_ulice":"Okrouhlick\u00E1 97","adresa_m\u011Bsto":"471 24 Mimo\u0148","platnost_od":"2011-02-16"},{"typ":"Osoba","funkce":"m\u00EDstop\u0159edseda:","jm\u00E9no":"Nina  Smol\u00EDkov\u00E1","datum_narozen\u00ED":"1978-02-28","adresa_ulice":"S\u00EDdli\u0161t\u011B pod Ralskem 583","adresa_m\u011Bsto":"474 21 Mimo\u0148","platnost_od":"2011-02-16"}]},{"typ":["Digit\u00E1ln\u00ED objekt","Politick\u00E1 strana nebo hnut\u00ED"],"iri":"https://mv.gov.cz/api/boards/SPS/strana/356","url":"https://aplikace.mv.gov.cz/seznam-politickych-stran/Vypis_Rejstrik.aspx?id=356","n\u00E1zev":"Ostravak","zkratka":"Ostravak","adresa_s\u00EDdla":"702 00 Ostrava, Brandlova 1267/6","den_registrace":"2010-07-29","\u010D\u00EDslo_registrace":"MV-67190-6/VS-2010","identifika\u010Dn\u00ED_\u010D\u00EDslo":"71443215","statut\u00E1rn\u00ED_org\u00E1n":"P\u0159edstavenstvo, za kter\u00E9 jedn\u00E1 samostatn\u011B p\u0159edseda nebo spole\u010Dn\u011B dva \u010Dlenov\u00E9 p\u0159edstavenstva, z nich\u017E alespo\u0148 jeden je m\u00EDstop\u0159edsedou p\u0159edstavenstva.","posledn\u00ED_zm\u011Bna_stanov":"2017-06-28","pozn\u00E1mka":"","organiza\u010Dn\u00ED_jednotky":["m\u00EDstn\u00ED sdru\u017Een\u00ED"],"osoby":[{"typ":"Osoba","funkce":"p\u0159edseda:","jm\u00E9no":"MUDr. Tom\u00E1\u0161 M\u00E1lek","datum_narozen\u00ED":"1968-02-22","adresa_ulice":"Balb\u00EDnova 627/28","adresa_m\u011Bsto":"725 29 Ostrava","platnost_od":"2010-08-02"},{"typ":"Osoba","funkce":"m\u00EDstop\u0159edsedkyn\u011B:","jm\u00E9no":"Ing. Petra Bernfeldov\u00E1","datum_narozen\u00ED":"1977-10-04","adresa_ulice":"Pod\u011Bbradova 2961/60","adresa_m\u011Bsto":"702 00 Ostrava","platnost_od":"2023-12-22"},{"typ":"Osoba","funkce":"\u010Dlen:","jm\u00E9no":"JUDr. Luk\u00E1\u0161 Semer\u00E1k","datum_narozen\u00ED":"1972-01-11","adresa_ulice":"Pobialova 1208/21","adresa_m\u011Bsto":"702 00 Ostrava","platnost_od":"2010-08-02"}]},{"typ":["Digit\u00E1ln\u00ED objekt","Politick\u00E1 strana nebo hnut\u00ED"],"iri":"https://mv.gov.cz/api/boards/SPS/strana/357","url":"https://aplikace.mv.gov.cz/seznam-politickych-stran/Vypis_Rejstrik.aspx?id=357","n\u00E1zev":"Na\u0161e Beskydy","zkratka":"NBeskydy","adresa_s\u00EDdla":"744 01 Fren\u0161t\u00E1t pod Radho\u0161t\u011Bm, Poto\u010Dn\u00ED 646","den_registrace":"2010-08-02","\u010D\u00EDslo_registrace":"MV-69530-6/VS-2010","identifika\u010Dn\u00ED_\u010D\u00EDslo":"71443223","statut\u00E1rn\u00ED_org\u00E1n":"P\u0159edsednictvo, za kter\u00E9 jedn\u00E1 p\u0159edseda samostatn\u011B nebo spole\u010Dn\u011B dva \u010Dlenov\u00E9.","pozn\u00E1mka":"","organiza\u010Dn\u00ED_jednotky":[],"osoby":[]},{"typ":["Digit\u00E1ln\u00ED objekt","Politick\u00E1 strana nebo hnut\u00ED"],"iri":"https://mv.gov.cz/api/boards/SPS/strana/358","url":"https://aplikace.mv.gov.cz/seznam-politickych-stran/Vypis_Rejstrik.aspx?id=358","n\u00E1zev":"Sdru\u017Een\u00ED nez\u00E1visl\u00FDch Hole\u0161ovska","zkratka":"SNH","adresa_s\u00EDdla":"769 01 Hole\u0161ov, Dla\u017E\u00E1nky 310/6","den_registrace":"2010-08-02","\u010D\u00EDslo_registrace":"MV-69191-6/VS-2010","identifika\u010Dn\u00ED_\u010D\u00EDslo":"71443231","statut\u00E1rn\u00ED_org\u00E1n":"P\u0159edstavenstvo, za kter\u00E9 jedn\u00E1 p\u0159edseda.","pozn\u00E1mka":"","organiza\u010Dn\u00ED_jednotky":[],"osoby":[{"typ":"Osoba","funkce":"p\u0159edseda:","jm\u00E9no":"JUDr. Jarmila Pokorn\u00E1","datum_narozen\u00ED":"1951-03-16","adresa_ulice":"Sportovn\u00ED 1460","adresa_m\u011Bsto":"769 01 Hole\u0161ov","platnost_od":"2010-12-16"},{"typ":"Osoba","funkce":"m\u00EDstop\u0159edseda:","jm\u00E9no":"Ing. Jarom\u00EDr Tom\u0161\u016F","datum_narozen\u00ED":"1964-03-08","adresa_ulice":"Jir\u00E1skova 893/4","adresa_m\u011Bsto":"769 01 Hole\u0161ov","platnost_od":"2010-12-16"},{"typ":"Osoba","funkce":"\u010Dlen:","jm\u00E9no":"Mgr. Jarmila R\u016F\u017Ei\u010Dkov\u00E1","datum_narozen\u00ED":"1959-05-26","adresa_ulice":"Novosady 1568","adresa_m\u011Bsto":"769 01 Hole\u0161ov","platnost_od":"2010-12-16"}]},{"typ":["Digit\u00E1ln\u00ED objekt","Politick\u00E1 strana nebo hnut\u00ED"],"iri":"https://mv.gov.cz/api/boards/SPS/strana/359","url":"https://aplikace.mv.gov.cz/seznam-politickych-stran/Vypis_Rejstrik.aspx?id=359","n\u00E1zev":"\u010CSSD \u2013 \u010Cesk\u00E1 suverenita soci\u00E1ln\u00ED demokracie","zkratka":"\u010CSSD","adresa_s\u00EDdla":"170 00 Praha , U Pr\u016Fhonu  1201/23","den_registrace":"2011-01-21","\u010D\u00EDslo_registrace":"MV-2810-5/VS-2011","identifika\u010Dn\u00ED_\u010D\u00EDslo":"71443240","statut\u00E1rn\u00ED_org\u00E1n":"P\u0159edsednictvo Republikov\u00E9 rady, jeho\u017E jm\u00E9nem jedn\u00E1 p\u0159edseda.","posledn\u00ED_zm\u011Bna_stanov":"2023-06-29","pozn\u00E1mka":"","organiza\u010Dn\u00ED_jednotky":["krajsk\u00E1 organizace","m\u00EDstn\u00ED organizace","okresn\u00ED organizace"],"osoby":[{"typ":"Osoba","funkce":"p\u0159edseda:","jm\u00E9no":"Ing. Ji\u0159\u00ED Paroubek","datum_narozen\u00ED":"1952-08-21","adresa_ulice":"Mrkosova 542/4","adresa_m\u011Bsto":"159 00 Praha","platnost_od":"2024-02-17"},{"typ":"Osoba","funkce":"statut\u00E1rn\u00ED m\u00EDstop\u0159edsedkyn\u011B:","jm\u00E9no":"Mgr. Jana Volfov\u00E1","datum_narozen\u00ED":"1957-11-02","adresa_ulice":"U pr\u016Fhonu 1201/23","adresa_m\u011Bsto":"170 00 Praha","platnost_od":"2024-02-17"},{"typ":"Osoba","funkce":"m\u00EDstop\u0159edseda:","jm\u00E9no":"Ing. Petr Benda","datum_narozen\u00ED":"1971-01-20","adresa_ulice":"Ko\u0159ensk\u00E9ho stezka 1951/10","adresa_m\u011Bsto":"415 01 Teplice","platnost_od":"2024-02-17"},{"typ":"Osoba","funkce":"m\u00EDstop\u0159edseda:","jm\u00E9no":"Petr Gawlas","datum_narozen\u00ED":"1962-01-26","adresa_ulice":"Bezru\u010Dova 817","adresa_m\u011Bsto":"739 91 Jablunkov","platnost_od":"2024-02-17"},{"typ":"Osoba","funkce":"m\u00EDstop\u0159edseda:","jm\u00E9no":"Bc. Pavel Havr\u00E1nek","datum_narozen\u00ED":"1975-08-16","adresa_ulice":"Hlavn\u00ED 113","adresa_m\u011Bsto":"252 18 Ptice","platnost_od":"2024-02-17"}]},{"typ":["Digit\u00E1ln\u00ED objekt","Politick\u00E1 strana nebo hnut\u00ED"],"iri":"https://mv.gov.cz/api/boards/SPS/strana/360","url":"https://aplikace.mv.gov.cz/seznam-politickych-stran/Vypis_Rejstrik.aspx?id=360","n\u00E1zev":"Lidov\u00E9 f\u00F3rum","zkratka":"LF","adresa_s\u00EDdla":"615 00 Brno, \u0160aldova 380/3","den_registrace":"2011-04-21","\u010D\u00EDslo_registrace":"MV-26160-6/VS-2011","identifika\u010Dn\u00ED_\u010D\u00EDslo":"71443258","statut\u00E1rn\u00ED_org\u00E1n":"P\u0159edsednictvo, za kter\u00E9 jednaj\u00ED navenek samostatn\u011B p\u0159edseda nebo 1. m\u00EDstop\u0159edseda anebo alespo\u0148 spole\u010Dn\u011B dva \u010Dlenov\u00E9 p\u0159edsednictva, z nich\u017E je alespo\u0148 jeden m\u00EDstop\u0159edseda strany.","pozn\u00E1mka":"","organiza\u010Dn\u00ED_jednotky":["krajsk\u00E9 organizace","m\u00EDstn\u00ED organizace","region\u00E1ln\u00ED organizace"],"osoby":[]},{"typ":["Digit\u00E1ln\u00ED objekt","Politick\u00E1 strana nebo hnut\u00ED"],"iri":"https://mv.gov.cz/api/boards/SPS/strana/361","url":"https://aplikace.mv.gov.cz/seznam-politickych-stran/Vypis_Rejstrik.aspx?id=361","n\u00E1zev":"BEZPE\u010CN\u00C9 ULICE","zkratka":"BEZ-UL","adresa_s\u00EDdla":"161 00 Praha, Ciolkovsk\u00E9ho 853/1","den_registrace":"2011-05-09","\u010D\u00EDslo_registrace":"MV-37556-4/VS-2011","identifika\u010Dn\u00ED_\u010D\u00EDslo":"71443266","statut\u00E1rn\u00ED_org\u00E1n":"P\u0159edseda strany a 1. m\u00EDstop\u0159edseda strany, je\u017E jednaj\u00ED ka\u017Ed\u00FD samostatn\u011B.","posledn\u00ED_zm\u011Bna_stanov":"2022-04-19","pozn\u00E1mka":"","organiza\u010Dn\u00ED_jednotky":["organizace m\u00EDstn\u00ED"],"osoby":[{"typ":"Osoba","funkce":"p\u0159edseda:","jm\u00E9no":"Mgr. Ji\u0159\u00ED \u0160t\u011Bp\u00E1nek","datum_narozen\u00ED":"1972-03-05","adresa_ulice":"Na Celchu 395/29","adresa_m\u011Bsto":"326 00 Plze\u0148","platnost_od":"2025-01-04"},{"typ":"Osoba","funkce":"1.m\u00EDstop\u0159edsedkyn\u011B:","jm\u00E9no":"Hana Pavl\u00ED\u010Dkov\u00E1","datum_narozen\u00ED":"1947-07-24","adresa_ulice":"Rumbursk\u00E1 261/17","adresa_m\u011Bsto":"190 00 Praha","platnost_od":"2025-01-04"}]},{"typ":["Digit\u00E1ln\u00ED objekt","Politick\u00E1 strana nebo hnut\u00ED"],"iri":"https://mv.gov.cz/api/boards/SPS/strana/362","url":"https://aplikace.mv.gov.cz/seznam-politickych-stran/Vypis_Rejstrik.aspx?id=362","n\u00E1zev":"ALIANCE N\u00C1RODN\u00CDCH SIL","zkratka":"ANS","adresa_s\u00EDdla":"102 00 Praha, Chudenick\u00E1 1059/30","den_registrace":"2011-07-04","\u010D\u00EDslo_registrace":"MV-75240-2/VS-2011","identifika\u010Dn\u00ED_\u010D\u00EDslo":"71443274","statut\u00E1rn\u00ED_org\u00E1n":"P\u0159edseda.","posledn\u00ED_zm\u011Bna_stanov":"2023-07-21","pozn\u00E1mka":"","organiza\u010Dn\u00ED_jednotky":["krajsk\u00E9 kluby","z\u00E1kladn\u00ED kluby"],"osoby":[{"typ":"Osoba","funkce":"p\u0159edsedkyn\u011B:","jm\u00E9no":"PhDr. Vladim\u00EDra V\u00EDtov\u00E1, Ph.D.","datum_narozen\u00ED":"1962-10-23","adresa_ulice":"Se\u010Dsk\u00E1 1855/27","adresa_m\u011Bsto":"100 00 Praha","platnost_od":"2018-06-02"}]},{"typ":["Digit\u00E1ln\u00ED objekt","Politick\u00E1 strana nebo hnut\u00ED"],"iri":"https://mv.gov.cz/api/boards/SPS/strana/363","url":"https://aplikace.mv.gov.cz/seznam-politickych-stran/Vypis_Rejstrik.aspx?id=363","n\u00E1zev":"Strana Glob\u00E1ln\u00ED Odpov\u011Bdnosti","zkratka":"SGO","adresa_s\u00EDdla":"190 00 Praha, Kolbenova 635/18","den_registrace":"2011-11-01","\u010D\u00EDslo_registrace":"MV-90990-8/VS-2011","identifika\u010Dn\u00ED_\u010D\u00EDslo":"71443282","statut\u00E1rn\u00ED_org\u00E1n":"P\u0159edsednictvo, za kter\u00E9 jedn\u00E1 p\u0159edseda samostatn\u011B nebo prvn\u00ED m\u00EDstop\u0159edseda s jedn\u00EDm m\u00EDstop\u0159edsedou.","pozn\u00E1mka":"","organiza\u010Dn\u00ED_jednotky":["krajsk\u00E9 organizace","m\u00EDstn\u00ED kluby"],"osoby":[]},{"typ":["Digit\u00E1ln\u00ED objekt","Politick\u00E1 strana nebo hnut\u00ED"],"iri":"https://mv.gov.cz/api/boards/SPS/strana/364","url":"https://aplikace.mv.gov.cz/seznam-politickych-stran/Vypis_Rejstrik.aspx?id=364","n\u00E1zev":"N\u00E1rodn\u00ED socialist\u00E9","zkratka":"N\u00C1R.SOC.","adresa_s\u00EDdla":"155 00 Praha, Radlick\u00E1 505/58","den_registrace":"2011-11-01","\u010D\u00EDslo_registrace":"MV-115880-4/VS-2011","identifika\u010Dn\u00ED_\u010D\u00EDslo":"71443291","statut\u00E1rn\u00ED_org\u00E1n":"P\u0159edseda.","posledn\u00ED_zm\u011Bna_stanov":"2021-10-01","pozn\u00E1mka":"","organiza\u010Dn\u00ED_jednotky":["krajsk\u00E9 organizace","m\u00EDstn\u00ED organizace","okresn\u00ED organizace"],"osoby":[{"typ":"Osoba","funkce":"p\u0159edseda:","jm\u00E9no":"JUDr. Jaroslav Kr\u00E1l, CSc.","datum_narozen\u00ED":"1951-12-17","adresa_ulice":"U jezera 2044/8","adresa_m\u011Bsto":"155 00 Praha","platnost_od":"2017-04-01"}]},{"typ":["Digit\u00E1ln\u00ED objekt","Politick\u00E1 strana nebo hnut\u00ED"],"iri":"https://mv.gov.cz/api/boards/SPS/strana/365","url":"https://aplikace.mv.gov.cz/seznam-politickych-stran/Vypis_Rejstrik.aspx?id=365","n\u00E1zev":"Strana p\u0159\u00E1tel \u010Dasopisu MAXIM a jejich p\u0159\u00E1tel za maxim\u00E1ln\u00ED svobodu projevu, za vybudov\u00E1n\u00ED mocn\u00E9 arm\u00E1dy a za \u017Eivot bez zbyte\u010Dn\u00FDch omezen\u00ED a z\u00E1kaz\u016F","zkratka":"\u201EMAXIM\u201C","adresa_s\u00EDdla":"373 01 T\u0159i Sekery 73","den_registrace":"2011-11-22","\u010D\u00EDslo_registrace":"MV-68841-10/VS-2010","identifika\u010Dn\u00ED_\u010D\u00EDslo":"71443304","statut\u00E1rn\u00ED_org\u00E1n":"P\u0159edseda a m\u00EDstop\u0159edsedov\u00E9, kte\u0159\u00ED jednaj\u00ED samostatn\u011B. V n\u011Bb\u011B\u017En\u00FDch z\u00E1le\u017Eitostech, kter\u00FDmi je uzav\u00EDr\u00E1n\u00ED politick\u00FDch dohod a zavazov\u00E1n\u00ED se nad \u010D\u00E1stku vy\u0161\u0161\u00ED ne\u017E 50 000,- K\u010D, je t\u0159eba podpisu dvou statut\u00E1rn\u00EDch z\u00E1stupc\u016F.","pozn\u00E1mka":"","organiza\u010Dn\u00ED_jednotky":["krajsk\u00E9 organizace","m\u011Bstsk\u00E9 organizace","z\u00E1kladn\u00ED organizace"],"osoby":[{"typ":"Osoba","funkce":"p\u0159edseda:","jm\u00E9no":"Pavel Vondr\u00E1\u010Dek","datum_narozen\u00ED":"1971-05-14","adresa_ulice":"","adresa_m\u011Bsto":"353 01 T\u0159i Sekery 73","platnost_od":"2013-08-30"},{"typ":"Osoba","funkce":"m\u00EDstop\u0159edseda:","jm\u00E9no":"Ivan Brezina","datum_narozen\u00ED":"1967-09-21","adresa_ulice":"Na v\u00FDtoni 401/7","adresa_m\u011Bsto":"128 00 Praha","platnost_od":"2013-08-30"},{"typ":"Osoba","funkce":"m\u00EDstop\u0159edseda:","jm\u00E9no":"Petr  B\u00EDlek","datum_narozen\u00ED":"1974-01-22","adresa_ulice":"Nedv\u011Bzsk\u00E1 3336/2","adresa_m\u011Bsto":"100 00 Praha","platnost_od":"2013-08-30"}]},{"typ":["Digit\u00E1ln\u00ED objekt","Politick\u00E1 strana nebo hnut\u00ED"],"iri":"https://mv.gov.cz/api/boards/SPS/strana/366","url":"https://aplikace.mv.gov.cz/seznam-politickych-stran/Vypis_Rejstrik.aspx?id=366","n\u00E1zev":"JIHO\u010CE\u0160I 2012","zkratka":"JIH 12","adresa_s\u00EDdla":"398 55 Kov\u00E1\u0159ov 44","den_registrace":"2011-12-07","\u010D\u00EDslo_registrace":"MV-127700-4/VS-2011","identifika\u010Dn\u00ED_\u010D\u00EDslo":"71443312","statut\u00E1rn\u00ED_org\u00E1n":"P\u0159edseda.","posledn\u00ED_zm\u011Bna_stanov":"2022-11-01","pozn\u00E1mka":"","organiza\u010Dn\u00ED_jednotky":[],"osoby":[{"typ":"Osoba","funkce":"p\u0159edseda:","jm\u00E9no":"Pavel Hroch","datum_narozen\u00ED":"1962-12-03","adresa_ulice":"","adresa_m\u011Bsto":"398 55 Kov\u00E1\u0159ov 44","platnost_od":"2012-01-13"}]},{"typ":["Digit\u00E1ln\u00ED objekt","Politick\u00E1 strana nebo hnut\u00ED"],"iri":"https://mv.gov.cz/api/boards/SPS/strana/367","url":"https://aplikace.mv.gov.cz/seznam-politickych-stran/Vypis_Rejstrik.aspx?id=367","n\u00E1zev":"Strana rovn\u00FDch p\u0159\u00EDle\u017Eitost\u00ED","zkratka":"SRP","adresa_s\u00EDdla":"439 42 Postoloprty, H\u00E1lkova 37","den_registrace":"2011-12-19","\u010D\u00EDslo_registrace":"MV-126300-4/VS-2011","identifika\u010Dn\u00ED_\u010D\u00EDslo":"71443321","statut\u00E1rn\u00ED_org\u00E1n":"P\u0159edseda.","posledn\u00ED_zm\u011Bna_stanov":"2014-07-04","pozn\u00E1mka":"","organiza\u010Dn\u00ED_jednotky":["krajsk\u00E9 organizace","z\u00E1kladn\u00ED organizace"],"osoby":[{"typ":"Osoba","funkce":"p\u0159edseda:","jm\u00E9no":"Miroslav Kov\u00E1\u010D","datum_narozen\u00ED":"1970-12-04","adresa_ulice":"M\u00EDrov\u00E9 n\u00E1m\u011Bst\u00ED 318","adresa_m\u011Bsto":"439 42 Postoloprty","platnost_od":"2014-06-05"}]},{"typ":["Digit\u00E1ln\u00ED objekt","Politick\u00E1 strana nebo hnut\u00ED"],"iri":"https://mv.gov.cz/api/boards/SPS/strana/368","url":"https://aplikace.mv.gov.cz/seznam-politickych-stran/Vypis_Rejstrik.aspx?id=368","n\u00E1zev":"ANO 2011","zkratka":"ANO","adresa_s\u00EDdla":"149 00 Praha, Babick\u00E1 2329/2","den_registrace":"2012-05-11","\u010D\u00EDslo_registrace":"MV-48831-4/VS-2012","identifika\u010Dn\u00ED_\u010D\u00EDslo":"71443339","statut\u00E1rn\u00ED_org\u00E1n":"P\u0159edsednictvo, za kter\u00E9 jedn\u00E1 samostatn\u011B p\u0159edseda, a to ve v\u0161ech z\u00E1le\u017Eitostech, nebo samostatn\u011B prvn\u00ED m\u00EDstop\u0159edseda nebo m\u00EDstop\u0159edseda na z\u00E1klad\u011B p\u00EDsemn\u00E9ho pov\u011B\u0159en\u00ED ud\u011Blen\u00E9ho p\u0159edsednictvem pro jedn\u00E1n\u00ED ve vymezen\u00FDch z\u00E1le\u017Eitostech.","posledn\u00ED_zm\u011Bna_stanov":"2021-04-23","pozn\u00E1mka":"","organiza\u010Dn\u00ED_jednotky":["krajsk\u00E1 organizace","m\u00EDstn\u00ED organizace","oblastn\u00ED organizace"],"osoby":[{"typ":"Osoba","funkce":"p\u0159edseda:","jm\u00E9no":"Ing. Andrej Babi\u0161","datum_narozen\u00ED":"1954-09-02","adresa_ulice":"Franti\u0161ka Zemana 876","adresa_m\u011Bsto":"252 43 Pr\u016Fhonice","platnost_od":"2012-08-01"},{"typ":"Osoba","funkce":"1. m\u00EDstop\u0159edseda:","jm\u00E9no":"doc. Ing. Karel Havl\u00ED\u010Dek, Ph.D., MBA","datum_narozen\u00ED":"1969-08-16","adresa_ulice":"Slune\u010Dn\u00ED 1165","adresa_m\u011Bsto":"252 10 Mn\u00ED\u0161ek pod Brdy","platnost_od":"2022-02-12"},{"typ":"Osoba","funkce":"m\u00EDstop\u0159edsedkyn\u011B:","jm\u00E9no":"JUDr. Alena Schillerov\u00E1, Ph.D.","datum_narozen\u00ED":"1964-03-18","adresa_ulice":"Hou\u0161kova 1211/2","adresa_m\u011Bsto":"624 00 Brno","platnost_od":"2022-02-12"},{"typ":"Osoba","funkce":"m\u00EDstop\u0159edseda:","jm\u00E9no":"Mgr. Richard Brabec","datum_narozen\u00ED":"1966-07-05","adresa_ulice":"","adresa_m\u011Bsto":"412 01 Mal\u00ED\u010D 13","platnost_od":"2017-02-26"},{"typ":"Osoba","funkce":"m\u00EDstop\u0159edseda:","jm\u00E9no":"Mgr. Radek Vondr\u00E1\u010Dek","datum_narozen\u00ED":"1973-12-30","adresa_ulice":"Vrchlick\u00E9ho 791/22","adresa_m\u011Bsto":"767 01 Krom\u011B\u0159\u00ED\u017E","platnost_od":"2019-02-17"},{"typ":"Osoba","funkce":"m\u00EDstop\u0159edseda:","jm\u00E9no":"Robert Kr\u00E1l\u00ED\u010Dek","datum_narozen\u00ED":"1977-02-11","adresa_ulice":"B\u011Blehradsk\u00E1 238/9","adresa_m\u011Bsto":"140 00 Praha","platnost_od":"2024-02-10"},{"typ":"Osoba","funkce":"\u010Dlen p\u0159edsednictva:","jm\u00E9no":"Ladislav Okle\u0161t\u011Bk","datum_narozen\u00ED":"1961-03-10","adresa_ulice":"Werichova 4706/8","adresa_m\u011Bsto":"796 01 Prost\u011Bjov","platnost_od":"2017-02-26"},{"typ":"Osoba","funkce":"\u010Dlen p\u0159edsednictva:","jm\u00E9no":"Ing. Radim Holi\u0161","datum_narozen\u00ED":"1975-08-12","adresa_ulice":"Na Drah\u00E1ch 1132","adresa_m\u011Bsto":"756 61 Ro\u017Enov pod Radho\u0161t\u011Bm","platnost_od":"2022-02-12"},{"typ":"Osoba","funkce":"\u010Dlen p\u0159edsednictva:","jm\u00E9no":"Ing. Josef B\u011Blica, MBA","datum_narozen\u00ED":"1978-07-16","adresa_ulice":"V\u00FDletn\u00ED 1236/6A","adresa_m\u011Bsto":"736 01 Hav\u00ED\u0159ov","platnost_od":"2024-02-10"},{"typ":"Osoba","funkce":"\u010Dlen p\u0159edsednictva:","jm\u00E9no":"Ing. Martin Kolovratn\u00EDk","datum_narozen\u00ED":"1975-04-11","adresa_ulice":"Lu\u010Dn\u00ED 1054","adresa_m\u011Bsto":"530 03 Pardubice","platnost_od":"2026-01-24"},{"typ":"Osoba","funkce":"\u010Dlenka p\u0159edsednictva:","jm\u00E9no":"Mgr. Jana Pastuchov\u00E1","datum_narozen\u00ED":"1965-07-21","adresa_ulice":"Bo\u017Eeny N\u011Bmcov\u00E9 3656/4","adresa_m\u011Bsto":"466 04 Jablonec nad Nisou","platnost_od":"2019-02-17"},{"typ":"Osoba","funkce":"\u010Dlenka p\u0159edsednictva:","jm\u00E9no":"Mgr. Ing. Ta\u0165\u00E1na Mal\u00E1","datum_narozen\u00ED":"1981-10-01","adresa_ulice":"Ti\u0161novka 244/7","adresa_m\u011Bsto":"664 31 Lelekovice","platnost_od":"2026-01-24"},{"typ":"Osoba","funkce":"\u010Dlenka p\u0159edsednictva:","jm\u00E9no":"Mgr. Zuzana Mr\u00E1zov\u00E1","datum_narozen\u00ED":"1978-02-24","adresa_ulice":"M\u00EDrov\u00E9 n\u00E1m\u011Bst\u00ED 94/23","adresa_m\u011Bsto":"418 01 B\u00EDlina","platnost_od":"2026-01-24"},{"typ":"Osoba","funkce":"\u010Dlenka p\u0159edsednictva:","jm\u00E9no":"Ing. Monika Oborn\u00E1","datum_narozen\u00ED":"1989-04-02","adresa_ulice":"","adresa_m\u011Bsto":"675 74 B\u0159ezn\u00EDk 197","platnost_od":"2026-01-24"}]},{"typ":["Digit\u00E1ln\u00ED objekt","Politick\u00E1 strana nebo hnut\u00ED"],"iri":"https://mv.gov.cz/api/boards/SPS/strana/369","url":"https://aplikace.mv.gov.cz/seznam-politickych-stran/Vypis_Rejstrik.aspx?id=369","n\u00E1zev":"Strana konzervativn\u00ED pravice - \u0158\u00E1d n\u00E1roda","zkratka":"SKP - \u0158N","adresa_s\u00EDdla":"356 01 Sokolov, Bo\u017Eeny N\u011Bmcov\u00E9 703","den_registrace":"2012-05-29","\u010D\u00EDslo_registrace":"MV-58052-4/VS-2012","identifika\u010Dn\u00ED_\u010D\u00EDslo":"71443347","statut\u00E1rn\u00ED_org\u00E1n":"P\u0159edseda.","posledn\u00ED_zm\u011Bna_stanov":"2019-05-06","pozn\u00E1mka":"","organiza\u010Dn\u00ED_jednotky":["krajsk\u00E9 organizace","m\u00EDstn\u00ED kluby"],"osoby":[{"typ":"Osoba","funkce":"p\u0159edsedkyn\u011B:","jm\u00E9no":"Michaela Rojtov\u00E1","datum_narozen\u00ED":"1989-02-28","adresa_ulice":"Bo\u017Eeny N\u011Bmcov\u00E9 703","adresa_m\u011Bsto":"356 01 Sokolov","platnost_od":"2021-12-12"}]},{"typ":["Digit\u00E1ln\u00ED objekt","Politick\u00E1 strana nebo hnut\u00ED"],"iri":"https://mv.gov.cz/api/boards/SPS/strana/370","url":"https://aplikace.mv.gov.cz/seznam-politickych-stran/Vypis_Rejstrik.aspx?id=370","n\u00E1zev":"V\u00DDCHODO\u010CE\u0160I","zkratka":"V\u010C","adresa_s\u00EDdla":"508 01 Holovousy 37","den_registrace":"2012-05-31","\u010D\u00EDslo_registrace":"MV-29726-4/VS-2012","identifika\u010Dn\u00ED_\u010D\u00EDslo":"71443355","statut\u00E1rn\u00ED_org\u00E1n":"\u0158\u00EDd\u00EDc\u00ED rada, za kterou jedn\u00E1 p\u0159edseda.","posledn\u00ED_zm\u011Bna_stanov":"2023-09-27","pozn\u00E1mka":"","organiza\u010Dn\u00ED_jednotky":["krajsk\u00E9 kluby"],"osoby":[{"typ":"Osoba","funkce":"p\u0159edsedkyn\u011B:","jm\u00E9no":"Mgr. Martina  Berdychov\u00E1","datum_narozen\u00ED":"1971-04-29","adresa_ulice":"","adresa_m\u011Bsto":"508 01 Holovousy 37","platnost_od":"2023-09-20"},{"typ":"Osoba","funkce":"m\u00EDstop\u0159edseda:","jm\u00E9no":"Ing. Ond\u0159ej Hlav\u00E1\u010D","datum_narozen\u00ED":"1975-07-23","adresa_ulice":"Dubinsk\u00E1 758","adresa_m\u011Bsto":"530 12 Pardubice","platnost_od":"2018-05-28"},{"typ":"Osoba","funkce":"m\u00EDstop\u0159edseda:","jm\u00E9no":"Ing. Ale\u0161 Maloch","datum_narozen\u00ED":"1976-04-11","adresa_ulice":"","adresa_m\u011Bsto":"543 72 Rudn\u00EDk 80","platnost_od":"2023-09-20"},{"typ":"Osoba","funkce":"pokladn\u00EDk:","jm\u00E9no":"Helena Rezkov\u00E1","datum_narozen\u00ED":"1965-04-26","adresa_ulice":"","adresa_m\u011Bsto":"551 01 Vlkov 114","platnost_od":"2018-05-28"},{"typ":"Osoba","funkce":"\u010Dlenka:","jm\u00E9no":"Martina Lacmanov\u00E1","datum_narozen\u00ED":"1971-01-10","adresa_ulice":"V Lipk\u00E1ch 581","adresa_m\u011Bsto":"538 51 Chrast","platnost_od":"2018-05-28"}]},{"typ":["Digit\u00E1ln\u00ED objekt","Politick\u00E1 strana nebo hnut\u00ED"],"iri":"https://mv.gov.cz/api/boards/SPS/strana/371","url":"https://aplikace.mv.gov.cz/seznam-politickych-stran/Vypis_Rejstrik.aspx?id=371","n\u00E1zev":"politick\u00E9 hnut\u00ED Zm\u011Bna","zkratka":"Zm\u011Bna","adresa_s\u00EDdla":"460 07 Liberec, 1. m\u00E1je 97/25","den_registrace":"2012-06-08","\u010D\u00EDslo_registrace":"MV-57571-5/VS-2012","identifika\u010Dn\u00ED_\u010D\u00EDslo":"71443363","statut\u00E1rn\u00ED_org\u00E1n":"Celost\u00E1tn\u00ED rada, za kterou jedn\u00E1 p\u0159edseda.","posledn\u00ED_zm\u011Bna_stanov":"2019-11-22","pozn\u00E1mka":"","organiza\u010Dn\u00ED_jednotky":["krajsk\u00E1 organizace","m\u011Bstsk\u00E1 organizace","z\u00E1kladn\u00ED organizace"],"osoby":[{"typ":"Osoba","funkce":"p\u0159edseda:","jm\u00E9no":"","adresa_ulice":"","adresa_m\u011Bsto":"","platnost_od":"2023-05-13"},{"typ":"Osoba","funkce":"\u010Dlen:","jm\u00E9no":"Ing. Libor  Witassek","datum_narozen\u00ED":"1969-05-15","adresa_ulice":"Slune\u010Dn\u00ED 1348/3","adresa_m\u011Bsto":"746 01 Opava","platnost_od":"2014-03-08"},{"typ":"Osoba","funkce":"\u010Dlen:","jm\u00E9no":"Ing. achr. Jan Hork\u00FD","datum_narozen\u00ED":"1983-11-17","adresa_ulice":"Bo\u017Eeny N\u011Bmcov\u00E9 1541/5","adresa_m\u011Bsto":"750 02 P\u0159erov","platnost_od":"2014-03-08"}]},{"typ":["Digit\u00E1ln\u00ED objekt","Politick\u00E1 strana nebo hnut\u00ED"],"iri":"https://mv.gov.cz/api/boards/SPS/strana/372","url":"https://aplikace.mv.gov.cz/seznam-politickych-stran/Vypis_Rejstrik.aspx?id=372","n\u00E1zev":"HOZK","zkratka":"HOZK","adresa_s\u00EDdla":"104 00 Praha, V\u00E1clava Trojana 1540/13","den_registrace":"2012-06-19","\u010D\u00EDslo_registrace":"MV-64747-4/VS-2012","identifika\u010Dn\u00ED_\u010D\u00EDslo":"71443371","statut\u00E1rn\u00ED_org\u00E1n":"V\u00FDkonn\u00FD v\u00FDbor, za kter\u00FD jedn\u00E1 spole\u010Dn\u011B p\u0159edseda a jeden m\u00EDstop\u0159edseda.","posledn\u00ED_zm\u011Bna_stanov":"2014-11-14","pozn\u00E1mka":"","organiza\u010Dn\u00ED_jednotky":["krajsk\u00E9 organizace","m\u00EDstn\u00ED sdru\u017Een\u00ED"],"osoby":[{"typ":"Osoba","funkce":"p\u0159edseda:","jm\u00E9no":"PhDr. Martin Vacek, MBA","datum_narozen\u00ED":"1971-12-02","adresa_ulice":"V\u00E1clava Trojana 1540/13","adresa_m\u011Bsto":"104 00 Praha","platnost_od":"2014-10-16"},{"typ":"Osoba","funkce":"1. m\u00EDstop\u0159edseda:","jm\u00E9no":"Ing. Mgr. Rudolf Ml\u00E1dek","datum_narozen\u00ED":"1956-12-13","adresa_ulice":"Vodnick\u00E1 321/3","adresa_m\u011Bsto":"149 00 Praha","platnost_od":"2014-10-16"},{"typ":"Osoba","funkce":"m\u00EDstop\u0159edseda:","jm\u00E9no":"Bc. Marek  Pat\u00E1k","datum_narozen\u00ED":"1968-10-01","adresa_ulice":"Hvozdensk\u00E1 92","adresa_m\u011Bsto":"763 11 Zl\u00EDn","platnost_od":"2014-10-16"}]},{"typ":["Digit\u00E1ln\u00ED objekt","Politick\u00E1 strana nebo hnut\u00ED"],"iri":"https://mv.gov.cz/api/boards/SPS/strana/373","url":"https://aplikace.mv.gov.cz/seznam-politickych-stran/Vypis_Rejstrik.aspx?id=373","n\u00E1zev":"St\u0159edo\u010De\u0161i2012.cz","zkratka":"S2012","adresa_s\u00EDdla":"253 01 Hostivice, Fibichova 389","den_registrace":"2012-07-12","\u010D\u00EDslo_registrace":"MV-67346-7/VS-2012","identifika\u010Dn\u00ED_\u010D\u00EDslo":"71443380","statut\u00E1rn\u00ED_org\u00E1n":"P\u0159edseda.","pozn\u00E1mka":"","organiza\u010Dn\u00ED_jednotky":[],"osoby":[{"typ":"Osoba","funkce":"p\u0159edseda:","jm\u00E9no":"P\u0159emysl \u0160anovec","datum_narozen\u00ED":"1989-04-13","adresa_ulice":"17. listopadu 903","adresa_m\u011Bsto":"253 01 Hostivice","platnost_od":"2020-02-14"}]},{"typ":["Digit\u00E1ln\u00ED objekt","Politick\u00E1 strana nebo hnut\u00ED"],"iri":"https://mv.gov.cz/api/boards/SPS/strana/374","url":"https://aplikace.mv.gov.cz/seznam-politickych-stran/Vypis_Rejstrik.aspx?id=374","n\u00E1zev":"PRO","zkratka":"PRO","adresa_s\u00EDdla":"150 00 Praha, n\u00E1m\u011Bst\u00ED Kinsk\u00FDch  741/6","den_registrace":"2012-07-16","\u010D\u00EDslo_registrace":"MV-78460-2/VS-2012","identifika\u010Dn\u00ED_\u010D\u00EDslo":"71443398","statut\u00E1rn\u00ED_org\u00E1n":"P\u0159edsednictvo. Za hnut\u00ED jedn\u00E1 p\u0159edseda nebo 1. m\u00EDstop\u0159edseda samostatn\u011B.","posledn\u00ED_zm\u011Bna_stanov":"2014-02-07","pozn\u00E1mka":"","organiza\u010Dn\u00ED_jednotky":["krajsk\u00E9 organizace","m\u00EDstn\u00ED nebo oblastn\u00ED organizace"],"osoby":[{"typ":"Osoba","funkce":"p\u0159edseda:","jm\u00E9no":"Jaroslav Nedv\u011Bd","datum_narozen\u00ED":"1971-09-15","adresa_ulice":"Plze\u0148sk\u00E1 441/207","adresa_m\u011Bsto":"150 00 Praha","platnost_od":"2014-06-24"},{"typ":"Osoba","funkce":"1. m\u00EDstop\u0159edseda:","jm\u00E9no":"Jan Kucha\u0159","datum_narozen\u00ED":"1974-05-18","adresa_ulice":"Poln\u00ED 60/1","adresa_m\u011Bsto":"351 01 Franti\u0161kovy L\u00E1zn\u011B","platnost_od":"2014-06-24"},{"typ":"Osoba","funkce":"\u010Dlen:","jm\u00E9no":"Marek Kukrle","datum_narozen\u00ED":"1969-02-16","adresa_ulice":"Na b\u011Blidle 65/42","adresa_m\u011Bsto":"150 00 Praha","platnost_od":"2014-01-25"},{"typ":"Osoba","funkce":"\u010Dlenka:","jm\u00E9no":"Eva Pitrov\u00E1","datum_narozen\u00ED":"1973-04-23","adresa_ulice":"Ho\u0161kova 1110/6","adresa_m\u011Bsto":"158 00 Praha","platnost_od":"2012-12-13"},{"typ":"Osoba","funkce":"\u010Dlenka:","jm\u00E9no":"Mgr. Diana Bubn\u00EDkov\u00E1","datum_narozen\u00ED":"1969-02-10","adresa_ulice":"Pivcova 956/6","adresa_m\u011Bsto":"152 00 Praha","platnost_od":"2014-01-25"}]},{"typ":["Digit\u00E1ln\u00ED objekt","Politick\u00E1 strana nebo hnut\u00ED"],"iri":"https://mv.gov.cz/api/boards/SPS/strana/375","url":"https://aplikace.mv.gov.cz/seznam-politickych-stran/Vypis_Rejstrik.aspx?id=375","n\u00E1zev":"ZVUK 12","zkratka":"ZVUK 12","adresa_s\u00EDdla":"767 01 Krom\u011B\u0159\u00ED\u017E, Postoupky 245","den_registrace":"2012-07-17","\u010D\u00EDslo_registrace":"MV-75845-4/VS-2012","identifika\u010Dn\u00ED_\u010D\u00EDslo":"71443401","statut\u00E1rn\u00ED_org\u00E1n":"P\u0159edsednictvo, za kter\u00E9 jedn\u00E1 samostatn\u011B p\u0159edseda a v jeho nep\u0159\u00EDtomnosti prvn\u00ED m\u00EDstop\u0159edseda, p\u0159\u00EDpadn\u011B druh\u00FD m\u00EDstop\u0159edseda.","posledn\u00ED_zm\u011Bna_stanov":"2017-09-21","pozn\u00E1mka":"","organiza\u010Dn\u00ED_jednotky":["nez\u0159izuj\u00ED \u017E\u00E1dn\u00E9 m\u00EDstn\u00ED organizace"],"osoby":[{"typ":"Osoba","funkce":"p\u0159edseda:","jm\u00E9no":"Ji\u0159\u00ED Ka\u0161\u00EDk","datum_narozen\u00ED":"1964-07-02","adresa_ulice":"","adresa_m\u011Bsto":"767 01 Krom\u011B\u0159\u00ED\u017E 245","platnost_od":"2012-07-27"},{"typ":"Osoba","funkce":"1. m\u00EDstop\u0159edseda:","jm\u00E9no":"Martin Hassa","datum_narozen\u00ED":"1968-01-17","adresa_ulice":"3. pluku 4576/11","adresa_m\u011Bsto":"767 01 Krom\u011B\u0159\u00ED\u017E","platnost_od":"2024-02-01"},{"typ":"Osoba","funkce":"2. m\u00EDstop\u0159edseda:","jm\u00E9no":"Ing. Ivo Thurner","datum_narozen\u00ED":"1974-04-28","adresa_ulice":"P\u0159\u00EDluck\u00E1 283","adresa_m\u011Bsto":"763 11 \u017Delechovice nad D\u0159evnic\u00ED","platnost_od":"2017-05-04"},{"typ":"Osoba","funkce":"\u010Dlen:","jm\u00E9no":"Ond\u0159ej Dan\u00ED\u010Dek","datum_narozen\u00ED":"1988-09-06","adresa_ulice":"","adresa_m\u011Bsto":"768 05 Kory\u010Dany 114","platnost_od":"2022-07-01"},{"typ":"Osoba","funkce":"\u010Dlenka:","jm\u00E9no":"Stanislava Pulkr\u00E1bkov\u00E1","datum_narozen\u00ED":"1978-11-10","adresa_ulice":"Kostnick\u00E1 3223/2","adresa_m\u011Bsto":"767 01 Krom\u011B\u0159\u00ED\u017E","platnost_od":"2014-02-14"}]},{"typ":["Digit\u00E1ln\u00ED objekt","Politick\u00E1 strana nebo hnut\u00ED"],"iri":"https://mv.gov.cz/api/boards/SPS/strana/376","url":"https://aplikace.mv.gov.cz/seznam-politickych-stran/Vypis_Rejstrik.aspx?id=376","n\u00E1zev":"PATRIOTI","zkratka":"PATRIOTI","adresa_s\u00EDdla":"547 01 N\u00E1chod, V\u00EDtkova 368","den_registrace":"2012-07-20","\u010D\u00EDslo_registrace":"MV-77900-4/VS-2012","identifika\u010Dn\u00ED_\u010D\u00EDslo":"71443410","statut\u00E1rn\u00ED_org\u00E1n":"Ceslost\u00E1tn\u00ED p\u0159edsednictvo, za kter\u00E9 jedn\u00E1 p\u0159edseda, v jeho nep\u0159\u00EDtomnosti m\u00EDstop\u0159edseda nebo dal\u0161\u00ED pov\u011B\u0159en\u00FD \u010Dlen p\u0159edsednictva.","pozn\u00E1mka":"","organiza\u010Dn\u00ED_jednotky":["krajsk\u00E9 organizace"],"osoby":[{"typ":"Osoba","funkce":"p\u0159edseda:","jm\u00E9no":"","adresa_ulice":"","adresa_m\u011Bsto":"","platnost_od":"2022-10-14"},{"typ":"Osoba","funkce":"m\u00EDstop\u0159edseda:","jm\u00E9no":"","adresa_ulice":"","adresa_m\u011Bsto":"","platnost_od":"2022-10-14"},{"typ":"Osoba","funkce":"\u010Dlen:","jm\u00E9no":"","adresa_ulice":"","adresa_m\u011Bsto":"","platnost_od":"2022-10-14"}]},{"typ":["Digit\u00E1ln\u00ED objekt","Politick\u00E1 strana nebo hnut\u00ED"],"iri":"https://mv.gov.cz/api/boards/SPS/strana/377","url":"https://aplikace.mv.gov.cz/seznam-politickych-stran/Vypis_Rejstrik.aspx?id=377","n\u00E1zev":"Strana \u010Ce\u0161i","zkratka":"\u010Ce\u0161i","adresa_s\u00EDdla":"100 00 Praha, \u017Dernovsk\u00E1 1316/6","den_registrace":"2012-07-20","\u010D\u00EDslo_registrace":"MV-78880-2/VS-2012","identifika\u010Dn\u00ED_\u010D\u00EDslo":"71443428","statut\u00E1rn\u00ED_org\u00E1n":"\u0158\u00EDd\u00EDc\u00ED v\u00FDbor, za kter\u00FD jedn\u00E1 a podepisuje p\u0159edseda strany nebo \u0159\u00EDd\u00EDc\u00EDm v\u00FDborem pov\u011B\u0159en\u00FD \u010Dlen p\u0159edsednictva.","posledn\u00ED_zm\u011Bna_stanov":"2013-03-27","pozn\u00E1mka":"","organiza\u010Dn\u00ED_jednotky":["krajsk\u00E1 organizace"],"osoby":[{"typ":"Osoba","funkce":"p\u0159edseda:","jm\u00E9no":"Ing. Ladislav Adamec","datum_narozen\u00ED":"1957-06-23","adresa_ulice":"Milady Hor\u00E1kov\u00E9 387/56","adresa_m\u011Bsto":"170 00 Praha","platnost_od":"2012-12-05"},{"typ":"Osoba","funkce":"m\u00EDstop\u0159edseda:","jm\u00E9no":"Ing. Vojt\u011Bch  Sedl\u00E1\u010Dek","datum_narozen\u00ED":"1950-09-01","adresa_ulice":"Kv\u011Btinkov\u00E1 371/4","adresa_m\u011Bsto":"130 00 Praha","platnost_od":"2012-12-05"},{"typ":"Osoba","funkce":"\u010Dlen:","jm\u00E9no":"Ing. Old\u0159ich  Dostal\u00EDk","datum_narozen\u00ED":"1958-11-05","adresa_ulice":"Chorvatsk\u00E1 1460","adresa_m\u011Bsto":"250 82 \u00DAvaly","platnost_od":"2012-12-05"}]},{"typ":["Digit\u00E1ln\u00ED objekt","Politick\u00E1 strana nebo hnut\u00ED"],"iri":"https://mv.gov.cz/api/boards/SPS/strana/378","url":"https://aplikace.mv.gov.cz/seznam-politickych-stran/Vypis_Rejstrik.aspx?id=378","n\u00E1zev":"za Mor\u00E1ln\u00ED O\u010Distu Regionu","zkratka":"M.O.R.","adresa_s\u00EDdla":"763 02 Zl\u00EDn, 1. m\u00E1je 613","den_registrace":"2012-07-24","\u010D\u00EDslo_registrace":"MV-80301-2/VS-2012","identifika\u010Dn\u00ED_\u010D\u00EDslo":"71443436","statut\u00E1rn\u00ED_org\u00E1n":"\u0158\u00EDd\u00EDc\u00ED rada, za kterou jedn\u00E1 p\u0159edseda.","pozn\u00E1mka":"","organiza\u010Dn\u00ED_jednotky":["kluby"],"osoby":[{"typ":"Osoba","funkce":"p\u0159edsedkyn\u011B:","jm\u00E9no":"Mgr. Eva \u0160tauderov\u00E1","datum_narozen\u00ED":"1972-03-08","adresa_ulice":"P\u0159\u00EDluck\u00E1 4121","adresa_m\u011Bsto":"760 01 Zl\u00EDn","platnost_od":"2012-07-31"},{"typ":"Osoba","funkce":"1.m\u00EDstop\u0159edsedkyn\u011B:","jm\u00E9no":"Bc. Ji\u0159ina  Gajdo\u0161\u00EDkov\u00E1","datum_narozen\u00ED":"1972-04-20","adresa_ulice":"1. m\u00E1je 613","adresa_m\u011Bsto":"763 02 Zl\u00EDn","platnost_od":"2012-07-31"},{"typ":"Osoba","funkce":"2. m\u00EDstop\u0159edseda:","jm\u00E9no":"Miroslav Rafaja","datum_narozen\u00ED":"1970-08-30","adresa_ulice":"","adresa_m\u011Bsto":"763 11 Zl\u00EDn 57","platnost_od":"2012-07-31"}]},{"typ":["Digit\u00E1ln\u00ED objekt","Politick\u00E1 strana nebo hnut\u00ED"],"iri":"https://mv.gov.cz/api/boards/SPS/strana/379","url":"https://aplikace.mv.gov.cz/seznam-politickych-stran/Vypis_Rejstrik.aspx?id=379","n\u00E1zev":"Starostov\u00E9 pro ob\u010Dany","zkratka":"STO","adresa_s\u00EDdla":"675 34 Police 131","den_registrace":"2012-07-27","\u010D\u00EDslo_registrace":"MV-77160-4/VS-2012","identifika\u010Dn\u00ED_\u010D\u00EDslo":"71443444","statut\u00E1rn\u00ED_org\u00E1n":"P\u0159edstavenstvo, a to spole\u010Dn\u011B dv\u011Bma \u010Dleny, z nich\u017E alespo\u0148 jeden je p\u0159edsedou a druh\u00FD \u010Dlenem p\u0159edstavenstva anebo spole\u010Dn\u011B 3 \u010Dleny p\u0159edstavenstva, z nich\u017E jeden je m\u00EDstop\u0159edsedou hnut\u00ED a dal\u0161\u00ED 2 jsou \u010Dleny p\u0159edstavenstva hnut\u00ED.","posledn\u00ED_zm\u011Bna_stanov":"2016-05-02","pozn\u00E1mka":"","organiza\u010Dn\u00ED_jednotky":[],"osoby":[{"typ":"Osoba","funkce":"p\u0159edseda:","jm\u00E9no":"Karel  Janou\u0161ek","datum_narozen\u00ED":"1965-04-11","adresa_ulice":"","adresa_m\u011Bsto":"675 34 Police 131","platnost_od":"2015-12-01"},{"typ":"Osoba","funkce":"1. m\u00EDstop\u0159edseda:","jm\u00E9no":"Petr B\u00E1rta","datum_narozen\u00ED":"1968-08-26","adresa_ulice":"Mi\u0159\u00E1tky 30","adresa_m\u011Bsto":"582 82 Gol\u010D\u016Fv Jen\u00EDkov","platnost_od":"2013-01-19"},{"typ":"Osoba","funkce":"m\u00EDstop\u0159edseda:","jm\u00E9no":"Ing. Miroslav Kabelka","datum_narozen\u00ED":"1970-10-28","adresa_ulice":"","adresa_m\u011Bsto":"675 44 Jakubov u Moravsk\u00FDch Bud\u011Bjovic 137","platnost_od":"2015-12-01"},{"typ":"Osoba","funkce":"m\u00EDstop\u0159edseda:","jm\u00E9no":"Miroslav Jirk\u016F","datum_narozen\u00ED":"1960-11-19","adresa_ulice":"Ji\u0159ice 199","adresa_m\u011Bsto":"396 01 Humpolec","platnost_od":"2015-12-01"}]},{"typ":["Digit\u00E1ln\u00ED objekt","Politick\u00E1 strana nebo hnut\u00ED"],"iri":"https://mv.gov.cz/api/boards/SPS/strana/380","url":"https://aplikace.mv.gov.cz/seznam-politickych-stran/Vypis_Rejstrik.aspx?id=380","n\u00E1zev":"Nov\u00E1 budoucnost pro Libereck\u00FD kraj","zkratka":"NBPLK","adresa_s\u00EDdla":"466 01 Jablonec nad Nisou, \u0160irok\u00E1 4860/10","den_registrace":"2012-08-02","\u010D\u00EDslo_registrace":"MV-81800-4/VS-2012","identifika\u010Dn\u00ED_\u010D\u00EDslo":"71443452","statut\u00E1rn\u00ED_org\u00E1n":"Republikov\u00E9 p\u0159edsednictvo, jeho\u017E ka\u017Ed\u00FD \u010Dlen jedn\u00E1 samostatn\u011B.","pozn\u00E1mka":"","organiza\u010Dn\u00ED_jednotky":["oblastn\u00ED sdru\u017Een\u00ED"],"osoby":[{"typ":"Osoba","funkce":"\u010Dlen:","jm\u00E9no":"Mgr. Pavel \u017Dur","datum_narozen\u00ED":"1966-05-05","adresa_ulice":"\u0160irok\u00E1 4860/10","adresa_m\u011Bsto":"466 01 Jablonec nad Nisou","platnost_od":"2012-08-06"}]},{"typ":["Digit\u00E1ln\u00ED objekt","Politick\u00E1 strana nebo hnut\u00ED"],"iri":"https://mv.gov.cz/api/boards/SPS/strana/381","url":"https://aplikace.mv.gov.cz/seznam-politickych-stran/Vypis_Rejstrik.aspx?id=381","n\u00E1zev":"Volba lidu 21.stolet\u00ED","zkratka":"VL21","adresa_s\u00EDdla":"370 01 \u010Cesk\u00E9 Bud\u011Bjovice, \u017Di\u017Ekova t\u0159. 309/12","den_registrace":"2012-08-03","\u010D\u00EDslo_registrace":"MV-75093-4/VS-2012","identifika\u010Dn\u00ED_\u010D\u00EDslo":"71443461","statut\u00E1rn\u00ED_org\u00E1n":"P\u0159edsednictvo, za kter\u00E9 jedn\u00E1 p\u0159edseda a pr\u00E1vn\u00ED \u00FAkony a listiny s n\u00EDm spolupodpisuje alespo\u0148 jeden \u010Dlen p\u0159edsednictva.","posledn\u00ED_zm\u011Bna_stanov":"2013-10-25","pozn\u00E1mka":"","organiza\u010Dn\u00ED_jednotky":["krajsk\u00E9 organizace","m\u00EDstn\u00ED organizace"],"osoby":[{"typ":"Osoba","funkce":"p\u0159edseda:","jm\u00E9no":"","adresa_ulice":"","adresa_m\u011Bsto":""},{"typ":"Osoba","funkce":"m\u00EDstop\u0159edseda:","jm\u00E9no":"","adresa_ulice":"","adresa_m\u011Bsto":""},{"typ":"Osoba","funkce":"m\u00EDstop\u0159edseda:","jm\u00E9no":"","adresa_ulice":"","adresa_m\u011Bsto":""}]},{"typ":["Digit\u00E1ln\u00ED objekt","Politick\u00E1 strana nebo hnut\u00ED"],"iri":"https://mv.gov.cz/api/boards/SPS/strana/382","url":"https://aplikace.mv.gov.cz/seznam-politickych-stran/Vypis_Rejstrik.aspx?id=382","n\u00E1zev":"Hnut\u00ED FAIR PLAY","zkratka":"HnutiFairPlay.cz","adresa_s\u00EDdla":"106 00 Praha, \u017Dirovnick\u00E1 3133/6","den_registrace":"2012-08-03","\u010D\u00EDslo_registrace":"MV-83873-4/VS-2012","identifika\u010Dn\u00ED_\u010D\u00EDslo":"71443479","statut\u00E1rn\u00ED_org\u00E1n":"P\u0159edseda.","posledn\u00ED_zm\u011Bna_stanov":"2019-04-10","pozn\u00E1mka":"","organiza\u010Dn\u00ED_jednotky":[],"osoby":[{"typ":"Osoba","funkce":"p\u0159edseda:","jm\u00E9no":"Mgr. Filip Sedl\u00E1k","datum_narozen\u00ED":"1984-01-05","adresa_ulice":"\u0160trossova 1063","adresa_m\u011Bsto":"530 03 Pardubice","platnost_od":"2012-10-14"}]},{"typ":["Digit\u00E1ln\u00ED objekt","Politick\u00E1 strana nebo hnut\u00ED"],"iri":"https://mv.gov.cz/api/boards/SPS/strana/383","url":"https://aplikace.mv.gov.cz/seznam-politickych-stran/Vypis_Rejstrik.aspx?id=383","n\u00E1zev":"\u010Cesk\u00E1 strana selsk\u00E9ho rozumu","zkratka":"\u010Cssr","adresa_s\u00EDdla":"468 25 Z\u00E1sada 207","den_registrace":"2012-08-06","\u010D\u00EDslo_registrace":"MV-83875-4/VS-2012","identifika\u010Dn\u00ED_\u010D\u00EDslo":"71443487","statut\u00E1rn\u00ED_org\u00E1n":"Zemsk\u00E1 rada, za kterou jedn\u00E1 a podepisuje p\u0159edseda nebo pov\u011B\u0159en\u00FD \u010Dlen zemsk\u00E9 rady.","pozn\u00E1mka":"","organiza\u010Dn\u00ED_jednotky":["krajsk\u00E1 organizace","okresn\u00ED organizace"],"osoby":[{"typ":"Osoba","funkce":"p\u0159edseda:","jm\u00E9no":"Ing. Robert Erlebach","datum_narozen\u00ED":"1952-05-16","adresa_ulice":"Holubova 646","adresa_m\u011Bsto":"463 12 Liberec","platnost_od":"2013-02-02"},{"typ":"Osoba","funkce":"m\u00EDstop\u0159edsedkyn\u011B:","jm\u00E9no":"Vladim\u00EDra Pachlov\u00E1","datum_narozen\u00ED":"1962-05-29","adresa_ulice":"Na Okruhu  1143/29","adresa_m\u011Bsto":"460 01 Liberec","platnost_od":"2013-02-02"}]},{"typ":["Digit\u00E1ln\u00ED objekt","Politick\u00E1 strana nebo hnut\u00ED"],"iri":"https://mv.gov.cz/api/boards/SPS/strana/384","url":"https://aplikace.mv.gov.cz/seznam-politickych-stran/Vypis_Rejstrik.aspx?id=384","n\u00E1zev":"Zem\u0161t\u00ED Demokrat\u00E9","zkratka":"ZEDEM","adresa_s\u00EDdla":"642 00 Brno, Pra\u017Esk\u00E1 674/156","den_registrace":"2012-10-19","\u010D\u00EDslo_registrace":"MV-81350-4/VS-2012","identifika\u010Dn\u00ED_\u010D\u00EDslo":"71443495","statut\u00E1rn\u00ED_org\u00E1n":"P\u0159edseda a prvn\u00ED m\u00EDstop\u0159edseda, ka\u017Ed\u00FD samostatn\u011B.","pozn\u00E1mka":"","organiza\u010Dn\u00ED_jednotky":["m\u00EDstn\u00ED skupiny","oblastn\u00ED organizace","zemsk\u00E9 organizace"],"osoby":[{"typ":"Osoba","funkce":"p\u0159edseda:","jm\u00E9no":"MVDr. Milan Dvo\u0159\u00E1k, PhD.","adresa_ulice":"","adresa_m\u011Bsto":"","platnost_od":"2013-03-31"},{"typ":"Osoba","funkce":"1.m\u00EDstop\u0159edsedkyn\u011B:","jm\u00E9no":"Kate\u0159ina Poludov\u00E1, Dis.","adresa_ulice":"","adresa_m\u011Bsto":"","platnost_od":"2013-03-31"}]},{"typ":["Digit\u00E1ln\u00ED objekt","Politick\u00E1 strana nebo hnut\u00ED"],"iri":"https://mv.gov.cz/api/boards/SPS/strana/385","url":"https://aplikace.mv.gov.cz/seznam-politickych-stran/Vypis_Rejstrik.aspx?id=385","n\u00E1zev":"Zdrav\u00ED Sport Vzd\u011Bl\u00E1n\u00ED 2012","zkratka":"PRO Zdrav\u00ED","adresa_s\u00EDdla":"110 00 Praha, V\u00E1clavsk\u00E9 n\u00E1m\u011Bst\u00ED  813/57","den_registrace":"2012-12-21","\u010D\u00EDslo_registrace":"MV-145991-2/VS-2012","identifika\u010Dn\u00ED_\u010D\u00EDslo":"71443509","statut\u00E1rn\u00ED_org\u00E1n":"Gr\u00E9mium, jeho\u017E jm\u00E9nem jedn\u00E1 p\u0159edseda samostatn\u011B nebo p\u0159edsedou p\u00EDsemn\u011B pov\u011B\u0159en\u00FD \u010Dlen Gr\u00E9mia.","posledn\u00ED_zm\u011Bna_stanov":"2023-09-19","pozn\u00E1mka":"","organiza\u010Dn\u00ED_jednotky":["krajsk\u00E9 organizace","m\u00EDstn\u00ED organizace"],"osoby":[{"typ":"Osoba","funkce":"p\u0159edseda:","jm\u00E9no":"Ing. Van Sang  Tran","datum_narozen\u00ED":"1985-08-30","adresa_ulice":"Mar\u0161. Rybalka 1033","adresa_m\u011Bsto":"434 01 Most","platnost_od":"2023-09-12"},{"typ":"Osoba","funkce":"prvn\u00ED m\u00EDstop\u0159edseda:","jm\u00E9no":"Mgr. Zden\u011Bk  Kubec","datum_narozen\u00ED":"1954-03-23","adresa_ulice":"Na Vyhl\u00EDdce 2340/11","adresa_m\u011Bsto":"400 11 \u00DAst\u00ED nad Labem","platnost_od":"2023-09-12"},{"typ":"Osoba","funkce":"m\u00EDstop\u0159edseda:","jm\u00E9no":"","adresa_ulice":"","adresa_m\u011Bsto":"","platnost_od":"2024-05-25"}]},{"typ":["Digit\u00E1ln\u00ED objekt","Politick\u00E1 strana nebo hnut\u00ED"],"iri":"https://mv.gov.cz/api/boards/SPS/strana/386","url":"https://aplikace.mv.gov.cz/seznam-politickych-stran/Vypis_Rejstrik.aspx?id=386","n\u00E1zev":"Ob\u010Dansk\u00E1 soun\u00E1le\u017Eitost","zkratka":"OS","adresa_s\u00EDdla":"301 00 Plze\u0148, Heyrovsk\u00E9ho 482/42","den_registrace":"2013-01-14","\u010D\u00EDslo_registrace":"MV-146804-4/VS-2012","identifika\u010Dn\u00ED_\u010D\u00EDslo":"71443517","statut\u00E1rn\u00ED_org\u00E1n":"P\u0159edseda.","pozn\u00E1mka":"","organiza\u010Dn\u00ED_jednotky":["krajsk\u00E1 organizace","z\u00E1kladn\u00ED organizace"],"osoby":[{"typ":"Osoba","funkce":"p\u0159edseda:","jm\u00E9no":"V\u00E1clav Vorel","datum_narozen\u00ED":"1959-04-30","adresa_ulice":"Heyrovsk\u00E9ho 482/42","adresa_m\u011Bsto":"301 00 Plze\u0148","platnost_od":"2013-03-09"}]},{"typ":["Digit\u00E1ln\u00ED objekt","Politick\u00E1 strana nebo hnut\u00ED"],"iri":"https://mv.gov.cz/api/boards/SPS/strana/387","url":"https://aplikace.mv.gov.cz/seznam-politickych-stran/Vypis_Rejstrik.aspx?id=387","n\u00E1zev":"Sdru\u017Een\u00ED nez\u00E1visl\u00FDch ob\u010Dan\u016F Prahy","zkratka":"SNOP","adresa_s\u00EDdla":"155 00 Praha, Ordovick\u00E1 1311/3","den_registrace":"2013-03-22","\u010D\u00EDslo_registrace":"MV-31993-5/VS-2013","identifika\u010Dn\u00ED_\u010D\u00EDslo":"71443525","statut\u00E1rn\u00ED_org\u00E1n":"P\u0159edsednictvo, za kter\u00E9 jednaj\u00ED samostatn\u011B p\u0159edseda nebo m\u00EDstop\u0159edsedov\u00E9.","posledn\u00ED_zm\u011Bna_stanov":"2015-08-05","pozn\u00E1mka":"","organiza\u010Dn\u00ED_jednotky":["m\u00EDstn\u00ED sdru\u017Een\u00ED"],"osoby":[{"typ":"Osoba","funkce":"p\u0159edseda:","jm\u00E9no":"JUDr. Ing. Petr Ku\u010Dera","datum_narozen\u00ED":"1963-05-23","adresa_ulice":"Ke dvoru 774/3","adresa_m\u011Bsto":"160 00 Praha","platnost_od":"2014-02-19"},{"typ":"Osoba","funkce":"m\u00EDstop\u0159edseda:","jm\u00E9no":"Ing. Jan  Majer","datum_narozen\u00ED":"1950-06-08","adresa_ulice":"Bellu\u0161ova 1815/29","adresa_m\u011Bsto":"155 00 Praha","platnost_od":"2014-02-19"}]},{"typ":["Digit\u00E1ln\u00ED objekt","Politick\u00E1 strana nebo hnut\u00ED"],"iri":"https://mv.gov.cz/api/boards/SPS/strana/388","url":"https://aplikace.mv.gov.cz/seznam-politickych-stran/Vypis_Rejstrik.aspx?id=388","n\u00E1zev":"Ob\u010Dan\u00E9 \u010Cesk\u00E9 republiky","zkratka":"O\u010CR","adresa_s\u00EDdla":"162 00 Praha, K\u0159enova 438/7","den_registrace":"2013-04-22","\u010D\u00EDslo_registrace":"MV-36922-4/VS-2013","identifika\u010Dn\u00ED_\u010D\u00EDslo":"71443533","statut\u00E1rn\u00ED_org\u00E1n":"Republikov\u00E1 rada, za kterou jedn\u00E1 samostatn\u011B p\u0159edseda nebo spole\u010Dn\u011B oba m\u00EDstop\u0159edsedov\u00E9.","posledn\u00ED_zm\u011Bna_stanov":"2022-02-01","pozn\u00E1mka":"","organiza\u010Dn\u00ED_jednotky":["krajsk\u00E1 organizace","m\u00EDstn\u00ED klub","oblastn\u00ED organizace"],"osoby":[{"typ":"Osoba","funkce":"p\u0159edseda:","jm\u00E9no":"","adresa_ulice":"","adresa_m\u011Bsto":"","platnost_od":"2023-06-20"},{"typ":"Osoba","funkce":"1. m\u00EDstop\u0159edseda:","jm\u00E9no":"","adresa_ulice":"","adresa_m\u011Bsto":"","platnost_od":"2022-03-31"},{"typ":"Osoba","funkce":"2. m\u00EDstop\u0159edseda:","jm\u00E9no":"Josef Kronych","datum_narozen\u00ED":"1972-04-20","adresa_ulice":"M\u00EDrov\u00E1 390/3","adresa_m\u011Bsto":"435 43 Horn\u00ED Ji\u0159et\u00EDn","platnost_od":"2021-11-17"},{"typ":"Osoba","funkce":"\u010Dlen:","jm\u00E9no":"Petr \u0160imon","datum_narozen\u00ED":"1969-11-07","adresa_ulice":"Hutnick\u00E1 2776/18","adresa_m\u011Bsto":"434 01 Most","platnost_od":"2013-10-12"},{"typ":"Osoba","funkce":"\u010Dlen:","jm\u00E9no":"Jind\u0159ich Kalda","datum_narozen\u00ED":"1963-10-01","adresa_ulice":"n\u00E1m\u011Bst\u00ED Bo\u017Eeny N\u011Bmcov\u00E9 36/7","adresa_m\u011Bsto":"415 01 \u00DAjezde\u010Dek","platnost_od":"2018-12-01"},{"typ":"Osoba","funkce":"\u010Dlenka:","jm\u00E9no":"Ing. Lenka Trepe\u0161ov\u00E1","datum_narozen\u00ED":"1991-08-01","adresa_ulice":"\u0158\u00ED\u010Dn\u00ED 763","adresa_m\u011Bsto":"431 51 Kl\u00E1\u0161terec nad Oh\u0159\u00ED","platnost_od":"2021-11-17"}]},{"typ":["Digit\u00E1ln\u00ED objekt","Politick\u00E1 strana nebo hnut\u00ED"],"iri":"https://mv.gov.cz/api/boards/SPS/strana/389","url":"https://aplikace.mv.gov.cz/seznam-politickych-stran/Vypis_Rejstrik.aspx?id=389","n\u00E1zev":"Strana d\u016Fchodc\u016F Franti\u0161ka Burdy","zkratka":"SDFB","adresa_s\u00EDdla":"396 01 Humpolec, Lipnick\u00E1 1209","den_registrace":"2013-05-09","\u010D\u00EDslo_registrace":"MV-80389-4/VS-2010","identifika\u010Dn\u00ED_\u010D\u00EDslo":"71443541","statut\u00E1rn\u00ED_org\u00E1n":"P\u0159edseda a m\u00EDstop\u0159edseda.","pozn\u00E1mka":"","organiza\u010Dn\u00ED_jednotky":["krajsk\u00E1 organizace","m\u00EDstn\u00ED organizace"],"osoby":[{"typ":"Osoba","funkce":"p\u0159edseda:","jm\u00E9no":"Franti\u0161ek Burda","datum_narozen\u00ED":"1941-10-31","adresa_ulice":"Lipnick\u00E1 1209","adresa_m\u011Bsto":"396 01 Humpolec","platnost_od":"2014-02-28"},{"typ":"Osoba","funkce":"m\u00EDstop\u0159edsedkyn\u011B:","jm\u00E9no":"Jana Proch\u00E1zkov\u00E1","datum_narozen\u00ED":"1944-03-07","adresa_ulice":"Smetanova 48","adresa_m\u011Bsto":"396 01 Humpolec","platnost_od":"2014-02-28"}]},{"typ":["Digit\u00E1ln\u00ED objekt","Politick\u00E1 strana nebo hnut\u00ED"],"iri":"https://mv.gov.cz/api/boards/SPS/strana/390","url":"https://aplikace.mv.gov.cz/seznam-politickych-stran/Vypis_Rejstrik.aspx?id=390","n\u00E1zev":"Pardubice pro lidi","zkratka":"PPL","adresa_s\u00EDdla":"530 06 Pardubice, Pra\u017Esk\u00E1 71","den_registrace":"2013-05-20","\u010D\u00EDslo_registrace":"MV-55441-4/VS-2013","identifika\u010Dn\u00ED_\u010D\u00EDslo":"71443550","statut\u00E1rn\u00ED_org\u00E1n":"P\u0159edseda.","posledn\u00ED_zm\u011Bna_stanov":"2015-06-24","pozn\u00E1mka":"","organiza\u010Dn\u00ED_jednotky":[],"osoby":[{"typ":"Osoba","funkce":"p\u0159edseda:","jm\u00E9no":"Petr Kr\u00E1l\u00ED\u010Dek","datum_narozen\u00ED":"1981-05-29","adresa_ulice":"Pra\u017Esk\u00E1 71","adresa_m\u011Bsto":"530 06 Pardubice","platnost_od":"2013-11-18"}]},{"typ":["Digit\u00E1ln\u00ED objekt","Politick\u00E1 strana nebo hnut\u00ED"],"iri":"https://mv.gov.cz/api/boards/SPS/strana/391","url":"https://aplikace.mv.gov.cz/seznam-politickych-stran/Vypis_Rejstrik.aspx?id=391","n\u00E1zev":"Pro Prahu","zkratka":"HPP","adresa_s\u00EDdla":"Praha","den_registrace":"2013-06-17","\u010D\u00EDslo_registrace":"MV-75567-2/VS-2013","identifika\u010Dn\u00ED_\u010D\u00EDslo":"71443568","statut\u00E1rn\u00ED_org\u00E1n":"P\u0159edsednictvo, za kter\u00E9 jedn\u00E1 samostatn\u011B p\u0159edseda nebo v\u00FDkonn\u00FD m\u00EDstop\u0159edseda.","posledn\u00ED_zm\u011Bna_stanov":"2014-03-27","pozn\u00E1mka":"","organiza\u010Dn\u00ED_jednotky":["m\u00EDstn\u00ED organizace"],"osoby":[{"typ":"Osoba","funkce":"p\u0159edseda:","jm\u00E9no":"Mgr. Karel Fischer","datum_narozen\u00ED":"1967-11-01","adresa_ulice":"\u0158\u00ED\u010Dn\u00ED 532/11","adresa_m\u011Bsto":"118 00 Praha","platnost_od":"2015-06-11"},{"typ":"Osoba","funkce":"v\u00FDkonn\u00FD m\u00EDstop\u0159edseda:","jm\u00E9no":"V\u00E1clav Drahor\u00E1d","datum_narozen\u00ED":"1971-05-22","adresa_ulice":"Formansk\u00E1 36","adresa_m\u011Bsto":"149 00 Praha","platnost_od":"2015-06-11"},{"typ":"Osoba","funkce":"\u010Dlen:","jm\u00E9no":"Martin  P\u00ED\u0161a","datum_narozen\u00ED":"1971-04-24","adresa_ulice":"Na dolin\u00E1ch 599/14","adresa_m\u011Bsto":"147 00 Praha","platnost_od":"2015-06-11"},{"typ":"Osoba","funkce":"\u010Dlen:","jm\u00E9no":"Michal Popek","datum_narozen\u00ED":"1963-06-11","adresa_ulice":"Oddechov\u00E1 765","adresa_m\u011Bsto":"155 31 Praha","platnost_od":"2015-06-11"},{"typ":"Osoba","funkce":"\u010Dlen:","jm\u00E9no":"Michal Fischer","datum_narozen\u00ED":"1965-09-25","adresa_ulice":"Z\u00E1pasnick\u00E1 882/6","adresa_m\u011Bsto":"102 00 Praha","platnost_od":"2015-06-11"},{"typ":"Osoba","funkce":"\u010Dlen:","jm\u00E9no":"Ji\u0159\u00ED Koutsk\u00FD","datum_narozen\u00ED":"1965-06-25","adresa_ulice":"U smaltovny 1335/20H","adresa_m\u011Bsto":"170 00 Praha","platnost_od":"2015-06-11"}]},{"typ":["Digit\u00E1ln\u00ED objekt","Politick\u00E1 strana nebo hnut\u00ED"],"iri":"https://mv.gov.cz/api/boards/SPS/strana/392","url":"https://aplikace.mv.gov.cz/seznam-politickych-stran/Vypis_Rejstrik.aspx?id=392","n\u00E1zev":"\u00DAsvit - N\u00E1rodn\u00ED Koalice","zkratka":"\u00DAsvit","adresa_s\u00EDdla":"160 00 Praha, Velfl\u00EDkova 1428/4","den_registrace":"2013-06-19","\u010D\u00EDslo_registrace":"MV-60042-6/VS-2013","identifika\u010Dn\u00ED_\u010D\u00EDslo":"71443576","statut\u00E1rn\u00ED_org\u00E1n":"Sekret\u00E1\u0159.","posledn\u00ED_zm\u011Bna_stanov":"2015-08-19","pozn\u00E1mka":"","organiza\u010Dn\u00ED_jednotky":["kluby","krajsk\u00E9 organizace"],"osoby":[{"typ":"Osoba","funkce":"sekret\u00E1\u0159:","jm\u00E9no":"Jan Zilvar","datum_narozen\u00ED":"1965-01-15","adresa_ulice":"Na Teras\u00E1ch 1496/12","adresa_m\u011Bsto":"312 00 Plze\u0148","platnost_od":"2015-06-18"}]},{"typ":["Digit\u00E1ln\u00ED objekt","Politick\u00E1 strana nebo hnut\u00ED"],"iri":"https://mv.gov.cz/api/boards/SPS/strana/393","url":"https://aplikace.mv.gov.cz/seznam-politickych-stran/Vypis_Rejstrik.aspx?id=393","n\u00E1zev":"Nov\u00FD sm\u011Br","zkratka":"NOS","adresa_s\u00EDdla":"466 01 Jablonec nad Nisou, L\u00EDpov\u00E1 3525/8","den_registrace":"2013-06-26","\u010D\u00EDslo_registrace":"MV-82350-4/VS-2012","identifika\u010Dn\u00ED_\u010D\u00EDslo":"71443584","statut\u00E1rn\u00ED_org\u00E1n":"V\u00FDkonn\u00E1 rada, za kterou jedn\u00E1 p\u0159edseda nebo v\u00FDkonnou radou pov\u011B\u0159en\u00FD \u010Dlen v\u00FDkonn\u00E9 rady.","posledn\u00ED_zm\u011Bna_stanov":"2023-02-09","pozn\u00E1mka":"","organiza\u010Dn\u00ED_jednotky":["krajsk\u00E9 kluby","m\u00EDstn\u00ED kluby"],"osoby":[{"typ":"Osoba","funkce":"p\u0159edseda:","jm\u00E9no":"Zbyn\u011Bk Hromek","datum_narozen\u00ED":"1966-10-18","adresa_ulice":"Dvorn\u00ED 734/12","adresa_m\u011Bsto":"696 18 Lu\u017Eice","platnost_od":"2023-09-14"},{"typ":"Osoba","funkce":"1. m\u00EDstop\u0159edseda:","jm\u00E9no":"Mgr. \u0160t\u011Bp\u00E1n Prokop","datum_narozen\u00ED":"1985-02-27","adresa_ulice":"Dvorn\u00ED 510/42","adresa_m\u011Bsto":"696 18 Lu\u017Eice","platnost_od":"2023-12-03"},{"typ":"Osoba","funkce":"m\u00EDstop\u0159edsedkyn\u011B:","jm\u00E9no":"Nad\u011B\u017Eda Hole\u0161ov\u00E1","datum_narozen\u00ED":"1973-12-03","adresa_ulice":"Zahr\u00E1dk\u00E1\u0159sk\u00E1 903/17","adresa_m\u011Bsto":"696 18 Lu\u017Eice","platnost_od":"2023-12-03"},{"typ":"Osoba","funkce":"m\u00EDstop\u0159edsedkyn\u011B:","jm\u00E9no":"Zuzana Kurimsk\u00FD","datum_narozen\u00ED":"1993-08-13","adresa_ulice":"","adresa_m\u011Bsto":"471 51 Svor 231","platnost_od":"2023-12-03"},{"typ":"Osoba","funkce":"m\u00EDstop\u0159edseda:","jm\u00E9no":"Luk\u00E1\u0161 Dora","datum_narozen\u00ED":"1980-08-12","adresa_ulice":"Komensk\u00E9ho 41","adresa_m\u011Bsto":"691 44 Lednice","platnost_od":"2023-12-03"}]},{"typ":["Digit\u00E1ln\u00ED objekt","Politick\u00E1 strana nebo hnut\u00ED"],"iri":"https://mv.gov.cz/api/boards/SPS/strana/394","url":"https://aplikace.mv.gov.cz/seznam-politickych-stran/Vypis_Rejstrik.aspx?id=394","n\u00E1zev":"Romsk\u00E1 demokratick\u00E1 strana","zkratka":"RDS","adresa_s\u00EDdla":"470 06 \u010Cesk\u00E1 L\u00EDpa, Zho\u0159eleck\u00E1 2504","den_registrace":"2013-08-14","\u010D\u00EDslo_registrace":"MV-75465-7/VS-2013","identifika\u010Dn\u00ED_\u010D\u00EDslo":"71443592","statut\u00E1rn\u00ED_org\u00E1n":"P\u0159edseda.","pozn\u00E1mka":"","organiza\u010Dn\u00ED_jednotky":["m\u00EDstn\u00ED organizace"],"osoby":[{"typ":"Osoba","funkce":"p\u0159edseda:","jm\u00E9no":"Miroslav Tanco\u0161","datum_narozen\u00ED":"1959-10-01","adresa_ulice":"V Parku 832","adresa_m\u011Bsto":"473 01 Nov\u00FD Bor","platnost_od":"2013-09-01"}]},{"typ":["Digit\u00E1ln\u00ED objekt","Politick\u00E1 strana nebo hnut\u00ED"],"iri":"https://mv.gov.cz/api/boards/SPS/strana/395","url":"https://aplikace.mv.gov.cz/seznam-politickych-stran/Vypis_Rejstrik.aspx?id=395","n\u00E1zev":"HLAVU VZH\u016ERU - volebn\u00ED blok","zkratka":"HLAVU VZH\u016ERU","adresa_s\u00EDdla":"109 00 Praha , Za Zahradami  391/9","den_registrace":"2006-07-28","\u010D\u00EDslo_registrace":"VS-5552/SDR/1-2006","identifika\u010Dn\u00ED_\u010D\u00EDslo":"27038611","statut\u00E1rn\u00ED_org\u00E1n":"P\u0159edseda.","posledn\u00ED_zm\u011Bna_stanov":"2013-09-05","pozn\u00E1mka":"","organiza\u010Dn\u00ED_jednotky":[],"osoby":[{"typ":"Osoba","funkce":"P\u0159edsedkyn\u011B:","jm\u00E9no":"Ing. Jana Bobo\u0161\u00EDkov\u00E1","datum_narozen\u00ED":"1964-08-29","adresa_ulice":"Sn\u011B\u017Eenkov\u00E1 3096/4","adresa_m\u011Bsto":"106 00 Praha 10","platnost_od":"2013-08-29"}]},{"typ":["Digit\u00E1ln\u00ED objekt","Politick\u00E1 strana nebo hnut\u00ED"],"iri":"https://mv.gov.cz/api/boards/SPS/strana/396","url":"https://aplikace.mv.gov.cz/seznam-politickych-stran/Vypis_Rejstrik.aspx?id=396","n\u00E1zev":"Liber\u00E1ln\u011B ekologick\u00E1 strana","zkratka":"LES","adresa_s\u00EDdla":"118 00 Praha, Sn\u011Bmovn\u00ED 174/7","den_registrace":"2013-09-05","\u010D\u00EDslo_registrace":"MV-107842-4/VS-2013","identifika\u010Dn\u00ED_\u010D\u00EDslo":"71443606","statut\u00E1rn\u00ED_org\u00E1n":"p\u0159edsednictvo strany, za kter\u00E9 jedn\u00E1 samostatn\u011B p\u0159edseda nebo prvn\u00ED m\u00EDstop\u0159edseda anebo spole\u010Dn\u011B m\u00EDstop\u0159edseda strany a dal\u0161\u00ED \u010Dlen p\u0159edsednictva","pozn\u00E1mka":"","organiza\u010Dn\u00ED_jednotky":["krajsk\u00E1 organizace","m\u00EDstn\u00ED organizace","region\u00E1ln\u00ED organizace"],"osoby":[{"typ":"Osoba","funkce":"p\u0159edseda:","jm\u00E9no":"Ladislav Miko","datum_narozen\u00ED":"1961-04-09","adresa_ulice":"","adresa_m\u011Bsto":"251 68 Sulice 978","platnost_od":"2025-09-16"},{"typ":"Osoba","funkce":"1. m\u00EDstop\u0159edseda:","jm\u00E9no":"Jan Balcar","datum_narozen\u00ED":"1974-11-20","adresa_ulice":"","adresa_m\u011Bsto":"542 36 Lib\u0148atov 152","platnost_od":"2025-09-16"},{"typ":"Osoba","funkce":"m\u00EDstop\u0159edseda:","jm\u00E9no":"Roman Haken","datum_narozen\u00ED":"1962-08-03","adresa_ulice":"Karda\u0161ovsk\u00E1 755/21","adresa_m\u011Bsto":"198 00 Praha","platnost_od":"2025-09-16"},{"typ":"Osoba","funkce":"m\u00EDstop\u0159edseda:","jm\u00E9no":"Adam Holub","datum_narozen\u00ED":"1993-07-28","adresa_ulice":"U nov\u00FDch dom\u016F III 534/3","adresa_m\u011Bsto":"140 00 Praha","platnost_od":"2025-09-16"},{"typ":"Osoba","funkce":"m\u00EDstop\u0159edseda:","jm\u00E9no":"Ji\u0159\u00ED Vyhnal","datum_narozen\u00ED":"1971-11-23","adresa_ulice":"","adresa_m\u011Bsto":"696 31 Bukovany 273","platnost_od":"2025-09-16"},{"typ":"Osoba","funkce":"m\u00EDstop\u0159edseda:","jm\u00E9no":"Tom\u00E1\u0161 Pikola","datum_narozen\u00ED":"1982-03-17","adresa_ulice":"N\u00FD\u0159ansk\u00E1 1043/6","adresa_m\u011Bsto":"153 00 Praha","platnost_od":"2025-09-16"},{"typ":"Osoba","funkce":"\u010Dlenka:","jm\u00E9no":"Natalie Hoffmann Koc\u00E1bov\u00E1","datum_narozen\u00ED":"1984-05-16","adresa_ulice":"Karlova 184/12","adresa_m\u011Bsto":"110 00 Praha","platnost_od":"2025-09-16"}]},{"typ":["Digit\u00E1ln\u00ED objekt","Politick\u00E1 strana nebo hnut\u00ED"],"iri":"https://mv.gov.cz/api/boards/SPS/strana/397","url":"https://aplikace.mv.gov.cz/seznam-politickych-stran/Vypis_Rejstrik.aspx?id=397","n\u00E1zev":"\u00DAste\u010Dan\u00E9","zkratka":"\u00DA","adresa_s\u00EDdla":"400 01 \u00DAst\u00ED nad Labem, M\u00EDrov\u00E9 n\u00E1m\u011Bst\u00ED 2442/6","den_registrace":"2013-09-05","\u010D\u00EDslo_registrace":"MV-103900-4/VS-2013","identifika\u010Dn\u00ED_\u010D\u00EDslo":"71443622","statut\u00E1rn\u00ED_org\u00E1n":"p\u0159edstavenstvo, za kter\u00E9 jedn\u00E1 p\u0159edseda spolu s \u010Dlenem p\u0159edstavenstva nebo spole\u010Dn\u011B dva \u010Dlenov\u00E9 p\u0159edstavenstva, z nich\u017E alespo\u0148 jeden je m\u00EDstop\u0159edsedou p\u0159edstavenstva","pozn\u00E1mka":"","organiza\u010Dn\u00ED_jednotky":[],"osoby":[{"typ":"Osoba","funkce":"p\u0159edseda:","jm\u00E9no":"Raul Cruz","datum_narozen\u00ED":"1964-11-22","adresa_ulice":"Na V\u00FD\u0161in\u011B 494","adresa_m\u011Bsto":"403 31 \u00DAst\u00ED nad Labem","platnost_od":"2017-02-27"},{"typ":"Osoba","funkce":"m\u00EDstop\u0159edseda:","jm\u00E9no":"Ladislav Alin\u010De","datum_narozen\u00ED":"1970-06-03","adresa_ulice":"P\u0159emyslovc\u016F 622/20","adresa_m\u011Bsto":"400 07 \u00DAst\u00ED nad Labem","platnost_od":"2017-02-27"},{"typ":"Osoba","funkce":"m\u00EDstop\u0159edseda:","jm\u00E9no":"Petr Kratochv\u00EDl","datum_narozen\u00ED":"1973-12-15","adresa_ulice":"Glennova 2704/3","adresa_m\u011Bsto":"400 11 \u00DAst\u00ED nad Labem","platnost_od":"2017-02-27"}]},{"typ":["Digit\u00E1ln\u00ED objekt","Politick\u00E1 strana nebo hnut\u00ED"],"iri":"https://mv.gov.cz/api/boards/SPS/strana/398","url":"https://aplikace.mv.gov.cz/seznam-politickych-stran/Vypis_Rejstrik.aspx?id=398","n\u00E1zev":"Zl\u00EDn 21","zkratka":"Z21","adresa_s\u00EDdla":"760 01 Zl\u00EDn, Filmov\u00E1 174","den_registrace":"2013-09-05","\u010D\u00EDslo_registrace":"MV-100236-4/VS-2013","identifika\u010Dn\u00ED_\u010D\u00EDslo":"71443614","statut\u00E1rn\u00ED_org\u00E1n":"p\u0159edstavenstvo, za kter\u00E9 jednaj\u00ED samostatn\u011B p\u0159edseda a m\u00EDstop\u0159edseda","posledn\u00ED_zm\u011Bna_stanov":"2020-08-12","pozn\u00E1mka":"","organiza\u010Dn\u00ED_jednotky":[],"osoby":[{"typ":"Osoba","funkce":"p\u0159edseda:","jm\u00E9no":"Ing. \u010Cestm\u00EDr Van\u010Dura","datum_narozen\u00ED":"1953-12-23","adresa_ulice":"Obeciny VIII 3609","adresa_m\u011Bsto":"760 01 Zl\u00EDn","platnost_od":"2018-08-05"},{"typ":"Osoba","funkce":"m\u00EDstop\u0159edseda:","jm\u00E9no":"Mgr. Jaroslav Jur\u00E1\u0161","datum_narozen\u00ED":"1980-01-10","adresa_ulice":"Zborovsk\u00E1 4140","adresa_m\u011Bsto":"760 01 Zl\u00EDn","platnost_od":"2018-08-05"},{"typ":"Osoba","funkce":"\u010Dlen:","jm\u00E9no":"Ing. Tom\u00E1\u0161 Dud\u00E1k","datum_narozen\u00ED":"1976-07-05","adresa_ulice":"t\u0159\u00EDda Tom\u00E1\u0161e Bati 3119","adresa_m\u011Bsto":"760 01 Zl\u00EDn","platnost_od":"2018-08-05"}]},{"typ":["Digit\u00E1ln\u00ED objekt","Politick\u00E1 strana nebo hnut\u00ED"],"iri":"https://mv.gov.cz/api/boards/SPS/strana/399","url":"https://aplikace.mv.gov.cz/seznam-politickych-stran/Vypis_Rejstrik.aspx?id=399","n\u00E1zev":"N\u00E1\u0161 Prost\u011Bjov","zkratka":"NPV","adresa_s\u00EDdla":"796 01 Prost\u011Bjov, \u00DAjezd 2167/23","den_registrace":"2013-10-01","\u010D\u00EDslo_registrace":"MV-112640-4/VS-2013","identifika\u010Dn\u00ED_\u010D\u00EDslo":"71443631","statut\u00E1rn\u00ED_org\u00E1n":"P\u0159edsednictvo, za kter\u00E9 jedn\u00E1 samostatn\u011B p\u0159edseda nebo prvn\u00ED m\u00EDstop\u0159edseda anebo spole\u010Dn\u011B m\u00EDstop\u0159edseda strany a dal\u0161\u00ED \u010Dlen p\u0159edsednictva.","pozn\u00E1mka":"","organiza\u010Dn\u00ED_jednotky":["krajsk\u00E9 organizace","m\u00EDstn\u00ED organizace","region\u00E1ln\u00ED organizace"],"osoby":[]},{"typ":["Digit\u00E1ln\u00ED objekt","Politick\u00E1 strana nebo hnut\u00ED"],"iri":"https://mv.gov.cz/api/boards/SPS/strana/400","url":"https://aplikace.mv.gov.cz/seznam-politickych-stran/Vypis_Rejstrik.aspx?id=400","n\u00E1zev":"Na\u0161e M\u011Bsto F-M","zkratka":"NMFM","adresa_s\u00EDdla":"738 01 Fr\u00FDdek-M\u00EDstek, Josefa V\u00E1clava Sl\u00E1dka 35","den_registrace":"2013-11-12","\u010D\u00EDslo_registrace":"MV-128257-4/VS-2013","identifika\u010Dn\u00ED_\u010D\u00EDslo":"71443649","statut\u00E1rn\u00ED_org\u00E1n":"V\u00FDbor, za kter\u00FD jedn\u00E1 samostatn\u011B p\u0159edseda nebo m\u00EDstop\u0159edseda.","posledn\u00ED_zm\u011Bna_stanov":"2014-01-23","pozn\u00E1mka":"","organiza\u010Dn\u00ED_jednotky":[],"osoby":[{"typ":"Osoba","funkce":"p\u0159edseda:","jm\u00E9no":"Petr Kor\u010D","datum_narozen\u00ED":"1976-01-12","adresa_ulice":"Farn\u00ED 16","adresa_m\u011Bsto":"738 01 Fr\u00FDdek-M\u00EDstek","platnost_od":"2020-03-02"},{"typ":"Osoba","funkce":"m\u00EDstop\u0159edseda:","jm\u00E9no":"Ing. Ji\u0159\u00ED Kajzar","datum_narozen\u00ED":"1963-12-25","adresa_ulice":"Lidick\u00E1 2454","adresa_m\u011Bsto":"738 01 Fr\u00FDdek-M\u00EDstek","platnost_od":"2020-03-02"},{"typ":"Osoba","funkce":"\u010Dlen:","jm\u00E9no":"Tom\u00E1\u0161  Chlebek","datum_narozen\u00ED":"1966-10-12","adresa_ulice":"Josefa Myslive\u010Dka 1882","adresa_m\u011Bsto":"738 01 Fr\u00FDdek-M\u00EDstek","platnost_od":"2015-05-27"},{"typ":"Osoba","funkce":"\u010Dlen:","jm\u00E9no":"Marcel Drabina","datum_narozen\u00ED":"1963-10-30","adresa_ulice":"Star\u00E1 Riviera 34","adresa_m\u011Bsto":"738 01 Fr\u00FDdek-M\u00EDstek","platnost_od":"2015-05-27"},{"typ":"Osoba","funkce":"\u010Dlen:","jm\u00E9no":"Mgr. Tom\u00E1\u0161 Py\u0161ko","datum_narozen\u00ED":"1967-10-03","adresa_ulice":"Nad Lipinou 2512","adresa_m\u011Bsto":"738 01 Fr\u00FDdek-M\u00EDstek","platnost_od":"2018-10-15"},{"typ":"Osoba","funkce":"\u010Dlen:","jm\u00E9no":"Mgr. Zbyn\u011Bk \u0160ost\u00FD","datum_narozen\u00ED":"1962-11-24","adresa_ulice":"El. Kr\u00E1snohorsk\u00E9 248","adresa_m\u011Bsto":"738 01 Fr\u00FDdek-M\u00EDstek","platnost_od":"2020-03-02"},{"typ":"Osoba","funkce":"\u010Dlen:","jm\u00E9no":"Ing. Miroslav B\u00E1rtek","datum_narozen\u00ED":"1961-05-28","adresa_ulice":"Josefa V\u00E1clava Sl\u00E1dka 2191","adresa_m\u011Bsto":"738 01 Fr\u00FDdek-M\u00EDstek","platnost_od":"2020-03-02"},{"typ":"Osoba","funkce":"\u010Dlen:","jm\u00E9no":"Ing. Petr Gaj, MBA","datum_narozen\u00ED":"1981-06-17","adresa_ulice":"\u0160karabelova 560","adresa_m\u011Bsto":"738 01 Fr\u00FDdek-M\u00EDstek","platnost_od":"2025-10-16"},{"typ":"Osoba","funkce":"\u010Dlenka:","jm\u00E9no":"Ing. Kamila \u0160ponerov\u00E1","datum_narozen\u00ED":"1978-10-31","adresa_ulice":"\u0158\u00ED\u010Dn\u00ED 866","adresa_m\u011Bsto":"738 01 Fr\u00FDdek-M\u00EDstek","platnost_od":"2015-05-27"}]},{"typ":["Digit\u00E1ln\u00ED objekt","Politick\u00E1 strana nebo hnut\u00ED"],"iri":"https://mv.gov.cz/api/boards/SPS/strana/401","url":"https://aplikace.mv.gov.cz/seznam-politickych-stran/Vypis_Rejstrik.aspx?id=401","n\u00E1zev":"ANTIBURS\u00CDK - STOP EKOTERORU !","zkratka":"ABS","adresa_s\u00EDdla":"130 00 Praha, Slezsk\u00E1 1736/99","den_registrace":"2013-11-15","\u010D\u00EDslo_registrace":"MV-134648-4/VS-2013","identifika\u010Dn\u00ED_\u010D\u00EDslo":"71443657","statut\u00E1rn\u00ED_org\u00E1n":"P\u0159edseda.","pozn\u00E1mka":"","organiza\u010Dn\u00ED_jednotky":["z\u00E1kladn\u00ED organizace"],"osoby":[{"typ":"Osoba","funkce":"p\u0159edseda:","jm\u00E9no":"JUDr. Ivo Kasal","datum_narozen\u00ED":"1953-08-15","adresa_ulice":"Slezsk\u00E1 1736/99","adresa_m\u011Bsto":"130 00 Praha","platnost_od":"2014-03-08"}]},{"typ":["Digit\u00E1ln\u00ED objekt","Politick\u00E1 strana nebo hnut\u00ED"],"iri":"https://mv.gov.cz/api/boards/SPS/strana/402","url":"https://aplikace.mv.gov.cz/seznam-politickych-stran/Vypis_Rejstrik.aspx?id=402","n\u00E1zev":"Republika","zkratka":"Republika","adresa_s\u00EDdla":"110 00 Praha, Senov\u00E1\u017En\u00E9 n\u00E1m\u011Bst\u00ED  978/23","den_registrace":"2013-11-25","\u010D\u00EDslo_registrace":"MV-132677-4/VS-2013","identifika\u010Dn\u00ED_\u010D\u00EDslo":"71443665","statut\u00E1rn\u00ED_org\u00E1n":"P\u0159edsednictvo, za kter\u00E9 jedn\u00E1 samostatn\u011B p\u0159edseda nebo prvn\u00ED m\u00EDstop\u0159edseda.","posledn\u00ED_zm\u011Bna_stanov":"2015-04-13","pozn\u00E1mka":"","organiza\u010Dn\u00ED_jednotky":["krajsk\u00E9 organizace","m\u00EDstn\u00ED kluby"],"osoby":[{"typ":"Osoba","funkce":"p\u0159edseda:","jm\u00E9no":"Michal Bab\u00E1k","datum_narozen\u00ED":"1975-06-27","adresa_ulice":"\u010Ce\u0161kovice 238","adresa_m\u011Bsto":"678 01 Blansko","platnost_od":"2015-02-28"},{"typ":"Osoba","funkce":"1. m\u00EDstop\u0159edseda:","jm\u00E9no":"Bohuslav Jedin\u00E1k","datum_narozen\u00ED":"1971-03-05","adresa_ulice":"","adresa_m\u011Bsto":"678 01 Blansko 37","platnost_od":"2015-02-28"},{"typ":"Osoba","funkce":"m\u00EDstop\u0159edsedkyn\u011B:","jm\u00E9no":"Radka Sitarov\u00E1","datum_narozen\u00ED":"1981-04-13","adresa_ulice":"Dvorsk\u00E1 1844/48","adresa_m\u011Bsto":"678 01 Blansko","platnost_od":"2014-02-22"},{"typ":"Osoba","funkce":"m\u00EDstop\u0159edseda:","jm\u00E9no":"Anton\u00EDn Cekota","datum_narozen\u00ED":"1955-08-30","adresa_ulice":"Na Vr\u0161e 21","adresa_m\u011Bsto":"760 01 Zl\u00EDn","platnost_od":"2014-02-22"},{"typ":"Osoba","funkce":"m\u00EDstop\u0159edseda:","jm\u00E9no":"Jan Bla\u017Eek","datum_narozen\u00ED":"1970-02-15","adresa_ulice":"Barevn\u00E1  378/5","adresa_m\u011Bsto":"671 81 Oblekovice","platnost_od":"2015-02-28"},{"typ":"Osoba","funkce":"m\u00EDstop\u0159edseda:","jm\u00E9no":"Otto Chaloupka","datum_narozen\u00ED":"1960-09-03","adresa_ulice":"Randova 3167/3","adresa_m\u011Bsto":"150 00 Praha","platnost_od":"2015-02-28"},{"typ":"Osoba","funkce":"m\u00EDstop\u0159edseda:","jm\u00E9no":"Zden\u011Bk Renc","datum_narozen\u00ED":"1947-04-23","adresa_ulice":"Keramik\u016F 2618","adresa_m\u011Bsto":"269 01 Rakovn\u00EDk","platnost_od":"2015-02-28"}]},{"typ":["Digit\u00E1ln\u00ED objekt","Politick\u00E1 strana nebo hnut\u00ED"],"iri":"https://mv.gov.cz/api/boards/SPS/strana/403","url":"https://aplikace.mv.gov.cz/seznam-politickych-stran/Vypis_Rejstrik.aspx?id=403","n\u00E1zev":"Alternativa pro Plze\u0148","zkratka":"APPlze\u0148.cz","adresa_s\u00EDdla":"326 00 Plze\u0148, Mikul\u00E1\u0161sk\u00E9 n\u00E1m\u011Bst\u00ED 495/10","den_registrace":"2014-01-07","\u010D\u00EDslo_registrace":"MV-144082-4/VS-2013","identifika\u010Dn\u00ED_\u010D\u00EDslo":"71443673","statut\u00E1rn\u00ED_org\u00E1n":"\u0158\u00EDd\u00EDc\u00ED v\u00FDbor, jeho jm\u00E9nem jedn\u00E1 p\u0159edseda nebo 2 zastupuj\u00EDc\u00ED \u010Dlenov\u00E9.","pozn\u00E1mka":"","organiza\u010Dn\u00ED_jednotky":[],"osoby":[{"typ":"Osoba","funkce":"\u010Dlen:","jm\u00E9no":"Zden\u011Bk Sl\u00E1ma","datum_narozen\u00ED":"1985-07-10","adresa_ulice":"Komensk\u00E9ho 720/5","adresa_m\u011Bsto":"323 00 Plze\u0148","platnost_od":"2014-01-07"}]},{"typ":["Digit\u00E1ln\u00ED objekt","Politick\u00E1 strana nebo hnut\u00ED"],"iri":"https://mv.gov.cz/api/boards/SPS/strana/404","url":"https://aplikace.mv.gov.cz/seznam-politickych-stran/Vypis_Rejstrik.aspx?id=404","n\u00E1zev":"Patrioti \u010Cesk\u00E9 republiky","zkratka":"Patrioti \u010CR","adresa_s\u00EDdla":"181 00 Praha, \u0158e\u0161ovsk\u00E1 519/1","den_registrace":"2014-02-10","\u010D\u00EDslo_registrace":"MV-8204-6/VS-2014","identifika\u010Dn\u00ED_\u010D\u00EDslo":"71443681","statut\u00E1rn\u00ED_org\u00E1n":"P\u0159edsednictvo, za kter\u00E9 jedn\u00E1 spole\u010Dn\u011B p\u0159edseda a m\u00EDstop\u0159edseda.","posledn\u00ED_zm\u011Bna_stanov":"2016-04-20","pozn\u00E1mka":"","organiza\u010Dn\u00ED_jednotky":["krajsk\u00E1 organizace","m\u00EDstn\u00ED organizace","region\u00E1ln\u00ED organizace"],"osoby":[{"typ":"Osoba","funkce":"p\u0159edseda:","jm\u00E9no":"Ji\u0159\u00ED V\u00EDtek","datum_narozen\u00ED":"1973-06-03","adresa_ulice":"\u0158e\u0161ovsk\u00E1 519/1","adresa_m\u011Bsto":"181 00 Praha","platnost_od":"2021-12-06"},{"typ":"Osoba","funkce":"1. m\u00EDstop\u0159edseda:","jm\u00E9no":"Michal \u0160varc","datum_narozen\u00ED":"1965-02-16","adresa_ulice":"Nad Kotlaskou I 395","adresa_m\u011Bsto":"180 00 Praha","platnost_od":"2023-07-10"}]},{"typ":["Digit\u00E1ln\u00ED objekt","Politick\u00E1 strana nebo hnut\u00ED"],"iri":"https://mv.gov.cz/api/boards/SPS/strana/405","url":"https://aplikace.mv.gov.cz/seznam-politickych-stran/Vypis_Rejstrik.aspx?id=405","n\u00E1zev":"START21","zkratka":"START","adresa_s\u00EDdla":"130 00 Praha, Korunn\u00ED 1065/107","den_registrace":"2014-02-12","\u010D\u00EDslo_registrace":"MV-17186-4/VS-2014","identifika\u010Dn\u00ED_\u010D\u00EDslo":"71443690","statut\u00E1rn\u00ED_org\u00E1n":"P\u0159edsednictvo, za kter\u00E9 jednaj\u00ED a podepisuj\u00ED p\u0159edseda a tajemn\u00EDk spole\u010Dn\u011B nebo p\u0159edseda strany spolu                                                          s m\u00EDstop\u0159edsedou strany nebo minim\u00E1ln\u011B dva m\u00EDstop\u0159edsedov\u00E9 strany spole\u010Dn\u011B.","posledn\u00ED_zm\u011Bna_stanov":"2021-01-07","pozn\u00E1mka":"","organiza\u010Dn\u00ED_jednotky":["m\u00EDstn\u00ED organizace"],"osoby":[{"typ":"Osoba","funkce":"p\u0159edseda:","jm\u00E9no":"PhDr. Mgr. V\u00E1clav Kott, DiS.","datum_narozen\u00ED":"1960-03-12","adresa_ulice":"Na B\u011Blidlech 176","adresa_m\u011Bsto":"251 65 Ond\u0159ejov","platnost_od":"2023-08-05"},{"typ":"Osoba","funkce":"m\u00EDstop\u0159edseda:","jm\u00E9no":"Michal H\u00E1jek","datum_narozen\u00ED":"1987-02-25","adresa_ulice":"","adresa_m\u011Bsto":"257 41 Krhanice 30","platnost_od":"2020-02-26"},{"typ":"Osoba","funkce":"tajemn\u00EDk:","jm\u00E9no":"Ing. Robert Ko\u017Eelsk\u00FD LL.M., DBA","datum_narozen\u00ED":"1976-05-15","adresa_ulice":"Na Hr\u00E1zi 91","adresa_m\u011Bsto":"252 41 Doln\u00ED B\u0159e\u017Eany","platnost_od":"2017-11-21"}]},{"typ":["Digit\u00E1ln\u00ED objekt","Politick\u00E1 strana nebo hnut\u00ED"],"iri":"https://mv.gov.cz/api/boards/SPS/strana/406","url":"https://aplikace.mv.gov.cz/seznam-politickych-stran/Vypis_Rejstrik.aspx?id=406","n\u00E1zev":"Ob\u010Dansk\u00E1 konzervativn\u00ED strana","zkratka":"O.K. strana","adresa_s\u00EDdla":"149 00 Praha, Zim\u00E1kova 2355/11","den_registrace":"2014-02-17","\u010D\u00EDslo_registrace":"MV-15241-4/VS-2014","identifika\u010Dn\u00ED_\u010D\u00EDslo":"2666235","statut\u00E1rn\u00ED_org\u00E1n":"P\u0159edsednictvo, za kter\u00E9 jedn\u00E1 samostatn\u011B p\u0159edseda nebo prvn\u00ED m\u00EDstop\u0159edseda a dal\u0161\u00ED m\u00EDstop\u0159edsedov\u00E9 strany.","pozn\u00E1mka":"Dne 23. 4. 2018 bylo Ministerstvem vnitra zji\u0161t\u011Bno, \u017Ee \u00FAdaj o s\u00EDdle nedpov\u00EDd\u00E1 skute\u010Dnosti, p\u0159i\u010Dem\u017E strana adresu aktu\u00E1ln\u00EDho s\u00EDdla Ministerstvu vnitra neozn\u00E1mila.","organiza\u010Dn\u00ED_jednotky":["krajsk\u00E9 organizace","m\u00EDstn\u00ED organizace","okresn\u00ED organizace"],"osoby":[{"typ":"Osoba","funkce":"p\u0159edseda:","jm\u00E9no":"","adresa_ulice":"","adresa_m\u011Bsto":"","platnost_od":"2020-06-23"}]},{"typ":["Digit\u00E1ln\u00ED objekt","Politick\u00E1 strana nebo hnut\u00ED"],"iri":"https://mv.gov.cz/api/boards/SPS/strana/408","url":"https://aplikace.mv.gov.cz/seznam-politickych-stran/Vypis_Rejstrik.aspx?id=408","n\u00E1zev":"Pra\u017Ean\u00E9.cz","zkratka":"Pra\u017Ean\u00E9","adresa_s\u00EDdla":"110 00 Praha, Vladislavova 1747/16","den_registrace":"2014-02-28","\u010D\u00EDslo_registrace":"MV-22772-4/VS-2014","identifika\u010Dn\u00ED_\u010D\u00EDslo":"2718707","statut\u00E1rn\u00ED_org\u00E1n":"P\u0159edseda.","pozn\u00E1mka":"","organiza\u010Dn\u00ED_jednotky":["oblastn\u00ED organizace"],"osoby":[{"typ":"Osoba","funkce":"p\u0159edsedkyn\u011B:","jm\u00E9no":"Martina Schopper","datum_narozen\u00ED":"1972-05-17","adresa_ulice":"Na Ber\u00E1nku II 280","adresa_m\u011Bsto":"252 25 O\u0159ech","platnost_od":"2014-09-10"}]},{"typ":["Digit\u00E1ln\u00ED objekt","Politick\u00E1 strana nebo hnut\u00ED"],"iri":"https://mv.gov.cz/api/boards/SPS/strana/409","url":"https://aplikace.mv.gov.cz/seznam-politickych-stran/Vypis_Rejstrik.aspx?id=409","n\u00E1zev":"Ji\u017En\u00ED M\u011Bsto - n\u00E1\u0161 domov","zkratka":"JM-ND","adresa_s\u00EDdla":"149 00 Praha, Mokr\u00E1 1284/13A","den_registrace":"2014-03-05","\u010D\u00EDslo_registrace":"MV-29010-2/VS-2014","identifika\u010Dn\u00ED_\u010D\u00EDslo":"2733552","statut\u00E1rn\u00ED_org\u00E1n":"P\u0159edsednictvo, za kter\u00E9 jedn\u00E1 samostatn\u011B p\u0159edseda nebo dva m\u00EDstop\u0159edsedov\u00E9 spole\u010Dn\u011B.","posledn\u00ED_zm\u011Bna_stanov":"2017-06-28","pozn\u00E1mka":"","organiza\u010Dn\u00ED_jednotky":[],"osoby":[{"typ":"Osoba","funkce":"p\u0159edseda:","jm\u00E9no":"Mgr. Dalibor  Mlejnsk\u00FD","datum_narozen\u00ED":"1969-11-10","adresa_ulice":"Jarn\u00EDkova 1875/14","adresa_m\u011Bsto":"148 00 Praha","platnost_od":"2014-12-29"},{"typ":"Osoba","funkce":"m\u00EDstop\u0159edsedkyn\u011B:","jm\u00E9no":"Hana Zimov\u00E1","datum_narozen\u00ED":"1964-04-26","adresa_ulice":"Donovalsk\u00E1 1862/51","adresa_m\u011Bsto":"149 00 Praha","platnost_od":"2014-04-22"},{"typ":"Osoba","funkce":"m\u00EDstop\u0159edseda:","jm\u00E9no":"Rostislav Korbel","datum_narozen\u00ED":"1969-07-15","adresa_ulice":"Platanov\u00E1 964","adresa_m\u011Bsto":"252 42 Jesenice","platnost_od":"2014-04-22"},{"typ":"Osoba","funkce":"m\u00EDstop\u0159edseda:","jm\u00E9no":"Petr S\u00FDkora","datum_narozen\u00ED":"1965-02-23","adresa_ulice":"Brandlova 1383/14","adresa_m\u011Bsto":"149 00 Praha","platnost_od":"2014-12-29"}]},{"typ":["Digit\u00E1ln\u00ED objekt","Politick\u00E1 strana nebo hnut\u00ED"],"iri":"https://mv.gov.cz/api/boards/SPS/strana/410","url":"https://aplikace.mv.gov.cz/seznam-politickych-stran/Vypis_Rejstrik.aspx?id=410","n\u00E1zev":"Toryov\u00E9","zkratka":"TOR","adresa_s\u00EDdla":"169 00 Praha, B\u011Blohorsk\u00E1 193/149","den_registrace":"2014-03-10","\u010D\u00EDslo_registrace":"MV-16009-4/VS-2014","identifika\u010Dn\u00ED_\u010D\u00EDslo":"2749947","statut\u00E1rn\u00ED_org\u00E1n":"Republikov\u00E1 rada, za kterou jedn\u00E1 p\u0159edseda nebo pov\u011B\u0159en\u00FD m\u00EDstop\u0159edseda nebo pov\u011B\u0159en\u00FD \u010Dlen republikov\u00E9 rady.","pozn\u00E1mka":"","organiza\u010Dn\u00ED_jednotky":["krajsk\u00E9 sdru\u017Een\u00ED","m\u00EDstn\u00ED sdru\u017Een\u00ED"],"osoby":[{"typ":"Osoba","funkce":"p\u0159edseda:","jm\u00E9no":"Old\u0159ich Voj\u00ED\u0159","datum_narozen\u00ED":"1961-08-13","adresa_ulice":"Pr\u016Fb\u011B\u017En\u00E1 3142","adresa_m\u011Bsto":"434 01 Most","platnost_od":"2014-05-10"},{"typ":"Osoba","funkce":"m\u00EDstop\u0159edseda:","jm\u00E9no":"Marek Vavre\u010Dka","datum_narozen\u00ED":"1971-01-18","adresa_ulice":"","adresa_m\u011Bsto":"742 82 Jistebn\u00EDk 198","platnost_od":"2014-05-10"},{"typ":"Osoba","funkce":"hlavn\u00ED pokladn\u00EDk:","jm\u00E9no":"Tereza Daleck\u00E1","datum_narozen\u00ED":"1990-09-14","adresa_ulice":"Slatinick\u00E1 3521","adresa_m\u011Bsto":"434 01 Most","platnost_od":"2019-05-15"}]},{"typ":["Digit\u00E1ln\u00ED objekt","Politick\u00E1 strana nebo hnut\u00ED"],"iri":"https://mv.gov.cz/api/boards/SPS/strana/411","url":"https://aplikace.mv.gov.cz/seznam-politickych-stran/Vypis_Rejstrik.aspx?id=411","n\u00E1zev":"HNUT\u00CD SOCI\u00C1LN\u011A SLAB\u00DDCH","zkratka":"HSS","adresa_s\u00EDdla":"793 24 Karlova Stud\u00E1nka 12","den_registrace":"2014-03-10","\u010D\u00EDslo_registrace":"MV-110544-4/VS-2013","identifika\u010Dn\u00ED_\u010D\u00EDslo":"2750180","statut\u00E1rn\u00ED_org\u00E1n":"P\u0159edseda a v\u00FDkonn\u00FD m\u00EDstop\u0159edseda, kte\u0159\u00ED jednaj\u00ED samostatn\u011B.","pozn\u00E1mka":"","organiza\u010Dn\u00ED_jednotky":["krajsk\u00E1 organizace","m\u00EDstn\u00ED organizace"],"osoby":[{"typ":"Osoba","funkce":"p\u0159edseda:","jm\u00E9no":"Ludv\u00EDk Zif\u010D\u00E1k","datum_narozen\u00ED":"1960-01-11","adresa_ulice":"","adresa_m\u011Bsto":"793 24 Karlova Stud\u00E1nka 12","platnost_od":"2014-04-08"},{"typ":"Osoba","funkce":"v\u00FDkonn\u00FD m\u00EDstop\u0159edseda:","jm\u00E9no":"Franti\u0161ek Cvi\u010Dek","datum_narozen\u00ED":"1979-04-10","adresa_ulice":"","adresa_m\u011Bsto":"739 47 Kozlovice 343","platnost_od":"2014-04-08"}]},{"typ":["Digit\u00E1ln\u00ED objekt","Politick\u00E1 strana nebo hnut\u00ED"],"iri":"https://mv.gov.cz/api/boards/SPS/strana/412","url":"https://aplikace.mv.gov.cz/seznam-politickych-stran/Vypis_Rejstrik.aspx?id=412","n\u00E1zev":"\u00DASTECK\u00C9 F\u00D3RUM OB\u010CAN\u016E","zkratka":"UFO","adresa_s\u00EDdla":"400 01 \u00DAst\u00ED nad Labem, Rembrandtova 382/6","den_registrace":"2014-03-19","\u010D\u00EDslo_registrace":"MV-23318-4/VS-2014","identifika\u010Dn\u00ED_\u010D\u00EDslo":"2790840","statut\u00E1rn\u00ED_org\u00E1n":"P\u0159edseda a m\u00EDstop\u0159edseda, kte\u0159\u00ED jednaj\u00ED samostatn\u011B.","pozn\u00E1mka":"","organiza\u010Dn\u00ED_jednotky":["m\u00EDstn\u00ED organizace"],"osoby":[{"typ":"Osoba","funkce":"p\u0159edseda:","jm\u00E9no":"MUDr. Ji\u0159\u00ED Madar","datum_narozen\u00ED":"1958-12-26","adresa_ulice":"Hynaisova 752/26","adresa_m\u011Bsto":"400 01 \u00DAst\u00ED nad Labem","platnost_od":"2014-04-01"},{"typ":"Osoba","funkce":"m\u00EDstop\u0159edseda:","jm\u00E9no":"Bc. Martin Pracha\u0159","datum_narozen\u00ED":"1974-10-25","adresa_ulice":"B\u0159ezov\u00E1 1625/41","adresa_m\u011Bsto":"400 03 \u00DAst\u00ED nad Labem","platnost_od":"2014-04-01"}]},{"typ":["Digit\u00E1ln\u00ED objekt","Politick\u00E1 strana nebo hnut\u00ED"],"iri":"https://mv.gov.cz/api/boards/SPS/strana/413","url":"https://aplikace.mv.gov.cz/seznam-politickych-stran/Vypis_Rejstrik.aspx?id=413","n\u00E1zev":"Nez\u00E1visl\u00ED pro Prahu","zkratka":"NPP","adresa_s\u00EDdla":"110 00 Praha, Pansk\u00E1 891/5","den_registrace":"2002-07-31","\u010D\u00EDslo_registrace":"VS-4470/SDR/1-2002","identifika\u010Dn\u00ED_\u010D\u00EDslo":"26600781","statut\u00E1rn\u00ED_org\u00E1n":"P\u0159edstavenstvo za kter\u00E9 jedn\u00ED p\u0159edseda.","pozn\u00E1mka":"","organiza\u010Dn\u00ED_jednotky":[],"osoby":[{"typ":"Osoba","funkce":"p\u0159edseda:","jm\u00E9no":"Ing. Lucie Winklerov\u00E1","datum_narozen\u00ED":"1961-04-18","adresa_ulice":"K bateri\u00EDm 967/3","adresa_m\u011Bsto":"169 00 Praha","platnost_od":"2002-08-15"}]},{"typ":["Digit\u00E1ln\u00ED objekt","Politick\u00E1 strana nebo hnut\u00ED"],"iri":"https://mv.gov.cz/api/boards/SPS/strana/414","url":"https://aplikace.mv.gov.cz/seznam-politickych-stran/Vypis_Rejstrik.aspx?id=414","n\u00E1zev":"Politick\u00E9 hnut\u00ED OBRODA","zkratka":"Obroda","adresa_s\u00EDdla":"110 00 Praha, \u0160kolsk\u00E1 694/32","den_registrace":"2014-03-27","\u010D\u00EDslo_registrace":"MV-24837-6/VS-2014","identifika\u010Dn\u00ED_\u010D\u00EDslo":"2827964","statut\u00E1rn\u00ED_org\u00E1n":"P\u0159edseda samostatn\u011B nebo spole\u010Dn\u011B dva m\u00EDstop\u0159edsedov\u00E9 hnut\u00ED.","pozn\u00E1mka":"","organiza\u010Dn\u00ED_jednotky":["krajsk\u00E1 organizace","m\u00EDstn\u00ED organizace"],"osoby":[{"typ":"Osoba","funkce":"p\u0159edseda:","jm\u00E9no":"Bc. Ji\u0159\u00ED  Bejlovec","datum_narozen\u00ED":"1990-04-07","adresa_ulice":"Kpt. Str\u00E1nsk\u00E9ho 991/10","adresa_m\u011Bsto":"198 00 Praha","platnost_od":"2014-06-07"},{"typ":"Osoba","funkce":"m\u00EDstop\u0159edsedkyn\u011B:","jm\u00E9no":"Vlasta Kozlerov\u00E1","datum_narozen\u00ED":"1968-03-09","adresa_ulice":"B\u0159ezov\u00E1 1428/12","adresa_m\u011Bsto":"419 01 Duchcov","platnost_od":"2014-06-07"}]},{"typ":["Digit\u00E1ln\u00ED objekt","Politick\u00E1 strana nebo hnut\u00ED"],"iri":"https://mv.gov.cz/api/boards/SPS/strana/415","url":"https://aplikace.mv.gov.cz/seznam-politickych-stran/Vypis_Rejstrik.aspx?id=415","n\u00E1zev":"PRO PLZE\u0147","zkratka":"PRO PLZE\u0147","adresa_s\u00EDdla":"323 00 Plze\u0148, Tou\u017Eimsk\u00E1 1685/23","den_registrace":"2014-04-10","\u010D\u00EDslo_registrace":"MV-41669-4/VS-2014","identifika\u010Dn\u00ED_\u010D\u00EDslo":"2885573","statut\u00E1rn\u00ED_org\u00E1n":"P\u0159edstavenstvo, jeho\u017E jm\u00E9nem jedn\u00E1 p\u0159edseda samostatn\u011B nebo dva m\u00EDstop\u0159edsedov\u00E9 spole\u010Dn\u011B.","posledn\u00ED_zm\u011Bna_stanov":"2024-01-26","pozn\u00E1mka":"","organiza\u010Dn\u00ED_jednotky":["m\u00EDstn\u00ED organizace"],"osoby":[{"typ":"Osoba","funkce":"p\u0159edseda:","jm\u00E9no":"Mgr. Radek Mr\u00E1z, MBA","datum_narozen\u00ED":"1983-03-02","adresa_ulice":"Slupsk\u00E1 1296/6","adresa_m\u011Bsto":"323 00 Plze\u0148","platnost_od":"2018-11-28"},{"typ":"Osoba","funkce":"m\u00EDstop\u0159edseda:","jm\u00E9no":"Ing. Tom\u00E1\u0161 Mor\u00E1vek","datum_narozen\u00ED":"1991-02-13","adresa_ulice":"Brn\u011Bnsk\u00E1 988/33","adresa_m\u011Bsto":"323 00 Plze\u0148","platnost_od":"2025-03-25"},{"typ":"Osoba","funkce":"\u010Dlen:","jm\u00E9no":"Ji\u0159\u00ED Uhl\u00EDk, MBA","datum_narozen\u00ED":"1970-01-07","adresa_ulice":"Komensk\u00E9ho 721/7","adresa_m\u011Bsto":"323 00 Plze\u0148","platnost_od":"2023-03-30"},{"typ":"Osoba","funkce":"\u010Dlen:","jm\u00E9no":"Roman Andrl\u00EDk","datum_narozen\u00ED":"1967-09-17","adresa_ulice":"Sladovnick\u00E1 501/33","adresa_m\u011Bsto":"326 00 Plze\u0148","platnost_od":"2023-03-30"},{"typ":"Osoba","funkce":"\u010Dlen:","jm\u00E9no":"Michael Sinkule","datum_narozen\u00ED":"1984-12-15","adresa_ulice":"Pech\u00E1\u010Dkova 964/27","adresa_m\u011Bsto":"318 00 Plze\u0148","platnost_od":"2025-03-25"},{"typ":"Osoba","funkce":"\u010Dlen:","jm\u00E9no":"Ing. Tom\u00E1\u0161  Kotora","datum_narozen\u00ED":"1966-03-04","adresa_ulice":"Kleisslova 225/1","adresa_m\u011Bsto":"301 00 Plze\u0148","platnost_od":"2025-03-25"},{"typ":"Osoba","funkce":"\u010Dlen:","jm\u00E9no":"Jan \u0160lehofer","datum_narozen\u00ED":"1980-01-18","adresa_ulice":"Pod Dubovkou 637/79","adresa_m\u011Bsto":"301 00 Plze\u0148","platnost_od":"2025-03-25"},{"typ":"Osoba","funkce":"\u010Dlenka:","jm\u00E9no":"Mgr. Bc. Nikola \u0160imlov\u00E1","datum_narozen\u00ED":"1993-05-17","adresa_ulice":"Na \u00DAhoru 450/14","adresa_m\u011Bsto":"318 00 Plze\u0148","platnost_od":"2025-03-25"},{"typ":"Osoba","funkce":"\u010Dlenka:","jm\u00E9no":"Ing. Lucie Peroutkov\u00E1","datum_narozen\u00ED":"1989-10-09","adresa_ulice":"Bezinkov\u00E1 434/20","adresa_m\u011Bsto":"312 00 Plze\u0148","platnost_od":"2025-03-25"}]},{"typ":["Digit\u00E1ln\u00ED objekt","Politick\u00E1 strana nebo hnut\u00ED"],"iri":"https://mv.gov.cz/api/boards/SPS/strana/416","url":"https://aplikace.mv.gov.cz/seznam-politickych-stran/Vypis_Rejstrik.aspx?id=416","n\u00E1zev":"Ob\u010Dansk\u00E9 hnut\u00ED M\u016Fj domov","zkratka":"M\u016Fj domov","adresa_s\u00EDdla":"466 04 Jablonec nad Nisou, Pra\u017Esk\u00E9ho povst\u00E1n\u00ED 3686/19","den_registrace":"2014-05-06","\u010D\u00EDslo_registrace":"MV-55020-5/VS-2014","identifika\u010Dn\u00ED_\u010D\u00EDslo":"2970554","statut\u00E1rn\u00ED_org\u00E1n":"P\u0159edsednictvo, za kter\u00E9 jedn\u00E1 samostatn\u011B p\u0159edseda.","posledn\u00ED_zm\u011Bna_stanov":"2014-07-04","pozn\u00E1mka":"","organiza\u010Dn\u00ED_jednotky":["region\u00E1ln\u00ED sdru\u017Een\u00ED"],"osoby":[{"typ":"Osoba","funkce":"p\u0159edseda:","jm\u00E9no":"Jan  Ullmann","datum_narozen\u00ED":"1993-11-16","adresa_ulice":"Pra\u017Esk\u00E9ho povst\u00E1n\u00ED 3686/19","adresa_m\u011Bsto":"466 04 Jablonec nad Nisou","platnost_od":"2014-06-22"},{"typ":"Osoba","funkce":"m\u00EDstop\u0159edseda:","jm\u00E9no":"Ing. Jan Ullmann","datum_narozen\u00ED":"1965-02-18","adresa_ulice":"Pra\u017Esk\u00E9ho povst\u00E1n\u00ED 3686/19","adresa_m\u011Bsto":"466 04 Jablonec nad Nisou","platnost_od":"2014-06-22"}]},{"typ":["Digit\u00E1ln\u00ED objekt","Politick\u00E1 strana nebo hnut\u00ED"],"iri":"https://mv.gov.cz/api/boards/SPS/strana/417","url":"https://aplikace.mv.gov.cz/seznam-politickych-stran/Vypis_Rejstrik.aspx?id=417","n\u00E1zev":"HRADE\u010CT\u00CD PATRIOTI","zkratka":"HP","adresa_s\u00EDdla":"500 03 Hradec Kr\u00E1lov\u00E9, Pouchovsk\u00E1  1272","den_registrace":"2014-05-14","\u010D\u00EDslo_registrace":"MV-54359-4/VS-2014","identifika\u010Dn\u00ED_\u010D\u00EDslo":"2985349","statut\u00E1rn\u00ED_org\u00E1n":"P\u0159edsednictvo, za kter\u00E9 jedn\u00E1 p\u0159edseda samostatn\u011B nebo dva \u010Dlenov\u00E9 spole\u010Dn\u011B.","posledn\u00ED_zm\u011Bna_stanov":"2018-06-28","pozn\u00E1mka":"","organiza\u010Dn\u00ED_jednotky":[],"osoby":[{"typ":"Osoba","funkce":"p\u0159edseda:","jm\u00E9no":"Franti\u0161ek  \u0158ehounek","datum_narozen\u00ED":"1968-07-25","adresa_ulice":"P\u00EDse\u010Dn\u00E1 896/36","adresa_m\u011Bsto":"500 09 Hradec Kr\u00E1lov\u00E9","platnost_od":"2014-05-28"},{"typ":"Osoba","funkce":"m\u00EDstop\u0159edseda:","jm\u00E9no":"Jan Nymsa","datum_narozen\u00ED":"1985-10-30","adresa_ulice":"Kladsk\u00E1 117/32","adresa_m\u011Bsto":"500 03 Hradec Kr\u00E1lov\u00E9","platnost_od":"2014-05-28"},{"typ":"Osoba","funkce":"pokladn\u00EDk:","jm\u00E9no":"Ing. Jan  Sedunka","datum_narozen\u00ED":"1984-06-02","adresa_ulice":"Na Rozhran\u00ED 1511/15","adresa_m\u011Bsto":"500 12 Hradec Kr\u00E1lov\u00E9","platnost_od":"2014-05-28"}]},{"typ":["Digit\u00E1ln\u00ED objekt","Politick\u00E1 strana nebo hnut\u00ED"],"iri":"https://mv.gov.cz/api/boards/SPS/strana/418","url":"https://aplikace.mv.gov.cz/seznam-politickych-stran/Vypis_Rejstrik.aspx?id=418","n\u00E1zev":"NOV\u00DD SEVER","zkratka":"NS","adresa_s\u00EDdla":"430 01 Chomutov, Chel\u010Dick\u00E9ho 255","den_registrace":"2014-05-21","\u010D\u00EDslo_registrace":"MV-59511-5/VS-2014","identifika\u010Dn\u00ED_\u010D\u00EDslo":"3016242","statut\u00E1rn\u00ED_org\u00E1n":"P\u0159edsednictvo, a to spole\u010Dn\u011B t\u0159emi jeho \u010Dleny, z nich\u017E alespo\u0148 jeden je p\u0159edsedou nebo m\u00EDstop\u0159edsedou a dal\u0161\u00ED dva, jsou \u010Dleny p\u0159edsednictva.","posledn\u00ED_zm\u011Bna_stanov":"2021-02-05","pozn\u00E1mka":"","organiza\u010Dn\u00ED_jednotky":[],"osoby":[{"typ":"Osoba","funkce":"p\u0159edseda:","jm\u00E9no":"Ing. Martin Bocian","datum_narozen\u00ED":"1986-07-22","adresa_ulice":"V\u00E1clavsk\u00E1 4047","adresa_m\u011Bsto":"430 03 Chomutov","platnost_od":"2025-06-04"},{"typ":"Osoba","funkce":"m\u00EDstop\u0159edseda:","jm\u00E9no":"Ing. Milan \u0160tefanov","datum_narozen\u00ED":"1967-07-27","adresa_ulice":"Revolu\u010Dn\u00ED 49/15","adresa_m\u011Bsto":"430 01 Chomutov","platnost_od":"2014-05-22"},{"typ":"Osoba","funkce":"m\u00EDstop\u0159edseda:","jm\u00E9no":"Mgr. Milan M\u00E4rc","datum_narozen\u00ED":"1966-06-12","adresa_ulice":"Kostnick\u00E1 4099","adresa_m\u011Bsto":"430 03 Chomutov","platnost_od":"2020-06-16"},{"typ":"Osoba","funkce":"\u010Dlen:","jm\u00E9no":"PaedDr. Jan Micka","datum_narozen\u00ED":"1960-07-08","adresa_ulice":"Kamenn\u00FD vrch 5273","adresa_m\u011Bsto":"430 04 Chomutov","platnost_od":"2025-06-04"},{"typ":"Osoba","funkce":"\u010Dlen:","jm\u00E9no":"Bc. Ji\u0159\u00ED Kratochv\u00EDl","datum_narozen\u00ED":"1969-07-24","adresa_ulice":"Hutnick\u00E1 5298","adresa_m\u011Bsto":"430 04 Chomutov","platnost_od":"2025-06-04"}]},{"typ":["Digit\u00E1ln\u00ED objekt","Politick\u00E1 strana nebo hnut\u00ED"],"iri":"https://mv.gov.cz/api/boards/SPS/strana/420","url":"https://aplikace.mv.gov.cz/seznam-politickych-stran/Vypis_Rejstrik.aspx?id=420","n\u00E1zev":"SPOLU","zkratka":"SPOLU","adresa_s\u00EDdla":"621 00 Brno, Odlehl\u00E1 176/21","den_registrace":"2014-06-06","\u010D\u00EDslo_registrace":"MV-56588-8/VS-2014","identifika\u010Dn\u00ED_\u010D\u00EDslo":"3080901","statut\u00E1rn\u00ED_org\u00E1n":"P\u0159edsednictvo, za kter\u00E9 jednaj\u00ED navenek spole\u010Dn\u011B p\u0159edseda a jeden z m\u00EDstop\u0159edsed\u016F hnut\u00ED, p\u0159\u00EDpad\u011B jimi pov\u011B\u0159en\u00FD \u010Dlen hnut\u00ED.","pozn\u00E1mka":"","organiza\u010Dn\u00ED_jednotky":[],"osoby":[{"typ":"Osoba","funkce":"p\u0159edseda:","jm\u00E9no":"Marek Nosek","datum_narozen\u00ED":"1966-04-15","adresa_ulice":"Sedl\u00E1\u010Dkova 2902/28","adresa_m\u011Bsto":"628 00 Brno","platnost_od":"2014-12-06"},{"typ":"Osoba","funkce":"m\u00EDstop\u0159edseda:","jm\u00E9no":"Petr Havelka","datum_narozen\u00ED":"1979-03-21","adresa_ulice":"Ti\u0161novsk\u00E1 1489/117","adresa_m\u011Bsto":"613 00 Brno","platnost_od":"2014-12-06"},{"typ":"Osoba","funkce":"m\u00EDstop\u0159edseda:","jm\u00E9no":"Ladislav Val\u00E1\u0161ek","datum_narozen\u00ED":"1973-03-08","adresa_ulice":"Sedl\u00E1\u010Dkova 2902/18","adresa_m\u011Bsto":"628 00 Brno","platnost_od":"2014-12-06"}]},{"typ":["Digit\u00E1ln\u00ED objekt","Politick\u00E1 strana nebo hnut\u00ED"],"iri":"https://mv.gov.cz/api/boards/SPS/strana/421","url":"https://aplikace.mv.gov.cz/seznam-politickych-stran/Vypis_Rejstrik.aspx?id=421","n\u00E1zev":"Politick\u00E9 Hnut\u00ED V\u00EDtkovice","zkratka":"PHV","adresa_s\u00EDdla":"703 00 Ostrava, Nerudova 499/23","den_registrace":"2014-06-06","\u010D\u00EDslo_registrace":"MV-73590-2/VS-2014","identifika\u010Dn\u00ED_\u010D\u00EDslo":"3080935","statut\u00E1rn\u00ED_org\u00E1n":"P\u0159edseda.","pozn\u00E1mka":"","organiza\u010Dn\u00ED_jednotky":[],"osoby":[{"typ":"Osoba","funkce":"p\u0159edseda:","jm\u00E9no":"Ing. Franti\u0161ek Kro\u010Dil","datum_narozen\u00ED":"1960-09-01","adresa_ulice":"\u0160alounova 778/18","adresa_m\u011Bsto":"703 00 Ostrava","platnost_od":"2014-06-30"}]},{"typ":["Digit\u00E1ln\u00ED objekt","Politick\u00E1 strana nebo hnut\u00ED"],"iri":"https://mv.gov.cz/api/boards/SPS/strana/422","url":"https://aplikace.mv.gov.cz/seznam-politickych-stran/Vypis_Rejstrik.aspx?id=422","n\u00E1zev":"P\u00E9v\u00E9\u010Dko","zkratka":"PV","adresa_s\u00EDdla":"796 01 Prost\u011Bjov, Brn\u011Bnsk\u00E1 1442/47","den_registrace":"2014-06-11","\u010D\u00EDslo_registrace":"MV-76380-2/VS-2014","identifika\u010Dn\u00ED_\u010D\u00EDslo":"3091805","statut\u00E1rn\u00ED_org\u00E1n":"P\u0159edseda.","posledn\u00ED_zm\u011Bna_stanov":"2015-06-30","pozn\u00E1mka":"","organiza\u010Dn\u00ED_jednotky":["krajsk\u00E9 organizace","m\u00EDstn\u00ED organizace","region\u00E1ln\u00ED organizace"],"osoby":[{"typ":"Osoba","funkce":"p\u0159edseda:","jm\u00E9no":"Mgr. Ji\u0159\u00ED Posp\u00ED\u0161il","datum_narozen\u00ED":"1966-03-14","adresa_ulice":"Brn\u011Bnsk\u00E1 1442/47","adresa_m\u011Bsto":"796 01 Prost\u011Bjov","platnost_od":"2014-06-15"}]},{"typ":["Digit\u00E1ln\u00ED objekt","Politick\u00E1 strana nebo hnut\u00ED"],"iri":"https://mv.gov.cz/api/boards/SPS/strana/423","url":"https://aplikace.mv.gov.cz/seznam-politickych-stran/Vypis_Rejstrik.aspx?id=423","n\u00E1zev":"\u010Cist\u00FD kraj","zkratka":"\u010CiKR","adresa_s\u00EDdla":"400 11 \u00DAst\u00ED nad Labem, Pincova 2971/13","den_registrace":"2014-06-11","\u010D\u00EDslo_registrace":"MV-70940-4/VS-2014","identifika\u010Dn\u00ED_\u010D\u00EDslo":"3094553","statut\u00E1rn\u00ED_org\u00E1n":"Rada, za kterou samostatn\u011B jedn\u00E1 P\u0159edseda a V\u00FDkonn\u00FD tajemn\u00EDk.","posledn\u00ED_zm\u011Bna_stanov":"2019-12-13","pozn\u00E1mka":"","organiza\u010Dn\u00ED_jednotky":[],"osoby":[{"typ":"Osoba","funkce":"p\u0159edsedkyn\u011B:","jm\u00E9no":"Alena Pol\u00E1\u010Dkov\u00E1","datum_narozen\u00ED":"1961-03-06","adresa_ulice":"","adresa_m\u011Bsto":"257 41 Bukovany 142","platnost_od":"2025-03-22"},{"typ":"Osoba","funkce":"m\u00EDstop\u0159edseda:","jm\u00E9no":"","adresa_ulice":"","adresa_m\u011Bsto":"","platnost_od":"2023-01-31"},{"typ":"Osoba","funkce":"v\u00FDkonn\u00FD tajemn\u00EDk: ","jm\u00E9no":"Martin Vrti\u0161ka","datum_narozen\u00ED":"1970-08-12","adresa_ulice":"Na Kohout\u011B 332/3","adresa_m\u011Bsto":"400 10 \u00DAst\u00ED nad Labem","platnost_od":"2025-03-22"},{"typ":"Osoba","funkce":"\u010Dlen:","jm\u00E9no":"Jind\u0159ich Nov\u00E1k","datum_narozen\u00ED":"1976-04-24","adresa_ulice":"Jizersk\u00E1 2939/53","adresa_m\u011Bsto":"400 11 \u00DAst\u00ED nad Labem","platnost_od":"2019-11-11"}]},{"typ":["Digit\u00E1ln\u00ED objekt","Politick\u00E1 strana nebo hnut\u00ED"],"iri":"https://mv.gov.cz/api/boards/SPS/strana/424","url":"https://aplikace.mv.gov.cz/seznam-politickych-stran/Vypis_Rejstrik.aspx?id=424","n\u00E1zev":"Ob\u010Dan\u00E9 patrioti","zkratka":"OPAT","adresa_s\u00EDdla":"326 00 Plze\u0148, Barrandova 404/28","den_registrace":"2014-06-12","\u010D\u00EDslo_registrace":"MV-70189-4/VS-2014","identifika\u010Dn\u00ED_\u010D\u00EDslo":"3099598","statut\u00E1rn\u00ED_org\u00E1n":"P\u0159edstavenstvo, za kter\u00E9 jedn\u00E1 samostatn\u011B p\u0159edseda nebo dva m\u00EDstop\u0159edsedov\u00E9 spole\u010Dn\u011B.","pozn\u00E1mka":"","organiza\u010Dn\u00ED_jednotky":[],"osoby":[{"typ":"Osoba","funkce":"p\u0159edseda:","jm\u00E9no":"Ing. Jan Mich\u00E1lek","datum_narozen\u00ED":"1969-05-28","adresa_ulice":"Barrandova 366/26","adresa_m\u011Bsto":"326 00 Plze\u0148","platnost_od":"2014-07-01"},{"typ":"Osoba","funkce":"m\u00EDstop\u0159edseda:","jm\u00E9no":"Mgr. V\u00E1clav Chaloupek","datum_narozen\u00ED":"1949-05-21","adresa_ulice":"","adresa_m\u011Bsto":"332 04 Mil\u00EDnov 64","platnost_od":"2024-06-10"},{"typ":"Osoba","funkce":"m\u00EDstop\u0159edseda:","jm\u00E9no":"V\u00E1clav J\u00E1chim","datum_narozen\u00ED":"1966-07-02","adresa_ulice":"Glazunovova 885/8","adresa_m\u011Bsto":"148 00 Praha","platnost_od":"2026-03-02"}]},{"typ":["Digit\u00E1ln\u00ED objekt","Politick\u00E1 strana nebo hnut\u00ED"],"iri":"https://mv.gov.cz/api/boards/SPS/strana/425","url":"https://aplikace.mv.gov.cz/seznam-politickych-stran/Vypis_Rejstrik.aspx?id=425","n\u00E1zev":"PATRIOT 2014","zkratka":"PATRIOT 2014","adresa_s\u00EDdla":"738 01 Fr\u00FDdek-M\u00EDstek, 8. p\u011B\u0161\u00EDho pluku 81","den_registrace":"2014-06-12","\u010D\u00EDslo_registrace":"MV-67070-5/VS-2014","identifika\u010Dn\u00ED_\u010D\u00EDslo":"3100448","statut\u00E1rn\u00ED_org\u00E1n":"\u00DAst\u0159edn\u00ED rada, za kterou jedn\u00E1 p\u0159edseda.","pozn\u00E1mka":"","organiza\u010Dn\u00ED_jednotky":["krajsk\u00E9 organizace","m\u00EDstn\u00ED organizace"],"osoby":[{"typ":"Osoba","funkce":"p\u0159edseda:","jm\u00E9no":"Ing. Hynek Podola","datum_narozen\u00ED":"1974-10-03","adresa_ulice":"Matu\u0161kova 1052/6","adresa_m\u011Bsto":"736 01 Hav\u00ED\u0159ov","platnost_od":"2014-07-11"},{"typ":"Osoba","funkce":"1.m\u00EDstop\u0159edsedkyn\u011B:","jm\u00E9no":"Ing. Milena Petr\u00E1\u0161ov\u00E1","datum_narozen\u00ED":"1964-06-10","adresa_ulice":"T\u0159eneck\u00E9ho 139/1","adresa_m\u011Bsto":"736 01 Hav\u00ED\u0159ov","platnost_od":"2014-07-11"},{"typ":"Osoba","funkce":"2. m\u00EDstop\u0159edseda:","jm\u00E9no":"Jan Panch\u00E1rtek","datum_narozen\u00ED":"1985-03-04","adresa_ulice":"Matu\u0161kova 1052/6","adresa_m\u011Bsto":"736 01 Hav\u00ED\u0159ov","platnost_od":"2014-07-11"}]},{"typ":["Digit\u00E1ln\u00ED objekt","Politick\u00E1 strana nebo hnut\u00ED"],"iri":"https://mv.gov.cz/api/boards/SPS/strana/426","url":"https://aplikace.mv.gov.cz/seznam-politickych-stran/Vypis_Rejstrik.aspx?id=426","n\u00E1zev":"Otev\u0159en\u00E1 radnice","zkratka":"Hora 2014","adresa_s\u00EDdla":"180 00 Praha, Bedn\u00E1\u0159sk\u00E1 1025/3","den_registrace":"2014-06-18","\u010D\u00EDslo_registrace":"MV-32096-8/VS-2014","identifika\u010Dn\u00ED_\u010D\u00EDslo":"3116492","statut\u00E1rn\u00ED_org\u00E1n":"V\u00FDbor, za kter\u00FD jedn\u00E1 p\u0159edseda.","pozn\u00E1mka":"","organiza\u010Dn\u00ED_jednotky":[],"osoby":[{"typ":"Osoba","funkce":"p\u0159edseda:","jm\u00E9no":"Franti\u0161ek O\u0161\u010D\u00E1dal","datum_narozen\u00ED":"1969-11-04","adresa_ulice":"Na vyhasl\u00E9m 3175","adresa_m\u011Bsto":"272 01 Kladno","platnost_od":"2018-01-22"},{"typ":"Osoba","funkce":"\u010Dlen:","jm\u00E9no":"Filip Kahoun","adresa_ulice":"","adresa_m\u011Bsto":"","platnost_od":"2018-01-22"},{"typ":"Osoba","funkce":"\u010Dlenka:","jm\u00E9no":"MUDr. Alice \u010Ce\u010Dilov\u00E1","datum_narozen\u00ED":"1958-06-25","adresa_ulice":"Pod Hradi\u0161t\u011Bm 121","adresa_m\u011Bsto":"257 41 T\u00FDnec nad S\u00E1zavou","platnost_od":"2018-01-22"},{"typ":"Osoba","funkce":"\u010Dlenka:","jm\u00E9no":"Marta Fr\u00FDbertov\u00E1","adresa_ulice":"","adresa_m\u011Bsto":"","platnost_od":"2018-01-22"}]},{"typ":["Digit\u00E1ln\u00ED objekt","Politick\u00E1 strana nebo hnut\u00ED"],"iri":"https://mv.gov.cz/api/boards/SPS/strana/427","url":"https://aplikace.mv.gov.cz/seznam-politickych-stran/Vypis_Rejstrik.aspx?id=427","n\u00E1zev":"Hnut\u00ED SOL","zkratka":"SOL","adresa_s\u00EDdla":"638 00 Brno, Je\u017Ekova 242/8","den_registrace":"2014-06-18","\u010D\u00EDslo_registrace":"MV-75060-4/VS-2014","identifika\u010Dn\u00ED_\u010D\u00EDslo":"3116603","statut\u00E1rn\u00ED_org\u00E1n":"P\u0159edsednictvo, za kter\u00E9 jedn\u00E1 p\u0159edseda.","posledn\u00ED_zm\u011Bna_stanov":"2023-07-19","pozn\u00E1mka":"","organiza\u010Dn\u00ED_jednotky":[],"osoby":[{"typ":"Osoba","funkce":"p\u0159edseda:","jm\u00E9no":"Mgr. Martin  Male\u010Dek","datum_narozen\u00ED":"1968-11-29","adresa_ulice":"Je\u017Ekova 242/8","adresa_m\u011Bsto":"638 00 Brno","platnost_od":"2014-07-01"},{"typ":"Osoba","funkce":"m\u00EDstop\u0159edseda:","jm\u00E9no":"Ing. Martin Cibula","datum_narozen\u00ED":"1979-06-05","adresa_ulice":"Bla\u017Ekova 17/5","adresa_m\u011Bsto":"638 00 Brno","platnost_od":"2024-02-12"},{"typ":"Osoba","funkce":"m\u00EDstop\u0159edseda:","jm\u00E9no":"Mgr. Tom\u00E1\u0161 Kohoutek, Ph.D.","datum_narozen\u00ED":"1976-01-27","adresa_ulice":"Bro\u017E\u00EDkova 49/11","adresa_m\u011Bsto":"638 00 Brno","platnost_od":"2024-02-12"},{"typ":"Osoba","funkce":"\u010Dlenka:","jm\u00E9no":"Mgr. Elena Pe\u0148\u00E1zov\u00E1","datum_narozen\u00ED":"1965-01-17","adresa_ulice":"Ibsenova 116/3","adresa_m\u011Bsto":"638 00 Brno","platnost_od":"2022-03-01"},{"typ":"Osoba","funkce":"\u010Dlenka:","jm\u00E9no":"PhDr. Karla Hofmannov\u00E1","datum_narozen\u00ED":"1949-10-19","adresa_ulice":"Dus\u00EDkova 910/25","adresa_m\u011Bsto":"638 00 Brno","platnost_od":"2024-02-12"}]},{"typ":["Digit\u00E1ln\u00ED objekt","Politick\u00E1 strana nebo hnut\u00ED"],"iri":"https://mv.gov.cz/api/boards/SPS/strana/428","url":"https://aplikace.mv.gov.cz/seznam-politickych-stran/Vypis_Rejstrik.aspx?id=428","n\u00E1zev":"\u017D\u00EDt Brno","zkratka":"\u017DTB","adresa_s\u00EDdla":"602 00 Brno, Tr\u00FDbova 961/8","den_registrace":"2014-06-25","\u010D\u00EDslo_registrace":"MV-62081-6/VS-2014","identifika\u010Dn\u00ED_\u010D\u00EDslo":"3136922","statut\u00E1rn\u00ED_org\u00E1n":"P\u0159edsednictvo, za kter\u00E9 jednaj\u00ED \u010Dlenov\u00E9 samostatn\u011B..","posledn\u00ED_zm\u011Bna_stanov":"2023-12-27","pozn\u00E1mka":"","organiza\u010Dn\u00ED_jednotky":[],"osoby":[{"typ":"Osoba","funkce":"p\u0159edseda:","jm\u00E9no":"Petr Kalousek","datum_narozen\u00ED":"1980-04-12","adresa_ulice":"Tu\u010Dkova 981/20","adresa_m\u011Bsto":"602 00 Brno","platnost_od":"2021-12-10"},{"typ":"Osoba","funkce":"1. m\u00EDstop\u0159edseda:","jm\u00E9no":"Michal Sad\u00EDlek","datum_narozen\u00ED":"1981-08-27","adresa_ulice":"Ondr\u00E1\u010Dkova 558/205","adresa_m\u011Bsto":"628 00 Brno","platnost_od":"2021-12-10"},{"typ":"Osoba","funkce":"2. m\u00EDstop\u0159edseda:","jm\u00E9no":"Radim Hor\u00E1k","datum_narozen\u00ED":"1981-07-20","adresa_ulice":"Kamenn\u00E1 \u010Dtvr\u0165 570/6a","adresa_m\u011Bsto":"639 00 Brno","platnost_od":"2022-10-07"}]},{"typ":["Digit\u00E1ln\u00ED objekt","Politick\u00E1 strana nebo hnut\u00ED"],"iri":"https://mv.gov.cz/api/boards/SPS/strana/429","url":"https://aplikace.mv.gov.cz/seznam-politickych-stran/Vypis_Rejstrik.aspx?id=429","n\u00E1zev":"Ta na\u0161e T\u0159eb\u00ED\u010D","zkratka":"TnT","adresa_s\u00EDdla":"674 01 T\u0159eb\u00ED\u010D, Mod\u0159\u00EDnov\u00E1 302/8","den_registrace":"2014-06-26","\u010D\u00EDslo_registrace":"MV-84873-2/VS-2014","identifika\u010Dn\u00ED_\u010D\u00EDslo":"3143848","statut\u00E1rn\u00ED_org\u00E1n":"P\u0159edsednictvo, za kter\u00E9 jedn\u00E1 p\u0159edseda.","pozn\u00E1mka":"","organiza\u010Dn\u00ED_jednotky":[],"osoby":[{"typ":"Osoba","funkce":"p\u0159edseda:","jm\u00E9no":"Ing. Martin  Svoboda","datum_narozen\u00ED":"1970-05-05","adresa_ulice":"Mod\u0159\u00EDnov\u00E1 302/8","adresa_m\u011Bsto":"674 01 T\u0159eb\u00ED\u010D","platnost_od":"2014-06-03"},{"typ":"Osoba","funkce":"1. m\u00EDstop\u0159edseda:","jm\u00E9no":"Bc. Pavel Kr\u010D\u00E1l","datum_narozen\u00ED":"1975-06-20","adresa_ulice":"Na Kope\u010Dku 94/6","adresa_m\u011Bsto":"674 01 T\u0159eb\u00ED\u010D","platnost_od":"2014-06-03"},{"typ":"Osoba","funkce":"\u010Dlen:","jm\u00E9no":"Zden\u011Bk Sedl\u00E1\u010Dek","datum_narozen\u00ED":"1977-05-12","adresa_ulice":"","adresa_m\u011Bsto":"675 22 Sta\u0159e\u010D  23","platnost_od":"2014-06-03"}]},{"typ":["Digit\u00E1ln\u00ED objekt","Politick\u00E1 strana nebo hnut\u00ED"],"iri":"https://mv.gov.cz/api/boards/SPS/strana/430","url":"https://aplikace.mv.gov.cz/seznam-politickych-stran/Vypis_Rejstrik.aspx?id=430","n\u00E1zev":"Ostravsk\u00E9 f\u00F3rum","zkratka":"OF","adresa_s\u00EDdla":"710 00 Ostrava, Hladnovsk\u00E1 1255/23","den_registrace":"2014-06-27","\u010D\u00EDslo_registrace":"MV-86491-2/VS-2014","identifika\u010Dn\u00ED_\u010D\u00EDslo":"3150704","statut\u00E1rn\u00ED_org\u00E1n":"P\u0159edsednictvo, za kter\u00E9 jedn\u00E1 p\u0159edseda; v dob\u011B nep\u0159\u00EDtomnosti p\u0159edsedy zastupuje politick\u00E9 hnut\u00ED spole\u010Dn\u011B m\u00EDstop\u0159edseda a \u010Dlen p\u0159edsednictva, ve stanoven\u00E9m rozsahu p\u00EDsemn\u011B pov\u011B\u0159en\u00FD p\u0159edsedou.","posledn\u00ED_zm\u011Bna_stanov":"2017-05-30","pozn\u00E1mka":"","organiza\u010Dn\u00ED_jednotky":[],"osoby":[{"typ":"Osoba","funkce":"p\u0159edseda:","jm\u00E9no":"Ing. Petr Kajnar","datum_narozen\u00ED":"1956-01-28","adresa_ulice":"Ivana Sekaniny 1803/13","adresa_m\u011Bsto":"708 00 Ostrava","platnost_od":"2014-06-02"},{"typ":"Osoba","funkce":"\u010Dlen:","jm\u00E9no":"Mgr. Michal Bayer","datum_narozen\u00ED":"1977-11-24","adresa_ulice":"Slav\u00ED\u010Dkova 2493/10","adresa_m\u011Bsto":"702 00 Ostrava","platnost_od":"2014-06-02"},{"typ":"Osoba","funkce":"\u010Dlen:","jm\u00E9no":"Doc. Mgr. Igor Franti\u0161\u00E1k, PhD.","datum_narozen\u00ED":"1974-11-19","adresa_ulice":"Na Hradb\u00E1ch 695/10","adresa_m\u011Bsto":"702 00 Ostrava","platnost_od":"2014-06-02"},{"typ":"Osoba","funkce":"\u010Dlen:","jm\u00E9no":"Daniel Kaminsk\u00FD","datum_narozen\u00ED":"1965-10-26","adresa_ulice":"Al\u017E\u00EDrsk\u00E1 1515/5","adresa_m\u011Bsto":"708 00 Ostrava","platnost_od":"2014-06-02"},{"typ":"Osoba","funkce":"\u010Dlen:","jm\u00E9no":"Martin  Pavlica","datum_narozen\u00ED":"1970-05-08","adresa_ulice":"Jaroslava Misky 71/11","adresa_m\u011Bsto":"700 30 Ostrava","platnost_od":"2014-06-02"},{"typ":"Osoba","funkce":"\u010Dlen:","jm\u00E9no":"Marek Pabjan","datum_narozen\u00ED":"1976-10-26","adresa_ulice":"Chalupn\u00EDkova 1137/54","adresa_m\u011Bsto":"700 30 Ostrava","platnost_od":"2014-06-02"},{"typ":"Osoba","funkce":"\u010Dlenka:","jm\u00E9no":"Bc. V\u011Bra  Rackov\u00E1","datum_narozen\u00ED":"1952-05-30","adresa_ulice":"V\u00EDtkovick\u00E1 3079/12","adresa_m\u011Bsto":"702 00 Ostrava","platnost_od":"2014-06-02"}]},{"typ":["Digit\u00E1ln\u00ED objekt","Politick\u00E1 strana nebo hnut\u00ED"],"iri":"https://mv.gov.cz/api/boards/SPS/strana/431","url":"https://aplikace.mv.gov.cz/seznam-politickych-stran/Vypis_Rejstrik.aspx?id=431","n\u00E1zev":"Karlovar\u00E1ci","zkratka":"KVC","adresa_s\u00EDdla":"360 06 Karlovy Vary, Chebsk\u00E1 355/49","den_registrace":"2014-06-30","\u010D\u00EDslo_registrace":"MV-77440-4/VS-2014","identifika\u010Dn\u00ED_\u010D\u00EDslo":"3152952","statut\u00E1rn\u00ED_org\u00E1n":"P\u0159edsednictvo, za kter\u00E9 jedn\u00E1 p\u0159edseda nebo m\u00EDstop\u0159edseda, a to ka\u017Ed\u00FD samostatn\u011B.","posledn\u00ED_zm\u011Bna_stanov":"2018-05-17","pozn\u00E1mka":"","organiza\u010Dn\u00ED_jednotky":[],"osoby":[{"typ":"Osoba","funkce":"p\u0159edseda:","jm\u00E9no":"Miroslav Van\u011Bk","datum_narozen\u00ED":"1966-09-16","adresa_ulice":"Chebsk\u00E1 248/29","adresa_m\u011Bsto":"360 06 Karlovy Vary","platnost_od":"2021-01-28"},{"typ":"Osoba","funkce":"m\u00EDstop\u0159edseda:","jm\u00E9no":"V\u00E1clav Skuhrav\u00FD","datum_narozen\u00ED":"1979-01-16","adresa_ulice":"Nejdlova 926/4","adresa_m\u011Bsto":"360 17 Karlovy Vary","platnost_od":"2024-04-18"},{"typ":"Osoba","funkce":"\u010Dlen:","jm\u00E9no":"Jakub \u017Dike\u0161","datum_narozen\u00ED":"1976-09-12","adresa_ulice":"Pod Str\u00E1n\u00ED 159/1","adresa_m\u011Bsto":"362 63 Dalovice","platnost_od":"2015-06-08"}]},{"typ":["Digit\u00E1ln\u00ED objekt","Politick\u00E1 strana nebo hnut\u00ED"],"iri":"https://mv.gov.cz/api/boards/SPS/strana/432","url":"https://aplikace.mv.gov.cz/seznam-politickych-stran/Vypis_Rejstrik.aspx?id=432","n\u00E1zev":"Mladoboleslavsk\u00E9 hnut\u00ED nez\u00E1visl\u00FDch","zkratka":"MBN","adresa_s\u00EDdla":"293 01 Mlad\u00E1 Boleslav, Jaselsk\u00E1 167/22","den_registrace":"2014-07-01","\u010D\u00EDslo_registrace":"MV-86489-2/VS-2014","identifika\u010Dn\u00ED_\u010D\u00EDslo":"3156583","statut\u00E1rn\u00ED_org\u00E1n":"P\u0159edstavenstvo, za kter\u00E9 mohou \u010Dinit jedn\u00E1n\u00ED zavazuj\u00EDc\u00ED hnut\u00ED spole\u010Dn\u011B dva \u010Dlenov\u00E9, z nich\u017E jeden mus\u00ED b\u00FDt p\u0159edsedou nebo m\u00EDstop\u0159edsedou hnut\u00ED.","pozn\u00E1mka":"","organiza\u010Dn\u00ED_jednotky":[],"osoby":[{"typ":"Osoba","funkce":"p\u0159edseda:","jm\u00E9no":"Bc. Filip  \u0160ubr","datum_narozen\u00ED":"1983-09-06","adresa_ulice":"t\u0159\u00EDda T. G. Masaryka 1070","adresa_m\u011Bsto":"293 01 Mlad\u00E1 Boleslav","platnost_od":"2014-07-31"},{"typ":"Osoba","funkce":"m\u00EDstop\u0159edseda:","jm\u00E9no":"Mgr. P\u0159emysl Si\u0159\u00EDnek","datum_narozen\u00ED":"1961-11-18","adresa_ulice":"Erbenova 874","adresa_m\u011Bsto":"293 01 Mlad\u00E1 Boleslav","platnost_od":"2014-07-31"},{"typ":"Osoba","funkce":"\u010Dlen:","jm\u00E9no":"PhDr. Pavel Filip","datum_narozen\u00ED":"1962-03-15","adresa_ulice":"Jan\u00E1\u010Dkova 732/23","adresa_m\u011Bsto":"293 01 Mlad\u00E1 Boleslav","platnost_od":"2014-07-31"},{"typ":"Osoba","funkce":"\u010Dlen:","jm\u00E9no":"Josef Hlad\u00EDk","datum_narozen\u00ED":"1971-11-25","adresa_ulice":"\u0160techova 164/9","adresa_m\u011Bsto":"293 01 Mlad\u00E1 Boleslav","platnost_od":"2014-07-31"},{"typ":"Osoba","funkce":"\u010Dlenka:","jm\u00E9no":"Olga Ko\u010Dov\u00E1","datum_narozen\u00ED":"1987-05-05","adresa_ulice":"U stadionu 969","adresa_m\u011Bsto":"293 01 Mlad\u00E1 Boleslav","platnost_od":"2014-07-31"}]},{"typ":["Digit\u00E1ln\u00ED objekt","Politick\u00E1 strana nebo hnut\u00ED"],"iri":"https://mv.gov.cz/api/boards/SPS/strana/433","url":"https://aplikace.mv.gov.cz/seznam-politickych-stran/Vypis_Rejstrik.aspx?id=433","n\u00E1zev":"M\u011Bsto pro v\u00E1s","zkratka":"MPV","adresa_s\u00EDdla":"269 01 Rakovn\u00EDk, Dukel. hrdin\u016F 1909","den_registrace":"2014-07-02","\u010D\u00EDslo_registrace":"MV-75061-4/VS-2014","identifika\u010Dn\u00ED_\u010D\u00EDslo":"3162125","statut\u00E1rn\u00ED_org\u00E1n":"P\u0159edseda.","pozn\u00E1mka":"","organiza\u010Dn\u00ED_jednotky":[],"osoby":[{"typ":"Osoba","funkce":"p\u0159edseda:","jm\u00E9no":"Mgr. Miroslav Koloc","datum_narozen\u00ED":"1964-08-11","adresa_ulice":"Jirkovsk\u00E9ho 2603","adresa_m\u011Bsto":"269 01 Rakovn\u00EDk","platnost_od":"2014-07-21"}]},{"typ":["Digit\u00E1ln\u00ED objekt","Politick\u00E1 strana nebo hnut\u00ED"],"iri":"https://mv.gov.cz/api/boards/SPS/strana/434","url":"https://aplikace.mv.gov.cz/seznam-politickych-stran/Vypis_Rejstrik.aspx?id=434","n\u00E1zev":"Fr\u00FDde\u010Dan\u00E9 a M\u00EDste\u010Dan\u00E9","zkratka":"FraM","adresa_s\u00EDdla":"738 01 Fr\u00FDdek-M\u00EDstek, F. \u010Cejky 434","den_registrace":"2014-07-03","\u010D\u00EDslo_registrace":"MV-66587-4/VS-2014","identifika\u010Dn\u00ED_\u010D\u00EDslo":"3168786","statut\u00E1rn\u00ED_org\u00E1n":"P\u0159edstavenstvo, za kter\u00E9 jedn\u00E1 samostatn\u011B p\u0159edseda nebo 1. m\u00EDstop\u0159edseda.","pozn\u00E1mka":"","organiza\u010Dn\u00ED_jednotky":[],"osoby":[{"typ":"Osoba","funkce":"p\u0159edseda:","jm\u00E9no":"PhDr. Zden\u011Bk Stola\u0159","datum_narozen\u00ED":"1954-07-11","adresa_ulice":"F. \u010Cejky 434","adresa_m\u011Bsto":"738 01 Fr\u00FDdek-M\u00EDstek","platnost_od":"2014-07-10"},{"typ":"Osoba","funkce":"m\u00EDstop\u0159edsedkyn\u011B:","jm\u00E9no":"Ing. Ludmila Buzkov\u00E1","datum_narozen\u00ED":"1963-04-11","adresa_ulice":"Na Aleji 82","adresa_m\u011Bsto":"738 01 Fr\u00FDdek-M\u00EDstek","platnost_od":"2014-07-10"}]},{"typ":["Digit\u00E1ln\u00ED objekt","Politick\u00E1 strana nebo hnut\u00ED"],"iri":"https://mv.gov.cz/api/boards/SPS/strana/435","url":"https://aplikace.mv.gov.cz/seznam-politickych-stran/Vypis_Rejstrik.aspx?id=435","n\u00E1zev":"Podpora ob\u010Dan\u016F","zkratka":"Podpora","adresa_s\u00EDdla":"250 01 Brand\u00FDs nad Labem, V ol\u0161ink\u00E1ch  1734","den_registrace":"2014-07-03","\u010D\u00EDslo_registrace":"MV-79530-4/VS-2014","identifika\u010Dn\u00ED_\u010D\u00EDslo":"3170624","statut\u00E1rn\u00ED_org\u00E1n":"P\u0159edsednictvo, za kter\u00E9 jedn\u00E1 samostatn\u011B p\u0159edseda nebo 1. m\u00EDstop\u0159edseda.","pozn\u00E1mka":"","organiza\u010Dn\u00ED_jednotky":[],"osoby":[{"typ":"Osoba","funkce":"p\u0159edsedkyn\u011B:","jm\u00E9no":"Milu\u0161e Zahr\u00E1dkov\u00E1","datum_narozen\u00ED":"1969-05-05","adresa_ulice":"Na dol\u00EDku 1457","adresa_m\u011Bsto":"250 01 Brand\u00FDs nad Labem-Star\u00E1 Boleslav","platnost_od":"2024-11-06"},{"typ":"Osoba","funkce":"1. m\u00EDstop\u0159edseda:","jm\u00E9no":"Ing. Vlastimil Picek","datum_narozen\u00ED":"1956-10-25","adresa_ulice":"V ol\u0161ink\u00E1ch 1734","adresa_m\u011Bsto":"250 01 Brand\u00FDs nad Labem-Star\u00E1 Boleslav","platnost_od":"2024-11-06"},{"typ":"Osoba","funkce":"m\u00EDstop\u0159edseda:","jm\u00E9no":"","adresa_ulice":"","adresa_m\u011Bsto":"","platnost_od":"2025-06-16"},{"typ":"Osoba","funkce":"\u010Dlen:","jm\u00E9no":"Ing. Michal \u017Di\u017E\u00E1k","datum_narozen\u00ED":"1967-08-21","adresa_ulice":"Opo\u010Densk\u00E1 1678","adresa_m\u011Bsto":"250 01 Brand\u00FDs nad Labem-Star\u00E1 Boleslav","platnost_od":"2015-10-07"},{"typ":"Osoba","funkce":"\u010Dlen:","jm\u00E9no":"Tom\u00E1\u0161 Rejzl","datum_narozen\u00ED":"1972-03-24","adresa_ulice":"Anton\u00EDna Be\u010Dv\u00E1\u0159e 1969","adresa_m\u011Bsto":"250 01 Brand\u00FDs nad Labem-Star\u00E1 Boleslav","platnost_od":"2018-10-24"},{"typ":"Osoba","funkce":"\u010Dlen:","jm\u00E9no":"Ing. Ji\u0159\u00ED  Vojta","datum_narozen\u00ED":"1950-07-23","adresa_ulice":"Na vinici 1733","adresa_m\u011Bsto":"250 01 Brand\u00FDs nad Labem-Star\u00E1 Boleslav","platnost_od":"2019-11-12"},{"typ":"Osoba","funkce":"\u010Dlen:","jm\u00E9no":"Tom\u00E1\u0161 Picek","datum_narozen\u00ED":"1980-01-28","adresa_ulice":"Gener\u00E1la Sedl\u00E1\u010Dka 1851","adresa_m\u011Bsto":"250 01 Brand\u00FDs nad Labem-Star\u00E1 Boleslav","platnost_od":"2024-11-06"}]},{"typ":["Digit\u00E1ln\u00ED objekt","Politick\u00E1 strana nebo hnut\u00ED"],"iri":"https://mv.gov.cz/api/boards/SPS/strana/436","url":"https://aplikace.mv.gov.cz/seznam-politickych-stran/Vypis_Rejstrik.aspx?id=436","n\u00E1zev":"\u201EHnut\u00ED Praha-Kunratice\u201C","zkratka":"\u201EHPK\u201C","adresa_s\u00EDdla":"148 00 Praha, Vo\u017Eick\u00E1 982/25","den_registrace":"2014-07-07","\u010D\u00EDslo_registrace":"MV-83580-4/VS-2014","identifika\u010Dn\u00ED_\u010D\u00EDslo":"3174531","statut\u00E1rn\u00ED_org\u00E1n":"P\u0159edsednictvo, za kter\u00E9 jedn\u00E1 p\u0159edseda nebo v\u00FDkonn\u00FD m\u00EDstop\u0159edseda.","pozn\u00E1mka":"","organiza\u010Dn\u00ED_jednotky":[],"osoby":[{"typ":"Osoba","funkce":"p\u0159edsedkyn\u011B:","jm\u00E9no":"Lenka Alin\u010Dov\u00E1","datum_narozen\u00ED":"1958-10-27","adresa_ulice":"Vo\u017Eick\u00E1 982/25","adresa_m\u011Bsto":"148 00 Praha","platnost_od":"2019-01-22"},{"typ":"Osoba","funkce":"v\u00FDkonn\u00FD m\u00EDstop\u0159edseda:","jm\u00E9no":"Ivan H\u00FD\u017Ea","datum_narozen\u00ED":"1965-09-16","adresa_ulice":"Franti\u0161ka \u0160im\u00E1\u010Dka 387/5","adresa_m\u011Bsto":"148 00 Praha","platnost_od":"2019-01-22"},{"typ":"Osoba","funkce":"\u010Dlen:","jm\u00E9no":"Milan Matou\u0161ek","datum_narozen\u00ED":"1960-04-14","adresa_ulice":"K Borov\u00ED\u010Dku 71/12","adresa_m\u011Bsto":"148 00 Praha","platnost_od":"2019-01-22"},{"typ":"Osoba","funkce":"\u010Dlen:","jm\u00E9no":"Ond\u0159ej Nov\u00E1\u010Dek","datum_narozen\u00ED":"1991-01-29","adresa_ulice":"K Zelen\u00FDm domk\u016Fm 632/34","adresa_m\u011Bsto":"148 00 Praha","platnost_od":"2023-03-22"},{"typ":"Osoba","funkce":"\u010Dlen:","jm\u00E9no":"Petr Mozola","datum_narozen\u00ED":"1976-08-10","adresa_ulice":"Kosteln\u00ED n\u00E1m\u011Bst\u00ED 17","adresa_m\u011Bsto":"148 00 Praha","platnost_od":"2023-03-22"},{"typ":"Osoba","funkce":"\u010Dlenka:","jm\u00E9no":"Petra Hilmarov\u00E1","datum_narozen\u00ED":"1973-07-22","adresa_ulice":"Herrova 1553/14","adresa_m\u011Bsto":"148 00 Praha","platnost_od":"2021-03-24"},{"typ":"Osoba","funkce":"\u010Dlenka:","jm\u00E9no":"Kate\u0159ina Talichov\u00E1","datum_narozen\u00ED":"1979-03-06","adresa_ulice":"Dunajevsk\u00E9ho 515/2","adresa_m\u011Bsto":"148 00 Praha","platnost_od":"2024-03-13"}]},{"typ":["Digit\u00E1ln\u00ED objekt","Politick\u00E1 strana nebo hnut\u00ED"],"iri":"https://mv.gov.cz/api/boards/SPS/strana/437","url":"https://aplikace.mv.gov.cz/seznam-politickych-stran/Vypis_Rejstrik.aspx?id=437","n\u00E1zev":"NEZ\u00C1VISL\u00CD PRO PRAHU 10 - HNUT\u00CD PRO LEP\u0160\u00CD DES\u00CDTKU","zkratka":"NPP10-HPLD","adresa_s\u00EDdla":"149 00 Praha, Nad \u00FApadem 413/23","den_registrace":"2014-07-07","\u010D\u00EDslo_registrace":"MV-82740-4/VS-2014","identifika\u010Dn\u00ED_\u010D\u00EDslo":"3174697","statut\u00E1rn\u00ED_org\u00E1n":"P\u0159edsednictvo, za kter\u00E9 jedn\u00E1 samostatn\u011B p\u0159edseda nebo 1. m\u00EDstop\u0159edseda.","pozn\u00E1mka":"","organiza\u010Dn\u00ED_jednotky":["krajsk\u00E9 organizace","m\u00EDstn\u00ED nebo oblastn\u00ED organizace"],"osoby":[{"typ":"Osoba","funkce":"p\u0159edseda:","jm\u00E9no":"Mgr. Bohumil Zoufal\u00EDk","datum_narozen\u00ED":"1968-04-17","adresa_ulice":"Jahodov\u00E1 2706/119","adresa_m\u011Bsto":"106 00 Praha","platnost_od":"2014-07-21"},{"typ":"Osoba","funkce":"m\u00EDstop\u0159edsedkyn\u011B:","jm\u00E9no":"Krist\u00FDna Soukupov\u00E1","datum_narozen\u00ED":"1990-08-31","adresa_ulice":"","adresa_m\u011Bsto":"250 7 \u0160t\u011Bchovice 189","platnost_od":"2014-07-21"},{"typ":"Osoba","funkce":"\u010Dlen:","jm\u00E9no":"Mgr. Vladislav Lipovsk\u00FD","datum_narozen\u00ED":"1967-05-14","adresa_ulice":"Kry\u0161p\u00EDnova 530/9","adresa_m\u011Bsto":"109 00 Praha","platnost_od":"2014-07-21"}]},{"typ":["Digit\u00E1ln\u00ED objekt","Politick\u00E1 strana nebo hnut\u00ED"],"iri":"https://mv.gov.cz/api/boards/SPS/strana/438","url":"https://aplikace.mv.gov.cz/seznam-politickych-stran/Vypis_Rejstrik.aspx?id=438","n\u00E1zev":"Plze\u0148 pro sport","zkratka":"PPPS","adresa_s\u00EDdla":"323 00 Plze\u0148, Kra\u0161ovsk\u00E1 1729/16","den_registrace":"2014-07-09","\u010D\u00EDslo_registrace":"MV-86506-4/VS-2014","identifika\u010Dn\u00ED_\u010D\u00EDslo":"3184820","statut\u00E1rn\u00ED_org\u00E1n":"P\u0159edstavenstvo, kdy pr\u00E1vn\u00ED \u00FAkony \u010Din\u00ED spole\u010Dn\u011B dva jeho \u010Dlenov\u00E9, z nich\u017E alespo\u0148 jeden je p\u0159edsedou a druh\u00FD \u010Dlenem p\u0159edstavenstva anebo spole\u010Dn\u011B t\u0159i \u010Dlenov\u00E9 p\u0159edstavenstva z nich\u017E jeden je m\u00EDstop\u0159edsedou a dal\u0161\u00ED dva jsou \u010Dleny p\u0159edstavenstva.","pozn\u00E1mka":"","organiza\u010Dn\u00ED_jednotky":[],"osoby":[]},{"typ":["Digit\u00E1ln\u00ED objekt","Politick\u00E1 strana nebo hnut\u00ED"],"iri":"https://mv.gov.cz/api/boards/SPS/strana/439","url":"https://aplikace.mv.gov.cz/seznam-politickych-stran/Vypis_Rejstrik.aspx?id=439","n\u00E1zev":"SM\u011AR - \u010Desk\u00E1 cesta","zkratka":"SM\u011AR - CS","adresa_s\u00EDdla":"468 22 Lou\u017Enice 64","den_registrace":"2014-07-09","\u010D\u00EDslo_registrace":"MV-90450-3/VS-2014","identifika\u010Dn\u00ED_\u010D\u00EDslo":"3185010","statut\u00E1rn\u00ED_org\u00E1n":"P\u0159edseda spole\u010Dn\u011B s v\u00FDkonn\u00FDm tajemn\u00EDkem.","pozn\u00E1mka":"","organiza\u010Dn\u00ED_jednotky":[],"osoby":[{"typ":"Osoba","funkce":"p\u0159edseda:","jm\u00E9no":"Jan Vondrou\u0161","datum_narozen\u00ED":"1978-04-07","adresa_ulice":"Alfonse Muchy 416/17","adresa_m\u011Bsto":"412 01 Litom\u011B\u0159ice","platnost_od":"2014-07-10"},{"typ":"Osoba","funkce":"v\u00FDkonn\u00FD tajemn\u00EDk: ","jm\u00E9no":"Martin Jakl","datum_narozen\u00ED":"1979-07-24","adresa_ulice":"Jilemnick\u00E9ho 2216","adresa_m\u011Bsto":"530 02 Pardubice","platnost_od":"2014-07-10"}]},{"typ":["Digit\u00E1ln\u00ED objekt","Politick\u00E1 strana nebo hnut\u00ED"],"iri":"https://mv.gov.cz/api/boards/SPS/strana/440","url":"https://aplikace.mv.gov.cz/seznam-politickych-stran/Vypis_Rejstrik.aspx?id=440","n\u00E1zev":"Spravedliv\u00E1 ob\u010Dansk\u00E1 spole\u010Dnost","zkratka":"SPOS","adresa_s\u00EDdla":"387 01 Volyn\u011B, Pod Malsi\u010Dkou 593","den_registrace":"2014-07-09","\u010D\u00EDslo_registrace":"MV-82147-4/VS-2014","identifika\u010Dn\u00ED_\u010D\u00EDslo":"3185231","statut\u00E1rn\u00ED_org\u00E1n":"P\u0159edsednictvo, za kter\u00E9 jedn\u00E1 samostatn\u011B p\u0159edseda a m\u00EDstop\u0159edseda.","pozn\u00E1mka":"","organiza\u010Dn\u00ED_jednotky":[],"osoby":[]},{"typ":["Digit\u00E1ln\u00ED objekt","Politick\u00E1 strana nebo hnut\u00ED"],"iri":"https://mv.gov.cz/api/boards/SPS/strana/441","url":"https://aplikace.mv.gov.cz/seznam-politickych-stran/Vypis_Rejstrik.aspx?id=441","n\u00E1zev":"Karvi\u0148\u00E1ci s Ad\u00E1mkem","zkratka":"Karvi\u0148\u00E1ci","adresa_s\u00EDdla":"734 01 Karvin\u00E1, Kirovova 2309/1","den_registrace":"2014-07-14","\u010D\u00EDslo_registrace":"MV-82138-4/VS-2014","identifika\u010Dn\u00ED_\u010D\u00EDslo":"3194540","statut\u00E1rn\u00ED_org\u00E1n":"P\u0159edseda a jednatel, kdy p\u0159edseda m\u016F\u017Ee zavazovat samostatn\u011B hnut\u00ED do v\u00FD\u0161e 100 000,- K\u010D, jednatel m\u016F\u017Ee zavazovat samostatn\u011B hnut\u00ED do v\u00FD\u0161e 50 000,- K\u010D, v ostatn\u00EDch p\u0159\u00EDpad\u011Bch jednaj\u00ED spole\u010Dn\u011B.","pozn\u00E1mka":"","organiza\u010Dn\u00ED_jednotky":[],"osoby":[{"typ":"Osoba","funkce":"p\u0159edsedkyn\u011B:","jm\u00E9no":"Ing. V\u011Bra Vantuchov\u00E1","datum_narozen\u00ED":"1954-01-25","adresa_ulice":"Studentsk\u00E1 941/10","adresa_m\u011Bsto":"734 01 Karvin\u00E1","platnost_od":"2014-07-23"},{"typ":"Osoba","funkce":"m\u00EDstop\u0159edsedkyn\u011B:","jm\u00E9no":"Marta Siudov\u00E1","datum_narozen\u00ED":"1960-10-17","adresa_ulice":"Kirovova 2309/1","adresa_m\u011Bsto":"734 01 Karvin\u00E1","platnost_od":"2014-07-23"}]},{"typ":["Digit\u00E1ln\u00ED objekt","Politick\u00E1 strana nebo hnut\u00ED"],"iri":"https://mv.gov.cz/api/boards/SPS/strana/442","url":"https://aplikace.mv.gov.cz/seznam-politickych-stran/Vypis_Rejstrik.aspx?id=442","n\u00E1zev":"Ve\u0159ejn\u00E9 z\u00E1jmy","zkratka":"VZ","adresa_s\u00EDdla":"312 00 Plze\u0148, Ke Kuka\u010Dce 798/10","den_registrace":"2014-07-16","\u010D\u00EDslo_registrace":"MV-76782-6/VS-2014","identifika\u010Dn\u00ED_\u010D\u00EDslo":"3204561","statut\u00E1rn\u00ED_org\u00E1n":"P\u0159edsednictvo, za kter\u00E9 jedn\u00E1 a podepisuje p\u0159edseda spole\u010Dn\u011B s tajemn\u00EDkem.","posledn\u00ED_zm\u011Bna_stanov":"2014-08-07","pozn\u00E1mka":"","organiza\u010Dn\u00ED_jednotky":["klub"],"osoby":[{"typ":"Osoba","funkce":"p\u0159edseda:","jm\u00E9no":"Roman Bakala","datum_narozen\u00ED":"1974-04-04","adresa_ulice":"N\u00E1dra\u017En\u00ED 657","adresa_m\u011Bsto":"330 03 Chr\u00E1st","platnost_od":"2014-07-17"},{"typ":"Osoba","funkce":"\u010Dlen:","jm\u00E9no":"Hynek Brych","datum_narozen\u00ED":"1981-10-14","adresa_ulice":"\u0160e\u0159\u00EDkov\u00E1 331/26","adresa_m\u011Bsto":"326 00 Plze\u0148","platnost_od":"2014-07-17"},{"typ":"Osoba","funkce":"\u010Dlen:","jm\u00E9no":"Petr Kovanda","datum_narozen\u00ED":"1968-04-30","adresa_ulice":"Spole\u010Dn\u00E1 164/24","adresa_m\u011Bsto":"326 00 Plze\u0148","platnost_od":"2014-07-17"},{"typ":"Osoba","funkce":"\u010Dlen:","jm\u00E9no":"Ing. Jan Sazama","datum_narozen\u00ED":"1950-06-29","adresa_ulice":"Koterovsk\u00E1 1172/83","adresa_m\u011Bsto":"326 00 Plze\u0148","platnost_od":"2014-12-18"}]},{"typ":["Digit\u00E1ln\u00ED objekt","Politick\u00E1 strana nebo hnut\u00ED"],"iri":"https://mv.gov.cz/api/boards/SPS/strana/443","url":"https://aplikace.mv.gov.cz/seznam-politickych-stran/Vypis_Rejstrik.aspx?id=443","n\u00E1zev":"ProOlomouc","zkratka":"ProOl","adresa_s\u00EDdla":"779 00 Olomouc, Na z\u00E1kop\u011B 322/62","den_registrace":"2014-07-16","\u010D\u00EDslo_registrace":"MV-87222-4/VS-2014","identifika\u010Dn\u00ED_\u010D\u00EDslo":"3204669","statut\u00E1rn\u00ED_org\u00E1n":"P\u0159edseda.","posledn\u00ED_zm\u011Bna_stanov":"2019-04-23","pozn\u00E1mka":"","organiza\u010Dn\u00ED_jednotky":[],"osoby":[{"typ":"Osoba","funkce":"p\u0159edseda:","jm\u00E9no":"Ing. arch. Tom\u00E1\u0161 Pejpek","datum_narozen\u00ED":"1966-12-04","adresa_ulice":"Na z\u00E1kop\u011B 322/62","adresa_m\u011Bsto":"779 00 Olomouc","platnost_od":"2014-07-22"}]},{"typ":["Digit\u00E1ln\u00ED objekt","Politick\u00E1 strana nebo hnut\u00ED"],"iri":"https://mv.gov.cz/api/boards/SPS/strana/445","url":"https://aplikace.mv.gov.cz/seznam-politickych-stran/Vypis_Rejstrik.aspx?id=445","n\u00E1zev":"i\u010Cesko","zkratka":"i\u010Cesko","adresa_s\u00EDdla":"140 00 Praha, Na Topolce 1348/7","den_registrace":"2014-07-16","\u010D\u00EDslo_registrace":"MV-93640-4/VS-2014","identifika\u010Dn\u00ED_\u010D\u00EDslo":"3206211","statut\u00E1rn\u00ED_org\u00E1n":"P\u0159edseda a m\u00EDstop\u0159edseda, kte\u0159\u00ED jednaj\u00ED spole\u010Dn\u011B.","posledn\u00ED_zm\u011Bna_stanov":"2019-01-09","pozn\u00E1mka":"","organiza\u010Dn\u00ED_jednotky":[],"osoby":[{"typ":"Osoba","funkce":"p\u0159edseda:","jm\u00E9no":"","adresa_ulice":"","adresa_m\u011Bsto":"","platnost_od":"2022-03-01"},{"typ":"Osoba","funkce":"m\u00EDstop\u0159edseda:","jm\u00E9no":"Alois Ullmann","datum_narozen\u00ED":"1984-08-12","adresa_ulice":"\u0160im\u00E1\u010Dkova 1371/10","adresa_m\u011Bsto":"170 00 Praha","platnost_od":"2019-01-15"}]},{"typ":["Digit\u00E1ln\u00ED objekt","Politick\u00E1 strana nebo hnut\u00ED"],"iri":"https://mv.gov.cz/api/boards/SPS/strana/446","url":"https://aplikace.mv.gov.cz/seznam-politickych-stran/Vypis_Rejstrik.aspx?id=446","n\u00E1zev":"Spole\u010Dnost proti developersk\u00E9 v\u00FDstavb\u011B v Prokopsk\u00E9m \u00FAdol\u00ED","zkratka":"SPDV","adresa_s\u00EDdla":"152 00 Praha, K Dalej\u00EDm 1180/6","den_registrace":"2014-07-21","\u010D\u00EDslo_registrace":"MV-86511-4/VS-2014","identifika\u010Dn\u00ED_\u010D\u00EDslo":"3217116","statut\u00E1rn\u00ED_org\u00E1n":"P\u0159edseda a m\u00EDstop\u0159edseda, kte\u0159\u00ED jednaj\u00ED ka\u017Ed\u00FD samostatn\u011B.","pozn\u00E1mka":"","organiza\u010Dn\u00ED_jednotky":[],"osoby":[{"typ":"Osoba","funkce":"p\u0159edsedkyn\u011B:","jm\u00E9no":"JUDr. Lenka Van\u010Datov\u00E1","datum_narozen\u00ED":"1959-08-03","adresa_ulice":"Lohnisk\u00E9ho 853/8","adresa_m\u011Bsto":"152 00 Praha","platnost_od":"2024-07-11"},{"typ":"Osoba","funkce":"m\u00EDstop\u0159edseda:","jm\u00E9no":"Karel V\u00EDtek","datum_narozen\u00ED":"1961-10-12","adresa_ulice":"Borovansk\u00E9ho 2377/14","adresa_m\u011Bsto":"155 00 Praha","platnost_od":"2024-07-11"}]},{"typ":["Digit\u00E1ln\u00ED objekt","Politick\u00E1 strana nebo hnut\u00ED"],"iri":"https://mv.gov.cz/api/boards/SPS/strana/448","url":"https://aplikace.mv.gov.cz/seznam-politickych-stran/Vypis_Rejstrik.aspx?id=448","n\u00E1zev":"NOV\u00C1 PLZE\u0147","zkratka":"NOPL","adresa_s\u00EDdla":"301 00 Plze\u0148, Ot\u00FDlie Ben\u00ED\u0161kov\u00E9 339/1","den_registrace":"2014-07-22","\u010D\u00EDslo_registrace":"MV-92350-4/VS-2014","identifika\u010Dn\u00ED_\u010D\u00EDslo":"3219208","statut\u00E1rn\u00ED_org\u00E1n":"P\u0159edstavenstvo, kdy pr\u00E1vn\u00ED \u00FAkony \u010Din\u00ED spole\u010Dn\u011B dva jeho \u010Dlenov\u00E9, z nich\u017E alespo\u0148 jeden je p\u0159edsedou a druh\u00FD \u010Dlenem p\u0159edstavenstva anebo spole\u010Dn\u011B t\u0159emi \u010Dleny p\u0159edsedavestva, z nich\u017E jeden je m\u00EDstop\u0159edsedou a dal\u0161\u00ED dva jsou \u010Dleny p\u0159edstavenstva.","posledn\u00ED_zm\u011Bna_stanov":"2021-11-08","pozn\u00E1mka":"","organiza\u010Dn\u00ED_jednotky":[],"osoby":[{"typ":"Osoba","funkce":"p\u0159edsedkyn\u011B:","jm\u00E9no":"Martina \u0160ubrtov\u00E1","datum_narozen\u00ED":"1978-03-10","adresa_ulice":"Kpt. Kudli\u010De 124","adresa_m\u011Bsto":"333 01 Stod","platnost_od":"2021-05-15"},{"typ":"Osoba","funkce":"1. m\u00EDstop\u0159edseda:","jm\u00E9no":"Doc. MUDr. Zden\u011Bk  Novotn\u00FD, CSc.","datum_narozen\u00ED":"1951-05-22","adresa_ulice":"\u017Ditn\u00E1 544/4A","adresa_m\u011Bsto":"322 00 Plze\u0148","platnost_od":"2021-05-15"},{"typ":"Osoba","funkce":"m\u00EDstop\u0159edseda:","jm\u00E9no":"Josef Luc\u00E1k","datum_narozen\u00ED":"1977-06-05","adresa_ulice":"Dru\u017Estevn\u00ED 257","adresa_m\u011Bsto":"334 52 Merkl\u00EDn","platnost_od":"2022-01-12"}]},{"typ":["Digit\u00E1ln\u00ED objekt","Politick\u00E1 strana nebo hnut\u00ED"],"iri":"https://mv.gov.cz/api/boards/SPS/strana/449","url":"https://aplikace.mv.gov.cz/seznam-politickych-stran/Vypis_Rejstrik.aspx?id=449","n\u00E1zev":"SPOLEHNUT\u00CD - SPOLE\u010CN\u00C9 HNUT\u00CD \u010CESKOLIPAN\u016E","zkratka":"SPOLEHNUT\u00CD","adresa_s\u00EDdla":"470 01 \u010Cesk\u00E1 L\u00EDpa, Brat\u0159\u00ED \u010Capk\u016F 2870","den_registrace":"2014-07-22","\u010D\u00EDslo_registrace":"MV-93290-4/VS-2014","identifika\u010Dn\u00ED_\u010D\u00EDslo":"3221199","statut\u00E1rn\u00ED_org\u00E1n":"P\u0159edsednictvo, za kter\u00E9 jedn\u00E1 samostatn\u011B p\u0159edseda nebo v\u00FDkonn\u00FD m\u00EDstop\u0159edseda.","pozn\u00E1mka":"","organiza\u010Dn\u00ED_jednotky":["m\u00EDstn\u00ED organizace"],"osoby":[{"typ":"Osoba","funkce":"p\u0159edseda:","jm\u00E9no":"Jaroslav Turnh\u00F6fer","datum_narozen\u00ED":"1963-03-14","adresa_ulice":"Brat\u0159\u00ED \u010Capk\u016F 2870","adresa_m\u011Bsto":"470 01 \u010Cesk\u00E1 L\u00EDpa","platnost_od":"2014-07-30"},{"typ":"Osoba","funkce":"v\u00FDkonn\u00FD m\u00EDstop\u0159edseda:","jm\u00E9no":"","adresa_ulice":"","adresa_m\u011Bsto":"","platnost_od":"2024-01-26"},{"typ":"Osoba","funkce":"\u010Dlen:","jm\u00E9no":"JUDr. Stanislav Cenek","datum_narozen\u00ED":"1962-12-15","adresa_ulice":"","adresa_m\u011Bsto":"471 12 Volfartice 85","platnost_od":"2014-07-30"},{"typ":"Osoba","funkce":"\u010Dlen:","jm\u00E9no":"Ji\u0159\u00ED \u0160ubrt","datum_narozen\u00ED":"1969-07-30","adresa_ulice":"B\u0159ezov\u00E1 3023","adresa_m\u011Bsto":"470 01 \u010Cesk\u00E1 L\u00EDpa","platnost_od":"2014-07-30"},{"typ":"Osoba","funkce":"\u010Dlen:","jm\u00E9no":"Mgr. Michal R\u00E1dl","datum_narozen\u00ED":"1980-12-08","adresa_ulice":"Slovensk\u00E1 2409","adresa_m\u011Bsto":"470 01 \u010Cesk\u00E1 L\u00EDpa","platnost_od":"2014-07-30"},{"typ":"Osoba","funkce":"\u010Dlenka:","jm\u00E9no":"Ji\u0159ina Mudrov\u00E1","datum_narozen\u00ED":"1954-09-04","adresa_ulice":"Jir\u00E1skova 615/13","adresa_m\u011Bsto":"470 01 \u010Cesk\u00E1 L\u00EDpa","platnost_od":"2014-07-30"}]},{"typ":["Digit\u00E1ln\u00ED objekt","Politick\u00E1 strana nebo hnut\u00ED"],"iri":"https://mv.gov.cz/api/boards/SPS/strana/450","url":"https://aplikace.mv.gov.cz/seznam-politickych-stran/Vypis_Rejstrik.aspx?id=450","n\u00E1zev":"OB\u010CAN\u00C9 SPOLU - NEZ\u00C1VISL\u00CD","zkratka":"\u201EOSN\u201C","adresa_s\u00EDdla":"738 01 Fr\u00FDdek-M\u00EDstek, 8. p\u011B\u0161\u00EDho pluku 2380","den_registrace":"2014-07-22","\u010D\u00EDslo_registrace":"MV-92158-4/VS-2014","identifika\u010Dn\u00ED_\u010D\u00EDslo":"3221083","statut\u00E1rn\u00ED_org\u00E1n":"P\u0159edstavenstvo, za kter\u00E9 jedn\u00E1 p\u0159edseda.","pozn\u00E1mka":"","organiza\u010Dn\u00ED_jednotky":["m\u00EDstn\u00ED organizace"],"osoby":[{"typ":"Osoba","funkce":"p\u0159edseda:","jm\u00E9no":"Kamil  Mach, MBA.","datum_narozen\u00ED":"1970-11-30","adresa_ulice":"Ostravsk\u00E1 513","adresa_m\u011Bsto":"738 01 Fr\u00FDdek-M\u00EDstek","platnost_od":"2014-10-03"},{"typ":"Osoba","funkce":"m\u00EDstop\u0159edseda:","jm\u00E9no":"Ing. Patrik Salot","datum_narozen\u00ED":"1972-05-30","adresa_ulice":"Radni\u010Dn\u00ED 1148","adresa_m\u011Bsto":"738 01 Fr\u00FDdek-M\u00EDstek","platnost_od":"2014-10-03"}]},{"typ":["Digit\u00E1ln\u00ED objekt","Politick\u00E1 strana nebo hnut\u00ED"],"iri":"https://mv.gov.cz/api/boards/SPS/strana/451","url":"https://aplikace.mv.gov.cz/seznam-politickych-stran/Vypis_Rejstrik.aspx?id=451","n\u00E1zev":"T\u0158IN\u00C1CTKA","zkratka":"\u201E13tka\u201C","adresa_s\u00EDdla":"155 00 Praha, U jezera 2032/32","den_registrace":"2014-07-24","\u010D\u00EDslo_registrace":"MV-92153-4/VS-2014","identifika\u010Dn\u00ED_\u010D\u00EDslo":"3231763","statut\u00E1rn\u00ED_org\u00E1n":"P\u0159edsednictvo, za kter\u00E9 jedn\u00E1 samostatn\u011B p\u0159edseda nebo 1. m\u00EDstop\u0159edseda nebo 2. m\u00EDstop\u0159edseda anebo spole\u010Dn\u011B kter\u00FDkoliv m\u00EDstop\u0159edseda a dal\u0161\u00ED volen\u00FD \u010Dlen p\u0159edsednictva.","pozn\u00E1mka":"","organiza\u010Dn\u00ED_jednotky":[],"osoby":[{"typ":"Osoba","funkce":"p\u0159edseda:","jm\u00E9no":"PaedDr. et Bc. Pavel  Petrnou\u0161ek","datum_narozen\u00ED":"1959-10-21","adresa_ulice":"U jezera 2032/32","adresa_m\u011Bsto":"155 00 Praha","platnost_od":"2014-09-03"},{"typ":"Osoba","funkce":"m\u00EDstop\u0159edsedkyn\u011B:","jm\u00E9no":"Mgr. Stanislava Andr\u0161ov\u00E1","datum_narozen\u00ED":"1973-10-12","adresa_ulice":"Kocianova 1585/2","adresa_m\u011Bsto":"155 00 Praha","platnost_od":"2014-09-03"},{"typ":"Osoba","funkce":"m\u00EDstop\u0159edsedkyn\u011B:","jm\u00E9no":"Mgr. Olga Zeinertov\u00E1","datum_narozen\u00ED":"1961-07-16","adresa_ulice":"U jezera 2043/10","adresa_m\u011Bsto":"155 00 Praha","platnost_od":"2014-09-03"}]},{"typ":["Digit\u00E1ln\u00ED objekt","Politick\u00E1 strana nebo hnut\u00ED"],"iri":"https://mv.gov.cz/api/boards/SPS/strana/452","url":"https://aplikace.mv.gov.cz/seznam-politickych-stran/Vypis_Rejstrik.aspx?id=452","n\u00E1zev":"Hradeck\u00FD demokratick\u00FD klub","zkratka":"HDK","adresa_s\u00EDdla":"500 03 Hradec Kr\u00E1lov\u00E9, \u0160imkova 1223/2A","den_registrace":"2014-07-25","\u010D\u00EDslo_registrace":"MV-94210-4/VS-2014","identifika\u010Dn\u00ED_\u010D\u00EDslo":"3204723","statut\u00E1rn\u00ED_org\u00E1n":"P\u0159edsednictvo, za kter\u00E9 jedn\u00E1 ka\u017Ed\u00FD \u010Dlen samostatn\u011B. P\u0159i nakl\u00E1d\u00E1n\u00ED s majetkem, jeho\u017E hodnota je vy\u0161\u0161\u00ED ne\u017E 100 000 K\u010D, jednaj\u00ED spole\u010Dn\u011B dva \u010Dlenov\u00E9 p\u0159edsednictva.","posledn\u00ED_zm\u011Bna_stanov":"2019-09-05","pozn\u00E1mka":"","organiza\u010Dn\u00ED_jednotky":[],"osoby":[{"typ":"Osoba","funkce":"p\u0159edseda:","jm\u00E9no":"Mgr. et Mgr. Pavl\u00EDna Springerov\u00E1, Ph.D.","datum_narozen\u00ED":"1977-03-19","adresa_ulice":"Velk\u00E9 n\u00E1m\u011Bst\u00ED 153/9","adresa_m\u011Bsto":"500 03 Hradec Kr\u00E1lov\u00E9","platnost_od":"2019-06-03"},{"typ":"Osoba","funkce":"1. m\u00EDstop\u0159edseda:","jm\u00E9no":"JUDr. Arno\u0161t Urban","datum_narozen\u00ED":"1955-09-13","adresa_ulice":"Za L\u00EDpou 548/15","adresa_m\u011Bsto":"500 09 Hradec Kr\u00E1lov\u00E9","platnost_od":"2024-04-29"},{"typ":"Osoba","funkce":"m\u00EDstop\u0159edsedkyn\u011B:","jm\u00E9no":"Ing. Romana D\u00FCrrerov\u00E1","datum_narozen\u00ED":"1967-11-07","adresa_ulice":"Gruz\u00EDnsk\u00E1 427","adresa_m\u011Bsto":"503 41 Hradec Kr\u00E1lov\u00E9","platnost_od":"2024-04-29"},{"typ":"Osoba","funkce":"m\u00EDstop\u0159edseda:","jm\u00E9no":"Ing. Petr Kub\u00E1t","datum_narozen\u00ED":"1960-06-12","adresa_ulice":"","adresa_m\u011Bsto":"503 33 Praska\u010Dka 184","platnost_od":"2019-06-03"},{"typ":"Osoba","funkce":"m\u00EDstop\u0159edseda:","jm\u00E9no":"Jaroslav Pokorn\u00FD","datum_narozen\u00ED":"1981-06-28","adresa_ulice":"Brat\u0159\u00ED \u010Capk\u016F 580/9","adresa_m\u011Bsto":"500 03 Hradec Kr\u00E1lov\u00E9","platnost_od":"2025-09-29"}]},{"typ":["Digit\u00E1ln\u00ED objekt","Politick\u00E1 strana nebo hnut\u00ED"],"iri":"https://mv.gov.cz/api/boards/SPS/strana/453","url":"https://aplikace.mv.gov.cz/seznam-politickych-stran/Vypis_Rejstrik.aspx?id=453","n\u00E1zev":"RESTART","zkratka":"RESTART","adresa_s\u00EDdla":"384 22 Lipovice 37","den_registrace":"2014-07-29","\u010D\u00EDslo_registrace":"MV-95010-4/VS-2014","identifika\u010Dn\u00ED_\u010D\u00EDslo":"3244741","statut\u00E1rn\u00ED_org\u00E1n":"P\u0159edstavenstvo, za kter\u00E9 jednaj\u00ED spole\u010Dn\u011B dva \u010Dlenov\u00E9, z nich\u017E alespo\u0148 jeden je p\u0159edsedou a druh\u00FD \u010Dlenem p\u0159edstavenstva anebo spole\u010Dn\u011B dv\u011Bma m\u00EDstop\u0159edsedy.","pozn\u00E1mka":"","organiza\u010Dn\u00ED_jednotky":[],"osoby":[]},{"typ":["Digit\u00E1ln\u00ED objekt","Politick\u00E1 strana nebo hnut\u00ED"],"iri":"https://mv.gov.cz/api/boards/SPS/strana/454","url":"https://aplikace.mv.gov.cz/seznam-politickych-stran/Vypis_Rejstrik.aspx?id=454","n\u00E1zev":"Alternativa pro \u010Ceskou republiku 2017","zkratka":"APA\u010CI 2017","adresa_s\u00EDdla":"180 00 Praha, Prim\u00E1torsk\u00E1 296/38","den_registrace":"2014-07-29","\u010D\u00EDslo_registrace":"MV-99769-4/VS-2014","identifika\u010Dn\u00ED_\u010D\u00EDslo":"3244750","statut\u00E1rn\u00ED_org\u00E1n":"P\u0159edsednictvo, za kter\u00E9 jedn\u00E1 samostatn\u011B p\u0159edseda nebo v\u00FDkonn\u00FD m\u00EDstop\u0159edseda.","posledn\u00ED_zm\u011Bna_stanov":"2016-06-16","pozn\u00E1mka":"","organiza\u010Dn\u00ED_jednotky":["m\u00EDstn\u00ED organizace"],"osoby":[{"typ":"Osoba","funkce":"p\u0159edseda:","jm\u00E9no":"Richard Perman","datum_narozen\u00ED":"1955-11-20","adresa_ulice":"Lipov\u00E1 26","adresa_m\u011Bsto":"252 02 J\u00EDlovi\u0161t\u011B","platnost_od":"2014-08-01"},{"typ":"Osoba","funkce":"v\u00FDkonn\u00FD m\u00EDstop\u0159edseda:","jm\u00E9no":"","adresa_ulice":"","adresa_m\u011Bsto":"","platnost_od":"2019-06-03"}]},{"typ":["Digit\u00E1ln\u00ED objekt","Politick\u00E1 strana nebo hnut\u00ED"],"iri":"https://mv.gov.cz/api/boards/SPS/strana/455","url":"https://aplikace.mv.gov.cz/seznam-politickych-stran/Vypis_Rejstrik.aspx?id=455","n\u00E1zev":"Volyn\u011B v dolyn\u011B","zkratka":"VvD","adresa_s\u00EDdla":"387 01 Volyn\u011B 12","den_registrace":"2014-07-30","\u010D\u00EDslo_registrace":"MV-96459-4/VS-2014","identifika\u010Dn\u00ED_\u010D\u00EDslo":"3247686","statut\u00E1rn\u00ED_org\u00E1n":"P\u0159edsednictvo, za kter\u00E9 jednaj\u00ED dva \u010Dlenov\u00E9 spole\u010Dn\u011B.","pozn\u00E1mka":"","organiza\u010Dn\u00ED_jednotky":[],"osoby":[{"typ":"Osoba","funkce":"m\u00EDstop\u0159edsedkyn\u011B:","jm\u00E9no":"Mgr. Jana K\u0159i\u0161\u0165anov\u00E1","datum_narozen\u00ED":"1987-07-13","adresa_ulice":"H\u016Flkova 466","adresa_m\u011Bsto":"387 01 Volyn\u011B","platnost_od":"2014-11-07"},{"typ":"Osoba","funkce":"m\u00EDstop\u0159edseda:","jm\u00E9no":"PhDr. Zden\u011Bk Polansk\u00FD","datum_narozen\u00ED":"1986-01-20","adresa_ulice":"Lipov\u00E1 886","adresa_m\u011Bsto":"341 01 Hora\u017E\u010Fovice","platnost_od":"2014-11-07"},{"typ":"Osoba","funkce":"\u010Dlenka:","jm\u00E9no":"Mgr. Petra Mrkvi\u010Dkov\u00E1","datum_narozen\u00ED":"1987-04-25","adresa_ulice":"n\u00E1m\u011Bst\u00ED Svobody 3","adresa_m\u011Bsto":"387 01 Volyn\u011B","platnost_od":"2014-11-07"}]},{"typ":["Digit\u00E1ln\u00ED objekt","Politick\u00E1 strana nebo hnut\u00ED"],"iri":"https://mv.gov.cz/api/boards/SPS/strana/456","url":"https://aplikace.mv.gov.cz/seznam-politickych-stran/Vypis_Rejstrik.aspx?id=456","n\u00E1zev":"Hnut\u00ED ob\u010Dan\u016F Prahy","zkratka":"HOP","adresa_s\u00EDdla":"186 00 Praha, B\u0159ezinova 492/13","den_registrace":"2014-07-30","\u010D\u00EDslo_registrace":"MV-99060-4/VS-2014","identifika\u010Dn\u00ED_\u010D\u00EDslo":"3247856","statut\u00E1rn\u00ED_org\u00E1n":"P\u0159edsednictvo, za kter\u00E9 jedn\u00E1 samostatn\u011B p\u0159edseda nebo v\u00FDkonn\u00FD m\u00EDstop\u0159edseda.","pozn\u00E1mka":"","organiza\u010Dn\u00ED_jednotky":["m\u00EDstn\u00ED organizace"],"osoby":[]},{"typ":["Digit\u00E1ln\u00ED objekt","Politick\u00E1 strana nebo hnut\u00ED"],"iri":"https://mv.gov.cz/api/boards/SPS/strana/457","url":"https://aplikace.mv.gov.cz/seznam-politickych-stran/Vypis_Rejstrik.aspx?id=457","n\u00E1zev":"Hnut\u00ED Spr\u00E1vn\u00FD st\u00E1t","zkratka":"HSS","adresa_s\u00EDdla":"679 51 N\u011Bm\u010Dice 178","den_registrace":"2014-02-19","\u010D\u00EDslo_registrace":"MV-20651-2/VS-2014","identifika\u010Dn\u00ED_\u010D\u00EDslo":"2674831","statut\u00E1rn\u00ED_org\u00E1n":"P\u0159edstavenstvo, za kter\u00E9 jedn\u00E1 p\u0159edseda nebo v jeho zastoupen\u00ED 1. m\u00EDstop\u0159edseda.","posledn\u00ED_zm\u011Bna_stanov":"2025-06-11","pozn\u00E1mka":"","organiza\u010Dn\u00ED_jednotky":[],"osoby":[{"typ":"Osoba","funkce":"p\u0159edseda:","jm\u00E9no":"Franti\u0161ek Zoubek","datum_narozen\u00ED":"1945-01-27","adresa_ulice":"Z\u00E1meck\u00E1 1/1A","adresa_m\u011Bsto":"664 64 Doln\u00ED Kounice","platnost_od":"2025-05-17"},{"typ":"Osoba","funkce":"1.m\u00EDstop\u0159edsedkyn\u011B:","jm\u00E9no":"Dita Leitnerov\u00E1","datum_narozen\u00ED":"1975-09-22","adresa_ulice":"Ben\u00E1tsk\u00E1 1004","adresa_m\u011Bsto":"570 01 Litomy\u0161l","platnost_od":"2025-05-17"}]},{"typ":["Digit\u00E1ln\u00ED objekt","Politick\u00E1 strana nebo hnut\u00ED"],"iri":"https://mv.gov.cz/api/boards/SPS/strana/458","url":"https://aplikace.mv.gov.cz/seznam-politickych-stran/Vypis_Rejstrik.aspx?id=458","n\u00E1zev":"\u0160ance pro Duchcov","zkratka":"\u0160pD","adresa_s\u00EDdla":"419 01 Duchcov, Jungmannova 1337/24A","den_registrace":"2014-07-31","\u010D\u00EDslo_registrace":"MV-101160-4/VS-2014","identifika\u010Dn\u00ED_\u010D\u00EDslo":"3251501","statut\u00E1rn\u00ED_org\u00E1n":"P\u0159edseda.","pozn\u00E1mka":"","organiza\u010Dn\u00ED_jednotky":[],"osoby":[{"typ":"Osoba","funkce":"p\u0159edseda:","jm\u00E9no":"Zden\u011Bk Burda","datum_narozen\u00ED":"1967-10-04","adresa_ulice":"Horsk\u00E1 cesta 1218/14","adresa_m\u011Bsto":"419 01 Duchcov","platnost_od":"2025-04-13"}]},{"typ":["Digit\u00E1ln\u00ED objekt","Politick\u00E1 strana nebo hnut\u00ED"],"iri":"https://mv.gov.cz/api/boards/SPS/strana/459","url":"https://aplikace.mv.gov.cz/seznam-politickych-stran/Vypis_Rejstrik.aspx?id=459","n\u00E1zev":"Pro regiony ob\u010Dan\u016Fm","zkratka":"Hnut\u00ED PRO\u010C","adresa_s\u00EDdla":"436 01 Litv\u00EDnov, Rooseveltova 2148","den_registrace":"2014-07-31","\u010D\u00EDslo_registrace":"MV-97625-4/VS-2014","identifika\u010Dn\u00ED_\u010D\u00EDslo":"3254704","statut\u00E1rn\u00ED_org\u00E1n":"P\u0159edseda a pokladn\u00EDk, kte\u0159\u00ED jednaj\u00ED samostatn\u011B, ve v\u011Bcech majetkov\u00FDch jednaj\u00ED oba v\u017Edy spole\u010Dn\u011B.","pozn\u00E1mka":"","organiza\u010Dn\u00ED_jednotky":["krajsk\u00E9 organizace","pra\u017Esk\u00E1 organizace","z\u00E1kladn\u00ED organizace"],"osoby":[{"typ":"Osoba","funkce":"p\u0159edseda:","jm\u00E9no":"Miroslav Ber\u00E1nek","datum_narozen\u00ED":"1965-09-07","adresa_ulice":"Podkru\u0161nohorsk\u00E1 1661","adresa_m\u011Bsto":"436 01 Litv\u00EDnov","platnost_od":"2014-08-07"},{"typ":"Osoba","funkce":"pokladn\u00EDk:","jm\u00E9no":"Du\u0161an Bel\u00E1k","datum_narozen\u00ED":"1958-05-18","adresa_ulice":"Chude\u0159\u00EDnsk\u00E1 44","adresa_m\u011Bsto":"436 03 Litv\u00EDnov","platnost_od":"2014-08-07"}]},{"typ":["Digit\u00E1ln\u00ED objekt","Politick\u00E1 strana nebo hnut\u00ED"],"iri":"https://mv.gov.cz/api/boards/SPS/strana/460","url":"https://aplikace.mv.gov.cz/seznam-politickych-stran/Vypis_Rejstrik.aspx?id=460","n\u00E1zev":"SMS \u2013 St\u00E1t M\u00E1 Slou\u017Eit","zkratka":"SMSka","adresa_s\u00EDdla":"102 00 Praha, Chudenick\u00E1 1059/30","den_registrace":"2014-07-31","\u010D\u00EDslo_registrace":"MV-97630-6/VS-2014","identifika\u010Dn\u00ED_\u010D\u00EDslo":"3254658","statut\u00E1rn\u00ED_org\u00E1n":"P\u0159edseda a dva m\u00EDstop\u0159edsedov\u00E9, kte\u0159\u00ED jednaj\u00ED samostatn\u011B.","posledn\u00ED_zm\u011Bna_stanov":"2025-12-10","pozn\u00E1mka":"","organiza\u010Dn\u00ED_jednotky":["kluby"],"osoby":[{"typ":"Osoba","funkce":"p\u0159edseda:","jm\u00E9no":"Mgr. Ing. Karel Le\u0161kovsk\u00FD","datum_narozen\u00ED":"1968-11-06","adresa_ulice":"n\u00E1m\u011Bst\u00ED M\u00EDru 600/20","adresa_m\u011Bsto":"120 00 Praha","platnost_od":"2025-05-21"},{"typ":"Osoba","funkce":"m\u00EDstop\u0159edsedkyn\u011B:","jm\u00E9no":"Zuzana Du\u0161kov\u00E1","datum_narozen\u00ED":"1954-07-16","adresa_ulice":"U Lou\u017Ee 559","adresa_m\u011Bsto":"250 67 Klecany","platnost_od":"2025-11-03"},{"typ":"Osoba","funkce":"m\u00EDstop\u0159edseda:","jm\u00E9no":"Leo\u0161 Ku\u010Dera","datum_narozen\u00ED":"1973-12-23","adresa_ulice":"","adresa_m\u011Bsto":"533 52 N\u011Bm\u010Dice 110","platnost_od":"2014-08-01"}]},{"typ":["Digit\u00E1ln\u00ED objekt","Politick\u00E1 strana nebo hnut\u00ED"],"iri":"https://mv.gov.cz/api/boards/SPS/strana/461","url":"https://aplikace.mv.gov.cz/seznam-politickych-stran/Vypis_Rejstrik.aspx?id=461","n\u00E1zev":"Modern\u00ED spole\u010Dnost","zkratka":"MODES","adresa_s\u00EDdla":"792 01 Brunt\u00E1l, Horn\u00ED 1562/9","den_registrace":"2014-07-31","\u010D\u00EDslo_registrace":"MV-99055-4/VS-2014","identifika\u010Dn\u00ED_\u010D\u00EDslo":"3254747","statut\u00E1rn\u00ED_org\u00E1n":"Republikov\u00E1 rada, za kterou jedn\u00E1 p\u0159edseda spole\u010Dn\u011B s m\u00EDstop\u0159edsedou nebo p\u0159edseda spole\u010Dn\u011B s jin\u00FDm \u010Dlenem republikov\u00E9 rady.","pozn\u00E1mka":"","organiza\u010Dn\u00ED_jednotky":["m\u00EDstn\u00ED sdru\u017Een\u00ED"],"osoby":[{"typ":"Osoba","funkce":"p\u0159edseda:","jm\u00E9no":"Ji\u0159\u00ED Krupa","datum_narozen\u00ED":"1975-12-20","adresa_ulice":"Horn\u00ED 1562/9","adresa_m\u011Bsto":"792 01 Brunt\u00E1l","platnost_od":"2014-10-21"},{"typ":"Osoba","funkce":"m\u00EDstop\u0159edsedkyn\u011B:","jm\u00E9no":"Ing. Pavla Krupov\u00E1","datum_narozen\u00ED":"1965-08-13","adresa_ulice":"Horn\u00ED 1562/9","adresa_m\u011Bsto":"792 01 Brunt\u00E1l","platnost_od":"2014-10-21"},{"typ":"Osoba","funkce":"\u010Dlenka:","jm\u00E9no":"Ludmila Hajn\u00E1","datum_narozen\u00ED":"1976-03-27","adresa_ulice":"Wolkerova 574/17","adresa_m\u011Bsto":"792 01 Brunt\u00E1l","platnost_od":"2014-10-21"}]},{"typ":["Digit\u00E1ln\u00ED objekt","Politick\u00E1 strana nebo hnut\u00ED"],"iri":"https://mv.gov.cz/api/boards/SPS/strana/462","url":"https://aplikace.mv.gov.cz/seznam-politickych-stran/Vypis_Rejstrik.aspx?id=462","n\u00E1zev":"Solidarita, Vlast a Z\u00E1kon","zkratka":"SVAZ","adresa_s\u00EDdla":"594 01 Velk\u00E9 Mezi\u0159\u00ED\u010D\u00ED, T\u0159eb\u00ED\u010Dsk\u00E1 1299/56","den_registrace":"2014-07-31","\u010D\u00EDslo_registrace":"MV-99058-4/VS-2014","identifika\u010Dn\u00ED_\u010D\u00EDslo":"3254755","statut\u00E1rn\u00ED_org\u00E1n":"P\u0159edsednictvo, za kter\u00E9 jedn\u00E1 p\u0159edseda.","pozn\u00E1mka":"","organiza\u010Dn\u00ED_jednotky":["okresn\u00ED organizace","z\u00E1kladn\u00ED organizace"],"osoby":[{"typ":"Osoba","funkce":"p\u0159edseda:","jm\u00E9no":"Milo\u0161 Kom\u00EDnek","datum_narozen\u00ED":"1965-01-25","adresa_ulice":"T\u0159eb\u00ED\u010Dsk\u00E1 1299/56","adresa_m\u011Bsto":"594 01 Velk\u00E9 Mezi\u0159\u00ED\u010D\u00ED","platnost_od":"2015-01-24"},{"typ":"Osoba","funkce":"m\u00EDstop\u0159edsedkyn\u011B:","jm\u00E9no":"Lenka Pestrov\u00E1","datum_narozen\u00ED":"1965-08-11","adresa_ulice":"Radnick\u00E1 29/1","adresa_m\u011Bsto":"594 01 Velk\u00E9 Mezi\u0159\u00ED\u010D\u00ED","platnost_od":"2015-01-24"},{"typ":"Osoba","funkce":"\u010Dlen:","jm\u00E9no":"Mgr. Lud\u011Bk R\u016F\u017Ei\u010Dka","datum_narozen\u00ED":"1971-11-21","adresa_ulice":"\u010Celakovsk\u00E9ho 611","adresa_m\u011Bsto":"675 51 Jarom\u011B\u0159ice nad Rokytnou","platnost_od":"2015-01-24"}]},{"typ":["Digit\u00E1ln\u00ED objekt","Politick\u00E1 strana nebo hnut\u00ED"],"iri":"https://mv.gov.cz/api/boards/SPS/strana/463","url":"https://aplikace.mv.gov.cz/seznam-politickych-stran/Vypis_Rejstrik.aspx?id=463","n\u00E1zev":"PROZM\u011ANU","zkratka":"PZ","adresa_s\u00EDdla":"792 01 Brunt\u00E1l, t\u0159. Osvobozen\u00ED 767/21","den_registrace":"2014-07-31","\u010D\u00EDslo_registrace":"MV-94190-6/VS-2014","identifika\u010Dn\u00ED_\u010D\u00EDslo":"3254763","statut\u00E1rn\u00ED_org\u00E1n":"P\u0159edsednictvo, za kter\u00E9 jedn\u00E1 p\u0159edseda.","pozn\u00E1mka":"","organiza\u010Dn\u00ED_jednotky":["bu\u0148ky"],"osoby":[{"typ":"Osoba","funkce":"p\u0159edseda:","jm\u00E9no":"Radek Zatloukal","datum_narozen\u00ED":"1971-07-20","adresa_ulice":"t\u0159. Osvobozen\u00ED 767/21","adresa_m\u011Bsto":"792 01 Brunt\u00E1l","platnost_od":"2016-01-04"},{"typ":"Osoba","funkce":"m\u00EDstop\u0159edseda:","jm\u00E9no":"Jozef Hmur\u010D\u00EDk-Sol\u00E1r","datum_narozen\u00ED":"1972-09-23","adresa_ulice":"Dr. E. Bene\u0161e 310/49","adresa_m\u011Bsto":"792 01 Brunt\u00E1l","platnost_od":"2016-01-04"}]},{"typ":["Digit\u00E1ln\u00ED objekt","Politick\u00E1 strana nebo hnut\u00ED"],"iri":"https://mv.gov.cz/api/boards/SPS/strana/464","url":"https://aplikace.mv.gov.cz/seznam-politickych-stran/Vypis_Rejstrik.aspx?id=464","n\u00E1zev":"KOMUNISTICK\u00C1 STRANA \u010CESK\u00C1 21","zkratka":"KS\u010C 21","adresa_s\u00EDdla":"779 00 Olomouc, Karafi\u00E1tov\u00E1 298/1","den_registrace":"2014-10-30","\u010D\u00EDslo_registrace":"MV-122836-7/VS-2014","identifika\u010Dn\u00ED_\u010D\u00EDslo":"3531759","statut\u00E1rn\u00ED_org\u00E1n":"P\u0159edsednictvo \u00FAst\u0159edn\u00EDho v\u00FDboru, za kter\u00E9 jedn\u00E1 gener\u00E1ln\u00ED tajemn\u00EDk.","pozn\u00E1mka":"","organiza\u010Dn\u00ED_jednotky":["krajsk\u00E1 organizace","okresn\u00ED organizace","z\u00E1kladn\u00ED organizace"],"osoby":[{"typ":"Osoba","funkce":"gener\u00E1ln\u00ED tajemn\u00EDk:","jm\u00E9no":"Zden\u011Bk Kl\u00EDmek","datum_narozen\u00ED":"1954-08-16","adresa_ulice":"P\u0159ichystalova 1077/70","adresa_m\u011Bsto":"779 00 Olomouc","platnost_od":"2014-11-29"},{"typ":"Osoba","funkce":"\u010Dlen:","jm\u00E9no":"Pavel Pohludka","datum_narozen\u00ED":"1956-08-21","adresa_ulice":"\u0160vabinsk\u00E9ho 403/3","adresa_m\u011Bsto":"779 00 Olomouc","platnost_od":"2019-06-01"},{"typ":"Osoba","funkce":"\u010Dlen:","jm\u00E9no":"Alois K\u0159epsk\u00FD","datum_narozen\u00ED":"1944-06-05","adresa_ulice":"Handkeho 731/5","adresa_m\u011Bsto":"779 00 Olomouc","platnost_od":"2020-09-01"}]},{"typ":["Digit\u00E1ln\u00ED objekt","Politick\u00E1 strana nebo hnut\u00ED"],"iri":"https://mv.gov.cz/api/boards/SPS/strana/465","url":"https://aplikace.mv.gov.cz/seznam-politickych-stran/Vypis_Rejstrik.aspx?id=465","n\u00E1zev":"PRO ob\u010Dan\u00E9","zkratka":"HPO","adresa_s\u00EDdla":"108 00 Praha, Pr\u016Fmyslov\u00E1 566/5","den_registrace":"2015-02-24","\u010D\u00EDslo_registrace":"MV-15810-4/VS-2015","identifika\u010Dn\u00ED_\u010D\u00EDslo":"3826341","statut\u00E1rn\u00ED_org\u00E1n":"V\u00FDkonn\u00FD v\u00FDbor, za kter\u00FD jedn\u00E1 samostatn\u011B p\u0159edseda nebo prvn\u00ED m\u00EDstop\u0159edseda s dal\u0161\u00EDm m\u00EDstop\u0159edsedou.","posledn\u00ED_zm\u011Bna_stanov":"2015-04-24","pozn\u00E1mka":"","organiza\u010Dn\u00ED_jednotky":["krajsk\u00E9 organizace","m\u00EDstn\u00ED organizace","region\u00E1ln\u00ED organizace"],"osoby":[{"typ":"Osoba","funkce":"p\u0159edseda:","jm\u00E9no":"V\u00E1clav Pos\u00ED\u0159il","datum_narozen\u00ED":"1983-07-31","adresa_ulice":"","adresa_m\u011Bsto":"289 32 Hrub\u00FD Jesen\u00EDk 266","platnost_od":"2016-02-04"},{"typ":"Osoba","funkce":"1.m\u00EDstop\u0159edsedkyn\u011B:","jm\u00E9no":"Martina Hru\u0161kov\u00E1","datum_narozen\u00ED":"1969-12-16","adresa_ulice":"","adresa_m\u011Bsto":"330 21 L\u00EDn\u011B  15","platnost_od":"2016-02-04"},{"typ":"Osoba","funkce":"m\u00EDstop\u0159edseda:","jm\u00E9no":"Emil Wagner","datum_narozen\u00ED":"1956-05-14","adresa_ulice":"Dobrovsk\u00E9ho 535/18","adresa_m\u011Bsto":"170 00 Praha","platnost_od":"2016-02-04"},{"typ":"Osoba","funkce":"m\u00EDstop\u0159edseda:","jm\u00E9no":"Milan Skopov\u00FD","datum_narozen\u00ED":"1973-08-30","adresa_ulice":"Z\u00E1rubova 514/1","adresa_m\u011Bsto":"142 00 Praha","platnost_od":"2016-02-04"}]},{"typ":["Digit\u00E1ln\u00ED objekt","Politick\u00E1 strana nebo hnut\u00ED"],"iri":"https://mv.gov.cz/api/boards/SPS/strana/467","url":"https://aplikace.mv.gov.cz/seznam-politickych-stran/Vypis_Rejstrik.aspx?id=467","n\u00E1zev":"N\u00E1rodn\u00ED z\u00E1jmy","zkratka":"NZ","adresa_s\u00EDdla":"160 00 Praha, Heinemannova 2695/6","den_registrace":"2015-04-17","\u010D\u00EDslo_registrace":"MV-52560-5/VS-2015","identifika\u010Dn\u00ED_\u010D\u00EDslo":"4001800","statut\u00E1rn\u00ED_org\u00E1n":"Sekret\u00E1\u0159.","pozn\u00E1mka":"","organiza\u010Dn\u00ED_jednotky":["kluby","krajsk\u00E9 organizace"],"osoby":[{"typ":"Osoba","funkce":"sekret\u00E1\u0159:","jm\u00E9no":"Jan  V\u00E1gner","datum_narozen\u00ED":"1986-06-10","adresa_ulice":"Karla Marxe 573/26","adresa_m\u011Bsto":"434 01 Most","platnost_od":"2015-04-30"}]},{"typ":["Digit\u00E1ln\u00ED objekt","Politick\u00E1 strana nebo hnut\u00ED"],"iri":"https://mv.gov.cz/api/boards/SPS/strana/468","url":"https://aplikace.mv.gov.cz/seznam-politickych-stran/Vypis_Rejstrik.aspx?id=468","n\u00E1zev":"Svoboda a p\u0159\u00EDm\u00E1 demokracie (SPD)","zkratka":"SPD","adresa_s\u00EDdla":"110 00 Praha, Ryt\u00ED\u0159sk\u00E1 410/6","den_registrace":"2015-06-02","\u010D\u00EDslo_registrace":"MV-71628-4/VS-2015","identifika\u010Dn\u00ED_\u010D\u00EDslo":"4134940","statut\u00E1rn\u00ED_org\u00E1n":"P\u0159edseda.","posledn\u00ED_zm\u011Bna_stanov":"2022-12-21","pozn\u00E1mka":"","organiza\u010Dn\u00ED_jednotky":["m\u00EDstn\u00ED kluby","oblastn\u00ED kluby","region\u00E1ln\u00ED kluby"],"osoby":[{"typ":"Osoba","funkce":"p\u0159edseda:","jm\u00E9no":"Tomio Okamura","datum_narozen\u00ED":"1972-07-04","adresa_ulice":"Nad Tejnkou 2503/9a","adresa_m\u011Bsto":"169 00 Praha","platnost_od":"2015-08-04"}]},{"typ":["Digit\u00E1ln\u00ED objekt","Politick\u00E1 strana nebo hnut\u00ED"],"iri":"https://mv.gov.cz/api/boards/SPS/strana/469","url":"https://aplikace.mv.gov.cz/seznam-politickych-stran/Vypis_Rejstrik.aspx?id=469","n\u00E1zev":"PRO - Poctiv\u011B Rozumn\u011B Odpov\u011Bdn\u011B","zkratka":"PROP","adresa_s\u00EDdla":"252 18 Ptice 113","den_registrace":"2015-07-28","\u010D\u00EDslo_registrace":"MV-83013-8/VS-2015","identifika\u010Dn\u00ED_\u010D\u00EDslo":"4277422","statut\u00E1rn\u00ED_org\u00E1n":"P\u0159edseda.","pozn\u00E1mka":"","organiza\u010Dn\u00ED_jednotky":["krajsk\u00E1 organizace","obecn\u00ED organizace","okresn\u00ED organizace"],"osoby":[]},{"typ":["Digit\u00E1ln\u00ED objekt","Politick\u00E1 strana nebo hnut\u00ED"],"iri":"https://mv.gov.cz/api/boards/SPS/strana/470","url":"https://aplikace.mv.gov.cz/seznam-politickych-stran/Vypis_Rejstrik.aspx?id=470","n\u00E1zev":"N\u00E1rod Sob\u011B","zkratka":"N\u00E1S","adresa_s\u00EDdla":"621 00 Brno, \u017Ditn\u00E1 1475/5","den_registrace":"2015-10-23","\u010D\u00EDslo_registrace":"MV-139215-4/VS-2015","identifika\u010Dn\u00ED_\u010D\u00EDslo":"4510526","statut\u00E1rn\u00ED_org\u00E1n":"P\u0159edsednictvo, za kter\u00E9 jedn\u00E1 p\u0159edseda nebo m\u00EDstop\u0159edseda p\u0159edsednictva. Jde-li o uzav\u0159en\u00ED smlouvy, vy\u017Eaduje se spole\u010Dn\u00E9 jedn\u00E1n\u00ED dvou statut\u00E1rn\u00EDch z\u00E1stupc\u016F.","pozn\u00E1mka":"","organiza\u010Dn\u00ED_jednotky":["krajsk\u00E9 organizace","m\u00EDstn\u00ED organizace"],"osoby":[{"typ":"Osoba","funkce":"p\u0159edseda:","jm\u00E9no":"Ji\u0159\u00ED \u0160oltys","datum_narozen\u00ED":"1969-07-29","adresa_ulice":"Zahumen\u00ED 307/2","adresa_m\u011Bsto":"664 31 Lelekovice","platnost_od":"2015-11-07"},{"typ":"Osoba","funkce":"m\u00EDstop\u0159edseda:","jm\u00E9no":"Ji\u0159\u00ED Jurne\u010Dka","datum_narozen\u00ED":"1959-08-13","adresa_ulice":"n\u00E1m. Osvobozen\u00ED 151","adresa_m\u011Bsto":"679 71 Lysice","platnost_od":"2019-11-07"}]},{"typ":["Digit\u00E1ln\u00ED objekt","Politick\u00E1 strana nebo hnut\u00ED"],"iri":"https://mv.gov.cz/api/boards/SPS/strana/471","url":"https://aplikace.mv.gov.cz/seznam-politickych-stran/Vypis_Rejstrik.aspx?id=471","n\u00E1zev":"HNUT\u00CD OB\u010CAN\u016E KRAJE","zkratka":"HOK","adresa_s\u00EDdla":"539 01 Hlinsko, Rataje 1008","den_registrace":"2015-11-04","\u010D\u00EDslo_registrace":"MV-128844-5/VS-2015","identifika\u010Dn\u00ED_\u010D\u00EDslo":"4537556","statut\u00E1rn\u00ED_org\u00E1n":"P\u0159edsedsednictvo, za kter\u00E9 jedn\u00E1 p\u0159edseda.","posledn\u00ED_zm\u011Bna_stanov":"2019-11-08","pozn\u00E1mka":"","organiza\u010Dn\u00ED_jednotky":["m\u00EDstn\u00ED kluby"],"osoby":[{"typ":"Osoba","funkce":"p\u0159edseda:","jm\u00E9no":"Ale\u0161 Meloun","datum_narozen\u00ED":"1971-05-16","adresa_ulice":"Rataje 1008","adresa_m\u011Bsto":"539 01 Hlinsko","platnost_od":"2019-10-18"},{"typ":"Osoba","funkce":"m\u00EDstop\u0159edsedkyn\u011B:","jm\u00E9no":"Ren\u00E1ta Pl\u00ED\u0161kov\u00E1","datum_narozen\u00ED":"1961-04-16","adresa_ulice":"\u017Ditn\u00E1 1470","adresa_m\u011Bsto":"539 01 Hlinsko","platnost_od":"2019-10-18"},{"typ":"Osoba","funkce":"m\u00EDstop\u0159edseda:","jm\u00E9no":"Petr Svoboda","datum_narozen\u00ED":"1968-09-10","adresa_ulice":"Rataje 858","adresa_m\u011Bsto":"539 01 Hlinsko","platnost_od":"2019-10-18"}]},{"typ":["Digit\u00E1ln\u00ED objekt","Politick\u00E1 strana nebo hnut\u00ED"],"iri":"https://mv.gov.cz/api/boards/SPS/strana/472","url":"https://aplikace.mv.gov.cz/seznam-politickych-stran/Vypis_Rejstrik.aspx?id=472","n\u00E1zev":"VOK \u2013 Volba pro kraj","zkratka":"VOK","adresa_s\u00EDdla":"360 01 Karlovy Vary, Dr. Davida Bechera 893/6","den_registrace":"2015-12-03","\u010D\u00EDslo_registrace":"MV-169487-4/VS-2015","identifika\u010Dn\u00ED_\u010D\u00EDslo":"4616421","statut\u00E1rn\u00ED_org\u00E1n":"P\u0159edseda.","posledn\u00ED_zm\u011Bna_stanov":"2026-04-08","pozn\u00E1mka":"","organiza\u010Dn\u00ED_jednotky":["obecn\u00ED organizace"],"osoby":[{"typ":"Osoba","funkce":"p\u0159edseda:","jm\u00E9no":"Ing. Michal  Soukup","datum_narozen\u00ED":"1948-01-01","adresa_ulice":"U Ov\u010D\u00E1rny 376/6","adresa_m\u011Bsto":"360 07 Karlovy Vary","platnost_od":"2016-01-04"}]},{"typ":["Digit\u00E1ln\u00ED objekt","Politick\u00E1 strana nebo hnut\u00ED"],"iri":"https://mv.gov.cz/api/boards/SPS/strana/473","url":"https://aplikace.mv.gov.cz/seznam-politickych-stran/Vypis_Rejstrik.aspx?id=473","n\u00E1zev":"OSV\u010C","zkratka":"OSV\u010C","adresa_s\u00EDdla":"330 16 V\u0161eruby 323","den_registrace":"2015-12-09","\u010D\u00EDslo_registrace":"MV-167950-4/VS-2015","identifika\u010Dn\u00ED_\u010D\u00EDslo":"4627695","statut\u00E1rn\u00ED_org\u00E1n":"P\u0159edseda a statut\u00E1rn\u00ED m\u00EDstop\u0159edseda, kter\u00FD vykon\u00E1v\u00E1 funkci p\u0159edsedy OSV\u010C v dob\u011B jeho nep\u0159\u00EDtomnosti nebo v p\u0159\u00EDpad\u011B, \u017Ee p\u0159edseda nem\u016F\u017Ee vykon\u00E1vat svou funkci.","posledn\u00ED_zm\u011Bna_stanov":"2025-03-11","pozn\u00E1mka":"","organiza\u010Dn\u00ED_jednotky":["krajsk\u00E1 organizace","m\u00EDstn\u00ED organizace","okresn\u00ED organizace"],"osoby":[{"typ":"Osoba","funkce":"p\u0159edseda:","jm\u00E9no":"Ing. Pavel \u0160r\u00E1mek, MBA","datum_narozen\u00ED":"1965-03-25","adresa_ulice":"Pech\u00E1\u010Dkova 954/28","adresa_m\u011Bsto":"318 00 Plze\u0148","platnost_od":"2025-02-19"},{"typ":"Osoba","funkce":"statut\u00E1rn\u00ED m\u00EDstop\u0159edseda:","jm\u00E9no":"Petr Aj\u0161man","datum_narozen\u00ED":"1976-09-14","adresa_ulice":"Krokova 339/37","adresa_m\u011Bsto":"360 01 Karlovy Vary","platnost_od":"2025-02-25"}]},{"typ":["Digit\u00E1ln\u00ED objekt","Politick\u00E1 strana nebo hnut\u00ED"],"iri":"https://mv.gov.cz/api/boards/SPS/strana/474","url":"https://aplikace.mv.gov.cz/seznam-politickych-stran/Vypis_Rejstrik.aspx?id=474","n\u00E1zev":"\u010Cesk\u00E1 n\u00E1rodn\u00ED fronta","zkratka":"\u010CNF","adresa_s\u00EDdla":"703 00 Ostrava, Obr\u00E1nc\u016F m\u00EDru 208/12","den_registrace":"2016-01-05","\u010D\u00EDslo_registrace":"MV-178137-4/VS-2015","identifika\u010Dn\u00ED_\u010D\u00EDslo":"4690753","statut\u00E1rn\u00ED_org\u00E1n":"P\u0159edstavenstvo, za kter\u00E9 jedn\u00E1 samostatn\u011B p\u0159edseda nebo spole\u010Dn\u011B t\u0159i \u010Dlenov\u00E9 p\u0159edstavenstva.","pozn\u00E1mka":"","organiza\u010Dn\u00ED_jednotky":["m\u00EDstn\u00ED sdru\u017Een\u00ED"],"osoby":[{"typ":"Osoba","funkce":"p\u0159edseda:","jm\u00E9no":"Ond\u0159ej  Vrba","datum_narozen\u00ED":"1998-01-08","adresa_ulice":"Dost\u00E1lova 990/11","adresa_m\u011Bsto":"713 00 Ostrava","platnost_od":"2016-08-01"},{"typ":"Osoba","funkce":"m\u00EDstop\u0159edseda:","jm\u00E9no":"Tom\u00E1\u0161 Gajec","datum_narozen\u00ED":"1976-06-25","adresa_ulice":"Paskovsk\u00E1  1004/59","adresa_m\u011Bsto":"720 00 Ostrava","platnost_od":"2016-08-01"},{"typ":"Osoba","funkce":"\u010Dlen:","jm\u00E9no":"Tom\u00E1\u0161 Rehovi\u010D","datum_narozen\u00ED":"1990-02-23","adresa_ulice":"Sta\u0148kova 223/25","adresa_m\u011Bsto":"700 30 Ostrava","platnost_od":"2016-08-01"},{"typ":"Osoba","funkce":"\u010Dlen:","jm\u00E9no":"Adam \u0160odek","datum_narozen\u00ED":"1989-08-23","adresa_ulice":"Francouzsk\u00E1 6015/69","adresa_m\u011Bsto":"708 00 Ostrava","platnost_od":"2016-08-01"},{"typ":"Osoba","funkce":"\u010Dlen:","jm\u00E9no":"Tom\u00E1\u0161 Vrba","datum_narozen\u00ED":"1970-11-25","adresa_ulice":"K Mali\u0148\u00E1ku 774/17","adresa_m\u011Bsto":"713 00 Ostrava","platnost_od":"2016-08-01"},{"typ":"Osoba","funkce":"\u010Dlen:","jm\u00E9no":"Tom\u00E1\u0161 Vrba","datum_narozen\u00ED":"1990-07-28","adresa_ulice":"Fr\u00E1ni \u0160r\u00E1mka 2458/30","adresa_m\u011Bsto":"709 00 Ostrava","platnost_od":"2016-08-01"}]},{"typ":["Digit\u00E1ln\u00ED objekt","Politick\u00E1 strana nebo hnut\u00ED"],"iri":"https://mv.gov.cz/api/boards/SPS/strana/475","url":"https://aplikace.mv.gov.cz/seznam-politickych-stran/Vypis_Rejstrik.aspx?id=475","n\u00E1zev":"Slu\u0161n\u00ED lid\u00E9","zkratka":"SL","adresa_s\u00EDdla":"612 00 Brno, \u0160tef\u00E1nikova 119/50","den_registrace":"2016-01-27","\u010D\u00EDslo_registrace":"MV-172837-4/VS-2015","identifika\u010Dn\u00ED_\u010D\u00EDslo":"4755685","statut\u00E1rn\u00ED_org\u00E1n":"P\u0159edsednictvo, za kter\u00E9 jedn\u00E1 spole\u010Dn\u011B p\u0159edseda a jeden z m\u00EDstop\u0159edsed\u016F.","posledn\u00ED_zm\u011Bna_stanov":"2016-11-01","pozn\u00E1mka":"","organiza\u010Dn\u00ED_jednotky":[],"osoby":[{"typ":"Osoba","funkce":"p\u0159edseda:","jm\u00E9no":"Zden\u011Bk Pernica","datum_narozen\u00ED":"1986-08-23","adresa_ulice":"Tu\u010Dkova 920/30","adresa_m\u011Bsto":"602 00 Brno","platnost_od":"2016-10-19"},{"typ":"Osoba","funkce":"m\u00EDstop\u0159edseda:","jm\u00E9no":"Radek  Pokora","datum_narozen\u00ED":"1968-10-23","adresa_ulice":"Husova 165/5","adresa_m\u011Bsto":"602 00 Brno","platnost_od":"2016-10-19"},{"typ":"Osoba","funkce":"m\u00EDstop\u0159edseda:","jm\u00E9no":"Ivo Crh\u00E1k","datum_narozen\u00ED":"1992-09-02","adresa_ulice":"Sk\u00E1celova 2688/53A","adresa_m\u011Bsto":"612 00 Brno","platnost_od":"2016-10-19"}]},{"typ":["Digit\u00E1ln\u00ED objekt","Politick\u00E1 strana nebo hnut\u00ED"],"iri":"https://mv.gov.cz/api/boards/SPS/strana/476","url":"https://aplikace.mv.gov.cz/seznam-politickych-stran/Vypis_Rejstrik.aspx?id=476","n\u00E1zev":"Zm\u011Bna pro lidi","zkratka":"ZpL/ZPL","adresa_s\u00EDdla":"710 00 Ostrava, Hladnovsk\u00E1 2078/20","den_registrace":"2016-01-27","\u010D\u00EDslo_registrace":"MV-10804-2/VS-2016","identifika\u010Dn\u00ED_\u010D\u00EDslo":"4756291","statut\u00E1rn\u00ED_org\u00E1n":"P\u0159edseda a m\u00EDstop\u0159edsedov\u00E9; p\u0159edseda jedn\u00E1 samostatn\u011B nebo dva m\u00EDstop\u0159edsedov\u00E9 spole\u010Dn\u011B. V neb\u011B\u017En\u00FDch z\u00E1le\u017Eitostech je v\u017Edy pot\u0159eba podpisu minim\u00E1ln\u011B dvou statut\u00E1rn\u00EDch z\u00E1stupc\u016F. Neb\u011B\u017Enou z\u00E1le\u017Eitost\u00ED je zejm\u00E9na uzav\u00EDr\u00E1n\u00ED politick\u00FDch dohod a zavazov\u00E1n\u00ED se nad \u010D\u00E1stku vy\u0161\u0161\u00ED ne\u017E 50.000 K\u010D.","posledn\u00ED_zm\u011Bna_stanov":"2019-12-12","pozn\u00E1mka":"","organiza\u010Dn\u00ED_jednotky":["krajsk\u00E9 organizace","m\u00EDstn\u00ED organizace"],"osoby":[{"typ":"Osoba","funkce":"p\u0159edseda:","jm\u00E9no":"Ing. Peter Harv\u00E1nek","datum_narozen\u00ED":"1974-05-30","adresa_ulice":"V\u00EDtkovick\u00E1 3079/12","adresa_m\u011Bsto":"702 00 Ostrava","platnost_od":"2016-03-17"},{"typ":"Osoba","funkce":"m\u00EDstop\u0159edseda:","jm\u00E9no":"MUDr. Jan S\u00EDla","datum_narozen\u00ED":"1950-03-01","adresa_ulice":"Havran\u00ED 780/5","adresa_m\u011Bsto":"725 29 Ostrava","platnost_od":"2016-03-17"},{"typ":"Osoba","funkce":"m\u00EDstop\u0159edseda:","jm\u00E9no":"Petr Stuchl\u00EDk","datum_narozen\u00ED":"1968-03-30","adresa_ulice":"K Holotovci 763","adresa_m\u011Bsto":"735 11 Orlov\u00E1","platnost_od":"2017-04-23"}]},{"typ":["Digit\u00E1ln\u00ED objekt","Politick\u00E1 strana nebo hnut\u00ED"],"iri":"https://mv.gov.cz/api/boards/SPS/strana/477","url":"https://aplikace.mv.gov.cz/seznam-politickych-stran/Vypis_Rejstrik.aspx?id=477","n\u00E1zev":"PRO! \u00DAsteck\u00FD kraj","zkratka":"PRO! \u00DAK","adresa_s\u00EDdla":"430 01 Chomutov, Spo\u0159ick\u00E1 4751","den_registrace":"2016-01-27","\u010D\u00EDslo_registrace":"MV-5836-4/VS-2016","identifika\u010Dn\u00ED_\u010D\u00EDslo":"4756339","statut\u00E1rn\u00ED_org\u00E1n":"P\u0159edseda.","pozn\u00E1mka":"","organiza\u010Dn\u00ED_jednotky":[],"osoby":[{"typ":"Osoba","funkce":"p\u0159edseda:","jm\u00E9no":"","adresa_ulice":"","adresa_m\u011Bsto":"","platnost_od":"2022-12-31"}]},{"typ":["Digit\u00E1ln\u00ED objekt","Politick\u00E1 strana nebo hnut\u00ED"],"iri":"https://mv.gov.cz/api/boards/SPS/strana/478","url":"https://aplikace.mv.gov.cz/seznam-politickych-stran/Vypis_Rejstrik.aspx?id=478","n\u00E1zev":"KOMUNISTICK\u00C1 STRANA \u010CECH, MORAVY A SLEZSKA","zkratka":"KS\u010CMS","adresa_s\u00EDdla":"746 01 Opava, Dostojevsk\u00E9ho 2132/24","den_registrace":"2016-02-11","\u010D\u00EDslo_registrace":"MV-182663-4/VS-2015","identifika\u010Dn\u00ED_\u010D\u00EDslo":"4807898","statut\u00E1rn\u00ED_org\u00E1n":"P\u0159edsednictvo \u00DAst\u0159edn\u00EDho v\u00FDboru, za kter\u00E9 jedn\u00E1 gener\u00E1ln\u00ED tajemn\u00EDk.","pozn\u00E1mka":"","organiza\u010Dn\u00ED_jednotky":["krajsk\u00E1 organizace","okresn\u00ED organizace","z\u00E1kladn\u00ED organizace"],"osoby":[{"typ":"Osoba","funkce":"gener\u00E1ln\u00ED tajemn\u00EDk:","jm\u00E9no":"Ing. Iva Kalinov\u00E1","datum_narozen\u00ED":"1946-03-14","adresa_ulice":"Dostojevsk\u00E9ho 2132/24","adresa_m\u011Bsto":"746 01 Opava","platnost_od":"2017-08-07"},{"typ":"Osoba","funkce":"tajemn\u00EDk a z\u00E1stupce gener\u00E1ln\u00EDho tajemn\u00EDka:","jm\u00E9no":"Zden\u011Bk Jak\u0161","datum_narozen\u00ED":"1948-11-25","adresa_ulice":"Ratibo\u0159sk\u00E1 1438/49","adresa_m\u011Bsto":"747 05 Opava","platnost_od":"2016-06-15"},{"typ":"Osoba","funkce":"\u010Dlen:","jm\u00E9no":"David Berger","datum_narozen\u00ED":"1977-08-23","adresa_ulice":"Franti\u0161ka L\u00FDska 1608/9","adresa_m\u011Bsto":"700 30 Ostrava","platnost_od":"2016-06-15"}]},{"typ":["Digit\u00E1ln\u00ED objekt","Politick\u00E1 strana nebo hnut\u00ED"],"iri":"https://mv.gov.cz/api/boards/SPS/strana/479","url":"https://aplikace.mv.gov.cz/seznam-politickych-stran/Vypis_Rejstrik.aspx?id=479","n\u00E1zev":"Sdru\u017Een\u00ED pro republiku - Republik\u00E1nsk\u00E1 strana \u010Ceskoslovenska Miroslava Sl\u00E1dka","zkratka":"SPR-RS\u010C Miroslava Sl\u00E1dka","adresa_s\u00EDdla":"612 00 Brno, \u0160tef\u00E1nikova 119/50","den_registrace":"2016-02-15","\u010D\u00EDslo_registrace":"MV-14644-5/VS-2016","identifika\u010Dn\u00ED_\u010D\u00EDslo":"4814002","statut\u00E1rn\u00ED_org\u00E1n":"P\u0159edseda.","posledn\u00ED_zm\u011Bna_stanov":"2016-07-26","pozn\u00E1mka":"","organiza\u010Dn\u00ED_jednotky":["m\u00EDstn\u00ED organizace"],"osoby":[{"typ":"Osoba","funkce":"p\u0159edseda:","jm\u00E9no":"PhDr. Miroslav Sl\u00E1dek","datum_narozen\u00ED":"1950-10-24","adresa_ulice":"Husova 165/5","adresa_m\u011Bsto":"602 00 Brno","platnost_od":"2016-06-18"}]},{"typ":["Digit\u00E1ln\u00ED objekt","Politick\u00E1 strana nebo hnut\u00ED"],"iri":"https://mv.gov.cz/api/boards/SPS/strana/480","url":"https://aplikace.mv.gov.cz/seznam-politickych-stran/Vypis_Rejstrik.aspx?id=480","n\u00E1zev":"JsmePRO!","zkratka":"JsmePRO!","adresa_s\u00EDdla":"415 01 Teplice, Novovesk\u00E1 3091","den_registrace":"2016-03-09","\u010D\u00EDslo_registrace":"MV-29331-4/VS-2016","identifika\u010Dn\u00ED_\u010D\u00EDslo":"4889321","statut\u00E1rn\u00ED_org\u00E1n":"\u0158\u00EDd\u00EDc\u00ED rada, za kterou jedn\u00E1 p\u0159edseda a pov\u011B\u0159en\u00ED \u010Dlenov\u00E9 \u0159\u00EDd\u00EDc\u00ED rady.","posledn\u00ED_zm\u011Bna_stanov":"2020-06-02","pozn\u00E1mka":"","organiza\u010Dn\u00ED_jednotky":["kluby"],"osoby":[{"typ":"Osoba","funkce":"p\u0159edseda:","jm\u00E9no":"Ji\u0159\u00ED \u0158eh\u00E1k","datum_narozen\u00ED":"1967-11-08","adresa_ulice":"Novovesk\u00E1 3091","adresa_m\u011Bsto":"415 01 Teplice","platnost_od":"2016-04-06"},{"typ":"Osoba","funkce":"m\u00EDstop\u0159edseda:","jm\u00E9no":"MgA. Pavel Sk\u00E1la","datum_narozen\u00ED":"1986-07-24","adresa_ulice":"Moskevsk\u00E1 3064/19","adresa_m\u011Bsto":"434 01 Most","platnost_od":"2024-04-20"},{"typ":"Osoba","funkce":"\u010Dlen a pokladn\u00EDk:","jm\u00E9no":"Jindra R\u00FCckn\u00E1gelov\u00E1","datum_narozen\u00ED":"1955-12-20","adresa_ulice":"","adresa_m\u011Bsto":"440 01 Bla\u017Eim 56","platnost_od":"2020-05-22"}]},{"typ":["Digit\u00E1ln\u00ED objekt","Politick\u00E1 strana nebo hnut\u00ED"],"iri":"https://mv.gov.cz/api/boards/SPS/strana/483","url":"https://aplikace.mv.gov.cz/seznam-politickych-stran/Vypis_Rejstrik.aspx?id=483","n\u00E1zev":"Va\u0161e \u00DAst\u00ED","zkratka":"V\u00DA","adresa_s\u00EDdla":"403 31 \u00DAst\u00ED nad Labem, Sibi\u0159sk\u00E1 372","den_registrace":"2016-04-15","\u010D\u00EDslo_registrace":"MV-28619-4/VS-2016","identifika\u010Dn\u00ED_\u010D\u00EDslo":"4997808","statut\u00E1rn\u00ED_org\u00E1n":"P\u0159edseda.","pozn\u00E1mka":"","organiza\u010Dn\u00ED_jednotky":[],"osoby":[{"typ":"Osoba","funkce":"p\u0159edsedkyn\u011B:","jm\u00E9no":"Yveta Tomkov\u00E1","datum_narozen\u00ED":"1973-12-27","adresa_ulice":"Sibi\u0159sk\u00E1 372","adresa_m\u011Bsto":"403 31 \u00DAst\u00ED nad Labem","platnost_od":"2016-06-23"}]},{"typ":["Digit\u00E1ln\u00ED objekt","Politick\u00E1 strana nebo hnut\u00ED"],"iri":"https://mv.gov.cz/api/boards/SPS/strana/484","url":"https://aplikace.mv.gov.cz/seznam-politickych-stran/Vypis_Rejstrik.aspx?id=484","n\u00E1zev":"Dobr\u00E1 volba 2016","zkratka":"DV 2016","adresa_s\u00EDdla":"739 12 \u010Celadn\u00E1 592","den_registrace":"2016-04-15","\u010D\u00EDslo_registrace":"MV-54510-2/VS-2016","identifika\u010Dn\u00ED_\u010D\u00EDslo":"4997841","statut\u00E1rn\u00ED_org\u00E1n":"P\u0159edsednictvo, za kter\u00E9 jedn\u00E1 samostatn\u011B p\u0159edseda nebo m\u00EDstop\u0159edsedov\u00E9 spole\u010Dn\u011B.","posledn\u00ED_zm\u011Bna_stanov":"2016-10-25","pozn\u00E1mka":"","organiza\u010Dn\u00ED_jednotky":["krajsk\u00E9 organizace","m\u00EDstn\u00ED organizace","region\u00E1ln\u00ED organizace"],"osoby":[{"typ":"Osoba","funkce":"p\u0159edseda:","jm\u00E9no":"Pavol Luk\u0161a","datum_narozen\u00ED":"1962-08-15","adresa_ulice":"","adresa_m\u011Bsto":"739 12 \u010Celadn\u00E1 592","platnost_od":"2016-10-12"},{"typ":"Osoba","funkce":"1. m\u00EDstop\u0159edseda:","jm\u00E9no":"Roman Pastor","datum_narozen\u00ED":"1975-03-12","adresa_ulice":"","adresa_m\u011Bsto":"739 39 Lu\u010Dina 361","platnost_od":"2023-08-26"},{"typ":"Osoba","funkce":"2. m\u00EDstop\u0159edseda:","jm\u00E9no":"Ing. Tom\u00E1\u0161 Fodor","datum_narozen\u00ED":"1962-06-17","adresa_ulice":"Na Kout\u011B 398","adresa_m\u011Bsto":"735 81 Bohum\u00EDn","platnost_od":"2016-10-12"}]},{"typ":["Digit\u00E1ln\u00ED objekt","Politick\u00E1 strana nebo hnut\u00ED"],"iri":"https://mv.gov.cz/api/boards/SPS/strana/485","url":"https://aplikace.mv.gov.cz/seznam-politickych-stran/Vypis_Rejstrik.aspx?id=485","n\u00E1zev":"OB\u010CAN\u00C9 PRO OLOMOUCK\u00DD KRAJ \u2013 volba OK","zkratka":"VOLK","adresa_s\u00EDdla":"779 00 Olomouc, Horn\u00ED n\u00E1m\u011Bst\u00ED 14/17","den_registrace":"2016-05-12","\u010D\u00EDslo_registrace":"MV-60667-4/VS-2016","identifika\u010Dn\u00ED_\u010D\u00EDslo":"5079055","statut\u00E1rn\u00ED_org\u00E1n":"P\u0159edseda.","posledn\u00ED_zm\u011Bna_stanov":"2016-06-21","pozn\u00E1mka":"","organiza\u010Dn\u00ED_jednotky":[],"osoby":[{"typ":"Osoba","funkce":"p\u0159edsedkyn\u011B:","jm\u00E9no":"Mgr. Silvie \u0160rot\u00ED\u0159 Sofkov\u00E1","datum_narozen\u00ED":"1978-06-14","adresa_ulice":"Z\u00E1padn\u00ED 200","adresa_m\u011Bsto":"783 14 Hlu\u0161ovice","platnost_od":"2016-06-06"}]},{"typ":["Digit\u00E1ln\u00ED objekt","Politick\u00E1 strana nebo hnut\u00ED"],"iri":"https://mv.gov.cz/api/boards/SPS/strana/486","url":"https://aplikace.mv.gov.cz/seznam-politickych-stran/Vypis_Rejstrik.aspx?id=486","n\u00E1zev":"SNK 1 \u2013 Starostov\u00E9 na\u0161eho kraje","zkratka":"SNK 1 - SNK","adresa_s\u00EDdla":"360 01 Sadov 1","den_registrace":"2016-05-13","\u010D\u00EDslo_registrace":"MV-70811-2/VS-2016","identifika\u010Dn\u00ED_\u010D\u00EDslo":"5081068","statut\u00E1rn\u00ED_org\u00E1n":"P\u0159edseda.","posledn\u00ED_zm\u011Bna_stanov":"2022-04-01","pozn\u00E1mka":"","organiza\u010Dn\u00ED_jednotky":[],"osoby":[{"typ":"Osoba","funkce":"p\u0159edseda:","jm\u00E9no":"Eduard Frisch","datum_narozen\u00ED":"1962-10-27","adresa_ulice":"","adresa_m\u011Bsto":"360 01 Sadov 1","platnost_od":"2016-05-25"}]},{"typ":["Digit\u00E1ln\u00ED objekt","Politick\u00E1 strana nebo hnut\u00ED"],"iri":"https://mv.gov.cz/api/boards/SPS/strana/487","url":"https://aplikace.mv.gov.cz/seznam-politickych-stran/Vypis_Rejstrik.aspx?id=487","n\u00E1zev":"Bystr\u010D\u00E1ci","zkratka":"BST","adresa_s\u00EDdla":"635 00 Brno, Kur\u0161ova 978/3","den_registrace":"2016-05-23","\u010D\u00EDslo_registrace":"MV-68575-4/VS-2016","identifika\u010Dn\u00ED_\u010D\u00EDslo":"5103487","statut\u00E1rn\u00ED_org\u00E1n":"P\u0159edseda.","posledn\u00ED_zm\u011Bna_stanov":"2018-07-09","pozn\u00E1mka":"","organiza\u010Dn\u00ED_jednotky":["region\u00E1ln\u00ED kluby"],"osoby":[{"typ":"Osoba","funkce":"p\u0159edsedkyn\u011B:","jm\u00E9no":"Ing. Hana Jindrov\u00E1","datum_narozen\u00ED":"1972-05-11","adresa_ulice":"Vondr\u00E1kova 643/24","adresa_m\u011Bsto":"635 00 Brno","platnost_od":"2018-06-20"}]},{"typ":["Digit\u00E1ln\u00ED objekt","Politick\u00E1 strana nebo hnut\u00ED"],"iri":"https://mv.gov.cz/api/boards/SPS/strana/488","url":"https://aplikace.mv.gov.cz/seznam-politickych-stran/Vypis_Rejstrik.aspx?id=488","n\u00E1zev":"ALTERNATIVA PRO \u010CESKOU POLITIKU","zkratka":"A","adresa_s\u00EDdla":"170 00 Praha, Veverkova 1229/9","den_registrace":"2016-06-02","\u010D\u00EDslo_registrace":"MV-77770-2/VS-2016","identifika\u010Dn\u00ED_\u010D\u00EDslo":"5133807","statut\u00E1rn\u00ED_org\u00E1n":"Republikov\u00E1 rada, p\u0159i\u010Dem\u017E stranu zastupuje samostatn\u011B p\u0159edseda.","pozn\u00E1mka":"","organiza\u010Dn\u00ED_jednotky":[],"osoby":[{"typ":"Osoba","funkce":"p\u0159edsedkyn\u011B:","jm\u00E9no":"PaedDr. Marie Krama\u0159\u00EDkov\u00E1","datum_narozen\u00ED":"1955-09-10","adresa_ulice":"Veverkova 1229/9","adresa_m\u011Bsto":"170 00 Praha","platnost_od":"2016-11-11"},{"typ":"Osoba","funkce":"statut\u00E1rn\u00ED m\u00EDstop\u0159edsedkyn\u011B:","jm\u00E9no":"Dagmar Kn\u00FDblov\u00E1","datum_narozen\u00ED":"1967-04-08","adresa_ulice":"Bezru\u010Dova 47","adresa_m\u011Bsto":"735 52 Bohum\u00EDn","platnost_od":"2016-11-11"},{"typ":"Osoba","funkce":"1.m\u00EDstop\u0159edsedkyn\u011B:","jm\u00E9no":"Kamila Krej\u010D\u00ED","datum_narozen\u00ED":"1969-02-27","adresa_ulice":"Anensk\u00E1 23","adresa_m\u011Bsto":"735 52 Bohum\u00EDn","platnost_od":"2016-11-11"},{"typ":"Osoba","funkce":"2. m\u00EDstop\u0159edsedkyn\u011B:","jm\u00E9no":"Ing. Ivana  N\u00E9methov\u00E1","datum_narozen\u00ED":"1967-04-18","adresa_ulice":"Dru\u017Eebn\u00ED 1003/7","adresa_m\u011Bsto":"742 21 Kop\u0159ivnice","platnost_od":"2016-11-11"},{"typ":"Osoba","funkce":"3. m\u00EDstop\u0159edsedkyn\u011B:","jm\u00E9no":"Ing. Hana  \u010Cmielov\u00E1","datum_narozen\u00ED":"1970-07-29","adresa_ulice":"Bobrovnick\u00E1 336/52","adresa_m\u011Bsto":"725 28 Ostrava","platnost_od":"2016-11-11"}]},{"typ":["Digit\u00E1ln\u00ED objekt","Politick\u00E1 strana nebo hnut\u00ED"],"iri":"https://mv.gov.cz/api/boards/SPS/strana/490","url":"https://aplikace.mv.gov.cz/seznam-politickych-stran/Vypis_Rejstrik.aspx?id=490","n\u00E1zev":"Alternativa pro \u010Cesko","zkratka":"AP\u010C","adresa_s\u00EDdla":"110 00 Praha, Kaprova 42/14","den_registrace":"2016-06-02","\u010D\u00EDslo_registrace":"MV-76071-4/VS-2016","identifika\u010Dn\u00ED_\u010D\u00EDslo":"5138337","statut\u00E1rn\u00ED_org\u00E1n":"P\u0159edseda.","pozn\u00E1mka":"","organiza\u010Dn\u00ED_jednotky":[],"osoby":[{"typ":"Osoba","funkce":"p\u0159edseda:","jm\u00E9no":"Jan Hlava","datum_narozen\u00ED":"1976-02-04","adresa_ulice":"","adresa_m\u011Bsto":"511 01 M\u00EDrov\u00E1 pod Koz\u00E1kovem 57","platnost_od":"2016-07-19"}]},{"typ":["Digit\u00E1ln\u00ED objekt","Politick\u00E1 strana nebo hnut\u00ED"],"iri":"https://mv.gov.cz/api/boards/SPS/strana/491","url":"https://aplikace.mv.gov.cz/seznam-politickych-stran/Vypis_Rejstrik.aspx?id=491","n\u00E1zev":"JIHO\u010CE\u0160T\u00CD HASI\u010CI","zkratka":"JHas","adresa_s\u00EDdla":"397 01 Albrechtice nad Vltavou, Jehn\u011Bdno 20","den_registrace":"2016-06-14","\u010D\u00EDslo_registrace":"MV-76079-4/VS-2016","identifika\u010Dn\u00ED_\u010D\u00EDslo":"5164966","statut\u00E1rn\u00ED_org\u00E1n":"P\u0159edseda.","pozn\u00E1mka":"","organiza\u010Dn\u00ED_jednotky":[],"osoby":[{"typ":"Osoba","funkce":"p\u0159edseda:","jm\u00E9no":"Ing. Miroslav U\u0161at\u00FD","datum_narozen\u00ED":"1965-11-03","adresa_ulice":"Jehn\u011Bdno 58","adresa_m\u011Bsto":"397 01 Albrechtice nad Vltavou","platnost_od":"2016-07-07"}]},{"typ":["Digit\u00E1ln\u00ED objekt","Politick\u00E1 strana nebo hnut\u00ED"],"iri":"https://mv.gov.cz/api/boards/SPS/strana/492","url":"https://aplikace.mv.gov.cz/seznam-politickych-stran/Vypis_Rejstrik.aspx?id=492","n\u00E1zev":"Politick\u00E9 hnut\u00ED PRO 2016","zkratka":"PRO2016","adresa_s\u00EDdla":"370 01 \u010Cesk\u00E9 Bud\u011Bjovice, Radni\u010Dn\u00ED 133/1","den_registrace":"2016-06-17","\u010D\u00EDslo_registrace":"MV-69530-4/VS-2016","identifika\u010Dn\u00ED_\u010D\u00EDslo":"5177111","statut\u00E1rn\u00ED_org\u00E1n":"P\u0159edsednictvo, jm\u00E9nem hnut\u00ED jedn\u00E1 samostatn\u011B p\u0159edseda.","pozn\u00E1mka":"","organiza\u010Dn\u00ED_jednotky":["krajsk\u00E9 organizace","m\u00EDstn\u00ED organizace","oblastn\u00ED organizace"],"osoby":[{"typ":"Osoba","funkce":"p\u0159edseda:","jm\u00E9no":"Tibor Batthy\u00E1ny","datum_narozen\u00ED":"1978-01-07","adresa_ulice":"Felberova 123/3","adresa_m\u011Bsto":"460 05 Liberec","platnost_od":"2018-02-10"},{"typ":"Osoba","funkce":"1.m\u00EDstop\u0159edsedkyn\u011B:","jm\u00E9no":"Mgr. Bc. Radka Paulov\u00E1","datum_narozen\u00ED":"1976-09-30","adresa_ulice":"Kas\u00E1rensk\u00E1 1100","adresa_m\u011Bsto":"383 01 Prachatice","platnost_od":"2018-02-10"},{"typ":"Osoba","funkce":"m\u00EDstop\u0159edsedkyn\u011B:","jm\u00E9no":"Ing. Hana Naiclerov\u00E1, MBA.","datum_narozen\u00ED":"1972-06-19","adresa_ulice":"Borov\u00E1 362/10","adresa_m\u011Bsto":"796 01 Prost\u011Bjov","platnost_od":"2018-02-10"},{"typ":"Osoba","funkce":"m\u00EDstop\u0159edseda:","jm\u00E9no":"Mgr. V\u00E1clav Velek","datum_narozen\u00ED":"1982-02-18","adresa_ulice":"U Trojice 105","adresa_m\u011Bsto":"381 01 \u010Cesk\u00FD Krumlov","platnost_od":"2018-02-10"},{"typ":"Osoba","funkce":"m\u00EDstop\u0159edseda:","jm\u00E9no":"Alena \u0160afr\u00E1nkov\u00E1","datum_narozen\u00ED":"1966-05-04","adresa_ulice":"Jind\u0159icha z Lip\u00E9 97/23","adresa_m\u011Bsto":"470 01 \u010Cesk\u00E1 L\u00EDpa","platnost_od":"2018-02-10"}]},{"typ":["Digit\u00E1ln\u00ED objekt","Politick\u00E1 strana nebo hnut\u00ED"],"iri":"https://mv.gov.cz/api/boards/SPS/strana/493","url":"https://aplikace.mv.gov.cz/seznam-politickych-stran/Vypis_Rejstrik.aspx?id=493","n\u00E1zev":"NOV\u00C1 GENERACE","zkratka":"NG","adresa_s\u00EDdla":"370 01 \u010Cesk\u00E9 Bud\u011Bjovice, Rudolfovsk\u00E1 t\u0159. 132/71","den_registrace":"2016-06-21","\u010D\u00EDslo_registrace":"MV-82149-4/VS-2016","identifika\u010Dn\u00ED_\u010D\u00EDslo":"5183774","statut\u00E1rn\u00ED_org\u00E1n":"P\u0159edseda.","pozn\u00E1mka":"","organiza\u010Dn\u00ED_jednotky":[],"osoby":[{"typ":"Osoba","funkce":"p\u0159edseda:","jm\u00E9no":"Bc. Vladislav Nadbere\u017En\u00FD","datum_narozen\u00ED":"1980-09-11","adresa_ulice":"Rudolfovsk\u00E1 t\u0159. 1996/7","adresa_m\u011Bsto":"370 01 \u010Cesk\u00E9 Bud\u011Bjovice","platnost_od":"2016-05-30"}]},{"typ":["Digit\u00E1ln\u00ED objekt","Politick\u00E1 strana nebo hnut\u00ED"],"iri":"https://mv.gov.cz/api/boards/SPS/strana/494","url":"https://aplikace.mv.gov.cz/seznam-politickych-stran/Vypis_Rejstrik.aspx?id=494","n\u00E1zev":"NEZ\u00C1VISL\u00CD KANDID\u00C1TI DO SEN\u00C1TU","zkratka":"NSK","adresa_s\u00EDdla":"538 43 T\u0159emo\u0161nice, Lipovec 47","den_registrace":"2016-07-26","\u010D\u00EDslo_registrace":"MV-90401-4/VS-2016","identifika\u010Dn\u00ED_\u010D\u00EDslo":"5266009","statut\u00E1rn\u00ED_org\u00E1n":"P\u0159edseda.","pozn\u00E1mka":"","organiza\u010Dn\u00ED_jednotky":["m\u00EDstn\u00ED spole\u010Denstv\u00ED"],"osoby":[{"typ":"Osoba","funkce":"p\u0159edseda:","jm\u00E9no":"RNDr. Emanuel \u017D\u010F\u00E1rsk\u00FD","datum_narozen\u00ED":"1957-09-03","adresa_ulice":"","adresa_m\u011Bsto":"538 03 Ho\u0161\u0165alovice 58","platnost_od":"2017-01-02"}]},{"typ":["Digit\u00E1ln\u00ED objekt","Politick\u00E1 strana nebo hnut\u00ED"],"iri":"https://mv.gov.cz/api/boards/SPS/strana/495","url":"https://aplikace.mv.gov.cz/seznam-politickych-stran/Vypis_Rejstrik.aspx?id=495","n\u00E1zev":"Evolution-Mind","zkratka":"EM","adresa_s\u00EDdla":"190 16 Praha, Male\u0161ovsk\u00E1 1650","den_registrace":"2016-09-14","\u010D\u00EDslo_registrace":"MV-120248-2/VS-2016","identifika\u010Dn\u00ED_\u010D\u00EDslo":"5391628","statut\u00E1rn\u00ED_org\u00E1n":"P\u0159edseda","pozn\u00E1mka":"","organiza\u010Dn\u00ED_jednotky":[],"osoby":[{"typ":"Osoba","funkce":"p\u0159edseda:","jm\u00E9no":"Petr Chobot","datum_narozen\u00ED":"1967-07-03","adresa_ulice":"Vlastina 850/36","adresa_m\u011Bsto":"161 00 Praha","platnost_od":"2017-01-16"}]},{"typ":["Digit\u00E1ln\u00ED objekt","Politick\u00E1 strana nebo hnut\u00ED"],"iri":"https://mv.gov.cz/api/boards/SPS/strana/496","url":"https://aplikace.mv.gov.cz/seznam-politickych-stran/Vypis_Rejstrik.aspx?id=496","n\u00E1zev":"Aliance pro budoucnost","zkratka":"APB","adresa_s\u00EDdla":"140 00 Praha, Pacovsk\u00E1 2104/1","den_registrace":"2016-09-19","\u010D\u00EDslo_registrace":"MV-96933-7/VS-2016","identifika\u010Dn\u00ED_\u010D\u00EDslo":"5402450","statut\u00E1rn\u00ED_org\u00E1n":"P\u0159edsednictvo, za kter\u00E9 jedn\u00E1 samostatn\u011B p\u0159edseda nebo spole\u010Dn\u011B m\u00EDstop\u0159edseda a jeden dal\u0161\u00ED \u010Dlen p\u0159edsednictva.","posledn\u00ED_zm\u011Bna_stanov":"2021-07-12","pozn\u00E1mka":"","organiza\u010Dn\u00ED_jednotky":["krajsk\u00E1 organizace","z\u00E1kladn\u00ED organizace"],"osoby":[{"typ":"Osoba","funkce":"p\u0159edseda:","jm\u00E9no":"Ing. Pavel Sehnal","datum_narozen\u00ED":"1964-07-01","adresa_ulice":"Vele\u0161\u00EDnsk\u00E1 334","adresa_m\u011Bsto":"199 00 Praha","platnost_od":"2016-11-30"},{"typ":"Osoba","funkce":"m\u00EDstop\u0159edseda:","jm\u00E9no":"RNDr. Zden\u011Bk  Somr","datum_narozen\u00ED":"1959-11-14","adresa_ulice":"Palack\u00E9ho t\u0159\u00EDda 116/25","adresa_m\u011Bsto":"288 02 Nymburk","platnost_od":"2023-01-24"},{"typ":"Osoba","funkce":"\u010Dlen:","jm\u00E9no":"Ing. Petr Kachl\u00EDk","datum_narozen\u00ED":"1954-06-01","adresa_ulice":"Za zahradami 398/6","adresa_m\u011Bsto":"109 00 Praha","platnost_od":"2016-11-30"},{"typ":"Osoba","funkce":"\u010Dlen:","jm\u00E9no":"Ing. Ji\u0159\u00ED Stan\u011Bk","datum_narozen\u00ED":"1957-07-10","adresa_ulice":"U Albrechtova vrchu 1150/26","adresa_m\u011Bsto":"155 00 Praha","platnost_od":"2016-11-30"},{"typ":"Osoba","funkce":"\u010Dlen:","jm\u00E9no":"Ji\u0159\u00ED Kudl\u00E1\u010Dek","datum_narozen\u00ED":"1958-10-14","adresa_ulice":"Pod B\u00EDl\u00FDm kamenem 1807","adresa_m\u011Bsto":"753 01 Hranice","platnost_od":"2020-07-15"},{"typ":"Osoba","funkce":"\u010Dlen:","jm\u00E9no":"Mgr. Ji\u0159\u00ED B\u00EDlek","datum_narozen\u00ED":"1973-07-09","adresa_ulice":"Ak\u00E1tova 348","adresa_m\u011Bsto":"251 01 \u010Cestlice","platnost_od":"2023-01-24"}]},{"typ":["Digit\u00E1ln\u00ED objekt","Politick\u00E1 strana nebo hnut\u00ED"],"iri":"https://mv.gov.cz/api/boards/SPS/strana/497","url":"https://aplikace.mv.gov.cz/seznam-politickych-stran/Vypis_Rejstrik.aspx?id=497","n\u00E1zev":"PLUS","zkratka":"PLUS","adresa_s\u00EDdla":"130 00 Praha, Seifertova 455/17","den_registrace":"2016-11-30","\u010D\u00EDslo_registrace":"MV-153951-2/VS-2016","identifika\u010Dn\u00ED_\u010D\u00EDslo":"5598966","statut\u00E1rn\u00ED_org\u00E1n":"P\u0159edstavenstvo, za kter\u00E9 jednaj\u00ED samostatn\u011B p\u0159edseda a m\u00EDstop\u0159edseda.","posledn\u00ED_zm\u011Bna_stanov":"2021-07-28","pozn\u00E1mka":"","organiza\u010Dn\u00ED_jednotky":[],"osoby":[{"typ":"Osoba","funkce":"p\u0159edseda:","jm\u00E9no":"PhDr. Jind\u0159ich  Kadlec","datum_narozen\u00ED":"1957-12-03","adresa_ulice":"Vondrou\u0161ova 1161/2","adresa_m\u011Bsto":"163 00 Praha","platnost_od":"2016-12-15"},{"typ":"Osoba","funkce":"m\u00EDstop\u0159edseda:","jm\u00E9no":"Ji\u0159\u00ED Masopust","datum_narozen\u00ED":"1970-04-27","adresa_ulice":"Vondrou\u0161ova 1217/32","adresa_m\u011Bsto":"163 00 Praha","platnost_od":"2016-12-15"},{"typ":"Osoba","funkce":"\u010Dlenka:","jm\u00E9no":"MUDr. Mark\u00E9ta Pek\u00E1rkov\u00E1","datum_narozen\u00ED":"1963-01-24","adresa_ulice":"Soch\u00E1\u0148ova 1134/5","adresa_m\u011Bsto":"163 00 Praha","platnost_od":"2016-12-15"}]},{"typ":["Digit\u00E1ln\u00ED objekt","Politick\u00E1 strana nebo hnut\u00ED"],"iri":"https://mv.gov.cz/api/boards/SPS/strana/498","url":"https://aplikace.mv.gov.cz/seznam-politickych-stran/Vypis_Rejstrik.aspx?id=498","n\u00E1zev":"ProMOST","zkratka":"ProMOST","adresa_s\u00EDdla":"434 01 Most, Jakuba Arbesa 2600/1","den_registrace":"2016-12-15","\u010D\u00EDslo_registrace":"MV-155357-4/VS-2016","identifika\u010Dn\u00ED_\u010D\u00EDslo":"1870360","statut\u00E1rn\u00ED_org\u00E1n":"P\u0159edsednictvo, za kter\u00E9 jedn\u00E1 p\u0159edseda nebo 1. m\u00EDstop\u0159edseda samostatn\u011B nebo m\u00EDstop\u0159edseda spolu s alespo\u0148 1 dal\u0161\u00EDm \u010Dlenem p\u0159edsednictva spole\u010Dn\u011B.","posledn\u00ED_zm\u011Bna_stanov":"2018-05-02","pozn\u00E1mka":"","organiza\u010Dn\u00ED_jednotky":["z\u00E1kladn\u00ED organizace"],"osoby":[{"typ":"Osoba","funkce":"p\u0159edseda:","jm\u00E9no":"Ing. Marek Hrvol","datum_narozen\u00ED":"1988-06-07","adresa_ulice":"Slune\u010Dn\u00E1 709","adresa_m\u011Bsto":"434 01 Most","platnost_od":"2017-02-08"},{"typ":"Osoba","funkce":"1. m\u00EDstop\u0159edseda:","jm\u00E9no":"Mgr. Jan Paparega","datum_narozen\u00ED":"1981-09-13","adresa_ulice":"S. K. Neumanna 1761/11","adresa_m\u011Bsto":"434 01 Most","platnost_od":"2017-02-08"},{"typ":"Osoba","funkce":"m\u00EDstop\u0159edseda:","jm\u00E9no":"Ing. Ond\u0159ej M\u00E1lek","datum_narozen\u00ED":"1986-01-26","adresa_ulice":"Zahra\u017Eansk\u00E1 1505/4","adresa_m\u011Bsto":"434 01 Most","platnost_od":"2017-02-08"},{"typ":"Osoba","funkce":"\u010Dlen:","jm\u00E9no":"Petr Form\u00E1nek","datum_narozen\u00ED":"1980-05-14","adresa_ulice":"","adresa_m\u011Bsto":"434 01 Most 1207","platnost_od":"2016-12-15"},{"typ":"Osoba","funkce":"\u010Dlen:","jm\u00E9no":"Ing. Ji\u0159\u00ED Turis","datum_narozen\u00ED":"1962-06-08","adresa_ulice":"Jarmily Glazarov\u00E9 901/7","adresa_m\u011Bsto":"434 01 Most","platnost_od":"2016-12-15"}]},{"typ":["Digit\u00E1ln\u00ED objekt","Politick\u00E1 strana nebo hnut\u00ED"],"iri":"https://mv.gov.cz/api/boards/SPS/strana/499","url":"https://aplikace.mv.gov.cz/seznam-politickych-stran/Vypis_Rejstrik.aspx?id=499","n\u00E1zev":"REALIST\u00C9","zkratka":"REAL","adresa_s\u00EDdla":"140 00 Praha, Pod vi\u0161\u0148ovkou 1661/33","den_registrace":"2016-12-15","\u010D\u00EDslo_registrace":"MV-155359-5/VS-2016","identifika\u010Dn\u00ED_\u010D\u00EDslo":"5632595","statut\u00E1rn\u00ED_org\u00E1n":"Dva tajemn\u00EDci, jednaj\u00EDc\u00ED ka\u017Ed\u00FD samostatn\u011B.","posledn\u00ED_zm\u011Bna_stanov":"2016-12-21","pozn\u00E1mka":"","organiza\u010Dn\u00ED_jednotky":["klub"],"osoby":[{"typ":"Osoba","funkce":"tajemn\u00EDk:","jm\u00E9no":"Mgr. Michal Moroz","datum_narozen\u00ED":"1980-07-21","adresa_ulice":"B\u011Blehradsk\u00E1 1116/31","adresa_m\u011Bsto":"120 00 Praha","platnost_od":"2017-01-11"},{"typ":"Osoba","funkce":"tajemn\u00EDk:","jm\u00E9no":"RNDr. Ji\u0159\u00ED Hynek","datum_narozen\u00ED":"1960-12-20","adresa_ulice":"Plaveck\u00E1 947","adresa_m\u011Bsto":"252 42 Jesenice","platnost_od":"2017-01-11"}]},{"typ":["Digit\u00E1ln\u00ED objekt","Politick\u00E1 strana nebo hnut\u00ED"],"iri":"https://mv.gov.cz/api/boards/SPS/strana/500","url":"https://aplikace.mv.gov.cz/seznam-politickych-stran/Vypis_Rejstrik.aspx?id=500","n\u00E1zev":"CESTA ODPOV\u011ADN\u00C9 SPOLE\u010CNOSTI","zkratka":"CESTA","adresa_s\u00EDdla":"102 00 Praha, Gercenova 856/3","den_registrace":"2017-01-27","\u010D\u00EDslo_registrace":"MV-160151-4/VS-2016","identifika\u010Dn\u00ED_\u010D\u00EDslo":"5754577","statut\u00E1rn\u00ED_org\u00E1n":"P\u0159edsednictvo, za kter\u00E9 jedn\u00E1 P\u0159edseda samostatn\u011B v t\u011Bchto konkr\u00E9tn\u00EDch p\u0159\u00EDpadech:a) ve\u0161ker\u00E9 administrativn\u00ED \u00FAkony a pln\u011Bn\u00ED z\u00E1konn\u00FDch povinnost\u00ED v\u016F\u010Di st\u00E1tu a st\u00E1tn\u00EDm org\u00E1n\u016Fm,b) ve\u0161ker\u00E9 administrativn\u00ED \u00FAkony v\u016F\u010Di bank\u00E1m (krom\u011B sjedn\u00E1v\u00E1n\u00ED \u00FAv\u011Bru nad 100 000 K\u010D.), c) podepisov\u00E1n\u00ED smluv s dodavateli slu\u017Eeb do v\u00FD\u0161e ro\u010Dn\u00EDch n\u00E1klad\u016F 100 000 K\u010D., v ostatn\u00EDch p\u0159\u00EDpadech jednaj\u00ED spole\u010Dn\u011B P\u0159edseda a 1. M\u00EDstop\u0159edseda.","posledn\u00ED_zm\u011Bna_stanov":"2024-05-13","pozn\u00E1mka":"","organiza\u010Dn\u00ED_jednotky":["M\u00EDstn\u00ED kluby","Region\u00E1ln\u00ED centra"],"osoby":[{"typ":"Osoba","funkce":"P\u0159edseda:","jm\u00E9no":"Jan  Kub\u00EDn","datum_narozen\u00ED":"1963-11-10","adresa_ulice":"Gercenova 856/3","adresa_m\u011Bsto":"102 00 Praha","platnost_od":"2020-09-05"},{"typ":"Osoba","funkce":"1. m\u00EDstop\u0159edseda:","jm\u00E9no":"Jaroslav Kucha\u0159","datum_narozen\u00ED":"1963-07-06","adresa_ulice":"Sukova 1609","adresa_m\u011Bsto":"432 01 Kada\u0148","platnost_od":"2024-04-20"},{"typ":"Osoba","funkce":"m\u00EDstop\u0159edseda:","jm\u00E9no":"Old\u0159ich Zima","datum_narozen\u00ED":"1961-05-06","adresa_ulice":"St\u0159\u00EDbrn\u00FD potok  139","adresa_m\u011Bsto":"500 09 Hradec Kr\u00E1lov\u00E9","platnost_od":"2024-04-20"}]},{"typ":["Digit\u00E1ln\u00ED objekt","Politick\u00E1 strana nebo hnut\u00ED"],"iri":"https://mv.gov.cz/api/boards/SPS/strana/501","url":"https://aplikace.mv.gov.cz/seznam-politickych-stran/Vypis_Rejstrik.aspx?id=501","n\u00E1zev":"Motorist\u00E9 sob\u011B","zkratka":"AUTO","adresa_s\u00EDdla":"118 00 Praha, Thunovsk\u00E1 183/18","den_registrace":"2017-04-04","\u010D\u00EDslo_registrace":"MV-41233-3/VS-2017","identifika\u010Dn\u00ED_\u010D\u00EDslo":"5989175","statut\u00E1rn\u00ED_org\u00E1n":"P\u0159edsednictvo, za kter\u00E9 jedn\u00E1 samostatn\u011B p\u0159edseda ve v\u0161ech z\u00E1le\u017Eitostech nebo p\u0159edsedou p\u00EDsemn\u011B pov\u011B\u0159en\u00FD \u010Dlen p\u0159edsednictva.","posledn\u00ED_zm\u011Bna_stanov":"2025-12-01","pozn\u00E1mka":"","organiza\u010Dn\u00ED_jednotky":["krajsk\u00E9 organizace","okresn\u00ED organizace"],"osoby":[{"typ":"Osoba","funkce":"p\u0159edseda:","jm\u00E9no":"Mgr. Petr Macinka","datum_narozen\u00ED":"1978-08-18","adresa_ulice":"Plze\u0148sk\u00E1 381/64","adresa_m\u011Bsto":"150 00 Praha","platnost_od":"2022-05-20"},{"typ":"Osoba","funkce":"m\u00EDstop\u0159edsedkyn\u011B:","jm\u00E9no":"Bc. Renata  Mar\u0161\u00EDkov\u00E1","datum_narozen\u00ED":"1983-04-25","adresa_ulice":"Na domovin\u011B  1081/2","adresa_m\u011Bsto":"142 00 Praha","platnost_od":"2025-11-10"},{"typ":"Osoba","funkce":"m\u00EDstop\u0159edseda:","jm\u00E9no":"Mgr. Ji\u0159\u00ED  Bart\u00E1k","datum_narozen\u00ED":"1967-10-14","adresa_ulice":"Z\u00E1les\u00ED 1073/7","adresa_m\u011Bsto":"142 00 Praha","platnost_od":"2025-11-10"}]},{"typ":["Digit\u00E1ln\u00ED objekt","Politick\u00E1 strana nebo hnut\u00ED"],"iri":"https://mv.gov.cz/api/boards/SPS/strana/502","url":"https://aplikace.mv.gov.cz/seznam-politickych-stran/Vypis_Rejstrik.aspx?id=502","n\u00E1zev":"BEZPE\u010CNOST, ODPOV\u011ADNOST, SOLIDARITA","zkratka":"BOS","adresa_s\u00EDdla":"500 02 Hradec Kr\u00E1lov\u00E9, Veverkova 1343/1","den_registrace":"2017-04-25","\u010D\u00EDslo_registrace":"MV-44645-4/VS-2017","identifika\u010Dn\u00ED_\u010D\u00EDslo":"6048099","statut\u00E1rn\u00ED_org\u00E1n":"P\u0159edsednictvo \u00DAst\u0159edn\u00ED rady hnut\u00ED, za kter\u00E9 jedn\u00E1 spole\u010Dn\u011B p\u0159edseda s dal\u0161\u00EDm m\u00EDstop\u0159edsedou nebo prvn\u00ED m\u00EDstop\u0159edseda spole\u010Dn\u011B s dal\u0161\u00EDm m\u00EDstop\u0159edsedou","posledn\u00ED_zm\u011Bna_stanov":"2020-09-03","pozn\u00E1mka":"","organiza\u010Dn\u00ED_jednotky":["krajsk\u00E1 organizace","m\u00EDstn\u00ED kluby"],"osoby":[{"typ":"Osoba","funkce":"p\u0159edseda:","jm\u00E9no":"Jaroslav Ba\u0161ta","datum_narozen\u00ED":"1948-05-15","adresa_ulice":"Jun\u00E1ck\u00E1 1469/11","adresa_m\u011Bsto":"169 00 Praha","platnost_od":"2020-11-12"},{"typ":"Osoba","funkce":"1. m\u00EDstop\u0159edseda:","jm\u00E9no":"JUDr. Josef Kvasni\u010Dka","datum_narozen\u00ED":"1950-08-20","adresa_ulice":"Kv\u011Btn\u00E1 363","adresa_m\u011Bsto":"351 35 Plesn\u00E1","platnost_od":"2020-06-27"},{"typ":"Osoba","funkce":"m\u00EDstop\u0159edseda:","jm\u00E9no":"JUDr. Josef Van\u011Bk","datum_narozen\u00ED":"1949-02-03","adresa_ulice":"","adresa_m\u011Bsto":"351 32 Hazlov 285","platnost_od":"2020-07-09"},{"typ":"Osoba","funkce":"m\u00EDstop\u0159edseda:","jm\u00E9no":"Ji\u0159\u00ED Osadn\u00EDk","datum_narozen\u00ED":"1953-11-28","adresa_ulice":"Palack\u00E9ho 1986/74","adresa_m\u011Bsto":"741 01 Nov\u00FD Ji\u010D\u00EDn","platnost_od":"2020-07-09"}]},{"typ":["Digit\u00E1ln\u00ED objekt","Politick\u00E1 strana nebo hnut\u00ED"],"iri":"https://mv.gov.cz/api/boards/SPS/strana/503","url":"https://aplikace.mv.gov.cz/seznam-politickych-stran/Vypis_Rejstrik.aspx?id=503","n\u00E1zev":"Pra\u017Esk\u00E1 m\u011Bstsk\u00E1 strana PRAHA SOB\u011A","zkratka":"PRAHA SOB\u011A","adresa_s\u00EDdla":"170 00 Praha, \u0160meralova 198/25","den_registrace":"2017-05-03","\u010D\u00EDslo_registrace":"MV-49387-4/VS-2017","identifika\u010Dn\u00ED_\u010D\u00EDslo":"6070108","statut\u00E1rn\u00ED_org\u00E1n":"Rada, za kterou jedn\u00E1 l\u00EDdr nebo m\u00EDstop\u0159edseda, a to ka\u017Ed\u00FD samostatn\u011B.","posledn\u00ED_zm\u011Bna_stanov":"2024-01-26","pozn\u00E1mka":"","organiza\u010Dn\u00ED_jednotky":[],"osoby":[{"typ":"Osoba","funkce":"l\u00EDdr:","jm\u00E9no":"Adam Scheinherr","datum_narozen\u00ED":"1987-04-19","adresa_ulice":"Argentinsk\u00E1 1284/6","adresa_m\u011Bsto":"170 00 Praha","platnost_od":"2024-03-13"},{"typ":"Osoba","funkce":"m\u00EDstop\u0159edseda:","jm\u00E9no":"Jan \u010Ci\u017Einsk\u00FD","datum_narozen\u00ED":"1978-04-22","adresa_ulice":"Veletr\u017En\u00ED 405/31","adresa_m\u011Bsto":"170 00 Praha","platnost_od":"2024-05-13"},{"typ":"Osoba","funkce":"\u010Dlen:","jm\u00E9no":"David Bouz","datum_narozen\u00ED":"1997-09-06","adresa_ulice":"K lou\u017Ei 1257/8","adresa_m\u011Bsto":"101 00 Praha","platnost_od":"2024-02-16"},{"typ":"Osoba","funkce":"\u010Dlen:","jm\u00E9no":"Anton\u00EDn Koke\u0161","datum_narozen\u00ED":"1970-08-19","adresa_ulice":"Korunn\u00ED 1000/37","adresa_m\u011Bsto":"120 00 Praha","platnost_od":"2024-02-16"},{"typ":"Osoba","funkce":"\u010Dlen:","jm\u00E9no":"Pavel Zelenka","datum_narozen\u00ED":"1970-12-17","adresa_ulice":"Kosteln\u00ED 36/36","adresa_m\u011Bsto":"170 00 Praha","platnost_od":"2024-02-16"},{"typ":"Osoba","funkce":"\u010Dlen:","jm\u00E9no":"Ond\u0159ej Svoboda","datum_narozen\u00ED":"1994-06-07","adresa_ulice":"K\u0159ejpsk\u00E9ho 1531/6","adresa_m\u011Bsto":"149 00 Praha","platnost_od":"2024-05-13"},{"typ":"Osoba","funkce":"\u010Dlen:","jm\u00E9no":"Petr Zeman","datum_narozen\u00ED":"1968-08-16","adresa_ulice":"Vyb\u00EDralova 964/8","adresa_m\u011Bsto":"198 00 Praha","platnost_od":"2024-05-13"},{"typ":"Osoba","funkce":"\u010Dlenka:","jm\u00E9no":"Lucie Boudov\u00E1","datum_narozen\u00ED":"1982-11-02","adresa_ulice":"Drtinova 327/15","adresa_m\u011Bsto":"150 00 Praha","platnost_od":"2024-02-16"},{"typ":"Osoba","funkce":"\u010Dlenka:","jm\u00E9no":"Krist\u00FDna Dr\u00E1palov\u00E1","datum_narozen\u00ED":"1991-03-28","adresa_ulice":"\u010Cimick\u00E1 253/21","adresa_m\u011Bsto":"182 00 Praha","platnost_od":"2024-02-16"},{"typ":"Osoba","funkce":"\u010Dlenka:","jm\u00E9no":"Hana T\u0159e\u0161t\u00EDkov\u00E1","datum_narozen\u00ED":"1982-03-21","adresa_ulice":"Kosteln\u00ED 1103/14","adresa_m\u011Bsto":"170 00 Praha","platnost_od":"2024-02-16"},{"typ":"Osoba","funkce":"\u010Dlenka:","jm\u00E9no":"Mariana \u010Capkov\u00E1","datum_narozen\u00ED":"1983-08-08","adresa_ulice":"B\u011Blohorsk\u00E1 517/181","adresa_m\u011Bsto":"169 00 Praha","platnost_od":"2024-05-13"}]},{"typ":["Digit\u00E1ln\u00ED objekt","Politick\u00E1 strana nebo hnut\u00ED"],"iri":"https://mv.gov.cz/api/boards/SPS/strana/504","url":"https://aplikace.mv.gov.cz/seznam-politickych-stran/Vypis_Rejstrik.aspx?id=504","n\u00E1zev":"Ob\u010Dan\u00E9 za spokojen\u00E9 bydlen\u00ED","zkratka":"OSB","adresa_s\u00EDdla":"120 00 Praha, Blanick\u00E1 1787/22","den_registrace":"2017-05-19","\u010D\u00EDslo_registrace":"MV-59313-4/VS-2017","identifika\u010Dn\u00ED_\u010D\u00EDslo":"6118658","statut\u00E1rn\u00ED_org\u00E1n":"P\u0159edseda a m\u00EDstop\u0159edseda, ka\u017Ed\u00FD jedn\u00E1 za hnut\u00ED samostatn\u011B.","pozn\u00E1mka":"","organiza\u010Dn\u00ED_jednotky":[],"osoby":[{"typ":"Osoba","funkce":"p\u0159edseda:","jm\u00E9no":"Ing. Zden\u011Bk Michl","datum_narozen\u00ED":"1979-09-08","adresa_ulice":"Dittrichova 328/19","adresa_m\u011Bsto":"120 00 Praha","platnost_od":"2017-06-29"},{"typ":"Osoba","funkce":"m\u00EDstop\u0159edseda:","jm\u00E9no":"Ing. Martin J\u00EDrovec","datum_narozen\u00ED":"1968-12-17","adresa_ulice":"Na Libu\u0161ince 128/1","adresa_m\u011Bsto":"128 00 Praha","platnost_od":"2017-06-29"}]},{"typ":["Digit\u00E1ln\u00ED objekt","Politick\u00E1 strana nebo hnut\u00ED"],"iri":"https://mv.gov.cz/api/boards/SPS/strana/505","url":"https://aplikace.mv.gov.cz/seznam-politickych-stran/Vypis_Rejstrik.aspx?id=505","n\u00E1zev":"SPORTOVCI","zkratka":"SPORTOVCI","adresa_s\u00EDdla":"679 22 Lip\u016Fvka 319","den_registrace":"2017-07-20","\u010D\u00EDslo_registrace":"MV-86138-2/VS-2017","identifika\u010Dn\u00ED_\u010D\u00EDslo":"6286950","statut\u00E1rn\u00ED_org\u00E1n":"P\u0159edseda a v\u00FDkonn\u00FD tajemn\u00EDk, kte\u0159\u00ED jednaj\u00ED samostatn\u011B.","posledn\u00ED_zm\u011Bna_stanov":"2017-08-29","pozn\u00E1mka":"","organiza\u010Dn\u00ED_jednotky":[],"osoby":[{"typ":"Osoba","funkce":"p\u0159edseda:","jm\u00E9no":"Miroslav Proch\u00E1zka","datum_narozen\u00ED":"1980-06-18","adresa_ulice":"Filipova 821/6","adresa_m\u011Bsto":"635 00 Brno","platnost_od":"2019-08-11"},{"typ":"Osoba","funkce":"v\u00FDkonn\u00FD tajemn\u00EDk: ","jm\u00E9no":"Martin Sehnal","datum_narozen\u00ED":"1991-07-15","adresa_ulice":"","adresa_m\u011Bsto":"679 22 Lip\u016Fvka 319","platnost_od":"2017-07-27"}]},{"typ":["Digit\u00E1ln\u00ED objekt","Politick\u00E1 strana nebo hnut\u00ED"],"iri":"https://mv.gov.cz/api/boards/SPS/strana/506","url":"https://aplikace.mv.gov.cz/seznam-politickych-stran/Vypis_Rejstrik.aspx?id=506","n\u00E1zev":"Unie Hrdosti, Aktivity, Vlastenectv\u00ED, Empatie a Lidskosti 2017","zkratka":"Unie H.A.V.E.L.17","adresa_s\u00EDdla":"181 00 Praha, \u010Cimick\u00E1 269/102","den_registrace":"2017-08-09","\u010D\u00EDslo_registrace":"MV-93734-4/VS-2017","identifika\u010Dn\u00ED_\u010D\u00EDslo":"6335233","statut\u00E1rn\u00ED_org\u00E1n":"P\u0159edseda","pozn\u00E1mka":"","organiza\u010Dn\u00ED_jednotky":[],"osoby":[]},{"typ":["Digit\u00E1ln\u00ED objekt","Politick\u00E1 strana nebo hnut\u00ED"],"iri":"https://mv.gov.cz/api/boards/SPS/strana/507","url":"https://aplikace.mv.gov.cz/seznam-politickych-stran/Vypis_Rejstrik.aspx?id=507","n\u00E1zev":"Radostn\u00E9 \u010Cesko","zkratka":"R\u010C","adresa_s\u00EDdla":"169 00 Praha, Roz\u00FDnova 2080/8","den_registrace":"2017-08-10","\u010D\u00EDslo_registrace":"MV-94196-4/VS-2017","identifika\u010Dn\u00ED_\u010D\u00EDslo":"6339875","statut\u00E1rn\u00ED_org\u00E1n":"P\u0159edsednictvo, za kter\u00E9 jedn\u00E1 samostatn\u011B p\u0159edseda nebo dva m\u00EDstop\u0159edsedov\u00E9 spole\u010Dn\u011B.","pozn\u00E1mka":"","organiza\u010Dn\u00ED_jednotky":[],"osoby":[{"typ":"Osoba","funkce":"p\u0159edseda:","jm\u00E9no":"Boleslav Buzek","datum_narozen\u00ED":"1970-05-01","adresa_ulice":"","adresa_m\u011Bsto":"739 11 Fr\u00FDdlant nad Ostravic\u00ED 466","platnost_od":"2017-08-11"},{"typ":"Osoba","funkce":"m\u00EDstop\u0159edseda:","jm\u00E9no":"Martin Baroch","datum_narozen\u00ED":"1972-02-02","adresa_ulice":"Va\u0161\u00ED\u010Dkova 645","adresa_m\u011Bsto":"272 04 Kladno","platnost_od":"2019-03-09"}]},{"typ":["Digit\u00E1ln\u00ED objekt","Politick\u00E1 strana nebo hnut\u00ED"],"iri":"https://mv.gov.cz/api/boards/SPS/strana/508","url":"https://aplikace.mv.gov.cz/seznam-politickych-stran/Vypis_Rejstrik.aspx?id=508","n\u00E1zev":"Tak jo!","zkratka":"TJ.","adresa_s\u00EDdla":"143 00 Praha, Na Cikorce 1607/18","den_registrace":"2017-08-11","\u010D\u00EDslo_registrace":"MV-96373-5/VS-2017","identifika\u010Dn\u00ED_\u010D\u00EDslo":"6342582","statut\u00E1rn\u00ED_org\u00E1n":"P\u0159edsednictvo, za kter\u00E9 jedn\u00E1 p\u0159edseda spole\u010Dn\u011B s jedn\u00EDm m\u00EDstop\u0159edsedou. Ve v\u011Bcech politick\u00FDch \u010Dinnost\u00ED a uzav\u00EDr\u00E1n\u00ED souvisej\u00EDc\u00EDch dohod jednaj\u00ED p\u0159edseda spole\u010Dn\u011B se v\u0161emi \u010Dleny p\u0159edsednictva.","posledn\u00ED_zm\u011Bna_stanov":"2018-06-19","pozn\u00E1mka":"","organiza\u010Dn\u00ED_jednotky":["m\u00EDstn\u00ED sdru\u017Een\u00ED","oblastn\u00ED sdru\u017Een\u00ED"],"osoby":[]},{"typ":["Digit\u00E1ln\u00ED objekt","Politick\u00E1 strana nebo hnut\u00ED"],"iri":"https://mv.gov.cz/api/boards/SPS/strana/509","url":"https://aplikace.mv.gov.cz/seznam-politickych-stran/Vypis_Rejstrik.aspx?id=509","n\u00E1zev":"Hav\u00ED\u0159ovsk\u00FD dru\u017Estevn\u00EDk","zkratka":"HD","adresa_s\u00EDdla":"735 64 Hav\u00ED\u0159ov, Hornosu\u0161sk\u00E1 1041/2","den_registrace":"2017-11-02","\u010D\u00EDslo_registrace":"MV-115930-4/VS-2017","identifika\u010Dn\u00ED_\u010D\u00EDslo":"6576095","statut\u00E1rn\u00ED_org\u00E1n":"P\u0159edsednictvo, za kter\u00E9 jedn\u00E1 p\u0159edseda, p\u0159\u00EDpadn\u011B m\u00EDstop\u0159edseda nebo pov\u011B\u0159en\u00FD \u010Dlen p\u0159edsednictva.","posledn\u00ED_zm\u011Bna_stanov":"2019-04-23","pozn\u00E1mka":"","organiza\u010Dn\u00ED_jednotky":[],"osoby":[{"typ":"Osoba","funkce":"p\u0159edseda:","jm\u00E9no":"","adresa_ulice":"","adresa_m\u011Bsto":"","platnost_od":"2019-05-20"},{"typ":"Osoba","funkce":"\u010Dlen:","jm\u00E9no":"Roman Kolodziej","datum_narozen\u00ED":"1971-08-31","adresa_ulice":"","adresa_m\u011Bsto":"735 34 Stonava 1073","platnost_od":"2018-03-15"},{"typ":"Osoba","funkce":"\u010Dlen:","jm\u00E9no":"V\u00E1clav Lolek","datum_narozen\u00ED":"1972-06-14","adresa_ulice":"Ak\u00E1tov\u00E1 461/7","adresa_m\u011Bsto":"736 01 Hav\u00ED\u0159ov","platnost_od":"2018-03-15"},{"typ":"Osoba","funkce":"\u010Dlenka:","jm\u00E9no":"Jana Zamrazilov\u00E1","datum_narozen\u00ED":"1948-10-29","adresa_ulice":"Ml\u00E1d\u00ED 1102/5","adresa_m\u011Bsto":"736 01 Hav\u00ED\u0159ov","platnost_od":"2018-03-15"}]},{"typ":["Digit\u00E1ln\u00ED objekt","Politick\u00E1 strana nebo hnut\u00ED"],"iri":"https://mv.gov.cz/api/boards/SPS/strana/510","url":"https://aplikace.mv.gov.cz/seznam-politickych-stran/Vypis_Rejstrik.aspx?id=510","n\u00E1zev":"SEN 21","zkratka":"SEN 21","adresa_s\u00EDdla":"150 00 Praha, \u0160tef\u00E1nikova 1/65","den_registrace":"2017-12-19","\u010D\u00EDslo_registrace":"MV-133520-6/VS-2017","identifika\u010Dn\u00ED_\u010D\u00EDslo":"6695205","statut\u00E1rn\u00ED_org\u00E1n":"P\u0159edseda samostatn\u011B nebo 1. m\u00EDstop\u0159edseda a m\u00EDstop\u0159edseda, a to v\u017Edy spole\u010Dn\u011B.","posledn\u00ED_zm\u011Bna_stanov":"2024-11-28","pozn\u00E1mka":"","organiza\u010Dn\u00ED_jednotky":["krajsk\u00E9 organizace","m\u00EDstn\u00ED organizace"],"osoby":[{"typ":"Osoba","funkce":"p\u0159edseda:","jm\u00E9no":"Mgr. V\u00E1clav L\u00E1ska","datum_narozen\u00ED":"1974-08-04","adresa_ulice":"Nad Palatou 3073/31","adresa_m\u011Bsto":"150 00 Praha","platnost_od":"2018-04-24"},{"typ":"Osoba","funkce":"1.m\u00EDstop\u0159edsedkyn\u011B:","jm\u00E9no":"Monika Shaw Salajov\u00E1 MSc.","datum_narozen\u00ED":"1987-03-26","adresa_ulice":"Naskov\u00E9 1318/1d","adresa_m\u011Bsto":"150 00 Praha","platnost_od":"2022-03-15"},{"typ":"Osoba","funkce":"m\u00EDstop\u0159edseda:","jm\u00E9no":"","adresa_ulice":"","adresa_m\u011Bsto":"","platnost_od":"2024-10-31"}]},{"typ":["Digit\u00E1ln\u00ED objekt","Politick\u00E1 strana nebo hnut\u00ED"],"iri":"https://mv.gov.cz/api/boards/SPS/strana/511","url":"https://aplikace.mv.gov.cz/seznam-politickych-stran/Vypis_Rejstrik.aspx?id=511","n\u00E1zev":"Ob\u010Dan\u00E9 m\u011Bstsk\u00FDch \u010D\u00E1st\u00ED Opavy","zkratka":"OM\u010CO","adresa_s\u00EDdla":"747 73 Opava, Novosv\u011Btsk\u00E1 121/28","den_registrace":"2018-02-13","\u010D\u00EDslo_registrace":"MV-142464-4/VS-2017","identifika\u010Dn\u00ED_\u010D\u00EDslo":"6860176","statut\u00E1rn\u00ED_org\u00E1n":"P\u0159edstavenstvo, za kter\u00E9 jednaj\u00ED spole\u010Dn\u011B 2 \u010Dlenov\u00E9, z nich\u017E alespo\u0148 jeden je p\u0159edsedou a druh\u00FD \u010Dlenem p\u0159edstavenstva anebo spole\u010Dn\u011B t\u0159emi \u010Dleny p\u0159edstavenstva, z nich\u017E jeden je m\u00EDstop\u0159edsedou hnut\u00ED a dal\u0161\u00ED dva jsou \u010Dleny p\u0159edstavenstva hnut\u00ED.","pozn\u00E1mka":"","organiza\u010Dn\u00ED_jednotky":[],"osoby":[{"typ":"Osoba","funkce":"p\u0159edseda:","jm\u00E9no":"Miroslav Ko\u0159istka","datum_narozen\u00ED":"1971-08-11","adresa_ulice":"Povod\u0148ov\u00E1 190/5","adresa_m\u011Bsto":"747 73 Opava","platnost_od":"2018-03-16"},{"typ":"Osoba","funkce":"1. m\u00EDstop\u0159edseda:","jm\u00E9no":"Ji\u0159\u00ED Koren\u00EDk","datum_narozen\u00ED":"1969-03-26","adresa_ulice":"Novosv\u011Btsk\u00E1 121/28","adresa_m\u011Bsto":"747 73 Opava","platnost_od":"2018-03-16"},{"typ":"Osoba","funkce":"m\u00EDstop\u0159edseda:","jm\u00E9no":"Ren\u00E9 Holu\u0161a","datum_narozen\u00ED":"1974-06-09","adresa_ulice":"Okru\u017En\u00ED 72/5","adresa_m\u011Bsto":"746 01 Opava","platnost_od":"2018-03-16"},{"typ":"Osoba","funkce":"m\u00EDstop\u0159edseda:","jm\u00E9no":"Ing. Lum\u00EDr M\u011Bch","datum_narozen\u00ED":"1967-08-26","adresa_ulice":"Podvihovsk\u00E1 224/55","adresa_m\u011Bsto":"747 70 Opava","platnost_od":"2018-03-16"}]},{"typ":["Digit\u00E1ln\u00ED objekt","Politick\u00E1 strana nebo hnut\u00ED"],"iri":"https://mv.gov.cz/api/boards/SPS/strana/512","url":"https://aplikace.mv.gov.cz/seznam-politickych-stran/Vypis_Rejstrik.aspx?id=512","n\u00E1zev":"N\u00E1rodn\u00ED obroda","zkratka":"NOB","adresa_s\u00EDdla":"101 00 Praha, Korunn\u00ED 2569/108","den_registrace":"2018-02-23","\u010D\u00EDslo_registrace":"MV-5095-6/VS-2018","identifika\u010Dn\u00ED_\u010D\u00EDslo":"6893376","statut\u00E1rn\u00ED_org\u00E1n":"V\u00FDkonn\u00FD v\u00FDbor Republikov\u00E9ho v\u00FDboru, za kter\u00FD jedn\u00E1 p\u0159edseda nebo pov\u011B\u0159en\u00FD m\u00EDstop\u0159edseda RV hnut\u00ED.","pozn\u00E1mka":"","organiza\u010Dn\u00ED_jednotky":["krajsk\u00E9 organizace","m\u00EDstn\u00ED organizace"],"osoby":[{"typ":"Osoba","funkce":"p\u0159edsedkyn\u011B:","jm\u00E9no":"Jana Mat\u011Bjn\u00E1","datum_narozen\u00ED":"1986-08-16","adresa_ulice":"Chot\u011Bbuzsk\u00E1 250","adresa_m\u011Bsto":"735 61 Chot\u011Bbuz","platnost_od":"2019-04-20"},{"typ":"Osoba","funkce":"v\u00FDkonn\u00FD m\u00EDstop\u0159edseda:","jm\u00E9no":"Pavel Mat\u011Bjn\u00FD","datum_narozen\u00ED":"1968-04-17","adresa_ulice":"Chot\u011Bbuzsk\u00E1 250","adresa_m\u011Bsto":"735 61 Chot\u011Bbuz","platnost_od":"2018-04-20"},{"typ":"Osoba","funkce":"m\u00EDstop\u0159edseda:","jm\u00E9no":"Pavel Weisgarber","datum_narozen\u00ED":"1977-05-06","adresa_ulice":"","adresa_m\u011Bsto":"","platnost_od":"2019-04-20"}]},{"typ":["Digit\u00E1ln\u00ED objekt","Politick\u00E1 strana nebo hnut\u00ED"],"iri":"https://mv.gov.cz/api/boards/SPS/strana/513","url":"https://aplikace.mv.gov.cz/seznam-politickych-stran/Vypis_Rejstrik.aspx?id=513","n\u00E1zev":"Moravsk\u00E9 zemsk\u00E9 hnut\u00ED","zkratka":"MZH","adresa_s\u00EDdla":"602 00 Brno, Moravsk\u00E9 n\u00E1m\u011Bst\u00ED 1007/14","den_registrace":"2018-04-09","\u010D\u00EDslo_registrace":"MV-16414-4/VS-2018","identifika\u010Dn\u00ED_\u010D\u00EDslo":"7027761","statut\u00E1rn\u00ED_org\u00E1n":"Rada, za kterou jedn\u00E1 p\u0159edseda, v dob\u011B jeho nep\u0159\u00EDtomnosti m\u00EDstop\u0159edseda, pop\u0159\u00EDpad\u011B dal\u0161\u00ED, p\u0159edsedou nebo v dob\u011B jeho nep\u0159\u00EDtomnosti m\u00EDstop\u0159edsedou pov\u011B\u0159en\u00FD \u010Dlen rady hnut\u00ED.","posledn\u00ED_zm\u011Bna_stanov":"2024-12-03","pozn\u00E1mka":"","organiza\u010Dn\u00ED_jednotky":["m\u00EDstn\u00ED organizace"],"osoby":[{"typ":"Osoba","funkce":"p\u0159edseda:","jm\u00E9no":"Mgr. Pavel Tr\u010Dala, MA","datum_narozen\u00ED":"1978-03-31","adresa_ulice":"Veve\u0159\u00ED 464/17","adresa_m\u011Bsto":"602 00 Brno","platnost_od":"2023-01-28"},{"typ":"Osoba","funkce":"m\u00EDstop\u0159edseda:","jm\u00E9no":"Ing. Vladan  \u0160ev\u010D\u00EDk","datum_narozen\u00ED":"1974-10-01","adresa_ulice":"","adresa_m\u011Bsto":"683 01 Ol\u0161any 256","platnost_od":"2023-01-28"},{"typ":"Osoba","funkce":"\u010Dlen:","jm\u00E9no":"Mgr. Ing. Ji\u0159\u00ED Kol\u00E1\u0159sk\u00FD","datum_narozen\u00ED":"1958-04-13","adresa_ulice":"Bo\u017Eet\u011Bchova 2284/85","adresa_m\u011Bsto":"612 00 Brno","platnost_od":"2018-04-28"},{"typ":"Osoba","funkce":"\u010Dlen:","jm\u00E9no":"Mgr. MgA. Tom\u00E1\u0161 Ko\u010Dko","datum_narozen\u00ED":"1972-03-04","adresa_ulice":"","adresa_m\u011Bsto":"691 09 Vrbice 492","platnost_od":"2024-06-21"},{"typ":"Osoba","funkce":"\u010Dlenka:","jm\u00E9no":"Vladim\u00EDra Melounov\u00E1","datum_narozen\u00ED":"1952-10-04","adresa_ulice":"Kl\u00EDmova 2053/14","adresa_m\u011Bsto":"616 00 Brno","platnost_od":"2023-01-28"}]},{"typ":["Digit\u00E1ln\u00ED objekt","Politick\u00E1 strana nebo hnut\u00ED"],"iri":"https://mv.gov.cz/api/boards/SPS/strana/514","url":"https://aplikace.mv.gov.cz/seznam-politickych-stran/Vypis_Rejstrik.aspx?id=514","n\u00E1zev":"LE\u010CO \u2013 LEP\u0160\u00CD A \u010CIST\u00C1 OSTRAVA","zkratka":"LE\u010CO","adresa_s\u00EDdla":"700 30 Ostrava, Plze\u0148sk\u00E1 2621/2","den_registrace":"2018-04-11","\u010D\u00EDslo_registrace":"MV-39396-2/VS-2018","identifika\u010Dn\u00ED_\u010D\u00EDslo":"1963384","statut\u00E1rn\u00ED_org\u00E1n":"P\u0159edsednictvo, za kter\u00E9 jedn\u00E1 samostatn\u011B p\u0159edseda nebo spole\u010Dn\u011B dva \u010Dlenov\u00E9 p\u0159edsednictva, z nich\u017E alespo\u0148 jeden je m\u00EDstop\u0159edsedou p\u0159edsednictva.","pozn\u00E1mka":"","organiza\u010Dn\u00ED_jednotky":["m\u00EDstn\u00ED sdru\u017Een\u00ED"],"osoby":[{"typ":"Osoba","funkce":"p\u0159edseda:","jm\u00E9no":"Mgr. Petr K\u00E1\u0148a","datum_narozen\u00ED":"1993-03-08","adresa_ulice":"Jure\u010Dkova 1935/12","adresa_m\u011Bsto":"702 00 Ostrava","platnost_od":"2023-01-20"},{"typ":"Osoba","funkce":"m\u00EDstop\u0159edsedkyn\u011B:","jm\u00E9no":"Ing. Alena Javorsk\u00E1","datum_narozen\u00ED":"1982-09-07","adresa_ulice":"Slezsk\u00E1 3565","adresa_m\u011Bsto":"738 01 Fr\u00FDdek-M\u00EDstek","platnost_od":"2018-04-18"}]},{"typ":["Digit\u00E1ln\u00ED objekt","Politick\u00E1 strana nebo hnut\u00ED"],"iri":"https://mv.gov.cz/api/boards/SPS/strana/515","url":"https://aplikace.mv.gov.cz/seznam-politickych-stran/Vypis_Rejstrik.aspx?id=515","n\u00E1zev":"spOLe\u010Dn\u011B","zkratka":"spOL","adresa_s\u00EDdla":"779 00 Olomouc, \u0160koln\u00ED 182/4","den_registrace":"2018-05-11","\u010D\u00EDslo_registrace":"MV-51813-2/VS-2018","identifika\u010Dn\u00ED_\u010D\u00EDslo":"7118317","statut\u00E1rn\u00ED_org\u00E1n":"P\u0159edsednictvo, za kter\u00E9 jedn\u00E1 p\u0159edseda nebo m\u00EDstop\u0159edseda.","posledn\u00ED_zm\u011Bna_stanov":"2019-02-26","pozn\u00E1mka":"","organiza\u010Dn\u00ED_jednotky":[],"osoby":[{"typ":"Osoba","funkce":"p\u0159edseda:","jm\u00E9no":"JUDr. Robert Runt\u00E1k","datum_narozen\u00ED":"1976-09-14","adresa_ulice":"Hrn\u010D\u00ED\u0159sk\u00E1 1184/28","adresa_m\u011Bsto":"779 00 Olomouc","platnost_od":"2019-03-20"},{"typ":"Osoba","funkce":"m\u00EDstop\u0159edseda:","jm\u00E9no":"Mgr. Pavel Fry\u0161\u00E1k","datum_narozen\u00ED":"1977-06-18","adresa_ulice":"Tomkova 57/27","adresa_m\u011Bsto":"779 00 Olomouc","platnost_od":"2019-03-20"},{"typ":"Osoba","funkce":"\u010Dlen:","jm\u00E9no":"Ing. Stanislav Flek","datum_narozen\u00ED":"1969-09-09","adresa_ulice":"Bystrovansk\u00E1  700/65","adresa_m\u011Bsto":"779 00 Olomouc","platnost_od":"2018-06-04"},{"typ":"Osoba","funkce":"\u010Dlen:","jm\u00E9no":"Milan Hebelka","datum_narozen\u00ED":"1979-03-30","adresa_ulice":"Za Zlatou koul\u00ED 332/3","adresa_m\u011Bsto":"779 00 Olomouc","platnost_od":"2019-03-20"},{"typ":"Osoba","funkce":"\u010Dlenka:","jm\u00E9no":"Jolana L\u00E1talov\u00E1","datum_narozen\u00ED":"1970-12-03","adresa_ulice":"Dru\u017Estevn\u00ED 732/32","adresa_m\u011Bsto":"779 00 Olomouc","platnost_od":"2019-03-20"}]},{"typ":["Digit\u00E1ln\u00ED objekt","Politick\u00E1 strana nebo hnut\u00ED"],"iri":"https://mv.gov.cz/api/boards/SPS/strana/516","url":"https://aplikace.mv.gov.cz/seznam-politickych-stran/Vypis_Rejstrik.aspx?id=516","n\u00E1zev":"OBY\u010CEJN\u00CD LID\u00C9","zkratka":"OL","adresa_s\u00EDdla":"102 00 Praha, Selsk\u00E1 36/6","den_registrace":"2018-05-24","\u010D\u00EDslo_registrace":"MV-55200-2/VS-2018","identifika\u010Dn\u00ED_\u010D\u00EDslo":"7152931","statut\u00E1rn\u00ED_org\u00E1n":"P\u0159edseda.","pozn\u00E1mka":"","organiza\u010Dn\u00ED_jednotky":["m\u00EDstn\u00ED spole\u010Denstv\u00ED"],"osoby":[]},{"typ":["Digit\u00E1ln\u00ED objekt","Politick\u00E1 strana nebo hnut\u00ED"],"iri":"https://mv.gov.cz/api/boards/SPS/strana/517","url":"https://aplikace.mv.gov.cz/seznam-politickych-stran/Vypis_Rejstrik.aspx?id=517","n\u00E1zev":"Za lep\u0161\u00ED St\u0159ekov","zkratka":"ZLS","adresa_s\u00EDdla":"400 03 \u00DAst\u00ED nad Labem, Purky\u0148ova 1022/53","den_registrace":"2018-05-25","\u010D\u00EDslo_registrace":"MV-52447-4/VS-2018","identifika\u010Dn\u00ED_\u010D\u00EDslo":"7156871","statut\u00E1rn\u00ED_org\u00E1n":"P\u0159edseda a m\u00EDstop\u0159edseda, ka\u017Ed\u00FD zastupuje samostan\u011B.","pozn\u00E1mka":"","organiza\u010Dn\u00ED_jednotky":[],"osoby":[{"typ":"Osoba","funkce":"p\u0159edseda:","jm\u00E9no":"Mgr. Ji\u0159\u00ED \u017Delezn\u00FD","datum_narozen\u00ED":"1973-10-29","adresa_ulice":"Purky\u0148ova 214/39","adresa_m\u011Bsto":"400 03 \u00DAst\u00ED nad Labem","platnost_od":"2018-06-11"},{"typ":"Osoba","funkce":"m\u00EDstop\u0159edseda:","jm\u00E9no":"Petr Vin\u0161","datum_narozen\u00ED":"1973-10-07","adresa_ulice":"Rubensova 275/12","adresa_m\u011Bsto":"400 03 \u00DAst\u00ED nad Labem","platnost_od":"2018-06-11"}]},{"typ":["Digit\u00E1ln\u00ED objekt","Politick\u00E1 strana nebo hnut\u00ED"],"iri":"https://mv.gov.cz/api/boards/SPS/strana/518","url":"https://aplikace.mv.gov.cz/seznam-politickych-stran/Vypis_Rejstrik.aspx?id=518","n\u00E1zev":"\u201EJSME TEAM\u201C","zkratka":"TEAM","adresa_s\u00EDdla":"100 00 Praha, Pod str\u00E1n\u00ED 2220/22","den_registrace":"2018-05-25","\u010D\u00EDslo_registrace":"MV-50348-4/VS-2018","identifika\u010Dn\u00ED_\u010D\u00EDslo":"7157029","statut\u00E1rn\u00ED_org\u00E1n":"P\u0159edsednictvo, za kter\u00E9 jedn\u00E1 p\u0159edseda.","posledn\u00ED_zm\u011Bna_stanov":"2026-04-08","pozn\u00E1mka":"","organiza\u010Dn\u00ED_jednotky":[],"osoby":[{"typ":"Osoba","funkce":"p\u0159edseda:","jm\u00E9no":"Ing. Luk\u00E1\u0161 Wagenknecht","datum_narozen\u00ED":"1978-09-24","adresa_ulice":"U Krematoria 2636","adresa_m\u011Bsto":"530 02 Pardubice","platnost_od":"2026-03-12"},{"typ":"Osoba","funkce":"m\u00EDstop\u0159edseda:","jm\u00E9no":"Ing. Jan \u0160tern","datum_narozen\u00ED":"1953-06-12","adresa_ulice":"Na Topolce 1348/7","adresa_m\u011Bsto":"140 00 Praha","platnost_od":"2026-03-12"},{"typ":"Osoba","funkce":"\u010Dlen p\u0159edsednictva:","jm\u00E9no":"Ing. Petr Bene\u0161","datum_narozen\u00ED":"1984-01-17","adresa_ulice":"Nad vodovodem 3480/2a","adresa_m\u011Bsto":"100 00 Praha","platnost_od":"2026-03-12"}]},{"typ":["Digit\u00E1ln\u00ED objekt","Politick\u00E1 strana nebo hnut\u00ED"],"iri":"https://mv.gov.cz/api/boards/SPS/strana/519","url":"https://aplikace.mv.gov.cz/seznam-politickych-stran/Vypis_Rejstrik.aspx?id=519","n\u00E1zev":"Slezsk\u00E1 lidem","zkratka":"Slezsk\u00E1","adresa_s\u00EDdla":"713 00 Ostrava, Kon\u011Bvova 789/81","den_registrace":"2018-05-31","\u010D\u00EDslo_registrace":"MV-56551-4/VS-2018","identifika\u010Dn\u00ED_\u010D\u00EDslo":"7174101","statut\u00E1rn\u00ED_org\u00E1n":"P\u0159edseda a m\u00EDstop\u0159edseda, ka\u017Ed\u00FD jedn\u00E1 samostatn\u011B.","posledn\u00ED_zm\u011Bna_stanov":"2022-05-27","pozn\u00E1mka":"","organiza\u010Dn\u00ED_jednotky":[],"osoby":[{"typ":"Osoba","funkce":"p\u0159edseda:","jm\u00E9no":"Ing. Lubom\u00EDr Noga, Ph.D., MBA","datum_narozen\u00ED":"1975-01-25","adresa_ulice":"Kon\u011Bvova 789/81","adresa_m\u011Bsto":"713 00 Ostrava","platnost_od":"2021-06-27"},{"typ":"Osoba","funkce":"m\u00EDstop\u0159edseda:","jm\u00E9no":"Mgr. Kamil Hor\u00E1k","datum_narozen\u00ED":"1974-11-07","adresa_ulice":"Na J\u00E1nsk\u00E9 2060/16","adresa_m\u011Bsto":"710 00 Ostrava","platnost_od":"2021-06-27"}]},{"typ":["Digit\u00E1ln\u00ED objekt","Politick\u00E1 strana nebo hnut\u00ED"],"iri":"https://mv.gov.cz/api/boards/SPS/strana/520","url":"https://aplikace.mv.gov.cz/seznam-politickych-stran/Vypis_Rejstrik.aspx?id=520","n\u00E1zev":"Va\u0161i starostov\u00E9","zkratka":"Vas","adresa_s\u00EDdla":"614 00 Brno, Cacovick\u00E1 1595/66A","den_registrace":"2018-06-07","\u010D\u00EDslo_registrace":"MV-60585-2/VS-2018","identifika\u010Dn\u00ED_\u010D\u00EDslo":"7195389","statut\u00E1rn\u00ED_org\u00E1n":"P\u0159edsednictvo, za kter\u00E9 jedn\u00E1 p\u0159edseda nebo prvn\u00ED m\u00EDstop\u0159edseda.","posledn\u00ED_zm\u011Bna_stanov":"2022-05-11","pozn\u00E1mka":"","organiza\u010Dn\u00ED_jednotky":[],"osoby":[{"typ":"Osoba","funkce":"p\u0159edseda:","jm\u00E9no":"\u0160tefan Kandalec","datum_narozen\u00ED":"1953-08-25","adresa_ulice":"Kachl\u00EDkova 879/1","adresa_m\u011Bsto":"635 00 Brno","platnost_od":"2018-11-07"},{"typ":"Osoba","funkce":"1.m\u00EDstop\u0159edsedkyn\u011B:","jm\u00E9no":"Lucie Pokorn\u00E1","datum_narozen\u00ED":"1978-09-29","adresa_ulice":"B\u0159ezinova 657/43","adresa_m\u011Bsto":"616 00 Brno","platnost_od":"2022-04-12"},{"typ":"Osoba","funkce":"m\u00EDstop\u0159edseda:","jm\u00E9no":"Martin Kopulet\u00FD","datum_narozen\u00ED":"1968-06-01","adresa_ulice":"Tom\u00E1\u0161kova 653/2","adresa_m\u011Bsto":"615 00 Brno","platnost_od":"2018-11-07"}]},{"typ":["Digit\u00E1ln\u00ED objekt","Politick\u00E1 strana nebo hnut\u00ED"],"iri":"https://mv.gov.cz/api/boards/SPS/strana/521","url":"https://aplikace.mv.gov.cz/seznam-politickych-stran/Vypis_Rejstrik.aspx?id=521","n\u00E1zev":"Klidn\u00E9 m\u011Bsto","zkratka":"KM","adresa_s\u00EDdla":"251 01 \u0158\u00ED\u010Dany, Rusk\u00E1 1813/8","den_registrace":"2018-06-08","\u010D\u00EDslo_registrace":"MV-63155-2/VS-2018","identifika\u010Dn\u00ED_\u010D\u00EDslo":"7196989","statut\u00E1rn\u00ED_org\u00E1n":"P\u0159edseda a m\u00EDstop\u0159edseda, kte\u0159\u00ED jednaj\u00ED samostatn\u011B.","pozn\u00E1mka":"","organiza\u010Dn\u00ED_jednotky":[],"osoby":[{"typ":"Osoba","funkce":"p\u0159edseda:","jm\u00E9no":"Ing. Vladim\u00EDr Pol\u00E1nsk\u00FD","datum_narozen\u00ED":"1954-11-26","adresa_ulice":"Rusk\u00E1 1813/8","adresa_m\u011Bsto":"251 01 \u0158\u00ED\u010Dany","platnost_od":"2018-07-16"},{"typ":"Osoba","funkce":"m\u00EDstop\u0159edsedkyn\u011B:","jm\u00E9no":"Ing. Simona Gebauerov\u00E1","datum_narozen\u00ED":"1970-05-25","adresa_ulice":"Rybova 549/12","adresa_m\u011Bsto":"251 01 \u0158\u00ED\u010Dany","platnost_od":"2018-07-16"}]},{"typ":["Digit\u00E1ln\u00ED objekt","Politick\u00E1 strana nebo hnut\u00ED"],"iri":"https://mv.gov.cz/api/boards/SPS/strana/522","url":"https://aplikace.mv.gov.cz/seznam-politickych-stran/Vypis_Rejstrik.aspx?id=522","n\u00E1zev":"\u017DIV\u00C1 PRAHA 5","zkratka":"\u017DP5","adresa_s\u00EDdla":"150 00 Praha, Vrchlick\u00E9ho 886/76","den_registrace":"2018-06-11","\u010D\u00EDslo_registrace":"MV-57244-4/VS-2018","identifika\u010Dn\u00ED_\u010D\u00EDslo":"7202059","statut\u00E1rn\u00ED_org\u00E1n":"P\u0159edseda a m\u00EDstop\u0159edseda, ka\u017Ed\u00FD jedn\u00E1 samostatn\u011B.","pozn\u00E1mka":"","organiza\u010Dn\u00ED_jednotky":[],"osoby":[{"typ":"Osoba","funkce":"p\u0159edseda:","jm\u00E9no":"Mgr. Luk\u00E1\u0161 Bud\u00EDn","datum_narozen\u00ED":"1979-01-20","adresa_ulice":"Vrchlick\u00E9ho 886/76","adresa_m\u011Bsto":"150 00 Praha","platnost_od":"2018-07-13"},{"typ":"Osoba","funkce":"m\u00EDstop\u0159edsedkyn\u011B:","jm\u00E9no":"PhDr. Marie Sternov\u00E1, Ph.D.","datum_narozen\u00ED":"1980-10-04","adresa_ulice":"Ostrovsk\u00E9ho 3167/36","adresa_m\u011Bsto":"150 00 Praha","platnost_od":"2018-07-13"}]},{"typ":["Digit\u00E1ln\u00ED objekt","Politick\u00E1 strana nebo hnut\u00ED"],"iri":"https://mv.gov.cz/api/boards/SPS/strana/523","url":"https://aplikace.mv.gov.cz/seznam-politickych-stran/Vypis_Rejstrik.aspx?id=523","n\u00E1zev":"Brno Plus","zkratka":"Brno\u002B","adresa_s\u00EDdla":"625 00 Brno, Ukrajinsk\u00E1 544/17","den_registrace":"2018-06-12","\u010D\u00EDslo_registrace":"MV-58861-4/VS-2018","identifika\u010Dn\u00ED_\u010D\u00EDslo":"7204752","statut\u00E1rn\u00ED_org\u00E1n":"Rada, za kterou jedn\u00E1 p\u0159edseda.","posledn\u00ED_zm\u011Bna_stanov":"2020-01-03","pozn\u00E1mka":"","organiza\u010Dn\u00ED_jednotky":[],"osoby":[{"typ":"Osoba","funkce":"p\u0159edseda:","jm\u00E9no":"Mgr. Ing. Robert  Kotzian, Ph.D.","datum_narozen\u00ED":"1974-08-06","adresa_ulice":"Ukrajinsk\u00E1 544/17","adresa_m\u011Bsto":"625 00 Brno","platnost_od":"2021-10-22"},{"typ":"Osoba","funkce":"m\u00EDstop\u0159edseda:","jm\u00E9no":"Mgr. et Bc. Richard  Du\u0159pekt, EFA","datum_narozen\u00ED":"1979-04-03","adresa_ulice":"Moldavsk\u00E1 527/3","adresa_m\u011Bsto":"625 00 Brno","platnost_od":"2021-10-22"},{"typ":"Osoba","funkce":"\u010Dlen:","jm\u00E9no":"Jaroslav  Dittrich","datum_narozen\u00ED":"1984-12-18","adresa_ulice":"\u0158\u00EDpsk\u00E1 1469/19","adresa_m\u011Bsto":"627 00 Brno","platnost_od":"2021-10-22"}]},{"typ":["Digit\u00E1ln\u00ED objekt","Politick\u00E1 strana nebo hnut\u00ED"],"iri":"https://mv.gov.cz/api/boards/SPS/strana/524","url":"https://aplikace.mv.gov.cz/seznam-politickych-stran/Vypis_Rejstrik.aspx?id=524","n\u00E1zev":"JAUNER \u010Ceskoslovensko 2018","zkratka":"JAUNER","adresa_s\u00EDdla":"779 00 Olomouc, Partyz\u00E1nsk\u00E1 698/6A","den_registrace":"2018-06-14","\u010D\u00EDslo_registrace":"MV-50831-13/VS-2018","identifika\u010Dn\u00ED_\u010D\u00EDslo":"7213328","statut\u00E1rn\u00ED_org\u00E1n":"P\u0159edseda.","pozn\u00E1mka":"","organiza\u010Dn\u00ED_jednotky":["krajsk\u00E9 organizace","m\u00EDstn\u00ED organizace"],"osoby":[{"typ":"Osoba","funkce":"p\u0159edseda:","jm\u00E9no":"V\u00E1clav \u0160imek","datum_narozen\u00ED":"1972-02-10","adresa_ulice":"Partyz\u00E1nsk\u00E1 698/6A","adresa_m\u011Bsto":"779 00 Olomouc","platnost_od":"2018-07-07"}]},{"typ":["Digit\u00E1ln\u00ED objekt","Politick\u00E1 strana nebo hnut\u00ED"],"iri":"https://mv.gov.cz/api/boards/SPS/strana/525","url":"https://aplikace.mv.gov.cz/seznam-politickych-stran/Vypis_Rejstrik.aspx?id=525","n\u00E1zev":"Sdru\u017Een\u00ED pro M\u00EDstn\u00ED Spr\u00E1vu","zkratka":"SMS","adresa_s\u00EDdla":"190 11 Praha, Podnikatelsk\u00E1 539","den_registrace":"2018-06-18","\u010D\u00EDslo_registrace":"MV-64441-4/VS-2018","identifika\u010Dn\u00ED_\u010D\u00EDslo":"7218443","statut\u00E1rn\u00ED_org\u00E1n":"P\u0159edseda.","pozn\u00E1mka":"","organiza\u010Dn\u00ED_jednotky":[],"osoby":[{"typ":"Osoba","funkce":"p\u0159edseda:","jm\u00E9no":"Ing. Michaela Vondr\u00E1\u010Dkov\u00E1, Ph.D.","datum_narozen\u00ED":"1962-03-20","adresa_ulice":"Listopadov\u00E1 282","adresa_m\u011Bsto":"190 12 Praha","platnost_od":"2024-09-01"}]},{"typ":["Digit\u00E1ln\u00ED objekt","Politick\u00E1 strana nebo hnut\u00ED"],"iri":"https://mv.gov.cz/api/boards/SPS/strana/526","url":"https://aplikace.mv.gov.cz/seznam-politickych-stran/Vypis_Rejstrik.aspx?id=526","n\u00E1zev":"Hnut\u00ED PRO Hodon\u00EDn","zkratka":"PRO-HOD","adresa_s\u00EDdla":"695 01 Hodon\u00EDn, Na P\u00EDsk\u00E1ch 4117/4","den_registrace":"2018-06-19","\u010D\u00EDslo_registrace":"MV-59343-4/VS-2018","identifika\u010Dn\u00ED_\u010D\u00EDslo":"7223471","statut\u00E1rn\u00ED_org\u00E1n":"P\u0159edsednictvo, za kter\u00E9 jedn\u00E1 p\u0159edseda.","pozn\u00E1mka":"","organiza\u010Dn\u00ED_jednotky":[],"osoby":[{"typ":"Osoba","funkce":"p\u0159edseda:","jm\u00E9no":"Libor St\u0159echa","datum_narozen\u00ED":"1974-04-05","adresa_ulice":"Na P\u00EDsk\u00E1ch 4117/4","adresa_m\u011Bsto":"695 01 Hodon\u00EDn","platnost_od":"2018-07-13"},{"typ":"Osoba","funkce":"m\u00EDstop\u0159edseda:","jm\u00E9no":"Petr U\u0159i\u010D\u00E1\u0159","datum_narozen\u00ED":"1981-02-12","adresa_ulice":"Lu\u017En\u00ED 3637/1","adresa_m\u011Bsto":"695 01 Hodon\u00EDn","platnost_od":"2018-07-13"},{"typ":"Osoba","funkce":"\u010Dlen:","jm\u00E9no":"Pavel Dvo\u0159\u00E1\u010Dek","datum_narozen\u00ED":"1974-02-14","adresa_ulice":"t\u0159. Dukelsk\u00FDch hrdin\u016F 1201/19","adresa_m\u011Bsto":"695 01 Hodon\u00EDn","platnost_od":"2018-07-13"}]},{"typ":["Digit\u00E1ln\u00ED objekt","Politick\u00E1 strana nebo hnut\u00ED"],"iri":"https://mv.gov.cz/api/boards/SPS/strana/527","url":"https://aplikace.mv.gov.cz/seznam-politickych-stran/Vypis_Rejstrik.aspx?id=527","n\u00E1zev":"Spole\u010Dn\u011B pro Strakonice","zkratka":"SPS","adresa_s\u00EDdla":"386 01 Strakonice, Mikol\u00E1\u0161e Al\u0161e 780","den_registrace":"2018-06-21","\u010D\u00EDslo_registrace":"MV-68072-2-/VS-2018","identifika\u010Dn\u00ED_\u010D\u00EDslo":"7230052","statut\u00E1rn\u00ED_org\u00E1n":"P\u0159edsednictvo, za kter\u00E9 jednaj\u00ED samostatn\u011B p\u0159edseda nebo 1. m\u00EDstop\u0159edseda.","pozn\u00E1mka":"","organiza\u010Dn\u00ED_jednotky":[],"osoby":[{"typ":"Osoba","funkce":"p\u0159edseda:","jm\u00E9no":"Milan Jungvirt","datum_narozen\u00ED":"1964-04-07","adresa_ulice":"Mikol\u00E1\u0161e Al\u0161e 780","adresa_m\u011Bsto":"386 01 Strakonice","platnost_od":"2018-07-17"},{"typ":"Osoba","funkce":"m\u00EDstop\u0159edsedkyn\u011B:","jm\u00E9no":"Miroslava Bart\u00E1\u010Dkov\u00E1","datum_narozen\u00ED":"1991-01-25","adresa_ulice":"Na Ohrad\u011B 92","adresa_m\u011Bsto":"386 01 Strakonice","platnost_od":"2018-07-17"}]},{"typ":["Digit\u00E1ln\u00ED objekt","Politick\u00E1 strana nebo hnut\u00ED"],"iri":"https://mv.gov.cz/api/boards/SPS/strana/528","url":"https://aplikace.mv.gov.cz/seznam-politickych-stran/Vypis_Rejstrik.aspx?id=528","n\u00E1zev":"KOLON\u00C1DA \u2013 HNUT\u00CD PATRIOT\u016E","zkratka":"KOLON\u00C1DA","adresa_s\u00EDdla":"360 01 Karlovy Vary, Moskevsk\u00E1 946/10","den_registrace":"2018-06-27","\u010D\u00EDslo_registrace":"MV-72006-2/VS-2018","identifika\u010Dn\u00ED_\u010D\u00EDslo":"7247311","statut\u00E1rn\u00ED_org\u00E1n":"Rada, za kterou jednaj\u00ED samostatn\u011B p\u0159edseda nebo m\u00EDstop\u0159edseda.","pozn\u00E1mka":"","organiza\u010Dn\u00ED_jednotky":[],"osoby":[{"typ":"Osoba","funkce":"p\u0159edseda:","jm\u00E9no":"Ing. arch. Alexander Mikol\u00E1\u0161","datum_narozen\u00ED":"1954-09-26","adresa_ulice":"Z\u00E1vodu m\u00EDru 739/9A","adresa_m\u011Bsto":"360 17 Karlovy Vary","platnost_od":"2018-07-18"},{"typ":"Osoba","funkce":"\u010Dlen:","jm\u00E9no":"Ing. Martin Lojda","datum_narozen\u00ED":"1955-02-17","adresa_ulice":"K Leti\u0161ti 50","adresa_m\u011Bsto":"360 01 Karlovy Vary","platnost_od":"2018-07-18"},{"typ":"Osoba","funkce":"\u010Dlen:","jm\u00E9no":"Ivan \u0160endera","datum_narozen\u00ED":"1940-07-05","adresa_ulice":"Z\u00E1padn\u00ED 1725/45","adresa_m\u011Bsto":"360 01 Karlovy Vary","platnost_od":"2018-07-18"},{"typ":"Osoba","funkce":"\u010Dlen:","jm\u00E9no":"Bed\u0159ich Ziegler","datum_narozen\u00ED":"1961-11-16","adresa_ulice":"Moskevsk\u00E1 2035/21","adresa_m\u011Bsto":"360 01 Karlovy Vary","platnost_od":"2018-07-18"},{"typ":"Osoba","funkce":"\u010Dlen:","jm\u00E9no":"Mgr. Alexander Mikol\u00E1\u0161","datum_narozen\u00ED":"1985-11-22","adresa_ulice":"Blahoslavova 636/26A","adresa_m\u011Bsto":"360 01 Karlovy Vary","platnost_od":"2018-07-18"}]},{"typ":["Digit\u00E1ln\u00ED objekt","Politick\u00E1 strana nebo hnut\u00ED"],"iri":"https://mv.gov.cz/api/boards/SPS/strana/529","url":"https://aplikace.mv.gov.cz/seznam-politickych-stran/Vypis_Rejstrik.aspx?id=529","n\u00E1zev":"ANO, vytroll\u00EDme europarlament","zkratka":"\u201EEU TROLL\u201C","adresa_s\u00EDdla":"627 00 Brno, Bu\u010Dovick\u00E1 937/8","den_registrace":"2018-07-03","\u010D\u00EDslo_registrace":"MV-66648-4/VS-2018","identifika\u010Dn\u00ED_\u010D\u00EDslo":"7266782","statut\u00E1rn\u00ED_org\u00E1n":"P\u0159edseda a m\u00EDstop\u0159edseda, ka\u017Ed\u00FD jedn\u00E1 samostatn\u011B.","posledn\u00ED_zm\u011Bna_stanov":"2019-02-26","pozn\u00E1mka":"","organiza\u010Dn\u00ED_jednotky":[],"osoby":[{"typ":"Osoba","funkce":"p\u0159edseda:","jm\u00E9no":"Ji\u0159\u00ED Kyjovsk\u00FD","datum_narozen\u00ED":"1988-05-09","adresa_ulice":"Tova\u010Dovsk\u00E9ho 3761/33","adresa_m\u011Bsto":"636 00 Brno","platnost_od":"2018-08-15"},{"typ":"Osoba","funkce":"m\u00EDstop\u0159edseda:","jm\u00E9no":"Anton\u00EDn Capou\u0161ek","datum_narozen\u00ED":"1983-10-27","adresa_ulice":"","adresa_m\u011Bsto":"415 01 B\u017Eany 50","platnost_od":"2019-06-24"},{"typ":"Osoba","funkce":"m\u00EDstop\u0159edseda:","jm\u00E9no":"Tom\u00E1\u0161 Sus","datum_narozen\u00ED":"1987-07-14","adresa_ulice":"H\u00FAskova 1043/14","adresa_m\u011Bsto":"618 00 Brno","platnost_od":"2019-06-24"}]},{"typ":["Digit\u00E1ln\u00ED objekt","Politick\u00E1 strana nebo hnut\u00ED"],"iri":"https://mv.gov.cz/api/boards/SPS/strana/530","url":"https://aplikace.mv.gov.cz/seznam-politickych-stran/Vypis_Rejstrik.aspx?id=530","n\u00E1zev":"Hnut\u00ED 2018","zkratka":"H2018","adresa_s\u00EDdla":"350 02 Cheb, Blanick\u00E1 166/20","den_registrace":"2018-07-11","\u010D\u00EDslo_registrace":"MV-71489-4/VS-2018","identifika\u010Dn\u00ED_\u010D\u00EDslo":"7283202","statut\u00E1rn\u00ED_org\u00E1n":"V\u00FDbor, za kter\u00FD jedn\u00E1 p\u0159edseda.","pozn\u00E1mka":"","organiza\u010Dn\u00ED_jednotky":["krajsk\u00E1 sdru\u017Een\u00ED","m\u00EDstn\u00ED sdru\u017Een\u00ED"],"osoby":[{"typ":"Osoba","funkce":"p\u0159edsedkyn\u011B:","jm\u00E9no":"RNDr. Gabriela Lickov\u00E1, Ph.D.","datum_narozen\u00ED":"1967-08-29","adresa_ulice":"Blanick\u00E1 166/20","adresa_m\u011Bsto":"350 02 Cheb","platnost_od":"2019-01-11"},{"typ":"Osoba","funkce":"\u010Dlen:","jm\u00E9no":"Pavel Pag\u00E1\u010D","datum_narozen\u00ED":"1975-09-03","adresa_ulice":"M\u00EDrov\u00E1 2018/13","adresa_m\u011Bsto":"350 02 Cheb","platnost_od":"2019-01-11"},{"typ":"Osoba","funkce":"\u010Dlen:","jm\u00E9no":"Luk\u00E1\u0161 Hofrajtr","datum_narozen\u00ED":"1983-11-24","adresa_ulice":"\u017Didovsk\u00E1 399/22","adresa_m\u011Bsto":"350 02 Cheb","platnost_od":"2019-01-11"}]},{"typ":["Digit\u00E1ln\u00ED objekt","Politick\u00E1 strana nebo hnut\u00ED"],"iri":"https://mv.gov.cz/api/boards/SPS/strana/531","url":"https://aplikace.mv.gov.cz/seznam-politickych-stran/Vypis_Rejstrik.aspx?id=531","n\u00E1zev":"Hnut\u00ED nez\u00E1visl\u00FDch, PRO-Kdy\u0148sko","zkratka":"PRO-Kdy\u0148sko","adresa_s\u00EDdla":"345 06 Kdyn\u011B, R\u00FDzmbersk\u00E1 702","den_registrace":"2018-07-11","\u010D\u00EDslo_registrace":"MV-73180-4/VS-2018","identifika\u010Dn\u00ED_\u010D\u00EDslo":"7283652","statut\u00E1rn\u00ED_org\u00E1n":"P\u0159edseda.","pozn\u00E1mka":"","organiza\u010Dn\u00ED_jednotky":[],"osoby":[{"typ":"Osoba","funkce":"p\u0159edsedkyn\u011B:","jm\u00E9no":"Ing. V\u011Bra \u0158\u00EDhov\u00E1","datum_narozen\u00ED":"1990-02-11","adresa_ulice":"Sokolsk\u00E1 411","adresa_m\u011Bsto":"345 06 Kdyn\u011B","platnost_od":"2018-08-15"}]},{"typ":["Digit\u00E1ln\u00ED objekt","Politick\u00E1 strana nebo hnut\u00ED"],"iri":"https://mv.gov.cz/api/boards/SPS/strana/532","url":"https://aplikace.mv.gov.cz/seznam-politickych-stran/Vypis_Rejstrik.aspx?id=532","n\u00E1zev":"Vize n\u00E1rodn\u00EDch socialist\u016F","zkratka":"VIZE-NS","adresa_s\u00EDdla":"411 56 Bohu\u0161ovice nad Oh\u0159\u00ED, U Stadionu 297","den_registrace":"2018-07-11","\u010D\u00EDslo_registrace":"MV-74505-4/VS-2018","identifika\u010Dn\u00ED_\u010D\u00EDslo":"7283911","statut\u00E1rn\u00ED_org\u00E1n":"P\u0159edseda spole\u010Dn\u011B s v\u00FDkonn\u00FDm tajemn\u00EDkem, samostatn\u011B jedn\u00E1 p\u0159edseda v p\u0159\u00EDpadech zavazov\u00E1n\u00ED hnut\u00ED do v\u00FD\u0161e 200.000,- K\u010D, v\u00FDkonn\u00FD tajemn\u00EDk m\u016F\u017Ee jednat samostatn\u011B v p\u0159\u00EDpadech zavazov\u00E1n\u00ED hnut\u00ED do v\u00FD\u0161e 100.000,- K\u010D.","posledn\u00ED_zm\u011Bna_stanov":"2020-02-10","pozn\u00E1mka":"","organiza\u010Dn\u00ED_jednotky":[],"osoby":[{"typ":"Osoba","funkce":"p\u0159edseda:","jm\u00E9no":"Jan Vondrou\u0161","datum_narozen\u00ED":"1978-04-07","adresa_ulice":"U Stadionu 297","adresa_m\u011Bsto":"411 56 Bohu\u0161ovice nad Oh\u0159\u00ED","platnost_od":"2018-07-18"},{"typ":"Osoba","funkce":"v\u00FDkonn\u00E1 tajemnice:","jm\u00E9no":"Anna Vo\u0159\u00ED\u0161kov\u00E1","datum_narozen\u00ED":"1992-12-28","adresa_ulice":"Mat\u011Bje Kopeck\u00E9ho 406/1","adresa_m\u011Bsto":"400 03 \u00DAst\u00ED nad Labem","platnost_od":"2020-02-01"}]},{"typ":["Digit\u00E1ln\u00ED objekt","Politick\u00E1 strana nebo hnut\u00ED"],"iri":"https://mv.gov.cz/api/boards/SPS/strana/533","url":"https://aplikace.mv.gov.cz/seznam-politickych-stran/Vypis_Rejstrik.aspx?id=533","n\u00E1zev":"NA\u0160E \u010Ctrn\u00E1ctka","zkratka":"N14","adresa_s\u00EDdla":"198 00 Praha, Na obr\u00E1tce 636/4","den_registrace":"2018-07-12","\u010D\u00EDslo_registrace":"MV-75588-4/VS-2018","identifika\u010Dn\u00ED_\u010D\u00EDslo":"7286210","statut\u00E1rn\u00ED_org\u00E1n":"P\u0159edsednictvo, za kter\u00E9 jedn\u00E1 p\u0159edseda nebo prvn\u00ED m\u00EDstop\u0159edseda spole\u010Dn\u011B s jedn\u00EDm dal\u0161\u00EDm m\u00EDstop\u0159edsedou.","posledn\u00ED_zm\u011Bna_stanov":"2022-06-28","pozn\u00E1mka":"","organiza\u010Dn\u00ED_jednotky":[],"osoby":[{"typ":"Osoba","funkce":"p\u0159edsedkyn\u011B:","jm\u00E9no":"So\u0148a Tom\u00E1nkov\u00E1","datum_narozen\u00ED":"1978-09-18","adresa_ulice":"Va\u0161\u00E1tkova 1024/27","adresa_m\u011Bsto":"198 00 Praha","platnost_od":"2018-07-19"},{"typ":"Osoba","funkce":"prvn\u00ED m\u00EDstop\u0159edseda:","jm\u00E9no":"Ing. Miroslav Fron\u011Bk","datum_narozen\u00ED":"1960-05-04","adresa_ulice":"Na obr\u00E1tce 636/4","adresa_m\u011Bsto":"198 00 Praha","platnost_od":"2018-07-19"},{"typ":"Osoba","funkce":"m\u00EDstop\u0159edseda:","jm\u00E9no":"Vladim\u00EDr Divi\u0161","datum_narozen\u00ED":"1976-06-27","adresa_ulice":"Va\u0161\u00E1tkova 1008/26","adresa_m\u011Bsto":"198 00 Praha","platnost_od":"2018-07-19"},{"typ":"Osoba","funkce":"m\u00EDstop\u0159edseda:","jm\u00E9no":"Ing. Miroslav Jungwirth","datum_narozen\u00ED":"1985-01-03","adresa_ulice":"Boj\u010Denkova 1098/10","adresa_m\u011Bsto":"198 00 Praha","platnost_od":"2022-06-28"}]},{"typ":["Digit\u00E1ln\u00ED objekt","Politick\u00E1 strana nebo hnut\u00ED"],"iri":"https://mv.gov.cz/api/boards/SPS/strana/534","url":"https://aplikace.mv.gov.cz/seznam-politickych-stran/Vypis_Rejstrik.aspx?id=534","n\u00E1zev":"Alternativa pro V\u00E1s","zkratka":"ApV","adresa_s\u00EDdla":"284 01 Kutn\u00E1 Hora, Fu\u010D\u00EDkova 336/3","den_registrace":"2018-07-16","\u010D\u00EDslo_registrace":"MV-78356-2/VS-2018","identifika\u010Dn\u00ED_\u010D\u00EDslo":"7289731","statut\u00E1rn\u00ED_org\u00E1n":"V\u00FDkonn\u00FD v\u00FDbor, za kter\u00FD jedn\u00E1 p\u0159edseda.","posledn\u00ED_zm\u011Bna_stanov":"2022-01-10","pozn\u00E1mka":"","organiza\u010Dn\u00ED_jednotky":[],"osoby":[{"typ":"Osoba","funkce":"p\u0159edseda:","jm\u00E9no":"Mgr. Tom\u00E1\u0161 Morawski","datum_narozen\u00ED":"1986-07-25","adresa_ulice":"Fu\u010D\u00EDkova 336/3","adresa_m\u011Bsto":"284 01 Kutn\u00E1 Hora","platnost_od":"2018-07-26"},{"typ":"Osoba","funkce":"\u010Dlen:","jm\u00E9no":"Ing. Luk\u00E1\u0161 Jel\u00EDnek","datum_narozen\u00ED":"1977-09-14","adresa_ulice":"Jakubsk\u00E1 3","adresa_m\u011Bsto":"284 01 Kutn\u00E1 Hora","platnost_od":"2018-07-26"},{"typ":"Osoba","funkce":"\u010Dlenka:","jm\u00E9no":"","adresa_ulice":"","adresa_m\u011Bsto":"","platnost_od":"2025-02-03"}]},{"typ":["Digit\u00E1ln\u00ED objekt","Politick\u00E1 strana nebo hnut\u00ED"],"iri":"https://mv.gov.cz/api/boards/SPS/strana/535","url":"https://aplikace.mv.gov.cz/seznam-politickych-stran/Vypis_Rejstrik.aspx?id=535","n\u00E1zev":"\u010Cist\u00E9 Bud\u011Bjovice","zkratka":"\u010CiB","adresa_s\u00EDdla":"370 01 \u010Cesk\u00E9 Bud\u011Bjovice, Bachma\u010Dsk\u00E1 372/1","den_registrace":"2018-07-16","\u010D\u00EDslo_registrace":"MV-75589-2/VS-2018","identifika\u010Dn\u00ED_\u010D\u00EDslo":"7290853","statut\u00E1rn\u00ED_org\u00E1n":"P\u0159edseda.","pozn\u00E1mka":"","organiza\u010Dn\u00ED_jednotky":[],"osoby":[{"typ":"Osoba","funkce":"p\u0159edseda:","jm\u00E9no":"Ing. Jan M\u00E1dl","datum_narozen\u00ED":"1985-01-27","adresa_ulice":"\u010Cesk\u00E1 222/7","adresa_m\u011Bsto":"370 01 \u010Cesk\u00E9 Bud\u011Bjovice","platnost_od":"2018-09-20"}]},{"typ":["Digit\u00E1ln\u00ED objekt","Politick\u00E1 strana nebo hnut\u00ED"],"iri":"https://mv.gov.cz/api/boards/SPS/strana/536","url":"https://aplikace.mv.gov.cz/seznam-politickych-stran/Vypis_Rejstrik.aspx?id=536","n\u00E1zev":"VIZE pro \u010Cesko","zkratka":"VIZE","adresa_s\u00EDdla":"253 01 Ch\u00FDn\u011B, Mod\u0159\u00EDnov\u00E1 496","den_registrace":"2018-07-18","\u010D\u00EDslo_registrace":"MV-78360-2/VS-2018","identifika\u010Dn\u00ED_\u010D\u00EDslo":"7301600","statut\u00E1rn\u00ED_org\u00E1n":"Republikov\u00E1 rada, za kterou jedn\u00E1 p\u0159edseda spole\u010Dn\u011B s m\u00EDstop\u0159edsedou nebo p\u0159edseda spole\u010Dn\u011B s \u010Dlenem rady.","posledn\u00ED_zm\u011Bna_stanov":"2020-10-01","pozn\u00E1mka":"","organiza\u010Dn\u00ED_jednotky":["obvodn\u00ED sdru\u017Een\u00ED"],"osoby":[{"typ":"Osoba","funkce":"p\u0159edseda:","jm\u00E9no":"Mgr. Libor Mich\u00E1lek, MPA","datum_narozen\u00ED":"1968-12-14","adresa_ulice":"Mod\u0159\u00EDnov\u00E1 496","adresa_m\u011Bsto":"253 01 Ch\u00FDn\u011B","platnost_od":"2018-10-15"},{"typ":"Osoba","funkce":"m\u00EDstop\u0159edseda:","jm\u00E9no":"Bohuslav Zapadlo","datum_narozen\u00ED":"1973-09-04","adresa_ulice":"Karla Engli\u0161e 1499/15","adresa_m\u011Bsto":"150 00 Praha","platnost_od":"2018-10-15"},{"typ":"Osoba","funkce":"\u010Dlenka:","jm\u00E9no":"Mgr. Andrea Haines","datum_narozen\u00ED":"1977-07-27","adresa_ulice":"","adresa_m\u011Bsto":"370 07 Vidov 107","platnost_od":"2020-10-14"}]},{"typ":["Digit\u00E1ln\u00ED objekt","Politick\u00E1 strana nebo hnut\u00ED"],"iri":"https://mv.gov.cz/api/boards/SPS/strana/537","url":"https://aplikace.mv.gov.cz/seznam-politickych-stran/Vypis_Rejstrik.aspx?id=537","n\u00E1zev":"DOST JE DOST ! Ob\u010Dan\u00E9 za sv\u00E1 pr\u00E1va","zkratka":"Dost je Dost !","adresa_s\u00EDdla":"140 00 Praha, Pod vilami  756/14","den_registrace":"2018-07-23","\u010D\u00EDslo_registrace":"MV-74478-6/VS-2018","identifika\u010Dn\u00ED_\u010D\u00EDslo":"7307977","statut\u00E1rn\u00ED_org\u00E1n":"P\u0159edstavenstvo, jeho\u017E jm\u00E9nem jedn\u00E1 p\u0159edseda nebo spole\u010Dn\u011B dva \u010Dlenov\u00E9 p\u0159edstavenstva.","pozn\u00E1mka":"","organiza\u010Dn\u00ED_jednotky":[],"osoby":[{"typ":"Osoba","funkce":"p\u0159edseda:","jm\u00E9no":"Mgr. Rudolf Karel Maz\u00E1\u010D","datum_narozen\u00ED":"1939-09-01","adresa_ulice":"Pod vilami 756/14","adresa_m\u011Bsto":"140 00 Praha","platnost_od":"2019-10-17"},{"typ":"Osoba","funkce":"\u010Dlen:","jm\u00E9no":"Ladislav Kunert","datum_narozen\u00ED":"1958-12-29","adresa_ulice":"Nad \u0160\u00E1lkovnou 1530/13","adresa_m\u011Bsto":"147 00 Praha","platnost_od":"2019-10-17"},{"typ":"Osoba","funkce":"\u010Dlen:","jm\u00E9no":"V\u00E1clav Kraml","datum_narozen\u00ED":"1966-07-28","adresa_ulice":"Pod vilami 756/14","adresa_m\u011Bsto":"140 00 Praha","platnost_od":"2019-10-17"}]},{"typ":["Digit\u00E1ln\u00ED objekt","Politick\u00E1 strana nebo hnut\u00ED"],"iri":"https://mv.gov.cz/api/boards/SPS/strana/538","url":"https://aplikace.mv.gov.cz/seznam-politickych-stran/Vypis_Rejstrik.aspx?id=538","n\u00E1zev":"Na\u0161e Obec","zkratka":"NA\u0160E","adresa_s\u00EDdla":"109 00 Praha, Bolo\u0148sk\u00E1 602","den_registrace":"2018-07-23","\u010D\u00EDslo_registrace":"MV- 74479-4/VS-2018","identifika\u010Dn\u00ED_\u010D\u00EDslo":"7312946","statut\u00E1rn\u00ED_org\u00E1n":"Rada, za kterou jedn\u00E1 p\u0159edseda. Jde-li o z\u00E1le\u017Eitosti zavazuj\u00EDc\u00ED hnut\u00ED nad \u010D\u00E1stku 100.000 K\u010D. jedn\u00E1 spolu s jedn\u00EDm z m\u00EDstop\u0159edsed\u016F.","pozn\u00E1mka":"","organiza\u010Dn\u00ED_jednotky":["m\u00EDstn\u00ED klub"],"osoby":[{"typ":"Osoba","funkce":"p\u0159edseda:","jm\u00E9no":"","adresa_ulice":"","adresa_m\u011Bsto":"","platnost_od":"2023-12-31"},{"typ":"Osoba","funkce":"1. m\u00EDstop\u0159edseda:","jm\u00E9no":"","adresa_ulice":"","adresa_m\u011Bsto":"","platnost_od":"2023-05-15"}]},{"typ":["Digit\u00E1ln\u00ED objekt","Politick\u00E1 strana nebo hnut\u00ED"],"iri":"https://mv.gov.cz/api/boards/SPS/strana/539","url":"https://aplikace.mv.gov.cz/seznam-politickych-stran/Vypis_Rejstrik.aspx?id=539","n\u00E1zev":"Vinohrady spole\u010Dn\u011B","zkratka":"VS","adresa_s\u00EDdla":"628 00 Brno, Pru\u0161\u00E1neck\u00E1  4173/14","den_registrace":"2018-07-27","\u010D\u00EDslo_registrace":"MV-77727-7/VS-2018","identifika\u010Dn\u00ED_\u010D\u00EDslo":"7324758","statut\u00E1rn\u00ED_org\u00E1n":"P\u0159edsednictvo, jm\u00E9nem hnut\u00ED jedn\u00E1 jeho p\u0159edseda.","pozn\u00E1mka":"","organiza\u010Dn\u00ED_jednotky":[],"osoby":[{"typ":"Osoba","funkce":"p\u0159edseda:","jm\u00E9no":"Ji\u0159\u00ED Tlamka","datum_narozen\u00ED":"1985-11-01","adresa_ulice":"Pru\u0161\u00E1neck\u00E1 4173/14","adresa_m\u011Bsto":"628 00 Brno","platnost_od":"2018-08-29"},{"typ":"Osoba","funkce":"m\u00EDstop\u0159edseda:","jm\u00E9no":"MUDr. Pavel Horsk\u00FD","datum_narozen\u00ED":"1956-06-13","adresa_ulice":"Pru\u0161\u00E1neck\u00E1 4179/10","adresa_m\u011Bsto":"628 00 Brno","platnost_od":"2018-08-29"},{"typ":"Osoba","funkce":"m\u00EDstop\u0159edseda:","jm\u00E9no":"Miloslav Klaus","datum_narozen\u00ED":"1963-04-29","adresa_ulice":"Pru\u0161\u00E1neck\u00E1 4173/14","adresa_m\u011Bsto":"628 00 Brno","platnost_od":"2018-08-29"}]},{"typ":["Digit\u00E1ln\u00ED objekt","Politick\u00E1 strana nebo hnut\u00ED"],"iri":"https://mv.gov.cz/api/boards/SPS/strana/540","url":"https://aplikace.mv.gov.cz/seznam-politickych-stran/Vypis_Rejstrik.aspx?id=540","n\u00E1zev":"Moravsk\u00E1 a Slezsk\u00E1 pir\u00E1tsk\u00E1 strana","zkratka":"MS Pir\u00E1ti","adresa_s\u00EDdla":"736 01 *Hav\u00ED\u0159ov, \u017Delivsk\u00E9ho 1338/3","den_registrace":"2018-08-16","\u010D\u00EDslo_registrace":"MV-87779-11/VS-2018","identifika\u010Dn\u00ED_\u010D\u00EDslo":"7374275","statut\u00E1rn\u00ED_org\u00E1n":"Republikov\u00E9 p\u0159edsednictvo, za kter\u00E9 jedn\u00E1 p\u0159edseda nebo jin\u00FD \u010Dlen p\u0159edsednictva.","pozn\u00E1mka":"* doru\u010Dovac\u00ED adresa: \u010Cesk\u00E1 provincie Tovary\u0161stva Je\u017E\u00ED\u0161ova, Je\u010Dn\u00E1 2, 120 00 Praha 2","organiza\u010Dn\u00ED_jednotky":["krajsk\u00E1 sdru\u017Een\u00ED","m\u00EDstn\u00ED organizace"],"osoby":[{"typ":"Osoba","funkce":"p\u0159edseda:","jm\u00E9no":"Mgr. et Bc. Karel Sv\u011Btni\u010Dka","datum_narozen\u00ED":"1960-10-01","adresa_ulice":"\u017Delivsk\u00E9ho 1338/3","adresa_m\u011Bsto":"736 01 Hav\u00ED\u0159ov","platnost_od":"2019-02-10"},{"typ":"Osoba","funkce":"1. m\u00EDstop\u0159edseda:","jm\u00E9no":"Michal Drab\u00EDk","datum_narozen\u00ED":"1954-09-15","adresa_ulice":"Tov\u00E1rn\u00ED 119/6","adresa_m\u011Bsto":"301 00 Plze\u0148","platnost_od":"2019-02-10"},{"typ":"Osoba","funkce":"m\u00EDstop\u0159edsedkyn\u011B:","jm\u00E9no":"Petra Dofkov\u00E1","adresa_ulice":"","adresa_m\u011Bsto":"","platnost_od":"2019-02-10"}]},{"typ":["Digit\u00E1ln\u00ED objekt","Politick\u00E1 strana nebo hnut\u00ED"],"iri":"https://mv.gov.cz/api/boards/SPS/strana/541","url":"https://aplikace.mv.gov.cz/seznam-politickych-stran/Vypis_Rejstrik.aspx?id=541","n\u00E1zev":"PRVN\u00CD REPUBLIKA","zkratka":"N\u00C1RODOVCI","adresa_s\u00EDdla":"460 15 Liberec, Vl\u010D\u00ED vrch 673/30","den_registrace":"2018-11-26","\u010D\u00EDslo_registrace":"MV-126625-4/VS-2018","identifika\u010Dn\u00ED_\u010D\u00EDslo":"7671008","statut\u00E1rn\u00ED_org\u00E1n":"P\u0159edseda.","pozn\u00E1mka":"","organiza\u010Dn\u00ED_jednotky":["krajsk\u00E9 organizace"],"osoby":[{"typ":"Osoba","funkce":"p\u0159edseda:","jm\u00E9no":"Matou\u0161 Bul\u00ED\u0159","datum_narozen\u00ED":"1983-03-21","adresa_ulice":"Vl\u010D\u00ED vrch 673/30","adresa_m\u011Bsto":"460 15 Liberec","platnost_od":"2019-02-02"}]},{"typ":["Digit\u00E1ln\u00ED objekt","Politick\u00E1 strana nebo hnut\u00ED"],"iri":"https://mv.gov.cz/api/boards/SPS/strana/542","url":"https://aplikace.mv.gov.cz/seznam-politickych-stran/Vypis_Rejstrik.aspx?id=542","n\u00E1zev":"Evropa spole\u010Dn\u011B","zkratka":"ESO","adresa_s\u00EDdla":"149 00 Praha, K jezeru 482/18","den_registrace":"2019-02-11","\u010D\u00EDslo_registrace":"MV-17573-2/VS-2019","identifika\u010Dn\u00ED_\u010D\u00EDslo":"7882467","statut\u00E1rn\u00ED_org\u00E1n":"P\u0159edseda.","pozn\u00E1mka":"","organiza\u010Dn\u00ED_jednotky":["m\u00EDstn\u00ED organizace"],"osoby":[{"typ":"Osoba","funkce":"p\u0159edseda:","jm\u00E9no":"Jarom\u00EDr \u0160t\u011Btina","datum_narozen\u00ED":"1943-04-06","adresa_ulice":"K jezeru 482/18","adresa_m\u011Bsto":"149 00 Praha","platnost_od":"2019-02-16"}]},{"typ":["Digit\u00E1ln\u00ED objekt","Politick\u00E1 strana nebo hnut\u00ED"],"iri":"https://mv.gov.cz/api/boards/SPS/strana/543","url":"https://aplikace.mv.gov.cz/seznam-politickych-stran/Vypis_Rejstrik.aspx?id=543","n\u00E1zev":"Hnut\u00ED HLAS","zkratka":"Hlas","adresa_s\u00EDdla":"110 00 Praha, Rybn\u00E1 716/24","den_registrace":"2019-02-22","\u010D\u00EDslo_registrace":"MV-25390-2/VS-2019","identifika\u010Dn\u00ED_\u010D\u00EDslo":"7921331","statut\u00E1rn\u00ED_org\u00E1n":"P\u0159edsednictvo, za kter\u00E9 jedn\u00E1 samostatn\u011B p\u0159edseda \u010Di kter\u00FDkoli z m\u00EDstop\u0159edsed\u016F nebo p\u0159edsednictvo spole\u010Dn\u011B.","posledn\u00ED_zm\u011Bna_stanov":"2025-01-30","pozn\u00E1mka":"","organiza\u010Dn\u00ED_jednotky":["krajsk\u00E9 organizace","oblastn\u00ED sdru\u017Een\u00ED"],"osoby":[{"typ":"Osoba","funkce":"p\u0159edseda:","jm\u00E9no":"Petr Hrd\u00FD","datum_narozen\u00ED":"1973-08-07","adresa_ulice":"Jana P\u0159ib\u00EDka 950/9","adresa_m\u011Bsto":"190 00 Praha","platnost_od":"2024-12-18"},{"typ":"Osoba","funkce":"1. m\u00EDstop\u0159edseda:","jm\u00E9no":"Filip Bene\u0161","datum_narozen\u00ED":"1992-08-28","adresa_ulice":"Pod n\u00E1dra\u017E\u00EDm 1841","adresa_m\u011Bsto":"358 01 Kraslice","platnost_od":"2026-03-04"},{"typ":"Osoba","funkce":"2. m\u00EDstop\u0159edseda:","jm\u00E9no":"Mgr. Michal Truhl\u00E1\u0159","datum_narozen\u00ED":"1984-09-18","adresa_ulice":"Kv\u011Btinov\u00E1 1685","adresa_m\u011Bsto":"691 23 Poho\u0159elice","platnost_od":"2024-12-18"}]},{"typ":["Digit\u00E1ln\u00ED objekt","Politick\u00E1 strana nebo hnut\u00ED"],"iri":"https://mv.gov.cz/api/boards/SPS/strana/544","url":"https://aplikace.mv.gov.cz/seznam-politickych-stran/Vypis_Rejstrik.aspx?id=544","n\u00E1zev":"DOMOV","zkratka":"DOMOV","adresa_s\u00EDdla":"120 00 Praha, Sarajevsk\u00E1 1051/10","den_registrace":"2019-03-11","\u010D\u00EDslo_registrace":"MV-16230-6/VS-2019","identifika\u010Dn\u00ED_\u010D\u00EDslo":"7972733","statut\u00E1rn\u00ED_org\u00E1n":"P\u0159edsednictvo, za kter\u00E9 jedn\u00E1 p\u0159edseda.","posledn\u00ED_zm\u011Bna_stanov":"2022-02-11","pozn\u00E1mka":"","organiza\u010Dn\u00ED_jednotky":["krajsk\u00E1 organizace","m\u00EDstn\u00ED organizace","okresn\u00ED organizace"],"osoby":[{"typ":"Osoba","funkce":"p\u0159edseda:","jm\u00E9no":"Mgr. David Tygr Ploc MBA","datum_narozen\u00ED":"1973-07-21","adresa_ulice":"Janovsk\u00E1 400","adresa_m\u011Bsto":"109 00 Praha","platnost_od":"2022-01-29"},{"typ":"Osoba","funkce":"statut\u00E1rn\u00ED m\u00EDstop\u0159edsedkyn\u011B:","jm\u00E9no":"Michaela Teyrovsk\u00E1","datum_narozen\u00ED":"1968-07-02","adresa_ulice":"Sarajevsk\u00E1 1051/10","adresa_m\u011Bsto":"120 00 Praha","platnost_od":"2024-10-06"},{"typ":"Osoba","funkce":"m\u00EDstop\u0159edseda:","jm\u00E9no":"Ota Dra\u010Dka","datum_narozen\u00ED":"1955-01-23","adresa_ulice":"Pod vyhl\u00EDdkou 447","adresa_m\u011Bsto":"407 22 Bene\u0161ov nad Plou\u010Dnic\u00ED","platnost_od":"2024-10-06"}]},{"typ":["Digit\u00E1ln\u00ED objekt","Politick\u00E1 strana nebo hnut\u00ED"],"iri":"https://mv.gov.cz/api/boards/SPS/strana/545","url":"https://aplikace.mv.gov.cz/seznam-politickych-stran/Vypis_Rejstrik.aspx?id=545","n\u00E1zev":"Pro \u010Cesko","zkratka":"PRO\u010C","adresa_s\u00EDdla":"530 02 Pardubice, t\u0159\u00EDda M\u00EDru 70","den_registrace":"2019-03-12","\u010D\u00EDslo_registrace":"MV-27075-4/VS-2019","identifika\u010Dn\u00ED_\u010D\u00EDslo":"7979754","statut\u00E1rn\u00ED_org\u00E1n":"P\u0159edsednictvo, za kter\u00E9 jedn\u00E1 samostatn\u011B p\u0159edseda nebo spole\u010Dn\u011B m\u00EDstop\u0159edseda a dal\u0161\u00ED \u010Dlen p\u0159edsednictva.","pozn\u00E1mka":"","organiza\u010Dn\u00ED_jednotky":["region\u00E1ln\u00ED organizace"],"osoby":[{"typ":"Osoba","funkce":"p\u0159edseda:","jm\u00E9no":"Radek K\u0148ava","datum_narozen\u00ED":"1981-01-21","adresa_ulice":"t\u0159\u00EDda M\u00EDru 70","adresa_m\u011Bsto":"530 02 Pardubice","platnost_od":"2019-03-24"},{"typ":"Osoba","funkce":"m\u00EDstop\u0159edseda:","jm\u00E9no":"Luk\u00E1\u0161 Doubek","datum_narozen\u00ED":"1983-06-04","adresa_ulice":"Ba\u0161teck\u00E1 179","adresa_m\u011Bsto":"281 23 Star\u00FD Kol\u00EDn","platnost_od":"2019-03-24"},{"typ":"Osoba","funkce":"\u010Dlenka:","jm\u00E9no":"Hana Filipov\u00E1","datum_narozen\u00ED":"1970-02-16","adresa_ulice":"","adresa_m\u011Bsto":"533 04 Sezemice 18","platnost_od":"2019-03-24"}]},{"typ":["Digit\u00E1ln\u00ED objekt","Politick\u00E1 strana nebo hnut\u00ED"],"iri":"https://mv.gov.cz/api/boards/SPS/strana/546","url":"https://aplikace.mv.gov.cz/seznam-politickych-stran/Vypis_Rejstrik.aspx?id=546","n\u00E1zev":"TV\u016EJ KANDID\u00C1T","zkratka":"TUJKA","adresa_s\u00EDdla":"120 00 Praha, Je\u010Dn\u00E1 529/29","den_registrace":"2019-03-14","\u010D\u00EDslo_registrace":"MV-33601-4/VS-2019","identifika\u010Dn\u00ED_\u010D\u00EDslo":"7986858","statut\u00E1rn\u00ED_org\u00E1n":"P\u0159edseda.","pozn\u00E1mka":"","organiza\u010Dn\u00ED_jednotky":[],"osoby":[{"typ":"Osoba","funkce":"p\u0159edseda:","jm\u00E9no":"Daniel Kone\u010Dn\u00FD","datum_narozen\u00ED":"1973-03-05","adresa_ulice":"Je\u010Dn\u00E1 529/29","adresa_m\u011Bsto":"120 00 Praha","platnost_od":"2019-03-22"}]},{"typ":["Digit\u00E1ln\u00ED objekt","Politick\u00E1 strana nebo hnut\u00ED"],"iri":"https://mv.gov.cz/api/boards/SPS/strana/547","url":"https://aplikace.mv.gov.cz/seznam-politickych-stran/Vypis_Rejstrik.aspx?id=547","n\u00E1zev":"JSI PRO? Jistota Solidarita Investice pro budoucnost","zkratka":"JSI PRO?","adresa_s\u00EDdla":"602 00 Brno, P\u0159\u00EDkop 6","den_registrace":"2019-03-14","\u010D\u00EDslo_registrace":"MV-29782-5/VS-2019","identifika\u010Dn\u00ED_\u010D\u00EDslo":"7990197","statut\u00E1rn\u00ED_org\u00E1n":"P\u0159edsednictvo, jeho\u017E jm\u00E9nem jedn\u00E1 p\u0159edseda nebo dva m\u00EDstop\u0159edsedov\u00E9 spole\u010Dn\u011B.","pozn\u00E1mka":"","organiza\u010Dn\u00ED_jednotky":["m\u00EDstn\u00ED organizace","oblastn\u00ED organizace"],"osoby":[{"typ":"Osoba","funkce":"p\u0159edseda:","jm\u00E9no":"Petr Kov\u00E1\u010D","datum_narozen\u00ED":"1973-03-23","adresa_ulice":"Husova 165/5","adresa_m\u011Bsto":"602 00 Brno","platnost_od":"2019-03-16"},{"typ":"Osoba","funkce":"m\u00EDstop\u0159edsedkyn\u011B:","jm\u00E9no":"\u0160\u00E1rka Kone\u010Dn\u00E1","adresa_ulice":"","adresa_m\u011Bsto":"","platnost_od":"2019-03-16"},{"typ":"Osoba","funkce":"m\u00EDstop\u0159edseda:","jm\u00E9no":"Luk\u00E1\u0161 Dvo\u0159\u00E1k","datum_narozen\u00ED":"1995-03-13","adresa_ulice":"Havl\u00ED\u010Dkovo n\u00E1m\u011Bst\u00ED 663","adresa_m\u011Bsto":"679 06 Jedovnice","platnost_od":"2019-03-16"}]},{"typ":["Digit\u00E1ln\u00ED objekt","Politick\u00E1 strana nebo hnut\u00ED"],"iri":"https://mv.gov.cz/api/boards/SPS/strana/548","url":"https://aplikace.mv.gov.cz/seznam-politickych-stran/Vypis_Rejstrik.aspx?id=548","n\u00E1zev":"Jednotn\u00ED","zkratka":"JEDNOTN\u00CD","adresa_s\u00EDdla":"747 74 Holasovice 218","den_registrace":"2019-03-15","\u010D\u00EDslo_registrace":"MV-38864-3/VS-2019","identifika\u010Dn\u00ED_\u010D\u00EDslo":"7991070","statut\u00E1rn\u00ED_org\u00E1n":"P\u0159edseda.","posledn\u00ED_zm\u011Bna_stanov":"2021-03-18","pozn\u00E1mka":"","organiza\u010Dn\u00ED_jednotky":["region\u00E1ln\u00ED kluby"],"osoby":[{"typ":"Osoba","funkce":"p\u0159edseda:","jm\u00E9no":"Martin \u0160atn\u00FD","datum_narozen\u00ED":"1977-06-22","adresa_ulice":"Anton\u00EDna Sovy 1210/14","adresa_m\u011Bsto":"747 05 Opava","platnost_od":"2021-02-28"}]},{"typ":["Digit\u00E1ln\u00ED objekt","Politick\u00E1 strana nebo hnut\u00ED"],"iri":"https://mv.gov.cz/api/boards/SPS/strana/549","url":"https://aplikace.mv.gov.cz/seznam-politickych-stran/Vypis_Rejstrik.aspx?id=549","n\u00E1zev":"LIST JAROM\u00CDRA SOUKUPA","zkratka":"LJS","adresa_s\u00EDdla":"147 00 Praha, Mikuleck\u00E9ho 1311/8","den_registrace":"2019-03-15","\u010D\u00EDslo_registrace":"MV-38597-4/VS-2019","identifika\u010Dn\u00ED_\u010D\u00EDslo":"7991291","statut\u00E1rn\u00ED_org\u00E1n":"P\u0159edseda.","pozn\u00E1mka":"","organiza\u010Dn\u00ED_jednotky":[],"osoby":[]},{"typ":["Digit\u00E1ln\u00ED objekt","Politick\u00E1 strana nebo hnut\u00ED"],"iri":"https://mv.gov.cz/api/boards/SPS/strana/550","url":"https://aplikace.mv.gov.cz/seznam-politickych-stran/Vypis_Rejstrik.aspx?id=550","n\u00E1zev":"Trikolora","zkratka":"Trikolora","adresa_s\u00EDdla":"130 00 Praha, Hartigova 1964/210","den_registrace":"2019-06-25","\u010D\u00EDslo_registrace":"MV-82512-4/VS-2019","identifika\u010Dn\u00ED_\u010D\u00EDslo":"8288909","statut\u00E1rn\u00ED_org\u00E1n":"P\u0159edseda.","posledn\u00ED_zm\u011Bna_stanov":"2026-03-12","pozn\u00E1mka":"","organiza\u010Dn\u00ED_jednotky":["krajsk\u00E9 organizace","m\u011Bstsk\u00E9 organizace","m\u00EDstn\u00ED organizace"],"osoby":[{"typ":"Osoba","funkce":"p\u0159edsedkyn\u011B:","jm\u00E9no":"Zuzana Majerov\u00E1","datum_narozen\u00ED":"1972-06-28","adresa_ulice":"","adresa_m\u011Bsto":"779 00 Bukovany 26","platnost_od":"2022-02-11"}]},{"typ":["Digit\u00E1ln\u00ED objekt","Politick\u00E1 strana nebo hnut\u00ED"],"iri":"https://mv.gov.cz/api/boards/SPS/strana/551","url":"https://aplikace.mv.gov.cz/seznam-politickych-stran/Vypis_Rejstrik.aspx?id=551","n\u00E1zev":"MY","zkratka":"MY","adresa_s\u00EDdla":"561 51 Letohrad, Komensk\u00E9ho 275","den_registrace":"2019-08-19","\u010D\u00EDslo_registrace":"MV-104993-4/VS-2019","identifika\u010Dn\u00ED_\u010D\u00EDslo":"8431345","statut\u00E1rn\u00ED_org\u00E1n":"P\u0159edsednictvo, za kter\u00E9 jedn\u00E1 p\u0159edseda.","posledn\u00ED_zm\u011Bna_stanov":"2025-11-26","pozn\u00E1mka":"","organiza\u010Dn\u00ED_jednotky":[],"osoby":[{"typ":"Osoba","funkce":"p\u0159edseda:","jm\u00E9no":"Petr Fiala","datum_narozen\u00ED":"1968-11-24","adresa_ulice":"Hausensk\u00E1 864","adresa_m\u011Bsto":"561 51 Letohrad","platnost_od":"2019-08-29"},{"typ":"Osoba","funkce":"\u010Dlen:","jm\u00E9no":"V\u00E1clav Kub\u00EDn","datum_narozen\u00ED":"1961-11-12","adresa_ulice":"Orlick\u00E1 749","adresa_m\u011Bsto":"561 69 Kr\u00E1l\u00EDky","platnost_od":"2019-08-19"},{"typ":"Osoba","funkce":"\u010Dlen:","jm\u00E9no":"Jan Str\u00E1nsk\u00FD","datum_narozen\u00ED":"1977-12-09","adresa_ulice":"","adresa_m\u011Bsto":"560 02 P\u0159\u00EDvrat 129","platnost_od":"2019-08-19"},{"typ":"Osoba","funkce":"\u010Dlen:","jm\u00E9no":"Josef Kozel","datum_narozen\u00ED":"1974-05-08","adresa_ulice":"Jarkovsk\u00E9ho 57","adresa_m\u011Bsto":"538 03 He\u0159man\u016Fv M\u011Bstec","platnost_od":"2019-08-19"},{"typ":"Osoba","funkce":"\u010Dlen:","jm\u00E9no":"Miroslav Kr\u010Dil","datum_narozen\u00ED":"1975-02-05","adresa_ulice":"Dru\u017Estevn\u00ED 1409","adresa_m\u011Bsto":"539 01 Hlinsko","platnost_od":"2019-08-19"},{"typ":"Osoba","funkce":"\u010Dlen:","jm\u00E9no":"Mgr. Dominik Bart\u00E1k","datum_narozen\u00ED":"1991-09-06","adresa_ulice":"Jilemnick\u00E9ho 2219","adresa_m\u011Bsto":"530 02 Pardubice","platnost_od":"2025-10-23"},{"typ":"Osoba","funkce":"\u010Dlen:","jm\u00E9no":"JUDr. Martin Netolick\u00FD, Ph.D.","datum_narozen\u00ED":"1982-09-22","adresa_ulice":"Tr\u00E1vn\u00EDk 1996","adresa_m\u011Bsto":"560 02 \u010Cesk\u00E1 T\u0159ebov\u00E1","platnost_od":"2025-10-23"}]},{"typ":["Digit\u00E1ln\u00ED objekt","Politick\u00E1 strana nebo hnut\u00ED"],"iri":"https://mv.gov.cz/api/boards/SPS/strana/552","url":"https://aplikace.mv.gov.cz/seznam-politickych-stran/Vypis_Rejstrik.aspx?id=552","n\u00E1zev":"Zm\u011Bna 2020","zkratka":"Z 2020","adresa_s\u00EDdla":"375 01 T\u00FDn nad Vltavou, Bohunick\u00E1 535","den_registrace":"2019-12-13","\u010D\u00EDslo_registrace":"MV-153319-4/VS-2019","identifika\u010Dn\u00ED_\u010D\u00EDslo":"8773297","statut\u00E1rn\u00ED_org\u00E1n":"P\u0159edsednictvo, za kter\u00E9 spole\u010Dn\u011B jednaj\u00ED dva \u010Dlenov\u00E9, z nich\u017E alespo\u0148 jeden je p\u0159edsedou a druh\u00FD \u010Dlenem p\u0159edsednictva anebo spole\u010Dn\u011B t\u0159emi \u010Dleny p\u0159edsednictva, z nich\u017E jeden je m\u00EDstop\u0159edsedou hnut\u00ED a dal\u0161\u00ED dva jsou \u010Dleny p\u0159edsednictva hnut\u00ED.","pozn\u00E1mka":"","organiza\u010Dn\u00ED_jednotky":[],"osoby":[{"typ":"Osoba","funkce":"p\u0159edseda:","jm\u00E9no":"Mgr. Ji\u0159\u00ED Zimola","datum_narozen\u00ED":"1971-03-28","adresa_ulice":"Obora 834","adresa_m\u011Bsto":"378 33 Nov\u00E1 Byst\u0159ice","platnost_od":"2020-05-29"},{"typ":"Osoba","funkce":"1. m\u00EDstop\u0159edseda:","jm\u00E9no":"Ing. Stanislav Mrvka","datum_narozen\u00ED":"1953-05-25","adresa_ulice":"Denisova 353","adresa_m\u011Bsto":"377 01 Jind\u0159ich\u016Fv Hradec","platnost_od":"2020-05-29"},{"typ":"Osoba","funkce":"2. m\u00EDstop\u0159edseda:","jm\u00E9no":"","adresa_ulice":"","adresa_m\u011Bsto":"","platnost_od":"2026-04-01"}]},{"typ":["Digit\u00E1ln\u00ED objekt","Politick\u00E1 strana nebo hnut\u00ED"],"iri":"https://mv.gov.cz/api/boards/SPS/strana/553","url":"https://aplikace.mv.gov.cz/seznam-politickych-stran/Vypis_Rejstrik.aspx?id=553","n\u00E1zev":"Patrioti Olomouck\u00E9ho kraje","zkratka":"POK","adresa_s\u00EDdla":"779 00 Olomouc, Chv\u00E1lkovick\u00E1 109/14","den_registrace":"2020-02-18","\u010D\u00EDslo_registrace":"MV-29908-2/VS-2020","identifika\u010Dn\u00ED_\u010D\u00EDslo":"8960909","statut\u00E1rn\u00ED_org\u00E1n":"P\u0159edsednictvo, za kter\u00E9 jedn\u00E1 p\u0159edseda.","pozn\u00E1mka":"","organiza\u010Dn\u00ED_jednotky":[],"osoby":[{"typ":"Osoba","funkce":"p\u0159edseda:","jm\u00E9no":"Ing. Jakub \u0160\u0165astn\u00FD","datum_narozen\u00ED":"1984-01-07","adresa_ulice":"Chv\u00E1lkovick\u00E1 109/14","adresa_m\u011Bsto":"779 00 Olomouc","platnost_od":"2020-02-25"},{"typ":"Osoba","funkce":"m\u00EDstop\u0159edseda:","jm\u00E9no":"MUDr. Ladislav Jab\u016Frek PhD.","datum_narozen\u00ED":"1952-09-07","adresa_ulice":"Norsk\u00E1 238/35","adresa_m\u011Bsto":"779 00 Olomouc","platnost_od":"2020-02-25"},{"typ":"Osoba","funkce":"m\u00EDstop\u0159edseda:","jm\u00E9no":"Prof. Ji\u0159\u00ED Fiala","datum_narozen\u00ED":"1944-04-03","adresa_ulice":"I. P. Pavlova 1001/38","adresa_m\u011Bsto":"779 00 Olomouc","platnost_od":"2020-02-25"}]},{"typ":["Digit\u00E1ln\u00ED objekt","Politick\u00E1 strana nebo hnut\u00ED"],"iri":"https://mv.gov.cz/api/boards/SPS/strana/554","url":"https://aplikace.mv.gov.cz/seznam-politickych-stran/Vypis_Rejstrik.aspx?id=554","n\u00E1zev":"Budoucnost","zkratka":"Budoucnost","adresa_s\u00EDdla":"198 00 Praha, Stru\u017En\u00E1 1299","den_registrace":"2020-05-22","\u010D\u00EDslo_registrace":"MV-72216-4/OV-2020","identifika\u010Dn\u00ED_\u010D\u00EDslo":"9182004","statut\u00E1rn\u00ED_org\u00E1n":"Spolup\u0159edsedaj\u00EDc\u00ED oba spole\u010Dn\u011B. V oblasti nakl\u00E1d\u00E1n\u00ED s majetkem posta\u010Duje podpis jednoho ze spolup\u0159edsedaj\u00EDc\u00EDch. V p\u0159\u00EDpad\u011B nakl\u00E1d\u00E1n\u00ED s majetkem hnut\u00ED v \u010D\u00E1stce p\u0159evy\u0161uj\u00EDc\u00ED 1 mili\u00F3n K\u010D je pot\u0159eba schv\u00E1len\u00ED Radou hnut\u00ED. Pokud je zvolen pouze jeden spolup\u0159edsedaj\u00EDc\u00ED, zastupuje hnut\u00ED samostatn\u011B.","posledn\u00ED_zm\u011Bna_stanov":"2025-08-12","pozn\u00E1mka":"","organiza\u010Dn\u00ED_jednotky":["krajsk\u00E9 sdru\u017Een\u00ED","m\u00EDstn\u00ED sdru\u017Een\u00ED"],"osoby":[{"typ":"Osoba","funkce":"Spolup\u0159edseda:","jm\u00E9no":"Jakub Kova\u0159\u00EDk","datum_narozen\u00ED":"1992-07-27","adresa_ulice":"M\u00E1chova 1137/8","adresa_m\u011Bsto":"120 00 Praha","platnost_od":"2023-09-20"},{"typ":"Osoba","funkce":"Spolup\u0159edsedkyn\u011B:","jm\u00E9no":"","adresa_ulice":"","adresa_m\u011Bsto":"","platnost_od":"2024-08-31"}]},{"typ":["Digit\u00E1ln\u00ED objekt","Politick\u00E1 strana nebo hnut\u00ED"],"iri":"https://mv.gov.cz/api/boards/SPS/strana/555","url":"https://aplikace.mv.gov.cz/seznam-politickych-stran/Vypis_Rejstrik.aspx?id=555","n\u00E1zev":"Alternativa pro nez\u00E1visl\u00E9 kandid\u00E1ty 2020 - ANK 2020","zkratka":"ANK 2020","adresa_s\u00EDdla":"708 00 Ostrava, Slav\u00EDkova 6068/18","den_registrace":"2020-06-08","\u010D\u00EDslo_registrace":"MV-86632-2/OV-2020","identifika\u010Dn\u00ED_\u010D\u00EDslo":"9227041","statut\u00E1rn\u00ED_org\u00E1n":"P\u0159edsednictvo, za kter\u00E9 jedn\u00E1 p\u0159edseda.","pozn\u00E1mka":"","organiza\u010Dn\u00ED_jednotky":[],"osoby":[{"typ":"Osoba","funkce":"p\u0159edseda:","jm\u00E9no":"doc. MUDr. Peter Koliba, CSc.","datum_narozen\u00ED":"1953-07-05","adresa_ulice":"Na Hore\u010Dk\u00E1ch 204","adresa_m\u011Bsto":"747 64 Budi\u0161ovice","platnost_od":"2020-07-29"},{"typ":"Osoba","funkce":"m\u00EDstop\u0159edsedkyn\u011B:","jm\u00E9no":"Bc. Milena Ogur\u010D\u00E1kov\u00E1","datum_narozen\u00ED":"1970-11-13","adresa_ulice":"Na Hore\u010Dk\u00E1ch 167","adresa_m\u011Bsto":"747 64 Budi\u0161ovice","platnost_od":"2020-07-29"},{"typ":"Osoba","funkce":"\u010Dlenka:","jm\u00E9no":"Kate\u0159ina Pochybov\u00E1","datum_narozen\u00ED":"1993-07-30","adresa_ulice":"Podrou\u017Ekova 1681/7","adresa_m\u011Bsto":"708 00 Ostrava","platnost_od":"2020-07-29"}]},{"typ":["Digit\u00E1ln\u00ED objekt","Politick\u00E1 strana nebo hnut\u00ED"],"iri":"https://mv.gov.cz/api/boards/SPS/strana/556","url":"https://aplikace.mv.gov.cz/seznam-politickych-stran/Vypis_Rejstrik.aspx?id=556","n\u00E1zev":"Hnut\u00ED Idealist\u00E9","zkratka":"Idealist\u00E9","adresa_s\u00EDdla":"638 00 Brno, Sob\u011B\u0161ick\u00E1 1472/128A","den_registrace":"2020-06-09","\u010D\u00EDslo_registrace":"MV-90266-2/OV-2020","identifika\u010Dn\u00ED_\u010D\u00EDslo":"9233229","statut\u00E1rn\u00ED_org\u00E1n":"Rada, za kterou jedn\u00E1 p\u0159edseda.","posledn\u00ED_zm\u011Bna_stanov":"2023-02-22","pozn\u00E1mka":"","organiza\u010Dn\u00ED_jednotky":["m\u00EDstn\u00ED organizace"],"osoby":[{"typ":"Osoba","funkce":"p\u0159edseda:","jm\u00E9no":"Jan Schneider","datum_narozen\u00ED":"1978-11-20","adresa_ulice":"Brn\u011Bnsk\u00E1 198","adresa_m\u011Bsto":"666 01 Ti\u0161nov","platnost_od":"2023-01-29"},{"typ":"Osoba","funkce":"m\u00EDstop\u0159edsedkyn\u011B:","jm\u00E9no":"Krist\u00FDna Hvi\u017E\u010Fov\u00E1","datum_narozen\u00ED":"1991-06-26","adresa_ulice":"Hapalova 969/8A","adresa_m\u011Bsto":"621 00 Brno","platnost_od":"2023-01-29"},{"typ":"Osoba","funkce":"\u010Dlen:","jm\u00E9no":"Luk\u00E1\u0161 Karnet","datum_narozen\u00ED":"1977-04-07","adresa_ulice":"Bo\u0159etick\u00E1 4098/11","adresa_m\u011Bsto":"628 00 Brno","platnost_od":"2020-08-29"}]},{"typ":["Digit\u00E1ln\u00ED objekt","Politick\u00E1 strana nebo hnut\u00ED"],"iri":"https://mv.gov.cz/api/boards/SPS/strana/557","url":"https://aplikace.mv.gov.cz/seznam-politickych-stran/Vypis_Rejstrik.aspx?id=557","n\u00E1zev":"ZA OB\u010CANY","zkratka":"ZA OB\u010CANY","adresa_s\u00EDdla":"516 01 Rychnov nad Kn\u011B\u017Enou, Star\u00E9 n\u00E1m\u011Bst\u00ED 68","den_registrace":"2020-06-12","\u010D\u00EDslo_registrace":"MV- 84656-5/OV-2020","identifika\u010Dn\u00ED_\u010D\u00EDslo":"9244263","statut\u00E1rn\u00ED_org\u00E1n":"P\u0159edseda.","pozn\u00E1mka":"","organiza\u010Dn\u00ED_jednotky":[],"osoby":[{"typ":"Osoba","funkce":"p\u0159edseda:","jm\u00E9no":"JUDr. Miroslav Antl","datum_narozen\u00ED":"1955-02-21","adresa_ulice":"Sekaninova 417/40","adresa_m\u011Bsto":"500 11 Hradec Kr\u00E1lov\u00E9","platnost_od":"2020-06-25"}]},{"typ":["Digit\u00E1ln\u00ED objekt","Politick\u00E1 strana nebo hnut\u00ED"],"iri":"https://mv.gov.cz/api/boards/SPS/strana/558","url":"https://aplikace.mv.gov.cz/seznam-politickych-stran/Vypis_Rejstrik.aspx?id=558","n\u00E1zev":"Mlad\u00ED pro Pardubick\u00FD kraj","zkratka":"MPK","adresa_s\u00EDdla":"538 36 \u017Dumberk 132","den_registrace":"2020-07-01","\u010D\u00EDslo_registrace":"MV-94675-5/OV-2020","identifika\u010Dn\u00ED_\u010D\u00EDslo":"9301020","statut\u00E1rn\u00ED_org\u00E1n":"P\u0159edsednictvo, za kter\u00E9 jedn\u00E1 p\u0159edseda.","pozn\u00E1mka":"","organiza\u010Dn\u00ED_jednotky":["okresn\u00ED organizace"],"osoby":[{"typ":"Osoba","funkce":"p\u0159edseda:","jm\u00E9no":"Bc. Petr \u017Dampach","datum_narozen\u00ED":"1996-09-18","adresa_ulice":"","adresa_m\u011Bsto":"538 36 \u017Dumberk 132","platnost_od":"2020-07-01"},{"typ":"Osoba","funkce":"1. m\u00EDstop\u0159edseda:","jm\u00E9no":"Josef Ro\u010De\u0148","datum_narozen\u00ED":"1996-08-30","adresa_ulice":"","adresa_m\u011Bsto":"539 55 Mi\u0159etice 12","platnost_od":"2020-11-14"},{"typ":"Osoba","funkce":"m\u00EDstop\u0159edsedkyn\u011B:","jm\u00E9no":"Barbora Doubkov\u00E1","datum_narozen\u00ED":"2002-03-26","adresa_ulice":"","adresa_m\u011Bsto":"565 53 Sloupnice 309","platnost_od":"2020-11-14"},{"typ":"Osoba","funkce":"m\u00EDstop\u0159edseda:","jm\u00E9no":"Ing. Milan S\u00FDs, Ph.D.","datum_narozen\u00ED":"1986-09-04","adresa_ulice":"Dukelsk\u00E1 155","adresa_m\u011Bsto":"538 54 Lu\u017Ee","platnost_od":"2020-11-14"}]},{"typ":["Digit\u00E1ln\u00ED objekt","Politick\u00E1 strana nebo hnut\u00ED"],"iri":"https://mv.gov.cz/api/boards/SPS/strana/559","url":"https://aplikace.mv.gov.cz/seznam-politickych-stran/Vypis_Rejstrik.aspx?id=559","n\u00E1zev":"P\u00CDSEK SOB\u011A \u2013 sdru\u017Een\u00ED nez\u00E1visl\u00FDch kandid\u00E1t\u016F","zkratka":"P\u00CDSEK SOB\u011A","adresa_s\u00EDdla":"397 01 P\u00EDsek, Tyr\u0161ova 681/38","den_registrace":"2020-07-09","\u010D\u00EDslo_registrace":"MV-105370-2/OV-2020","identifika\u010Dn\u00ED_\u010D\u00EDslo":"9318739","statut\u00E1rn\u00ED_org\u00E1n":"P\u0159edseda.","pozn\u00E1mka":"","organiza\u010Dn\u00ED_jednotky":["m\u00EDstn\u00ED organizace"],"osoby":[]},{"typ":["Digit\u00E1ln\u00ED objekt","Politick\u00E1 strana nebo hnut\u00ED"],"iri":"https://mv.gov.cz/api/boards/SPS/strana/560","url":"https://aplikace.mv.gov.cz/seznam-politickych-stran/Vypis_Rejstrik.aspx?id=560","n\u00E1zev":"Nez\u00E1visl\u00E1 kandid\u00E1tka","zkratka":"NeKa","adresa_s\u00EDdla":"594 01 Velk\u00E9 Mezi\u0159\u00ED\u010D\u00ED, Markova 1964/4","den_registrace":"2020-07-17","\u010D\u00EDslo_registrace":"MV-104612-6/OV-2020","identifika\u010Dn\u00ED_\u010D\u00EDslo":"9340718","statut\u00E1rn\u00ED_org\u00E1n":"P\u0159edseda.","pozn\u00E1mka":"","organiza\u010Dn\u00ED_jednotky":[],"osoby":[{"typ":"Osoba","funkce":"p\u0159edsedkyn\u011B:","jm\u00E9no":"Ing. Bc. Ivana Hork\u00E1","datum_narozen\u00ED":"1962-10-28","adresa_ulice":"Markova 1964/4","adresa_m\u011Bsto":"594 01 Velk\u00E9 Mezi\u0159\u00ED\u010D\u00ED","platnost_od":"2023-01-07"}]},{"typ":["Digit\u00E1ln\u00ED objekt","Politick\u00E1 strana nebo hnut\u00ED"],"iri":"https://mv.gov.cz/api/boards/SPS/strana/561","url":"https://aplikace.mv.gov.cz/seznam-politickych-stran/Vypis_Rejstrik.aspx?id=561","n\u00E1zev":"VIZE - n\u00E1rodn\u00ED socialist\u00E9","zkratka":"VIZENS","adresa_s\u00EDdla":"411 56 Bohu\u0161ovice nad Oh\u0159\u00ED, U Stadionu 297","den_registrace":"2020-07-22","\u010D\u00EDslo_registrace":"MV-110176-5/OV-2020","identifika\u010Dn\u00ED_\u010D\u00EDslo":"9352741","statut\u00E1rn\u00ED_org\u00E1n":"P\u0159edseda spole\u010Dn\u011B s v\u00FDkonn\u00FDm tajemn\u00EDkem.","pozn\u00E1mka":"","organiza\u010Dn\u00ED_jednotky":[],"osoby":[{"typ":"Osoba","funkce":"p\u0159edseda:","jm\u00E9no":"Bc. Jan  Vondou\u0161","datum_narozen\u00ED":"1978-04-07","adresa_ulice":"U Stadionu 297","adresa_m\u011Bsto":"411 56 Bohu\u0161ovice nad Oh\u0159\u00ED","platnost_od":"2020-07-23"},{"typ":"Osoba","funkce":"v\u00FDkonn\u00FD tajemn\u00EDk: ","jm\u00E9no":"Vlasta Kaulerov\u00E1","datum_narozen\u00ED":"1998-09-21","adresa_ulice":"\u0160koln\u00ED 32","adresa_m\u011Bsto":"411 81 Brozany nad Oh\u0159\u00ED","platnost_od":"2021-05-23"}]},{"typ":["Digit\u00E1ln\u00ED objekt","Politick\u00E1 strana nebo hnut\u00ED"],"iri":"https://mv.gov.cz/api/boards/SPS/strana/562","url":"https://aplikace.mv.gov.cz/seznam-politickych-stran/Vypis_Rejstrik.aspx?id=562","n\u00E1zev":"O v\u00E1s pro v\u00E1s","zkratka":"OVPV","adresa_s\u00EDdla":"370 06 \u010Cesk\u00E9 Bud\u011Bjovice, Poh\u016Freck\u00E1 414/3","den_registrace":"2020-07-27","\u010D\u00EDslo_registrace":"MV-184938-6/OV-2019","identifika\u010Dn\u00ED_\u010D\u00EDslo":"9363149","statut\u00E1rn\u00ED_org\u00E1n":"P\u0159edseda.","pozn\u00E1mka":"","organiza\u010Dn\u00ED_jednotky":[],"osoby":[{"typ":"Osoba","funkce":"p\u0159edseda:","jm\u00E9no":"Jarom\u00EDr Du\u0161ek","datum_narozen\u00ED":"1982-12-16","adresa_ulice":"n\u00E1m. P\u0159emysla Otakara II. 2/2","adresa_m\u011Bsto":"370 01 \u010Cesk\u00E9 Bud\u011Bjovice","platnost_od":"2020-08-27"}]},{"typ":["Digit\u00E1ln\u00ED objekt","Politick\u00E1 strana nebo hnut\u00ED"],"iri":"https://mv.gov.cz/api/boards/SPS/strana/563","url":"https://aplikace.mv.gov.cz/seznam-politickych-stran/Vypis_Rejstrik.aspx?id=563","n\u00E1zev":"SENIO\u0158I SOB\u011A","zkratka":"SESO","adresa_s\u00EDdla":"130 00 Praha, Kon\u011Bvova 2660/141","den_registrace":"2020-10-15","\u010D\u00EDslo_registrace":"MV-140218-4/OV-2020","identifika\u010Dn\u00ED_\u010D\u00EDslo":"9607684","statut\u00E1rn\u00ED_org\u00E1n":"P\u0159edsednictvo, za kter\u00E9 jedn\u00E1 p\u0159edseda.","posledn\u00ED_zm\u011Bna_stanov":"2023-01-09","pozn\u00E1mka":"","organiza\u010Dn\u00ED_jednotky":["oblastn\u00ED klub","region\u00E1ln\u00ED klub"],"osoby":[{"typ":"Osoba","funkce":"p\u0159edseda:","jm\u00E9no":"","adresa_ulice":"","adresa_m\u011Bsto":"","platnost_od":"2025-07-07"},{"typ":"Osoba","funkce":"1. m\u00EDstop\u0159edseda:","jm\u00E9no":"JUDr. Miroslav Kab\u00E1t","datum_narozen\u00ED":"1949-11-13","adresa_ulice":"Mladenovova 3232/5","adresa_m\u011Bsto":"143 00 Praha","platnost_od":"2022-11-19"},{"typ":"Osoba","funkce":"m\u00EDstop\u0159edseda:","jm\u00E9no":"Ing. Pavel Tr\u00E1vn\u00ED\u010Dek","datum_narozen\u00ED":"1950-05-03","adresa_ulice":"Chlebovick\u00E1 729/2","adresa_m\u011Bsto":"199 00 Praha","platnost_od":"2022-11-19"}]},{"typ":["Digit\u00E1ln\u00ED objekt","Politick\u00E1 strana nebo hnut\u00ED"],"iri":"https://mv.gov.cz/api/boards/SPS/strana/564","url":"https://aplikace.mv.gov.cz/seznam-politickych-stran/Vypis_Rejstrik.aspx?id=564","n\u00E1zev":"LID\u00C9 PRO","zkratka":"LPRO","adresa_s\u00EDdla":"101 00 Praha, \u0158\u00ED\u010Dansk\u00E1 2399/3","den_registrace":"2020-12-10","\u010D\u00EDslo_registrace":"MV-188904-2/OV-2020","identifika\u010Dn\u00ED_\u010D\u00EDslo":"9742719","statut\u00E1rn\u00ED_org\u00E1n":"P\u0159edsednictvo, za kter\u00E9 jedn\u00E1 p\u0159edseda nebo m\u00EDstop\u0159edseda a dal\u0161\u00ED \u010Dlen p\u0159edsednictva.","pozn\u00E1mka":"","organiza\u010Dn\u00ED_jednotky":[],"osoby":[]},{"typ":["Digit\u00E1ln\u00ED objekt","Politick\u00E1 strana nebo hnut\u00ED"],"iri":"https://mv.gov.cz/api/boards/SPS/strana/565","url":"https://aplikace.mv.gov.cz/seznam-politickych-stran/Vypis_Rejstrik.aspx?id=565","n\u00E1zev":"OB\u010CANSK\u00C9 HNUT\u00CD","zkratka":"OH","adresa_s\u00EDdla":"101 00 Praha, Korunn\u00ED 2569/108G","den_registrace":"2020-12-28","\u010D\u00EDslo_registrace":"MV-188862-4/OV-2020","identifika\u010Dn\u00ED_\u010D\u00EDslo":"9780734","statut\u00E1rn\u00ED_org\u00E1n":"P\u0159edsednictvo, za kter\u00E9 jedn\u00E1 p\u0159edseda.","pozn\u00E1mka":"","organiza\u010Dn\u00ED_jednotky":[],"osoby":[{"typ":"Osoba","funkce":"p\u0159edseda:","jm\u00E9no":"Pavel Krej\u010D\u00ED","datum_narozen\u00ED":"1980-07-02","adresa_ulice":"Ocel\u00EDkova 672/1","adresa_m\u011Bsto":"149 00 Praha","platnost_od":"2021-02-15"},{"typ":"Osoba","funkce":"m\u00EDstop\u0159edseda:","jm\u00E9no":"","adresa_ulice":"","adresa_m\u011Bsto":"","platnost_od":"2022-11-24"}]},{"typ":["Digit\u00E1ln\u00ED objekt","Politick\u00E1 strana nebo hnut\u00ED"],"iri":"https://mv.gov.cz/api/boards/SPS/strana/566","url":"https://aplikace.mv.gov.cz/seznam-politickych-stran/Vypis_Rejstrik.aspx?id=566","n\u00E1zev":"DOST","zkratka":"DOST","adresa_s\u00EDdla":"196 00 Praha, Machnova 242/16","den_registrace":"2021-03-03","\u010D\u00EDslo_registrace":"MV-23724-4/OV-2021","identifika\u010Dn\u00ED_\u010D\u00EDslo":"9977023","statut\u00E1rn\u00ED_org\u00E1n":"P\u0159edsednictvo, za kter\u00E9 jedn\u00E1 p\u0159edseda.","pozn\u00E1mka":"","organiza\u010Dn\u00ED_jednotky":[],"osoby":[{"typ":"Osoba","funkce":"p\u0159edseda:","jm\u00E9no":"Miroslav Bu\u0161ovsk\u00FD","datum_narozen\u00ED":"1963-06-08","adresa_ulice":"Machnova 242/16","adresa_m\u011Bsto":"196 00 Praha","platnost_od":"2021-03-10"},{"typ":"Osoba","funkce":"m\u00EDstop\u0159edsedkyn\u011B:","jm\u00E9no":"Monika Bu\u0161ovsk\u00E1","datum_narozen\u00ED":"1987-01-26","adresa_ulice":"Machnova 242/16","adresa_m\u011Bsto":"196 00 Praha","platnost_od":"2021-03-10"},{"typ":"Osoba","funkce":"m\u00EDstop\u0159edseda:","jm\u00E9no":"Ji\u0159\u00ED Miksa","datum_narozen\u00ED":"1964-04-09","adresa_ulice":"Karlovarsk\u00E1 345","adresa_m\u011Bsto":"273 61 Velk\u00E1 Dobr\u00E1","platnost_od":"2021-03-10"}]},{"typ":["Digit\u00E1ln\u00ED objekt","Politick\u00E1 strana nebo hnut\u00ED"],"iri":"https://mv.gov.cz/api/boards/SPS/strana/567","url":"https://aplikace.mv.gov.cz/seznam-politickych-stran/Vypis_Rejstrik.aspx?id=567","n\u00E1zev":"Hnut\u00ED PES","zkratka":"PES","adresa_s\u00EDdla":"262 23 Jince, E\u0161kova 33","den_registrace":"2021-03-04","\u010D\u00EDslo_registrace":"MV-27071-5/OV-2021","identifika\u010Dn\u00ED_\u010D\u00EDslo":"9983503","statut\u00E1rn\u00ED_org\u00E1n":"P\u0159edsednictvo, za kter\u00E9 jedn\u00E1 samostatn\u011B p\u0159edseda a 1. m\u00EDstop\u0159edseda.","posledn\u00ED_zm\u011Bna_stanov":"2022-06-21","pozn\u00E1mka":"","organiza\u010Dn\u00ED_jednotky":["M\u00EDstn\u00ED bu\u0148ka","Region\u00E1ln\u00ED bu\u0148ka","Republikov\u00E1 bu\u0148ka"],"osoby":[{"typ":"Osoba","funkce":"p\u0159edseda:","jm\u00E9no":"","adresa_ulice":"","adresa_m\u011Bsto":"","platnost_od":"2022-10-29"},{"typ":"Osoba","funkce":"1. m\u00EDstop\u0159edseda:","jm\u00E9no":"Ji\u0159\u00ED Jane\u010Dek","datum_narozen\u00ED":"1973-12-29","adresa_ulice":"E\u0161kova 33","adresa_m\u011Bsto":"262 23 Jince","platnost_od":"2021-03-12"},{"typ":"Osoba","funkce":"m\u00EDstop\u0159edseda:","jm\u00E9no":"Ji\u0159\u00ED Stuchl\u00EDk","datum_narozen\u00ED":"1974-03-14","adresa_ulice":"Ostravsk\u00E1 49","adresa_m\u011Bsto":"739 25 Sviadnov","platnost_od":"2021-03-12"},{"typ":"Osoba","funkce":"m\u00EDstop\u0159edseda:","jm\u00E9no":"Marcel Huml","datum_narozen\u00ED":"1973-12-05","adresa_ulice":"","adresa_m\u011Bsto":"431 11 V\u0161estudy 40","platnost_od":"2021-03-12"},{"typ":"Osoba","funkce":"m\u00EDstop\u0159edseda:","jm\u00E9no":"Radek \u017D\u010F\u00E1reck\u00FD","datum_narozen\u00ED":"1969-10-19","adresa_ulice":"St\u0159\u00ED\u017Eovick\u00E1 1036/32A","adresa_m\u011Bsto":"400 01 \u00DAst\u00ED nad Labem","platnost_od":"2021-03-12"}]},{"typ":["Digit\u00E1ln\u00ED objekt","Politick\u00E1 strana nebo hnut\u00ED"],"iri":"https://mv.gov.cz/api/boards/SPS/strana/568","url":"https://aplikace.mv.gov.cz/seznam-politickych-stran/Vypis_Rejstrik.aspx?id=568","n\u00E1zev":"P\u0158\u00CDSAHA ob\u010Dansk\u00E9 hnut\u00ED","zkratka":"P\u0158\u00CDSAHA","adresa_s\u00EDdla":"128 00 Praha, Horsk\u00E1 2106/2b","den_registrace":"2021-04-08","\u010D\u00EDslo_registrace":"MV- 54127-2/OV-2021","identifika\u010Dn\u00ED_\u010D\u00EDslo":"10742409","statut\u00E1rn\u00ED_org\u00E1n":"P\u0159edsednictvo v\u00FDkonn\u00E9 rady, za kterou jedn\u00E1 p\u0159edseda.","posledn\u00ED_zm\u011Bna_stanov":"2022-11-29","pozn\u00E1mka":"","organiza\u010Dn\u00ED_jednotky":["krajsk\u00E9 organizace","m\u00EDstn\u00ED organizace"],"osoby":[{"typ":"Osoba","funkce":"p\u0159edseda:","jm\u00E9no":"Mgr. R\u00F3bert \u0160lachta","datum_narozen\u00ED":"1971-07-22","adresa_ulice":"\u0160umick\u00E1 688","adresa_m\u011Bsto":"691 23 Poho\u0159elice","platnost_od":"2021-06-26"},{"typ":"Osoba","funkce":"1. M\u00EDstop\u0159edseda:","jm\u00E9no":"Mgr. Jaroslav Pelc","datum_narozen\u00ED":"1971-05-05","adresa_ulice":"Bory K\u0159\u00ED\u017Ee 994","adresa_m\u011Bsto":"272 04 Kladno","platnost_od":"2022-11-05"},{"typ":"Osoba","funkce":"m\u00EDstop\u0159edsedkyn\u011B:","jm\u00E9no":"Nikola Bart\u016F\u0161ek","datum_narozen\u00ED":"1985-05-11","adresa_ulice":"Netolick\u00E1 1146/6","adresa_m\u011Bsto":"370 05 \u010Cesk\u00E9 Bud\u011Bjovice","platnost_od":"2025-02-01"},{"typ":"Osoba","funkce":"m\u00EDstop\u0159edseda:","jm\u00E9no":"Petr Vok\u0159\u00E1l","datum_narozen\u00ED":"1964-01-19","adresa_ulice":"Jana Uhra 178/24","adresa_m\u011Bsto":"602 00 Brno","platnost_od":"2025-02-01"}]},{"typ":["Digit\u00E1ln\u00ED objekt","Politick\u00E1 strana nebo hnut\u00ED"],"iri":"https://mv.gov.cz/api/boards/SPS/strana/569","url":"https://aplikace.mv.gov.cz/seznam-politickych-stran/Vypis_Rejstrik.aspx?id=569","n\u00E1zev":"Manifest.cz - Prav\u00E1 Svoboda a Prosperita","zkratka":"Manifest.cz","adresa_s\u00EDdla":"101 00 Praha, U vr\u0161ovick\u00E9ho n\u00E1dra\u017E\u00ED 99/24","den_registrace":"2021-06-03","\u010D\u00EDslo_registrace":"MV-49205-4/OV-2021","identifika\u010Dn\u00ED_\u010D\u00EDslo":"10922202","statut\u00E1rn\u00ED_org\u00E1n":"P\u0159edsednictvo, za kter\u00E9 jedn\u00E1 p\u0159edseda.","posledn\u00ED_zm\u011Bna_stanov":"2021-07-28","pozn\u00E1mka":"","organiza\u010Dn\u00ED_jednotky":[],"osoby":[{"typ":"Osoba","funkce":"p\u0159edseda:","jm\u00E9no":"David Tesa\u0159","datum_narozen\u00ED":"1975-12-16","adresa_ulice":"U star\u00E9 cihelny 2879/5","adresa_m\u011Bsto":"130 00 Praha","platnost_od":"2021-06-27"},{"typ":"Osoba","funkce":"1. m\u00EDstop\u0159edseda:","jm\u00E9no":"Luk\u00E1\u0161 Neterda","datum_narozen\u00ED":"1978-06-08","adresa_ulice":"Na Dvorc\u00EDch 284/12","adresa_m\u011Bsto":"140 00 Praha","platnost_od":"2022-10-08"},{"typ":"Osoba","funkce":"2. m\u00EDstop\u0159edsedkyn\u011B:","jm\u00E9no":"Karen  Pumrov\u00E1","datum_narozen\u00ED":"1967-11-06","adresa_ulice":"","adresa_m\u011Bsto":"250 01 D\u0159ev\u010Dice 144","platnost_od":"2022-10-08"}]},{"typ":["Digit\u00E1ln\u00ED objekt","Politick\u00E1 strana nebo hnut\u00ED"],"iri":"https://mv.gov.cz/api/boards/SPS/strana/570","url":"https://aplikace.mv.gov.cz/seznam-politickych-stran/Vypis_Rejstrik.aspx?id=570","n\u00E1zev":"Fakt Brno","zkratka":"Fakt Brno","adresa_s\u00EDdla":"613 00 Brno, Merhautova 836/64","den_registrace":"2021-06-16","\u010D\u00EDslo_registrace":"MV-83415-4/OV-2021","identifika\u010Dn\u00ED_\u010D\u00EDslo":"10954899","statut\u00E1rn\u00ED_org\u00E1n":"L\u00EDdr a tajemn\u00EDk, ka\u017Ed\u00FD jedn\u00E1 samostatn\u011B.","pozn\u00E1mka":"","organiza\u010Dn\u00ED_jednotky":[],"osoby":[{"typ":"Osoba","funkce":"l\u00EDdr hnut\u00ED:","jm\u00E9no":"Ing. David Pokorn\u00FD","datum_narozen\u00ED":"1995-04-20","adresa_ulice":"Jugosl\u00E1vsk\u00E1 588/18","adresa_m\u011Bsto":"613 00 Brno","platnost_od":"2021-06-24"},{"typ":"Osoba","funkce":"tajemn\u00EDk hnut\u00ED:","jm\u00E9no":"Bc. Marek \u0160o\u0161ka","datum_narozen\u00ED":"1998-03-25","adresa_ulice":"Jugosl\u00E1vsk\u00E1 588/18","adresa_m\u011Bsto":"613 00 Brno","platnost_od":"2021-06-24"}]},{"typ":["Digit\u00E1ln\u00ED objekt","Politick\u00E1 strana nebo hnut\u00ED"],"iri":"https://mv.gov.cz/api/boards/SPS/strana/571","url":"https://aplikace.mv.gov.cz/seznam-politickych-stran/Vypis_Rejstrik.aspx?id=571","n\u00E1zev":"Sm\u011Br \u010Cesk\u00E1 republika","zkratka":"Sm\u011Br","adresa_s\u00EDdla":"150 00 Praha, Jan\u00E1\u010Dkovo n\u00E1b\u0159e\u017E\u00ED 476/43","den_registrace":"2021-06-30","\u010D\u00EDslo_registrace":"MV-102844-2/OV-2021","identifika\u010Dn\u00ED_\u010D\u00EDslo":"10997113","statut\u00E1rn\u00ED_org\u00E1n":"P\u0159edseda.","posledn\u00ED_zm\u011Bna_stanov":"2023-11-24","pozn\u00E1mka":"","organiza\u010Dn\u00ED_jednotky":["krajsk\u00E9 organizace","m\u00EDstn\u00ED organizace"],"osoby":[{"typ":"Osoba","funkce":"p\u0159edseda:","jm\u00E9no":"David \u0160t\u011Bp\u00E1n","datum_narozen\u00ED":"1963-12-19","adresa_ulice":"Skupova 1257","adresa_m\u011Bsto":"415 01 Teplice","platnost_od":"2025-05-13"}]},{"typ":["Digit\u00E1ln\u00ED objekt","Politick\u00E1 strana nebo hnut\u00ED"],"iri":"https://mv.gov.cz/api/boards/SPS/strana/572","url":"https://aplikace.mv.gov.cz/seznam-politickych-stran/Vypis_Rejstrik.aspx?id=572","n\u00E1zev":"Strana n\u00E1rodn\u00ED svobody","zkratka":"SNS","adresa_s\u00EDdla":"284 03 Kutn\u00E1 Hora, U Nadjezdu 368","den_registrace":"2021-07-14","\u010D\u00EDslo_registrace":"MV-100439-4/OV-2021","identifika\u010Dn\u00ED_\u010D\u00EDslo":"11661704","statut\u00E1rn\u00ED_org\u00E1n":"P\u0159edseda a 2 pov\u011B\u0159en\u00ED m\u00EDstop\u0159edsedov\u00E9, kte\u0159\u00ED jednaj\u00ED spole\u010Dn\u011B.","pozn\u00E1mka":"","organiza\u010Dn\u00ED_jednotky":["krajsk\u00E9 organizace","m\u00EDstn\u00ED organizace"],"osoby":[{"typ":"Osoba","funkce":"p\u0159edseda:","jm\u00E9no":"Ji\u0159\u00ED Janata","datum_narozen\u00ED":"1966-10-20","adresa_ulice":"U Nadjezdu 368","adresa_m\u011Bsto":"284 03 Kutn\u00E1 Hora","platnost_od":"2021-07-31"},{"typ":"Osoba","funkce":"m\u00EDstop\u0159edsedkyn\u011B:","jm\u00E9no":"V\u011Bra Polnick\u00E1","datum_narozen\u00ED":"1974-10-09","adresa_ulice":"J. Jungmanna 1010/23","adresa_m\u011Bsto":"286 01 \u010C\u00E1slav","platnost_od":"2021-07-31"},{"typ":"Osoba","funkce":"m\u00EDstop\u0159edsedkyn\u011B:","jm\u00E9no":"Barbora Ha\u0161kovcov\u00E1","datum_narozen\u00ED":"1974-09-24","adresa_ulice":"K\u00FAty 1947","adresa_m\u011Bsto":"760 01 Zl\u00EDn","platnost_od":"2021-07-31"},{"typ":"Osoba","funkce":"m\u00EDstop\u0159edseda:","jm\u00E9no":"Pavel Hakr","datum_narozen\u00ED":"1954-02-22","adresa_ulice":"","adresa_m\u011Bsto":"386 01 Osek 109","platnost_od":"2021-07-31"},{"typ":"Osoba","funkce":"m\u00EDstop\u0159edseda:","jm\u00E9no":"Miroslav Ze\u0165\u00E1k","datum_narozen\u00ED":"1977-09-10","adresa_ulice":"Su\u0161ilova 1330","adresa_m\u011Bsto":"755 01 Vset\u00EDn","platnost_od":"2021-07-31"}]},{"typ":["Digit\u00E1ln\u00ED objekt","Politick\u00E1 strana nebo hnut\u00ED"],"iri":"https://mv.gov.cz/api/boards/SPS/strana/573","url":"https://aplikace.mv.gov.cz/seznam-politickych-stran/Vypis_Rejstrik.aspx?id=573","n\u00E1zev":"Urza.cz: Nechceme va\u0161e hlasy; ke svobod\u011B se nelze provolit. Odm\u00EDtneme ka\u017Edou politickou funkci; nechceme toti\u017E lidem na\u0159izovat, jak maj\u00ED \u017E\u00EDt. M\u00E1me jinou vizi. Jdeme jinou cestou \u2014 najdete ji na webu www.urza.cz.","zkratka":"Nevolte Urza.cz.","adresa_s\u00EDdla":"272 01 Kladno, V Ba\u017Eantnici 2654","den_registrace":"2021-07-20","\u010D\u00EDslo_registrace":"MV-113572-2/OV-2021","identifika\u010Dn\u00ED_\u010D\u00EDslo":"11677309","statut\u00E1rn\u00ED_org\u00E1n":"V\u00FDbor, ka\u017Ed\u00FD \u010Dlen jedn\u00E1 samostatn\u011B.","pozn\u00E1mka":"","organiza\u010Dn\u00ED_jednotky":[],"osoby":[{"typ":"Osoba","funkce":"\u010Dlen:","jm\u00E9no":"Martin Urza","datum_narozen\u00ED":"1987-06-04","adresa_ulice":"Ko\u0161\u00ED\u0159sk\u00E9 n\u00E1m\u011Bst\u00ED 520/2","adresa_m\u011Bsto":"150 00 Praha","platnost_od":"2021-07-20"},{"typ":"Osoba","funkce":"\u010Dlenka:","jm\u00E9no":"Anna Honz\u00EDkov\u00E1","datum_narozen\u00ED":"1995-03-01","adresa_ulice":"D\u00EDv\u010D\u00ED 151","adresa_m\u011Bsto":"407 21 \u010Cesk\u00E1 Kamenice","platnost_od":"2021-07-20"},{"typ":"Osoba","funkce":"\u010Dlenka:","jm\u00E9no":"Iveta K\u016Frkov\u00E1","datum_narozen\u00ED":"1988-07-27","adresa_ulice":"Na Chodovci 2541/28","adresa_m\u011Bsto":"141 00 Praha","platnost_od":"2024-05-19"}]},{"typ":["Digit\u00E1ln\u00ED objekt","Politick\u00E1 strana nebo hnut\u00ED"],"iri":"https://mv.gov.cz/api/boards/SPS/strana/574","url":"https://aplikace.mv.gov.cz/seznam-politickych-stran/Vypis_Rejstrik.aspx?id=574","n\u00E1zev":"HODO\u0147\u00C1CI","zkratka":"Hodo\u0148\u00E1ci","adresa_s\u00EDdla":"695 01 Hodon\u00EDn, Dobrovolsk\u00E9ho 250/13","den_registrace":"2022-01-06","\u010D\u00EDslo_registrace":"MV-183376-4/OV-2021","identifika\u010Dn\u00ED_\u010D\u00EDslo":"14130297","statut\u00E1rn\u00ED_org\u00E1n":"P\u0159edsednictvo, p\u0159edseda a dva m\u00EDstop\u0159edsedov\u00E9 jednaj\u00ED samostatn\u011B.","posledn\u00ED_zm\u011Bna_stanov":"2023-12-27","pozn\u00E1mka":"","organiza\u010Dn\u00ED_jednotky":[],"osoby":[{"typ":"Osoba","funkce":"p\u0159edsedkyn\u011B:","jm\u00E9no":"Mgr.Ter\u00E9zia  Ml\u00FDnkov\u00E1 I\u0161kov\u00E1","datum_narozen\u00ED":"1990-05-30","adresa_ulice":"Dobrovolsk\u00E9ho 250/13","adresa_m\u011Bsto":"695 01 Hodon\u00EDn","platnost_od":"2023-09-11"},{"typ":"Osoba","funkce":"m\u00EDstop\u0159edseda:","jm\u00E9no":"Franti\u0161ek N\u00E1hl\u00EDk","datum_narozen\u00ED":"1990-11-12","adresa_ulice":"\u017Di\u017Ekova  4523 /16d","adresa_m\u011Bsto":"695 01 Hodon\u00EDn","platnost_od":"2023-09-11"},{"typ":"Osoba","funkce":"m\u00EDstop\u0159edseda:","jm\u00E9no":"Radek Ml\u010Dek","datum_narozen\u00ED":"1981-07-04","adresa_ulice":"Brn\u011Bnsk\u00E1 773/14","adresa_m\u011Bsto":"695 01 Hodon\u00EDn","platnost_od":"2023-09-11"}]},{"typ":["Digit\u00E1ln\u00ED objekt","Politick\u00E1 strana nebo hnut\u00ED"],"iri":"https://mv.gov.cz/api/boards/SPS/strana/575","url":"https://aplikace.mv.gov.cz/seznam-politickych-stran/Vypis_Rejstrik.aspx?id=575","n\u00E1zev":"Bezpe\u010Dn\u00E1 zem\u011B","zkratka":"BZ","adresa_s\u00EDdla":"735 14 Orlov\u00E1, B\u0159ezov\u00E1 1044","den_registrace":"2022-01-21","\u010D\u00EDslo_registrace":"MV-91891-4/OV-2021","identifika\u010Dn\u00ED_\u010D\u00EDslo":"14179792","statut\u00E1rn\u00ED_org\u00E1n":"P\u0159edsednictvo, za kter\u00E9 jednaj\u00ED spole\u010Dn\u011B p\u0159edseda a prvn\u00ED m\u00EDstop\u0159edseda.","pozn\u00E1mka":"","organiza\u010Dn\u00ED_jednotky":["region\u00E1ln\u00ED kluby"],"osoby":[{"typ":"Osoba","funkce":"p\u0159edseda:","jm\u00E9no":"Martin Mazur","datum_narozen\u00ED":"1980-05-03","adresa_ulice":"Na P\u00EDsk\u00E1ch 344","adresa_m\u011Bsto":"735 52 Bohum\u00EDn","platnost_od":"2022-03-17"},{"typ":"Osoba","funkce":"prvn\u00ED m\u00EDstop\u0159edseda:","jm\u00E9no":"Tom\u00E1\u0161 Ku\u010Da","datum_narozen\u00ED":"1970-07-11","adresa_ulice":"B\u0159ezov\u00E1 1044","adresa_m\u011Bsto":"735 14 Orlov\u00E1","platnost_od":"2022-03-17"},{"typ":"Osoba","funkce":"m\u00EDstop\u0159edseda:","jm\u00E9no":"Kamil Wicherek","datum_narozen\u00ED":"1973-01-10","adresa_ulice":"","adresa_m\u011Bsto":"735 72 Petrovice u Karvin\u00E9 94","platnost_od":"2022-03-17"}]},{"typ":["Digit\u00E1ln\u00ED objekt","Politick\u00E1 strana nebo hnut\u00ED"],"iri":"https://mv.gov.cz/api/boards/SPS/strana/576","url":"https://aplikace.mv.gov.cz/seznam-politickych-stran/Vypis_Rejstrik.aspx?id=576","n\u00E1zev":"Ob\u010Dansk\u00E9 f\u00F3rum Beskydy","zkratka":"OFB","adresa_s\u00EDdla":"739 12 \u010Celadn\u00E1 791","den_registrace":"2022-02-01","\u010D\u00EDslo_registrace":"MV- 11561-5/OV-2022","identifika\u010Dn\u00ED_\u010D\u00EDslo":"14212129","statut\u00E1rn\u00ED_org\u00E1n":"P\u0159edstavenstvo, za kter\u00E9 jedn\u00E1 navenek jm\u00E9nem hnut\u00ED samostatn\u011B p\u0159edseda p\u0159edstavenstva nebo spole\u010Dn\u011B dva \u010Dlenov\u00E9 p\u0159edstavenstva, z nich\u017E alespo\u0148 jeden je m\u00EDstop\u0159edsedou p\u0159edstavenstva.","pozn\u00E1mka":"","organiza\u010Dn\u00ED_jednotky":[],"osoby":[{"typ":"Osoba","funkce":"p\u0159edseda:","jm\u00E9no":"Ing. Ji\u0159\u00ED \u0160vr\u010Dek, MBA","datum_narozen\u00ED":"1969-04-22","adresa_ulice":"","adresa_m\u011Bsto":"739 12 \u010Celadn\u00E1 791","platnost_od":"2022-03-05"},{"typ":"Osoba","funkce":"m\u00EDstop\u0159edseda:","jm\u00E9no":"","adresa_ulice":"","adresa_m\u011Bsto":"","platnost_od":"2023-07-30"},{"typ":"Osoba","funkce":"\u010Dlen:","jm\u00E9no":"Old\u0159ich Uher","datum_narozen\u00ED":"1960-10-22","adresa_ulice":"","adresa_m\u011Bsto":"739 12 \u010Celadn\u00E1 767","platnost_od":"2022-03-05"}]},{"typ":["Digit\u00E1ln\u00ED objekt","Politick\u00E1 strana nebo hnut\u00ED"],"iri":"https://mv.gov.cz/api/boards/SPS/strana/577","url":"https://aplikace.mv.gov.cz/seznam-politickych-stran/Vypis_Rejstrik.aspx?id=577","n\u00E1zev":"ROMA LUMA","zkratka":"LUMA","adresa_s\u00EDdla":"193 00 Praha, N\u00E1chodsk\u00E1 116/208","den_registrace":"2022-02-15","\u010D\u00EDslo_registrace":"MV-18148-4/OV-2022","identifika\u010Dn\u00ED_\u010D\u00EDslo":"14257734","statut\u00E1rn\u00ED_org\u00E1n":"P\u0159edsednictvo, za kter\u00E9 jednaj\u00ED spole\u010Dn\u011B oba p\u0159edsedov\u00E9 (spolup\u0159edsedov\u00E9).","posledn\u00ED_zm\u011Bna_stanov":"2023-05-17","pozn\u00E1mka":"","organiza\u010Dn\u00ED_jednotky":[],"osoby":[{"typ":"Osoba","funkce":"p\u0159edseda:","jm\u00E9no":"Emil Zajac","datum_narozen\u00ED":"1975-01-14","adresa_ulice":"\u0160t\u00EDbrova 1219/6","adresa_m\u011Bsto":"182 00 Praha","platnost_od":"2022-02-21"},{"typ":"Osoba","funkce":"p\u0159edsedkyn\u011B:","jm\u00E9no":"Zuzana Piln\u00E1","datum_narozen\u00ED":"1982-03-24","adresa_ulice":"Rezlerova 303/16","adresa_m\u011Bsto":"109 00 Praha","platnost_od":"2024-04-12"},{"typ":"Osoba","funkce":"\u010Dlen:","jm\u00E9no":"Jan Jarka","datum_narozen\u00ED":"1984-03-14","adresa_ulice":"Slune\u010Dn\u00E1 74","adresa_m\u011Bsto":"464 01 Raspenava","platnost_od":"2023-03-30"},{"typ":"Osoba","funkce":"\u010Dlen:","jm\u00E9no":"Jan \u010Cerve\u0148\u00E1k","datum_narozen\u00ED":"1973-09-06","adresa_ulice":"Doln\u00ED 355","adresa_m\u011Bsto":"284 01 Kutn\u00E1 Hora","platnost_od":"2024-05-06"},{"typ":"Osoba","funkce":"\u010Dlen:","jm\u00E9no":"Ivan Ora\u010Dko","datum_narozen\u00ED":"1986-01-18","adresa_ulice":"Mladoboleslavsk\u00E1 3284","adresa_m\u011Bsto":"276 01 M\u011Bln\u00EDk","platnost_od":"2024-05-06"}]},{"typ":["Digit\u00E1ln\u00ED objekt","Politick\u00E1 strana nebo hnut\u00ED"],"iri":"https://mv.gov.cz/api/boards/SPS/strana/578","url":"https://aplikace.mv.gov.cz/seznam-politickych-stran/Vypis_Rejstrik.aspx?id=578","n\u00E1zev":"JISTOTA A BUDOUCNOST","zkratka":"JAB","adresa_s\u00EDdla":"267 51 Zdice, \u010Cs. arm\u00E1dy 71","den_registrace":"2022-02-24","\u010D\u00EDslo_registrace":"MV-40377-2/OV-2022","identifika\u010Dn\u00ED_\u010D\u00EDslo":"14290910","statut\u00E1rn\u00ED_org\u00E1n":"P\u0159edseda; prvn\u00ED m\u00EDstop\u0159edseda, kter\u00FD vykon\u00E1v\u00E1 funkci p\u0159edsedy v dob\u011B jeho nep\u0159\u00EDtomnosti nebo v p\u0159\u00EDpad\u011B, \u017Ee p\u0159edseda nem\u016F\u017Ee vykon\u00E1vat svou funkci.","pozn\u00E1mka":"","organiza\u010Dn\u00ED_jednotky":["krajsk\u00E9 skupiny","m\u00EDstn\u00ED skupiny"],"osoby":[{"typ":"Osoba","funkce":"p\u0159edseda:","jm\u00E9no":"Milo\u0161 Petera","datum_narozen\u00ED":"1958-03-14","adresa_ulice":"Kaprov\u00E1 2539","adresa_m\u011Bsto":"288 02 Nymburk","platnost_od":"2022-04-28"},{"typ":"Osoba","funkce":"prvn\u00ED m\u00EDstop\u0159edseda:","jm\u00E9no":"Richard Dolej\u0161","datum_narozen\u00ED":"1970-08-13","adresa_ulice":"Dru\u017Estevn\u00ED 741","adresa_m\u011Bsto":"267 51 Zdice","platnost_od":"2022-04-28"}]},{"typ":["Digit\u00E1ln\u00ED objekt","Politick\u00E1 strana nebo hnut\u00ED"],"iri":"https://mv.gov.cz/api/boards/SPS/strana/579","url":"https://aplikace.mv.gov.cz/seznam-politickych-stran/Vypis_Rejstrik.aspx?id=579","n\u00E1zev":"Budoucnost pro ob\u010Dany","zkratka":"\u201EBUPO\u201C","adresa_s\u00EDdla":"435 11 Lom, n\u00E1m. Republiky 367/2A","den_registrace":"2022-03-10","\u010D\u00EDslo_registrace":"MV-33014-5/OV-2022","identifika\u010Dn\u00ED_\u010D\u00EDslo":"14334887","statut\u00E1rn\u00ED_org\u00E1n":"P\u0159edsednictvo, ka\u017Ed\u00FD \u010Dlen jedn\u00E1 samostatn\u011B, podepisuj\u00ED v\u017Edy dva spole\u010Dn\u011B.","pozn\u00E1mka":"","organiza\u010Dn\u00ED_jednotky":[],"osoby":[{"typ":"Osoba","funkce":"p\u0159edseda:","jm\u00E9no":"Ing. Libor  \u017Demli\u010Dka","datum_narozen\u00ED":"1976-07-06","adresa_ulice":"Nerudova 447/9","adresa_m\u011Bsto":"435 11 Lom","platnost_od":"2026-01-16"},{"typ":"Osoba","funkce":"m\u00EDstop\u0159edseda:","jm\u00E9no":"Adam Renka","datum_narozen\u00ED":"1976-05-25","adresa_ulice":"Spojeneck\u00FDch letc\u016F 1020","adresa_m\u011Bsto":"435 11 Lom","platnost_od":"2022-03-12"},{"typ":"Osoba","funkce":"m\u00EDstop\u0159edseda:","jm\u00E9no":"Jaroslav Dlesk","datum_narozen\u00ED":"1991-07-12","adresa_ulice":"Nerudova 448/11","adresa_m\u011Bsto":"435 11 Lom","platnost_od":"2026-01-16"}]},{"typ":["Digit\u00E1ln\u00ED objekt","Politick\u00E1 strana nebo hnut\u00ED"],"iri":"https://mv.gov.cz/api/boards/SPS/strana/580","url":"https://aplikace.mv.gov.cz/seznam-politickych-stran/Vypis_Rejstrik.aspx?id=580","n\u00E1zev":"ProPce21","zkratka":"PP21","adresa_s\u00EDdla":"530 02 Pardubice, 17. listopadu 2753","den_registrace":"2022-03-17","\u010D\u00EDslo_registrace":"MV- 40334-4/OV-2022","identifika\u010Dn\u00ED_\u010D\u00EDslo":"14356813","statut\u00E1rn\u00ED_org\u00E1n":"P\u0159edsednictvo, za kter\u00E9 jedn\u00E1 p\u0159edseda.","posledn\u00ED_zm\u011Bna_stanov":"2024-06-17","pozn\u00E1mka":"","organiza\u010Dn\u00ED_jednotky":[],"osoby":[{"typ":"Osoba","funkce":"p\u0159edseda:","jm\u00E9no":"Jakub Rychteck\u00FD","datum_narozen\u00ED":"1984-04-13","adresa_ulice":"Josefa Bubl\u00EDka 367","adresa_m\u011Bsto":"530 09 Pardubice","platnost_od":"2025-09-23"},{"typ":"Osoba","funkce":"\u010Dlen:","jm\u00E9no":"Franti\u0161ek N\u011Bmec","datum_narozen\u00ED":"1966-07-26","adresa_ulice":"Bro\u017E\u00EDkova 435","adresa_m\u011Bsto":"530 09 Pardubice","platnost_od":"2025-09-23"},{"typ":"Osoba","funkce":"\u010Dlenka:","jm\u00E9no":"Marcela Nov\u00E1\u010Dkov\u00E1","datum_narozen\u00ED":"1965-08-27","adresa_ulice":"Erno Ko\u0161\u0165\u00E1la 958","adresa_m\u011Bsto":"530 12 Pardubice","platnost_od":"2025-09-23"}]},{"typ":["Digit\u00E1ln\u00ED objekt","Politick\u00E1 strana nebo hnut\u00ED"],"iri":"https://mv.gov.cz/api/boards/SPS/strana/581","url":"https://aplikace.mv.gov.cz/seznam-politickych-stran/Vypis_Rejstrik.aspx?id=581","n\u00E1zev":"A DOST! PRO LEP\u0160\u00CD BUDOUCNOST","zkratka":"AD PRO LB","adresa_s\u00EDdla":"373 12 Borovany, Nov\u00E1 356","den_registrace":"2022-03-22","\u010D\u00EDslo_registrace":"MV-46277-4/OV-2022","identifika\u010Dn\u00ED_\u010D\u00EDslo":"14369664","statut\u00E1rn\u00ED_org\u00E1n":"P\u0159edstavenstvo, za kter\u00E9 jedn\u00E1 p\u0159edseda nebo dva m\u00EDstop\u0159edsedov\u00E9 spole\u010Dn\u011B.","pozn\u00E1mka":"","organiza\u010Dn\u00ED_jednotky":[],"osoby":[{"typ":"Osoba","funkce":"p\u0159edseda:","jm\u00E9no":"Tom\u00E1\u0161 \u0160norek","datum_narozen\u00ED":"1986-10-05","adresa_ulice":"Nov\u00E1 356","adresa_m\u011Bsto":"373 12 Borovany","platnost_od":"2022-04-09"},{"typ":"Osoba","funkce":"1. m\u00EDstop\u0159edseda:","jm\u00E9no":"Erik Hor\u00E1\u010Dek","datum_narozen\u00ED":"1977-05-09","adresa_ulice":"U Cihelny 676","adresa_m\u011Bsto":"373 12 Borovany","platnost_od":"2024-04-05"},{"typ":"Osoba","funkce":"m\u00EDstop\u0159edseda:","jm\u00E9no":"Tom\u00E1\u0161 Jindra","datum_narozen\u00ED":"1986-11-09","adresa_ulice":"Vod\u00E1rensk\u00E1 509","adresa_m\u011Bsto":"373 12 Borovany","platnost_od":"2024-04-05"}]},{"typ":["Digit\u00E1ln\u00ED objekt","Politick\u00E1 strana nebo hnut\u00ED"],"iri":"https://mv.gov.cz/api/boards/SPS/strana/582","url":"https://aplikace.mv.gov.cz/seznam-politickych-stran/Vypis_Rejstrik.aspx?id=582","n\u00E1zev":"VOLN\u00DD blok","zkratka":"VOLN\u00DD blok","adresa_s\u00EDdla":"747 14 Ludge\u0159ovice, Lesn\u00ED 809/9","den_registrace":"2022-04-19","\u010D\u00EDslo_registrace":"MV-38015-6/OV-2022","identifika\u010Dn\u00ED_\u010D\u00EDslo":"17055512","statut\u00E1rn\u00ED_org\u00E1n":"P\u0159edseda.","pozn\u00E1mka":"","organiza\u010Dn\u00ED_jednotky":["region\u00E1ln\u00ED kluby"],"osoby":[{"typ":"Osoba","funkce":"p\u0159edseda:","jm\u00E9no":"Mgr. Lubom\u00EDr Voln\u00FD","datum_narozen\u00ED":"1973-07-03","adresa_ulice":"Karla Pokorn\u00E9ho 1352/63","adresa_m\u011Bsto":"708 00 Ostrava","platnost_od":"2022-05-01"}]},{"typ":["Digit\u00E1ln\u00ED objekt","Politick\u00E1 strana nebo hnut\u00ED"],"iri":"https://mv.gov.cz/api/boards/SPS/strana/583","url":"https://aplikace.mv.gov.cz/seznam-politickych-stran/Vypis_Rejstrik.aspx?id=583","n\u00E1zev":"Spr\u00E1vn\u00E1 Volba","zkratka":"SpV","adresa_s\u00EDdla":"430 03 Chomutov, Dobrovsk\u00E9ho 5706","den_registrace":"2022-04-27","\u010D\u00EDslo_registrace":"MV-99816-10/OV-2021","identifika\u010Dn\u00ED_\u010D\u00EDslo":"17084997","statut\u00E1rn\u00ED_org\u00E1n":"P\u0159edsednictvo, za kter\u00E9 jedn\u00E1 p\u0159edseda, p\u0159edsednictvem pov\u011B\u0159en\u00FD \u010Dlen p\u0159edsednictva.","posledn\u00ED_zm\u011Bna_stanov":"2024-06-27","pozn\u00E1mka":"","organiza\u010Dn\u00ED_jednotky":["m\u00EDstn\u00ED organizace"],"osoby":[{"typ":"Osoba","funkce":"p\u0159edseda:","jm\u00E9no":"Ing. Pavel Umlauf","datum_narozen\u00ED":"1970-04-18","adresa_ulice":"Dobrovsk\u00E9ho 5706","adresa_m\u011Bsto":"430 03 Chomutov","platnost_od":"2022-05-05"},{"typ":"Osoba","funkce":"m\u00EDstop\u0159edseda:","jm\u00E9no":"MUDr. Ota Sta\u0148o","datum_narozen\u00ED":"1957-03-21","adresa_ulice":"Edisonova 3428/8","adresa_m\u011Bsto":"430 01 Chomutov","platnost_od":"2022-05-05"},{"typ":"Osoba","funkce":"m\u00EDstop\u0159edseda:","jm\u00E9no":"Ing. Milo\u0148 Houda","datum_narozen\u00ED":"1968-05-19","adresa_ulice":"B\u0159ezeneck\u00E1 4750","adresa_m\u011Bsto":"430 04 Chomutov","platnost_od":"2022-05-05"}]},{"typ":["Digit\u00E1ln\u00ED objekt","Politick\u00E1 strana nebo hnut\u00ED"],"iri":"https://mv.gov.cz/api/boards/SPS/strana/584","url":"https://aplikace.mv.gov.cz/seznam-politickych-stran/Vypis_Rejstrik.aspx?id=584","n\u00E1zev":"PRO Pr\u00E1vo Respekt Odbornost","zkratka":"PRO","adresa_s\u00EDdla":"171 00 Praha, Povltavsk\u00E1  829/36A","den_registrace":"2022-04-27","\u010D\u00EDslo_registrace":"MV-71883-4/OV-2022","identifika\u010Dn\u00ED_\u010D\u00EDslo":"17085438","statut\u00E1rn\u00ED_org\u00E1n":"P\u0159edseda.","posledn\u00ED_zm\u011Bna_stanov":"2026-04-10","pozn\u00E1mka":"","organiza\u010Dn\u00ED_jednotky":["krajsk\u00E9 organizace","m\u011Bstsk\u00E9 organizace","m\u00EDstn\u00ED organizace"],"osoby":[{"typ":"Osoba","funkce":"p\u0159edseda:","jm\u00E9no":"Jind\u0159ich Rajchl","datum_narozen\u00ED":"1976-09-27","adresa_ulice":"Mu\u017E\u00EDkova 1252/32","adresa_m\u011Bsto":"500 08 Hradec Kr\u00E1lov\u00E9","platnost_od":"2022-06-18"}]},{"typ":["Digit\u00E1ln\u00ED objekt","Politick\u00E1 strana nebo hnut\u00ED"],"iri":"https://mv.gov.cz/api/boards/SPS/strana/585","url":"https://aplikace.mv.gov.cz/seznam-politickych-stran/Vypis_Rejstrik.aspx?id=585","n\u00E1zev":"KR\u00C1SN\u00C1 KOP\u0158IVNICE","zkratka":"KK","adresa_s\u00EDdla":"742 21 Kop\u0159ivnice, Z\u00E1humenn\u00ED 1358/30C","den_registrace":"2022-04-29","\u010D\u00EDslo_registrace":"MV-63048-4/OV-2022","identifika\u010Dn\u00ED_\u010D\u00EDslo":"17095107","statut\u00E1rn\u00ED_org\u00E1n":"V\u00FDbor, za kter\u00FD jednaj\u00ED v\u017Edy spole\u010Dn\u011B alespo\u0148 dva \u010Dlenov\u00E9 v\u00FDboru.","pozn\u00E1mka":"","organiza\u010Dn\u00ED_jednotky":[],"osoby":[{"typ":"Osoba","funkce":"p\u0159edseda:","jm\u00E9no":"Bc. Adam Hanus","datum_narozen\u00ED":"1984-12-21","adresa_ulice":"","adresa_m\u011Bsto":"742 21 Kop\u0159ivnice 633","platnost_od":"2022-06-15"},{"typ":"Osoba","funkce":"m\u00EDstop\u0159edseda:","jm\u00E9no":"doc. Ing. arch. Kamil Mrva, Ph.D.","datum_narozen\u00ED":"1974-07-20","adresa_ulice":"Z\u00E1humenn\u00ED 1358/30C","adresa_m\u011Bsto":"742 21 Kop\u0159ivnice","platnost_od":"2022-06-15"},{"typ":"Osoba","funkce":"\u010Dlen v\u00FDboru:","jm\u00E9no":"Bc. V\u00E1clav Koci\u00E1n","datum_narozen\u00ED":"1988-03-04","adresa_ulice":"\u0160trambersk\u00E1 1550/66b","adresa_m\u011Bsto":"742 21 Kop\u0159ivnice","platnost_od":"2022-06-15"},{"typ":"Osoba","funkce":"\u010Dlen v\u00FDboru:","jm\u00E9no":"Bc. Jakub Kletensk\u00FD","datum_narozen\u00ED":"1988-08-30","adresa_ulice":"Sokolovsk\u00E1 687/11","adresa_m\u011Bsto":"742 21 Kop\u0159ivnice","platnost_od":"2022-06-15"},{"typ":"Osoba","funkce":"\u010Dlen v\u00FDboru:","jm\u00E9no":"Mgr. Ji\u0159\u00ED L\u00EDpov\u00FD","datum_narozen\u00ED":"1986-04-28","adresa_ulice":"Kpt. N\u00E1lepky 1071/6","adresa_m\u011Bsto":"742 21 Kop\u0159ivnice","platnost_od":"2022-06-15"}]},{"typ":["Digit\u00E1ln\u00ED objekt","Politick\u00E1 strana nebo hnut\u00ED"],"iri":"https://mv.gov.cz/api/boards/SPS/strana/586","url":"https://aplikace.mv.gov.cz/seznam-politickych-stran/Vypis_Rejstrik.aspx?id=586","n\u00E1zev":"Ob\u010Dan\u00E9 SPOLU","zkratka":"O. SPOLU","adresa_s\u00EDdla":"571 01 Moravsk\u00E1 T\u0159ebov\u00E1, Nerudova 1384/76","den_registrace":"2022-05-11","\u010D\u00EDslo_registrace":"MV-69463-6/OV-2022","identifika\u010Dn\u00ED_\u010D\u00EDslo":"17133742","statut\u00E1rn\u00ED_org\u00E1n":"P\u0159edseda. V neb\u011B\u017En\u00FDch z\u00E1le\u017Eitostech je pot\u0159eba podpisu p\u0159edsedy a jednoho \u010Dlena rady. Neb\u011B\u017Enou z\u00E1le\u017Eitost\u00ED je zejm\u00E9na uzav\u00EDr\u00E1n\u00ED politick\u00FDch dohod a zavazov\u00E1n\u00ED se nad \u010D\u00E1stku vy\u0161\u0161\u00ED ne\u017E 50. 000 K\u010D.","pozn\u00E1mka":"","organiza\u010Dn\u00ED_jednotky":[],"osoby":[{"typ":"Osoba","funkce":"p\u0159edseda:","jm\u00E9no":"Ji\u0159\u00ED B\u00E1rta","datum_narozen\u00ED":"1963-08-27","adresa_ulice":"Vodn\u00ED 128/2","adresa_m\u011Bsto":"571 01 Moravsk\u00E1 T\u0159ebov\u00E1","platnost_od":"2022-07-01"}]},{"typ":["Digit\u00E1ln\u00ED objekt","Politick\u00E1 strana nebo hnut\u00ED"],"iri":"https://mv.gov.cz/api/boards/SPS/strana/587","url":"https://aplikace.mv.gov.cz/seznam-politickych-stran/Vypis_Rejstrik.aspx?id=587","n\u00E1zev":"LEP\u0160\u00CD SEVER","zkratka":"LS","adresa_s\u00EDdla":"435 13 Mezibo\u0159\u00ED, Okru\u017En\u00ED 350","den_registrace":"2022-05-25","\u010D\u00EDslo_registrace":"MV-82621-4/OV-2022","identifika\u010Dn\u00ED_\u010D\u00EDslo":"17177782","statut\u00E1rn\u00ED_org\u00E1n":"P\u0159edseda.","pozn\u00E1mka":"","organiza\u010Dn\u00ED_jednotky":["okresn\u00ED organizace"],"osoby":[{"typ":"Osoba","funkce":"p\u0159edseda:","jm\u00E9no":"Martin Havelka","datum_narozen\u00ED":"1998-05-07","adresa_ulice":"\u017Didovick\u00E1 152","adresa_m\u011Bsto":"434 01 Most","platnost_od":"2022-06-17"}]},{"typ":["Digit\u00E1ln\u00ED objekt","Politick\u00E1 strana nebo hnut\u00ED"],"iri":"https://mv.gov.cz/api/boards/SPS/strana/588","url":"https://aplikace.mv.gov.cz/seznam-politickych-stran/Vypis_Rejstrik.aspx?id=588","n\u00E1zev":"Mourek \u2013 politick\u00E1 strana","zkratka":"Mourek","adresa_s\u00EDdla":"180 00 Praha, Franti\u0161ka Kadlece 2378/32","den_registrace":"2022-05-27","\u010D\u00EDslo_registrace":"MV-96390-2/OV-2022","identifika\u010Dn\u00ED_\u010D\u00EDslo":"17187087","statut\u00E1rn\u00ED_org\u00E1n":"P\u0159edsednictvo, za kter\u00E9 jedn\u00E1 spole\u010Dn\u011B p\u0159edseda a jeden z m\u00EDstop\u0159edsed\u016F nebo p\u0159edsednictvo spole\u010Dn\u011B.","posledn\u00ED_zm\u011Bna_stanov":"2023-12-15","pozn\u00E1mka":"","organiza\u010Dn\u00ED_jednotky":[],"osoby":[{"typ":"Osoba","funkce":"p\u0159edseda:","jm\u00E9no":"Petr \u0160pringr","datum_narozen\u00ED":"1984-08-30","adresa_ulice":"Franti\u0161ka Kadlece 2378/32","adresa_m\u011Bsto":"180 00 Praha","platnost_od":"2022-06-19"},{"typ":"Osoba","funkce":"m\u00EDstop\u0159edsedkyn\u011B:","jm\u00E9no":"Kristina \u0160pringr","datum_narozen\u00ED":"1986-08-12","adresa_ulice":"K\u0159i\u017E\u00EDkova 452/64","adresa_m\u011Bsto":"186 00 Praha","platnost_od":"2022-06-19"},{"typ":"Osoba","funkce":"m\u00EDstop\u0159edseda:","jm\u00E9no":"Ond\u0159ej Havlena","datum_narozen\u00ED":"1984-04-12","adresa_ulice":"n\u00E1m\u011Bst\u00ED Dr. V\u00E1clava Hol\u00E9ho 1048/7","adresa_m\u011Bsto":"180 00 Praha","platnost_od":"2022-06-19"}]},{"typ":["Digit\u00E1ln\u00ED objekt","Politick\u00E1 strana nebo hnut\u00ED"],"iri":"https://mv.gov.cz/api/boards/SPS/strana/589","url":"https://aplikace.mv.gov.cz/seznam-politickych-stran/Vypis_Rejstrik.aspx?id=589","n\u00E1zev":"SPOLEK ZA ZDRAVOU JIHLAVU","zkratka":"SZZJ","adresa_s\u00EDdla":"586 01 Jihlava, Sokolovsk\u00E1 2294/108","den_registrace":"2022-06-06","\u010D\u00EDslo_registrace":"MV-89769-4/OV-2022","identifika\u010Dn\u00ED_\u010D\u00EDslo":"17212596","statut\u00E1rn\u00ED_org\u00E1n":"Rada, a to spole\u010Dn\u011B dv\u011Bma jeho \u010Dleny, z nich\u017E alespo\u0148 jeden je p\u0159edsedou a druh\u00FD \u010Dlenem rady anebo spole\u010Dn\u011B t\u0159emi \u010Dleny rady, z nich\u017E jeden je m\u00EDstop\u0159edsedou hnut\u00ED.","pozn\u00E1mka":"","organiza\u010Dn\u00ED_jednotky":[],"osoby":[{"typ":"Osoba","funkce":"p\u0159edseda:","jm\u00E9no":"Milan Mat\u011Bjka","datum_narozen\u00ED":"1963-02-25","adresa_ulice":"Sokolovsk\u00E1 2294/108","adresa_m\u011Bsto":"586 01 Jihlava","platnost_od":"2022-06-14"},{"typ":"Osoba","funkce":"m\u00EDstop\u0159edseda:","jm\u00E9no":"Bc. Libor Nov\u00E1k, DBA, MBA","datum_narozen\u00ED":"1955-06-09","adresa_ulice":"Stamicova 3856/11","adresa_m\u011Bsto":"586 01 Jihlava","platnost_od":"2022-06-14"},{"typ":"Osoba","funkce":"\u010Dlen:","jm\u00E9no":"MUDr. V\u00EDt P\u00E1vek","datum_narozen\u00ED":"1976-11-10","adresa_ulice":"Sokolovsk\u00E1 3013/49","adresa_m\u011Bsto":"586 01 Jihlava","platnost_od":"2022-06-14"},{"typ":"Osoba","funkce":"\u010Dlen:","jm\u00E9no":"Ing. Jan Kub\u00E1t","datum_narozen\u00ED":"1973-10-07","adresa_ulice":"Mo\u0161nova 2572/20","adresa_m\u011Bsto":"586 01 Jihlava","platnost_od":"2022-06-14"},{"typ":"Osoba","funkce":"\u010Dlen:","jm\u00E9no":"Ale\u0161 Be\u010Fa\u010D","datum_narozen\u00ED":"1978-01-15","adresa_ulice":"Sokolovsk\u00E1 3048/119","adresa_m\u011Bsto":"586 01 Jihlava","platnost_od":"2022-06-14"},{"typ":"Osoba","funkce":"\u010Dlenka:","jm\u00E9no":"Olga Poukarov\u00E1","datum_narozen\u00ED":"1946-06-30","adresa_ulice":"Stamicova 3857/13","adresa_m\u011Bsto":"586 01 Jihlava","platnost_od":"2022-06-14"},{"typ":"Osoba","funkce":"\u010Dlenka:","jm\u00E9no":"Hana Borsk\u00E1","datum_narozen\u00ED":"1971-07-06","adresa_ulice":"Nerudova 1505/22","adresa_m\u011Bsto":"586 01 Jihlava","platnost_od":"2022-06-14"}]},{"typ":["Digit\u00E1ln\u00ED objekt","Politick\u00E1 strana nebo hnut\u00ED"],"iri":"https://mv.gov.cz/api/boards/SPS/strana/590","url":"https://aplikace.mv.gov.cz/seznam-politickych-stran/Vypis_Rejstrik.aspx?id=590","n\u00E1zev":"Zm\u011Bna pro Prahu 12","zkratka":"ZPP 12","adresa_s\u00EDdla":"143 00 Praha, K dol\u016Fm 73/65","den_registrace":"2022-06-06","\u010D\u00EDslo_registrace":"MV-98667-3/OV-2022","identifika\u010Dn\u00ED_\u010D\u00EDslo":"17213754","statut\u00E1rn\u00ED_org\u00E1n":"V\u00FDbor, za kter\u00FD jedn\u00E1 a podepisuje p\u0159edseda.","posledn\u00ED_zm\u011Bna_stanov":"2023-11-02","pozn\u00E1mka":"","organiza\u010Dn\u00ED_jednotky":[],"osoby":[{"typ":"Osoba","funkce":"p\u0159edseda:","jm\u00E9no":"Michael Val\u00E1\u0161ek, prof.","datum_narozen\u00ED":"1956-03-25","adresa_ulice":"Palmetov\u00E1 2104/40","adresa_m\u011Bsto":"143 00 Praha","platnost_od":"2022-06-19"},{"typ":"Osoba","funkce":"m\u00EDstop\u0159edseda:","jm\u00E9no":"Ing. Jind\u0159ich  Ba\u0161ta","datum_narozen\u00ED":"1957-05-24","adresa_ulice":"Levsk\u00E9ho 3210/5","adresa_m\u011Bsto":"143 00 Praha","platnost_od":"2025-05-01"},{"typ":"Osoba","funkce":"\u010Dlen:","jm\u00E9no":"Ing. Ji\u0159\u00ED  Flieger","datum_narozen\u00ED":"1967-04-08","adresa_ulice":"Na Havr\u00E1nce 395/37","adresa_m\u011Bsto":"143 00 Praha","platnost_od":"2025-05-01"}]},{"typ":["Digit\u00E1ln\u00ED objekt","Politick\u00E1 strana nebo hnut\u00ED"],"iri":"https://mv.gov.cz/api/boards/SPS/strana/591","url":"https://aplikace.mv.gov.cz/seznam-politickych-stran/Vypis_Rejstrik.aspx?id=591","n\u00E1zev":"PATRIOTI N\u00C1CHODA","zkratka":"PaN","adresa_s\u00EDdla":"547 01 N\u00E1chod, Palack\u00E9ho 920","den_registrace":"2022-06-14","\u010D\u00EDslo_registrace":"MV-93824-4/OV-2022","identifika\u010Dn\u00ED_\u010D\u00EDslo":"17239800","statut\u00E1rn\u00ED_org\u00E1n":"P\u0159edstavenstvo, za kter\u00E9 jednaj\u00ED dva mluv\u010D\u00ED, a to ka\u017Ed\u00FD samostatn\u011B.","pozn\u00E1mka":"","organiza\u010Dn\u00ED_jednotky":[],"osoby":[{"typ":"Osoba","funkce":"mluv\u010D\u00ED:","jm\u00E9no":"Ing. Milan Vik","datum_narozen\u00ED":"1968-12-05","adresa_ulice":"Lidick\u00E1 134","adresa_m\u011Bsto":"547 01 N\u00E1chod","platnost_od":"2022-06-29"},{"typ":"Osoba","funkce":"mluv\u010D\u00ED:","jm\u00E9no":"Martin Mal\u00FD","datum_narozen\u00ED":"1990-04-26","adresa_ulice":"Nemastova 1918","adresa_m\u011Bsto":"547 01 N\u00E1chod","platnost_od":"2022-06-29"},{"typ":"Osoba","funkce":"\u010Dlen:","jm\u00E9no":"MUDr. Tom\u00E1\u0161 \u017D\u010F\u00E1rsk\u00FD","datum_narozen\u00ED":"1979-06-27","adresa_ulice":"Nov\u00FD Sv\u011Bt 251","adresa_m\u011Bsto":"547 01 N\u00E1chod","platnost_od":"2022-06-29"},{"typ":"Osoba","funkce":"\u010Dlen:","jm\u00E9no":"Ing. Robert Patzelt","datum_narozen\u00ED":"1981-02-05","adresa_ulice":"Barto\u0148ova  2159","adresa_m\u011Bsto":"547 01 N\u00E1chod","platnost_od":"2022-06-29"},{"typ":"Osoba","funkce":"\u010Dlenka:","jm\u00E9no":"Ing. Iva Cvetanova","datum_narozen\u00ED":"1960-07-08","adresa_ulice":"Doln\u00ED \u00FAvoz 2048","adresa_m\u011Bsto":"547 01 N\u00E1chod","platnost_od":"2022-06-29"}]},{"typ":["Digit\u00E1ln\u00ED objekt","Politick\u00E1 strana nebo hnut\u00ED"],"iri":"https://mv.gov.cz/api/boards/SPS/strana/592","url":"https://aplikace.mv.gov.cz/seznam-politickych-stran/Vypis_Rejstrik.aspx?id=592","n\u00E1zev":"ROZV\u00CDJ\u00CDME HRADEC","zkratka":"RH","adresa_s\u00EDdla":"500 03 Hradec Kr\u00E1lov\u00E9, Eli\u0161\u010Dino n\u00E1b\u0159e\u017E\u00ED 280/23","den_registrace":"2022-06-17","\u010D\u00EDslo_registrace":"MV-96389-4/OV-2022","identifika\u010Dn\u00ED_\u010D\u00EDslo":"17254353","statut\u00E1rn\u00ED_org\u00E1n":"P\u0159edsednictvo, za kter\u00E9 jedn\u00E1 p\u0159edseda.","pozn\u00E1mka":"","organiza\u010Dn\u00ED_jednotky":[],"osoby":[{"typ":"Osoba","funkce":"p\u0159edseda:","jm\u00E9no":"JUDr. Jan Hol\u00E1sek. LL.M.","datum_narozen\u00ED":"1972-11-16","adresa_ulice":"Z\u00E1me\u010Dek 638/21","adresa_m\u011Bsto":"500 08 Hradec Kr\u00E1lov\u00E9","platnost_od":"2022-07-07"},{"typ":"Osoba","funkce":"m\u00EDstop\u0159edseda:","jm\u00E9no":"Ing. Petr  Nebesk\u00FD","datum_narozen\u00ED":"1969-07-21","adresa_ulice":"Denisovo n\u00E1m\u011Bst\u00ED 56/6","adresa_m\u011Bsto":"500 04 Hradec Kr\u00E1lov\u00E9","platnost_od":"2023-03-26"},{"typ":"Osoba","funkce":"\u010Dlen:","jm\u00E9no":"In. Michal Skaunic","datum_narozen\u00ED":"1966-08-19","adresa_ulice":"Cihl\u00E1\u0159sk\u00E1 745/2C","adresa_m\u011Bsto":"503 11 Hradec Kr\u00E1lov\u00E9","platnost_od":"2023-03-26"}]},{"typ":["Digit\u00E1ln\u00ED objekt","Politick\u00E1 strana nebo hnut\u00ED"],"iri":"https://mv.gov.cz/api/boards/SPS/strana/593","url":"https://aplikace.mv.gov.cz/seznam-politickych-stran/Vypis_Rejstrik.aspx?id=593","n\u00E1zev":"Osmi\u010Dka \u017Eije","zkratka":"8\u017Eije","adresa_s\u00EDdla":"182 00 Praha, Mirovick\u00E1 1116/29","den_registrace":"2022-06-21","\u010D\u00EDslo_registrace":"MV-107204-5/OV-2022","identifika\u010Dn\u00ED_\u010D\u00EDslo":"17262984","statut\u00E1rn\u00ED_org\u00E1n":"P\u0159edsednictvo, za kter\u00E9 jedn\u00E1 samostatn\u011B p\u0159edseda, v p\u0159\u00EDpad\u011B jeho nep\u0159\u00EDtomnosti \u010Di nemo\u017Enosti jednat jej zastupuje prvn\u00ED m\u00EDstop\u0159edseda, a pokud je nep\u0159\u00EDtomen \u010Di nem\u016F\u017Ee jednat ani prvn\u00ED m\u00EDstop\u0159edseda, pak jednaj\u00ED navenek spole\u010Dn\u011B m\u00EDstop\u0159edseda stany a dal\u0161\u00ED \u010Dlen.","pozn\u00E1mka":"","organiza\u010Dn\u00ED_jednotky":["m\u00EDstn\u00ED organizace","region\u00E1ln\u00ED organizace"],"osoby":[{"typ":"Osoba","funkce":"p\u0159edseda:","jm\u00E9no":"Tom\u00E1\u0161 N\u011Bme\u010Dek","datum_narozen\u00ED":"1973-05-18","adresa_ulice":"Mirovick\u00E1 1116/29","adresa_m\u011Bsto":"182 00 Praha","platnost_od":"2022-08-31"},{"typ":"Osoba","funkce":"1.m\u00EDstop\u0159edsedkyn\u011B:","jm\u00E9no":"Ilona T\u016Fmov\u00E1","datum_narozen\u00ED":"1966-09-05","adresa_ulice":"Pod Labu\u0165kou 782/17","adresa_m\u011Bsto":"180 00 Praha","platnost_od":"2022-08-31"}]},{"typ":["Digit\u00E1ln\u00ED objekt","Politick\u00E1 strana nebo hnut\u00ED"],"iri":"https://mv.gov.cz/api/boards/SPS/strana/594","url":"https://aplikace.mv.gov.cz/seznam-politickych-stran/Vypis_Rejstrik.aspx?id=594","n\u00E1zev":"Za na\u0161e m\u011Bsta","zkratka":"ZNM","adresa_s\u00EDdla":"751 31 Lipn\u00EDk nad Be\u010Dvou, n\u00E1m\u011Bst\u00ED T. G. Masaryka 92/5","den_registrace":"2022-06-21","\u010D\u00EDslo_registrace":"MV-100498-4/OV-2022","identifika\u010Dn\u00ED_\u010D\u00EDslo":"17263581","statut\u00E1rn\u00ED_org\u00E1n":"P\u0159edsednictvo, za kter\u00E9 jedn\u00E1 p\u0159edseda.","pozn\u00E1mka":"","organiza\u010Dn\u00ED_jednotky":[],"osoby":[{"typ":"Osoba","funkce":"p\u0159edseda:","jm\u00E9no":"Bc. Pavel \u0160oltys, Dis","datum_narozen\u00ED":"1965-02-22","adresa_ulice":"Na Zelince 1165/21","adresa_m\u011Bsto":"751 31 Lipn\u00EDk nad Be\u010Dvou","platnost_od":"2022-07-04"},{"typ":"Osoba","funkce":"m\u00EDstop\u0159edseda:","jm\u00E9no":"Ond\u0159ej Nevrl\u00FD","datum_narozen\u00ED":"2000-10-19","adresa_ulice":"Sta\u0161kova 730/16","adresa_m\u011Bsto":"789 85 Mohelnice","platnost_od":"2022-07-04"},{"typ":"Osoba","funkce":"\u010Dlen:","jm\u00E9no":"Pavel Svoboda","datum_narozen\u00ED":"1972-02-02","adresa_ulice":"Bratrsk\u00E1 1033/16","adresa_m\u011Bsto":"751 31 Lipn\u00EDk nad Be\u010Dvou","platnost_od":"2022-07-04"},{"typ":"Osoba","funkce":"\u010Dlenka:","jm\u00E9no":"MUDr. Martina Dvo\u0159\u00E1kov\u00E1","datum_narozen\u00ED":"1968-09-14","adresa_ulice":"Ml\u00FDneck\u00E1 1545","adresa_m\u011Bsto":"751 31 Lipn\u00EDk nad Be\u010Dvou","platnost_od":"2022-07-04"},{"typ":"Osoba","funkce":"\u010Dlenka:","jm\u00E9no":"Kate\u0159ina Such\u00E1nkov\u00E1","datum_narozen\u00ED":"1967-12-03","adresa_ulice":"n\u00E1m\u011Bst\u00ED T. G. Masaryka 49/23","adresa_m\u011Bsto":"751 31 Lipn\u00EDk nad Be\u010Dvou","platnost_od":"2022-07-04"}]},{"typ":["Digit\u00E1ln\u00ED objekt","Politick\u00E1 strana nebo hnut\u00ED"],"iri":"https://mv.gov.cz/api/boards/SPS/strana/596","url":"https://aplikace.mv.gov.cz/seznam-politickych-stran/Vypis_Rejstrik.aspx?id=596","n\u00E1zev":"SRDCEM PRO ...","zkratka":"SRDCEM PRO ...","adresa_s\u00EDdla":"360 01 Karlovy Vary, Na Vyhl\u00EDdce 496/26","den_registrace":"2022-06-27","\u010D\u00EDslo_registrace":"MV-102857-4/OV-2022","identifika\u010Dn\u00ED_\u010D\u00EDslo":"17280451","statut\u00E1rn\u00ED_org\u00E1n":"P\u0159edstavenstvo, za kter\u00E9 jedn\u00E1 p\u0159edseda samostatn\u011B nebo dva m\u00EDstop\u0159edsedov\u00E9 spole\u010Dn\u011B.","pozn\u00E1mka":"","organiza\u010Dn\u00ED_jednotky":["m\u00EDstn\u00ED organizace"],"osoby":[{"typ":"Osoba","funkce":"p\u0159edseda:","jm\u00E9no":"","adresa_ulice":"","adresa_m\u011Bsto":"","platnost_od":"2025-02-25"},{"typ":"Osoba","funkce":"m\u00EDstop\u0159edseda:","jm\u00E9no":"","adresa_ulice":"","adresa_m\u011Bsto":"","platnost_od":"2025-02-25"},{"typ":"Osoba","funkce":"\u010Dlen p\u0159edsednictva:","jm\u00E9no":"","adresa_ulice":"","adresa_m\u011Bsto":"","platnost_od":"2025-02-25"}]},{"typ":["Digit\u00E1ln\u00ED objekt","Politick\u00E1 strana nebo hnut\u00ED"],"iri":"https://mv.gov.cz/api/boards/SPS/strana/597","url":"https://aplikace.mv.gov.cz/seznam-politickych-stran/Vypis_Rejstrik.aspx?id=597","n\u00E1zev":"HRADE\u010C\u00C1CI","zkratka":"HK","adresa_s\u00EDdla":"500 03 Hradec Kr\u00E1lov\u00E9, V\u00E1\u017En\u00ED 1171","den_registrace":"2022-06-27","\u010D\u00EDslo_registrace":"MV-111173-4/OV-2022","identifika\u010Dn\u00ED_\u010D\u00EDslo":"17280583","statut\u00E1rn\u00ED_org\u00E1n":"P\u0159edseda.","pozn\u00E1mka":"","organiza\u010Dn\u00ED_jednotky":[],"osoby":[{"typ":"Osoba","funkce":"p\u0159edseda:","jm\u00E9no":"Jakub Andrys","datum_narozen\u00ED":"1987-08-06","adresa_ulice":"Jarom\u011B\u0159sk\u00E1 75/12","adresa_m\u011Bsto":"500 03 Hradec Kr\u00E1lov\u00E9","platnost_od":"2022-07-04"},{"typ":"Osoba","funkce":"m\u00EDstop\u0159edseda:","jm\u00E9no":"Ji\u0159\u00ED Tu\u010Dek","datum_narozen\u00ED":"1985-05-19","adresa_ulice":"Na Valince 24/2","adresa_m\u011Bsto":"500 03 Hradec Kr\u00E1lov\u00E9","platnost_od":"2022-07-04"},{"typ":"Osoba","funkce":"tajemn\u00EDk:","jm\u00E9no":"Ji\u0159\u00ED \u0160r\u00E1mek","datum_narozen\u00ED":"1967-02-08","adresa_ulice":"","adresa_m\u011Bsto":"500 03 Skalice 45","platnost_od":"2022-07-04"}]},{"typ":["Digit\u00E1ln\u00ED objekt","Politick\u00E1 strana nebo hnut\u00ED"],"iri":"https://mv.gov.cz/api/boards/SPS/strana/598","url":"https://aplikace.mv.gov.cz/seznam-politickych-stran/Vypis_Rejstrik.aspx?id=598","n\u00E1zev":"Volt \u010Cesko","zkratka":"Volt","adresa_s\u00EDdla":"160 00 Praha, Na dlouh\u00E9m l\u00E1nu 343/34","den_registrace":"2022-06-29","\u010D\u00EDslo_registrace":"MV-109613-4/OV-2022","identifika\u010Dn\u00ED_\u010D\u00EDslo":"17290775","statut\u00E1rn\u00ED_org\u00E1n":"P\u0159edsednictvo, za kter\u00E9 jednaj\u00ED oba spolup\u0159edsedov\u00E9 nebo jeden ze spolup\u0159edsed\u016F a m\u00EDstop\u0159edseda strany spole\u010Dn\u011B, p\u0159\u00EDpadn\u011B jin\u00FD jimi pov\u011B\u0159en\u00FD \u010Dlen p\u0159edsednictva.","posledn\u00ED_zm\u011Bna_stanov":"2025-06-25","pozn\u00E1mka":"","organiza\u010Dn\u00ED_jednotky":["oblastn\u00ED sdru\u017Een\u00ED"],"osoby":[{"typ":"Osoba","funkce":"Spolup\u0159edseda:","jm\u00E9no":"Adam Hanka","datum_narozen\u00ED":"1989-02-27","adresa_ulice":"Na dlouh\u00E9m l\u00E1nu 343/34","adresa_m\u011Bsto":"160 00 Praha","platnost_od":"2022-07-14"},{"typ":"Osoba","funkce":"Spolup\u0159edsedkyn\u011B:","jm\u00E9no":"Kate\u0159ina \u0160r\u00E1mkov\u00E1","datum_narozen\u00ED":"1996-01-21","adresa_ulice":"K\u0159\u00ED\u017Ekovsk\u00E9ho 1422/15","adresa_m\u011Bsto":"130 00 Praha","platnost_od":"2025-09-04"},{"typ":"Osoba","funkce":"M\u00EDstop\u0159edseda:","jm\u00E9no":"","adresa_ulice":"","adresa_m\u011Bsto":"","platnost_od":"2026-04-16"}]},{"typ":["Digit\u00E1ln\u00ED objekt","Politick\u00E1 strana nebo hnut\u00ED"],"iri":"https://mv.gov.cz/api/boards/SPS/strana/599","url":"https://aplikace.mv.gov.cz/seznam-politickych-stran/Vypis_Rejstrik.aspx?id=599","n\u00E1zev":"SLAVI\u010C\u00CDN 2018 - sdru\u017Een\u00ED nez\u00E1visl\u00FDch kandid\u00E1t\u016F","zkratka":"SLAVI\u010C\u00CDN 2018","adresa_s\u00EDdla":"763 21 Slavi\u010D\u00EDn, Cihl\u00E1\u0159sk\u00E1 776","den_registrace":"2022-07-08","\u010D\u00EDslo_registrace":"MV-114294-4/OV-2022","identifika\u010Dn\u00ED_\u010D\u00EDslo":"17313155","statut\u00E1rn\u00ED_org\u00E1n":"P\u0159edsednictvo, za kter\u00E9 jedn\u00E1 p\u0159edseda.","pozn\u00E1mka":"","organiza\u010Dn\u00ED_jednotky":[],"osoby":[{"typ":"Osoba","funkce":"p\u0159edsedkyn\u011B:","jm\u00E9no":"Ing. Zuzana Matulov\u00E1","datum_narozen\u00ED":"1989-02-24","adresa_ulice":"Cihl\u00E1\u0159sk\u00E1 776","adresa_m\u011Bsto":"763 21 Slavi\u010D\u00EDn","platnost_od":"2022-07-11"},{"typ":"Osoba","funkce":"m\u00EDstop\u0159edsedkyn\u011B:","jm\u00E9no":"Bc. Marie Studen\u00EDkov\u00E1","datum_narozen\u00ED":"1967-08-29","adresa_ulice":"\u017Di\u017Ekovsk\u00E1 90","adresa_m\u011Bsto":"763 21 Slavi\u010D\u00EDn","platnost_od":"2022-07-11"},{"typ":"Osoba","funkce":"m\u00EDstop\u0159edseda:","jm\u00E9no":"Jaroslav Mana","datum_narozen\u00ED":"1987-08-17","adresa_ulice":"","adresa_m\u011Bsto":"762 32 Slavi\u010D\u00EDn 142","platnost_od":"2022-07-11"}]},{"typ":["Digit\u00E1ln\u00ED objekt","Politick\u00E1 strana nebo hnut\u00ED"],"iri":"https://mv.gov.cz/api/boards/SPS/strana/600","url":"https://aplikace.mv.gov.cz/seznam-politickych-stran/Vypis_Rejstrik.aspx?id=600","n\u00E1zev":"ZA SPORT A ZDRAV\u00DD M\u011ALN\u00CDK","zkratka":"ZSZME","adresa_s\u00EDdla":"276 01 M\u011Bln\u00EDk, Palack\u00E9ho 138/1","den_registrace":"2022-07-08","\u010D\u00EDslo_registrace":"MV-112005-5/OV-2022","identifika\u010Dn\u00ED_\u010D\u00EDslo":"17313813","statut\u00E1rn\u00ED_org\u00E1n":"P\u0159edsednictvo, za kter\u00E9 jedn\u00E1 p\u0159edseda, v jeho nep\u0159\u00EDtomnosti m\u00EDstop\u0159edseda spolu s dal\u0161\u00EDm \u010Dlenem p\u0159edsednictva.","pozn\u00E1mka":"","organiza\u010Dn\u00ED_jednotky":[],"osoby":[{"typ":"Osoba","funkce":"p\u0159edseda:","jm\u00E9no":"Ing. Martin Spurn\u00FD","datum_narozen\u00ED":"1964-08-20","adresa_ulice":"","adresa_m\u011Bsto":"277 41 Kly 69","platnost_od":"2022-07-11"},{"typ":"Osoba","funkce":"m\u00EDstop\u0159edseda:","jm\u00E9no":"Milan N\u011Bmec","datum_narozen\u00ED":"1955-10-31","adresa_ulice":"J\u00EDlov\u00E1 4164","adresa_m\u011Bsto":"276 01 M\u011Bln\u00EDk","platnost_od":"2022-07-11"},{"typ":"Osoba","funkce":"\u010Dlen:","jm\u00E9no":"Rudolf Kraj","datum_narozen\u00ED":"1977-12-05","adresa_ulice":"Pod Chloume\u010Dkem 3606","adresa_m\u011Bsto":"276 01 M\u011Bln\u00EDk","platnost_od":"2022-07-11"}]},{"typ":["Digit\u00E1ln\u00ED objekt","Politick\u00E1 strana nebo hnut\u00ED"],"iri":"https://mv.gov.cz/api/boards/SPS/strana/601","url":"https://aplikace.mv.gov.cz/seznam-politickych-stran/Vypis_Rejstrik.aspx?id=601","n\u00E1zev":"Hnut\u00ED pro \u017Dabiny","zkratka":"Hp\u017D","adresa_s\u00EDdla":"616 00 Brno, Navr\u00E1tilova 87/22","den_registrace":"2022-07-14","\u010D\u00EDslo_registrace":"MV-114749-4/OV-2022","identifika\u010Dn\u00ED_\u010D\u00EDslo":"17331722","statut\u00E1rn\u00ED_org\u00E1n":"P\u0159edseda.","pozn\u00E1mka":"","organiza\u010Dn\u00ED_jednotky":[],"osoby":[{"typ":"Osoba","funkce":"p\u0159edseda:","jm\u00E9no":"Mgr. V\u00EDt Cvr\u010Dek","datum_narozen\u00ED":"1966-04-03","adresa_ulice":"B\u0159ezinova 747/29A","adresa_m\u011Bsto":"616 00 Brno","platnost_od":"2024-06-20"}]},{"typ":["Digit\u00E1ln\u00ED objekt","Politick\u00E1 strana nebo hnut\u00ED"],"iri":"https://mv.gov.cz/api/boards/SPS/strana/602","url":"https://aplikace.mv.gov.cz/seznam-politickych-stran/Vypis_Rejstrik.aspx?id=602","n\u00E1zev":"Hnut\u00ED NEJ","zkratka":"NEJ","adresa_s\u00EDdla":"739 91 Jablunkov, N\u00E1dra\u017En\u00ED 52","den_registrace":"2022-07-15","\u010D\u00EDslo_registrace":"MV-103442-6/OV-2022","identifika\u010Dn\u00ED_\u010D\u00EDslo":"17333709","statut\u00E1rn\u00ED_org\u00E1n":"Jednat a podepisovat jm\u00E9nem hnut\u00ED je P\u0159edseda, p\u0159\u00EDpadn\u011B j\u00EDm nebo celost\u00E1tn\u00EDm sn\u011Bmem ve stanoven\u00E9m rozsahu p\u00EDsemn\u011B pov\u011B\u0159en\u00FD \u010Dlen v\u00FDkonn\u00E9ho v\u00FDboru.","pozn\u00E1mka":"","organiza\u010Dn\u00ED_jednotky":["krajsk\u00E9 organizace","m\u00EDstn\u00ED organizace"],"osoby":[{"typ":"Osoba","funkce":"p\u0159edseda:","jm\u00E9no":"Lubo\u0161 \u010Cmiel","datum_narozen\u00ED":"1970-05-11","adresa_ulice":"N\u00E1dra\u017En\u00ED 191","adresa_m\u011Bsto":"739 91 Jablunkov","platnost_od":"2022-07-15"},{"typ":"Osoba","funkce":"\u010Dlen v\u00FDkonn\u00E9ho v\u00FDboru:","jm\u00E9no":"Petr Hamrozi","datum_narozen\u00ED":"1980-12-24","adresa_ulice":"N\u00E1dra\u017En\u00ED 52","adresa_m\u011Bsto":"739 91 Jablunkov","platnost_od":"2022-07-15"},{"typ":"Osoba","funkce":"\u010Dlen v\u00FDkonn\u00E9ho v\u00FDboru:","jm\u00E9no":"Robert Kawulok","datum_narozen\u00ED":"1977-05-22","adresa_ulice":"B\u011Bl\u00E1 1082","adresa_m\u011Bsto":"739 91 Jablunkov","platnost_od":"2022-07-15"}]},{"typ":["Digit\u00E1ln\u00ED objekt","Politick\u00E1 strana nebo hnut\u00ED"],"iri":"https://mv.gov.cz/api/boards/SPS/strana/603","url":"https://aplikace.mv.gov.cz/seznam-politickych-stran/Vypis_Rejstrik.aspx?id=603","n\u00E1zev":"Mal\u00E1 strana velk\u00FDch c\u00EDl\u016F","zkratka":"MSVC","adresa_s\u00EDdla":"586 01 Jihlava, Poln\u00ED 4144/4","den_registrace":"2022-07-15","\u010D\u00EDslo_registrace":"MV-118517-7/OV-2022","identifika\u010Dn\u00ED_\u010D\u00EDslo":"17334799","statut\u00E1rn\u00ED_org\u00E1n":"P\u0159edseda.","pozn\u00E1mka":"","organiza\u010Dn\u00ED_jednotky":["krajsk\u00E9 organizace","m\u00EDstn\u00ED organizace","okresn\u00ED organizace"],"osoby":[{"typ":"Osoba","funkce":"p\u0159edseda:","jm\u00E9no":"Bohum\u00EDr Fatr","datum_narozen\u00ED":"1958-03-12","adresa_ulice":"Poln\u00ED 4144/4","adresa_m\u011Bsto":"586 01 Jihlava","platnost_od":"2022-07-18"}]},{"typ":["Digit\u00E1ln\u00ED objekt","Politick\u00E1 strana nebo hnut\u00ED"],"iri":"https://mv.gov.cz/api/boards/SPS/strana/604","url":"https://aplikace.mv.gov.cz/seznam-politickych-stran/Vypis_Rejstrik.aspx?id=604","n\u00E1zev":"HNUT\u00CD SPR\u00C1VN\u00C1 CESTA","zkratka":"SPR\u00C1VN\u00C1 CESTA","adresa_s\u00EDdla":"349 01 St\u0159\u00EDbro, Tov\u00E1rn\u00ED 541","den_registrace":"2022-07-18","\u010D\u00EDslo_registrace":"MV-113882-6/OV-2022","identifika\u010Dn\u00ED_\u010D\u00EDslo":"17335191","statut\u00E1rn\u00ED_org\u00E1n":"P\u0159edseda.","posledn\u00ED_zm\u011Bna_stanov":"2023-12-05","pozn\u00E1mka":"","organiza\u010Dn\u00ED_jednotky":[],"osoby":[{"typ":"Osoba","funkce":"p\u0159edseda:","jm\u00E9no":"V\u00E1clav Koz\u00E1k","datum_narozen\u00ED":"2001-04-01","adresa_ulice":"Dukelsk\u00E1 1617","adresa_m\u011Bsto":"349 01 St\u0159\u00EDbro","platnost_od":"2022-07-25"}]},{"typ":["Digit\u00E1ln\u00ED objekt","Politick\u00E1 strana nebo hnut\u00ED"],"iri":"https://mv.gov.cz/api/boards/SPS/strana/605","url":"https://aplikace.mv.gov.cz/seznam-politickych-stran/Vypis_Rejstrik.aspx?id=605","n\u00E1zev":"\u010Cesk\u00E1 republika na 1. m\u00EDst\u011B!","zkratka":"\u010CR1","adresa_s\u00EDdla":"170 00 Praha, Plyn\u00E1rn\u00ED 1032/29","den_registrace":"2023-11-01","\u010D\u00EDslo_registrace":"MV-170342-4/OV-2023","identifika\u010Dn\u00ED_\u010D\u00EDslo":"19882149","statut\u00E1rn\u00ED_org\u00E1n":"P\u0159edseda.","posledn\u00ED_zm\u011Bna_stanov":"2024-03-26","pozn\u00E1mka":"","organiza\u010Dn\u00ED_jednotky":["krajsk\u00E9 organizace","m\u011Bstsk\u00E9 organizace","m\u00EDstn\u00ED organizace"],"osoby":[{"typ":"Osoba","funkce":"p\u0159edseda:","jm\u00E9no":"Ladislav Vrabel","datum_narozen\u00ED":"1977-07-12","adresa_ulice":"n\u00E1m. P\u0159emysla Otakara II. 2/2","adresa_m\u011Bsto":"370 01 \u010Cesk\u00E9 Bud\u011Bjovice","platnost_od":"2023-11-17"}]},{"typ":["Digit\u00E1ln\u00ED objekt","Politick\u00E1 strana nebo hnut\u00ED"],"iri":"https://mv.gov.cz/api/boards/SPS/strana/606","url":"https://aplikace.mv.gov.cz/seznam-politickych-stran/Vypis_Rejstrik.aspx?id=606","n\u00E1zev":"REFERENDUM - Hlas Lidu","zkratka":"REFERENDUM","adresa_s\u00EDdla":"790 84 Mikulovice, Kolnovice 25","den_registrace":"2023-11-01","\u010D\u00EDslo_registrace":"MV-169694-6/OV-2023","identifika\u010Dn\u00ED_\u010D\u00EDslo":"19882653","statut\u00E1rn\u00ED_org\u00E1n":"P\u0159edsednictvo tvo\u0159en\u00E9 p\u0159edsedou a 1. m\u00EDstop\u0159edsedou, za kter\u00E9 jedn\u00E1 p\u0159edseda.","posledn\u00ED_zm\u011Bna_stanov":"2024-11-04","pozn\u00E1mka":"","organiza\u010Dn\u00ED_jednotky":["krajsk\u00E9 organizace"],"osoby":[{"typ":"Osoba","funkce":"p\u0159edseda:","jm\u00E9no":"V\u00E1clav Sogel","datum_narozen\u00ED":"1987-08-20","adresa_ulice":"17. listopadu 1231/6","adresa_m\u011Bsto":"742 21 Kop\u0159ivnice","platnost_od":"2023-11-05"},{"typ":"Osoba","funkce":"1. m\u00EDstop\u0159edseda:","jm\u00E9no":"Julius Gerg\u00F6","datum_narozen\u00ED":"1975-02-18","adresa_ulice":"S\u00EDdli\u0161tn\u00ED 124","adresa_m\u011Bsto":"564 01 Dlouho\u0148ovice","platnost_od":"2024-10-26"}]},{"typ":["Digit\u00E1ln\u00ED objekt","Politick\u00E1 strana nebo hnut\u00ED"],"iri":"https://mv.gov.cz/api/boards/SPS/strana/607","url":"https://aplikace.mv.gov.cz/seznam-politickych-stran/Vypis_Rejstrik.aspx?id=607","n\u00E1zev":"Hnut\u00ED ob\u010Dan\u016F a podnikatel\u016F","zkratka":"HOP Hydra","adresa_s\u00EDdla":"512 63 Troskovice 72","den_registrace":"2023-11-22","\u010D\u00EDslo_registrace":"MV-184593-4/OV-2023","identifika\u010Dn\u00ED_\u010D\u00EDslo":"19946368","statut\u00E1rn\u00ED_org\u00E1n":"P\u0159edsednictvo, za kter\u00E9 jedn\u00E1 p\u0159edseda.","pozn\u00E1mka":"","organiza\u010Dn\u00ED_jednotky":[],"osoby":[{"typ":"Osoba","funkce":"p\u0159edseda:","jm\u00E9no":"Libor Male\u010Dek","datum_narozen\u00ED":"1960-06-26","adresa_ulice":"Jansk\u00E9ho 2372/87","adresa_m\u011Bsto":"155 00 Praha","platnost_od":"2023-11-28"},{"typ":"Osoba","funkce":"m\u00EDstop\u0159edseda:","jm\u00E9no":"Jaroslav Linek","datum_narozen\u00ED":"1975-01-01","adresa_ulice":"","adresa_m\u011Bsto":"506 01 Tu\u0159 1","platnost_od":"2023-11-28"}]},{"typ":["Digit\u00E1ln\u00ED objekt","Politick\u00E1 strana nebo hnut\u00ED"],"iri":"https://mv.gov.cz/api/boards/SPS/strana/608","url":"https://aplikace.mv.gov.cz/seznam-politickych-stran/Vypis_Rejstrik.aspx?id=608","n\u00E1zev":"Jasn\u00FD Sign\u00E1l Nez\u00E1visl\u00FDch","zkratka":"JaSaN","adresa_s\u00EDdla":"120 00 Praha, Lubla\u0148sk\u00E1 647/48","den_registrace":"2023-12-11","\u010D\u00EDslo_registrace":"MV-191280-4/OV-2023","identifika\u010Dn\u00ED_\u010D\u00EDslo":"21005826","statut\u00E1rn\u00ED_org\u00E1n":"P\u0159edsednictvo, samostatn\u011B ve v\u0161ech z\u00E1le\u017Eitostech jedn\u00E1 p\u0159edseda, nebo samostatn\u011B m\u00EDstop\u0159edsedov\u00E9 dle stanoven\u00E9ho po\u0159ad\u00ED.","posledn\u00ED_zm\u011Bna_stanov":"2024-05-20","pozn\u00E1mka":"","organiza\u010Dn\u00ED_jednotky":["krajsk\u00E1 organizace","m\u00EDstn\u00ED organizace"],"osoby":[{"typ":"Osoba","funkce":"p\u0159edseda:","jm\u00E9no":"Ing. Vladim\u00EDr  \u0160t\u011Bp\u00E1n","datum_narozen\u00ED":"1950-11-06","adresa_ulice":"Na Vysok\u00E9 2336/41","adresa_m\u011Bsto":"251 01 \u0158\u00ED\u010Dany","platnost_od":"2023-12-11"},{"typ":"Osoba","funkce":"m\u00EDstop\u0159edseda:","jm\u00E9no":"Bed\u0159ich \u0160mudla","datum_narozen\u00ED":"1961-12-23","adresa_ulice":"","adresa_m\u011Bsto":"360 01 Sadov 7","platnost_od":"2025-11-16"},{"typ":"Osoba","funkce":"v\u00FDkonn\u00E1 m\u00EDstop\u0159edsedkyn\u011B:","jm\u00E9no":"Zde\u0148ka Niklov\u00E1","datum_narozen\u00ED":"1969-12-16","adresa_ulice":"Lipinsk\u00E1 1133","adresa_m\u011Bsto":"696 42 Vracov","platnost_od":"2024-04-27"},{"typ":"Osoba","funkce":"\u010Dlen p\u0159edsednictva:","jm\u00E9no":"Stanislav Kulhav\u00FD","datum_narozen\u00ED":"1962-06-07","adresa_ulice":"\u010Cs. arm\u00E1dy 212","adresa_m\u011Bsto":"254 01 J\u00EDlov\u00E9 u Prahy","platnost_od":"2025-04-26"},{"typ":"Osoba","funkce":"\u010Dlen p\u0159edsednictva:","jm\u00E9no":"Franti\u0161ek T\u0159e\u0161tik","datum_narozen\u00ED":"1956-03-16","adresa_ulice":"Pu\u0161kinova 1122/16","adresa_m\u011Bsto":"290 01 Pod\u011Bbrady","platnost_od":"2025-11-16"}]},{"typ":["Digit\u00E1ln\u00ED objekt","Politick\u00E1 strana nebo hnut\u00ED"],"iri":"https://mv.gov.cz/api/boards/SPS/strana/609","url":"https://aplikace.mv.gov.cz/seznam-politickych-stran/Vypis_Rejstrik.aspx?id=609","n\u00E1zev":"Vize pro Karlovarsk\u00FD kraj","zkratka":"Vize KVK","adresa_s\u00EDdla":"363 01 H\u00E1jek 9","den_registrace":"2024-01-03","\u010D\u00EDslo_registrace":"MV-195466-6/OV-2023","identifika\u010Dn\u00ED_\u010D\u00EDslo":"21072116","statut\u00E1rn\u00ED_org\u00E1n":"P\u0159edsednictvo, za kter\u00E9 jedn\u00E1 samostatn\u011B p\u0159edseda anebo dv\u011Bma m\u00EDstop\u0159edsedy.","pozn\u00E1mka":"","organiza\u010Dn\u00ED_jednotky":[],"osoby":[{"typ":"Osoba","funkce":"p\u0159edseda:","jm\u00E9no":"Ing. V\u00EDt Hrom\u00E1dko","datum_narozen\u00ED":"1976-12-21","adresa_ulice":"","adresa_m\u011Bsto":"363 01 H\u00E1jek 9","platnost_od":"2024-01-12"},{"typ":"Osoba","funkce":"m\u00EDstop\u0159edsedkyn\u011B:","jm\u00E9no":"Michaela Holubcov\u00E1","datum_narozen\u00ED":"1984-06-07","adresa_ulice":"","adresa_m\u011Bsto":"364 53 Vale\u010D 41","platnost_od":"2024-01-12"},{"typ":"Osoba","funkce":"m\u00EDstop\u0159edsedkyn\u011B:","jm\u00E9no":"Ing. Mark\u00E9ta Sinkulov\u00E1 Moravcov\u00E1","datum_narozen\u00ED":"1977-04-10","adresa_ulice":"","adresa_m\u011Bsto":"363 01 Velichov 108","platnost_od":"2024-11-15"}]},{"typ":["Digit\u00E1ln\u00ED objekt","Politick\u00E1 strana nebo hnut\u00ED"],"iri":"https://mv.gov.cz/api/boards/SPS/strana/610","url":"https://aplikace.mv.gov.cz/seznam-politickych-stran/Vypis_Rejstrik.aspx?id=610","n\u00E1zev":"Liber\u00E1ln\u00ED aliance nez\u00E1visl\u00FDch ob\u010Dan\u016F","zkratka":"LANO","adresa_s\u00EDdla":"160 00 Praha, Ma\u0159\u00E1kova 303/11","den_registrace":"2024-01-31","\u010D\u00EDslo_registrace":"MV-2255-4/OV-2024","identifika\u010Dn\u00ED_\u010D\u00EDslo":"21196559","statut\u00E1rn\u00ED_org\u00E1n":"P\u0159edseda.","pozn\u00E1mka":"","organiza\u010Dn\u00ED_jednotky":[],"osoby":[{"typ":"Osoba","funkce":"p\u0159edsedkyn\u011B:","jm\u00E9no":"Dita Jaro\u0161ov\u00E1, DiS.","datum_narozen\u00ED":"1977-05-02","adresa_ulice":"Pod Sl\u00E9v\u00E1rnou 1464","adresa_m\u011Bsto":"544 01 Dv\u016Fr Kr\u00E1lov\u00E9 nad Labem","platnost_od":"2026-02-07"}]},{"typ":["Digit\u00E1ln\u00ED objekt","Politick\u00E1 strana nebo hnut\u00ED"],"iri":"https://mv.gov.cz/api/boards/SPS/strana/611","url":"https://aplikace.mv.gov.cz/seznam-politickych-stran/Vypis_Rejstrik.aspx?id=611","n\u00E1zev":"Osobnosti pro kraj","zkratka":"OK","adresa_s\u00EDdla":"709 00 Ostrava, V\u00FDstavn\u00ED 2224/8","den_registrace":"2024-02-29","\u010D\u00EDslo_registrace":"MV-24128-4/OV-2024","identifika\u010Dn\u00ED_\u010D\u00EDslo":"21311188","statut\u00E1rn\u00ED_org\u00E1n":"Krajsk\u00E1 v\u00FDkonn\u00E1 rada, za kterou jedn\u00E1 samostatn\u011B p\u0159edseda. D\u00E1le m\u016F\u017Ee jednat m\u00EDstop\u0159edseda hnut\u00ED, av\u0161ak pouze v rozsahu a na z\u00E1klad\u011B p\u00EDsemn\u00E9ho pov\u011B\u0159en\u00ED ud\u011Blen\u00E9ho p\u0159edsedou nebo krajskou v\u00FDkonnou radou.","pozn\u00E1mka":"","organiza\u010Dn\u00ED_jednotky":[],"osoby":[{"typ":"Osoba","funkce":"p\u0159edseda:","jm\u00E9no":"Prof. Ing. Ivo Vondr\u00E1k, CSc.","datum_narozen\u00ED":"1959-04-15","adresa_ulice":"Na Hav\u00EDrn\u011B 475","adresa_m\u011Bsto":"747 64 Velk\u00E1 Polom","platnost_od":"2024-05-20"},{"typ":"Osoba","funkce":"m\u00EDstop\u0159edseda:","jm\u00E9no":"Mgr. Zden\u011Bk Kar\u00E1sek","datum_narozen\u00ED":"1955-03-30","adresa_ulice":"N\u00E1dra\u017En\u00ED 2680/54","adresa_m\u011Bsto":"702 00 Ostrava","platnost_od":"2024-05-20"},{"typ":"Osoba","funkce":"\u010Dlen:","jm\u00E9no":"Ing. Libor Witassek","datum_narozen\u00ED":"1969-05-15","adresa_ulice":"Slune\u010Dn\u00ED 1348/3","adresa_m\u011Bsto":"746 01 Opava","platnost_od":"2024-05-20"},{"typ":"Osoba","funkce":"\u010Dlen:","jm\u00E9no":"Mgr. Jan Tab\u00E1\u0161ek","datum_narozen\u00ED":"1994-02-14","adresa_ulice":"Mari\u00E1nskohorsk\u00E1 2746/19","adresa_m\u011Bsto":"702 00 Ostrava","platnost_od":"2024-05-20"},{"typ":"Osoba","funkce":"\u010Dlen:","jm\u00E9no":"Ing. Daniel Ko\u0144czyna","datum_narozen\u00ED":"1981-01-31","adresa_ulice":"Partyz\u00E1nsk\u00E9 n\u00E1m\u011Bst\u00ED 1735/5","adresa_m\u011Bsto":"702 00 Ostrava","platnost_od":"2024-05-20"},{"typ":"Osoba","funkce":"\u010Dlen:","jm\u00E9no":"Mgr. Petr Ho\u0161ek","datum_narozen\u00ED":"1993-02-18","adresa_ulice":"R. Tom\u00E1\u0161ka 924","adresa_m\u011Bsto":"742 13 Stud\u00E9nka","platnost_od":"2024-05-20"},{"typ":"Osoba","funkce":"\u010Dlen:","jm\u00E9no":"Mgr. Dalibor Hal\u00E1tek","datum_narozen\u00ED":"1980-07-23","adresa_ulice":"Hobz\u00EDkova 100/3","adresa_m\u011Bsto":"746 01 Opava","platnost_od":"2024-05-20"},{"typ":"Osoba","funkce":"\u010Dlen:","jm\u00E9no":"Jaroslav Svoboda","datum_narozen\u00ED":"1979-03-13","adresa_ulice":"K V\u00FD\u0161in\u011B 16","adresa_m\u011Bsto":"735 53 Doln\u00ED Lutyn\u011B","platnost_od":"2024-05-20"},{"typ":"Osoba","funkce":"\u010Dlenka:","jm\u00E9no":"Mgr. Eva Pyrtov\u00E1","datum_narozen\u00ED":"1987-04-02","adresa_ulice":"\u0160alamounsk\u00E1 3015/4","adresa_m\u011Bsto":"702 00 Ostrava","platnost_od":"2024-05-20"}]},{"typ":["Digit\u00E1ln\u00ED objekt","Politick\u00E1 strana nebo hnut\u00ED"],"iri":"https://mv.gov.cz/api/boards/SPS/strana/612","url":"https://aplikace.mv.gov.cz/seznam-politickych-stran/Vypis_Rejstrik.aspx?id=612","n\u00E1zev":"ANO LEP\u0160\u00CD \u010CESKO S MIMOZEM\u0160\u0164ANY A OB\u010CANY MOTORISTY - (dostupn\u011Bj\u0161\u00ED bydlen\u00ED, j\u00EDzdn\u00E9 zdarma \u0161kol\u00E1k\u016Fm a student\u016Fm, opravy silnic, rozvoj venkova z dotac\u00ED, l\u00E9ka\u0159sk\u00E9 a zubn\u00ED pohotovosti v okresech, dostatek mate\u0159sk\u00FDch \u0161kol, St\u0159edo\u010Dech\u016Fm dostatek parkov\u00E1n\u00ED na okraji Prahy zdarma)","zkratka":"mimozemstani.eu","adresa_s\u00EDdla":"270 54 Mil\u00FD 78","den_registrace":"2024-03-13","\u010D\u00EDslo_registrace":"MV-38205-4/OV-2024","identifika\u010Dn\u00ED_\u010D\u00EDslo":"21359890","statut\u00E1rn\u00ED_org\u00E1n":"P\u0159edseda.","posledn\u00ED_zm\u011Bna_stanov":"2024-07-15","pozn\u00E1mka":"","organiza\u010Dn\u00ED_jednotky":[],"osoby":[{"typ":"Osoba","funkce":"p\u0159edseda:","jm\u00E9no":"Tom\u00E1\u0161 Fran\u011Bk","datum_narozen\u00ED":"1986-09-26","adresa_ulice":"","adresa_m\u011Bsto":"270 54 Mil\u00FD 78","platnost_od":"2024-03-18"}]},{"typ":["Digit\u00E1ln\u00ED objekt","Politick\u00E1 strana nebo hnut\u00ED"],"iri":"https://mv.gov.cz/api/boards/SPS/strana/613","url":"https://aplikace.mv.gov.cz/seznam-politickych-stran/Vypis_Rejstrik.aspx?id=613","n\u00E1zev":"Hnut\u00ED Generace","zkratka":"Generace","adresa_s\u00EDdla":"106 00 Praha, \u017Dirovnick\u00E1 3124/1","den_registrace":"2024-04-12","\u010D\u00EDslo_registrace":"MV-51200-4/OV-2024","identifika\u010Dn\u00ED_\u010D\u00EDslo":"21464961","statut\u00E1rn\u00ED_org\u00E1n":"P\u0159edsednictvo, za kter\u00E9 jednaj\u00ED a podepisuj\u00ED v\u017Edy minim\u00E1ln\u011B dva \u010Dlenov\u00E9, z nich\u017E jeden mus\u00ED b\u00FDt p\u0159edseda nebo 1. m\u00EDstop\u0159edseda hnut\u00ED.","posledn\u00ED_zm\u011Bna_stanov":"2024-12-06","pozn\u00E1mka":"","organiza\u010Dn\u00ED_jednotky":["krajsk\u00E1 organizace","m\u00EDstn\u00ED organizace","oblastn\u00ED organizace"],"osoby":[{"typ":"Osoba","funkce":"p\u0159edseda:","jm\u00E9no":"Daniel Krut\u00FD","datum_narozen\u00ED":"2006-03-25","adresa_ulice":"Chmelov\u00E1 2893/4","adresa_m\u011Bsto":"106 00 Praha","platnost_od":"2024-05-03"},{"typ":"Osoba","funkce":"1. m\u00EDstop\u0159edseda:","jm\u00E9no":"Petr Jind\u0159ichovsk\u00FD","datum_narozen\u00ED":"1969-12-02","adresa_ulice":"Letohradsk\u00E1 369/3","adresa_m\u011Bsto":"170 00 Praha","platnost_od":"2024-05-03"},{"typ":"Osoba","funkce":"\u010Dlenka p\u0159edsednictva a 2. m\u00EDstop\u0159edsedkyn\u011B:","jm\u00E9no":"","adresa_ulice":"","adresa_m\u011Bsto":"","platnost_od":"2025-10-20"},{"typ":"Osoba","funkce":"\u010Dlen p\u0159edsednictva:","jm\u00E9no":"Jon\u00E1\u0161 Tov\u00E1rek","datum_narozen\u00ED":"2003-11-11","adresa_ulice":"","adresa_m\u011Bsto":"258 01 Tehov 41","platnost_od":"2025-04-22"}]},{"typ":["Digit\u00E1ln\u00ED objekt","Politick\u00E1 strana nebo hnut\u00ED"],"iri":"https://mv.gov.cz/api/boards/SPS/strana/614","url":"https://aplikace.mv.gov.cz/seznam-politickych-stran/Vypis_Rejstrik.aspx?id=614","n\u00E1zev":"\u201ETom\u00E1\u0161 Magnusek do Sen\u00E1tu\u201C","zkratka":"TMS","adresa_s\u00EDdla":"547 01 N\u00E1chod, Kladsk\u00E1 445","den_registrace":"2024-05-28","\u010D\u00EDslo_registrace":"MV-44421-8/OV-2024","identifika\u010Dn\u00ED_\u010D\u00EDslo":"21657408","statut\u00E1rn\u00ED_org\u00E1n":"P\u0159edsednictvo, za kter\u00E9 jedn\u00E1 p\u0159edseda nebo j\u00EDm pov\u011B\u0159en\u00FD \u010Dlen p\u0159edsednictva.","pozn\u00E1mka":"","organiza\u010Dn\u00ED_jednotky":[],"osoby":[{"typ":"Osoba","funkce":"p\u0159edseda:","jm\u00E9no":"Tom\u00E1\u0161 Magnusek","datum_narozen\u00ED":"1984-07-07","adresa_ulice":"Kladsk\u00E1 79","adresa_m\u011Bsto":"547 01 N\u00E1chod","platnost_od":"2024-06-06"},{"typ":"Osoba","funkce":"m\u00EDstop\u0159edsedkyn\u011B:","jm\u00E9no":"Helena Filipsk\u00E1","datum_narozen\u00ED":"1971-05-08","adresa_ulice":"","adresa_m\u011Bsto":"552 03 \u010Cesk\u00E1 Skalice 49","platnost_od":"2024-06-06"}]},{"typ":["Digit\u00E1ln\u00ED objekt","Politick\u00E1 strana nebo hnut\u00ED"],"iri":"https://mv.gov.cz/api/boards/SPS/strana/615","url":"https://aplikace.mv.gov.cz/seznam-politickych-stran/Vypis_Rejstrik.aspx?id=615","n\u00E1zev":"SDRU\u017DEN\u00CD NESTRAN\u00CDK\u016E","zkratka":"SN","adresa_s\u00EDdla":"695 01 Hodon\u00EDn, M\u011B\u0161\u0165ansk\u00E1 1687/16","den_registrace":"2024-06-03","\u010D\u00EDslo_registrace":"MV-83337-2/OV-2024","identifika\u010Dn\u00ED_\u010D\u00EDslo":"21676992","statut\u00E1rn\u00ED_org\u00E1n":"Jednat a podepisovat jm\u00E9nem Hnut\u00ED je opr\u00E1vn\u011Bn p\u0159edseda, p\u0159\u00EDpadn\u011B j\u00EDm pov\u011B\u0159en\u00FD \u010Dlen hnut\u00ED ve stanoven\u00E9m rozsahu.","posledn\u00ED_zm\u011Bna_stanov":"2026-03-06","pozn\u00E1mka":"","organiza\u010Dn\u00ED_jednotky":[],"osoby":[{"typ":"Osoba","funkce":"p\u0159edseda:","jm\u00E9no":"Luk\u00E1\u0161 Gross","datum_narozen\u00ED":"2001-01-20","adresa_ulice":"","adresa_m\u011Bsto":"664 91 Nov\u00E1 Ves 25","platnost_od":"2024-06-13"}]},{"typ":["Digit\u00E1ln\u00ED objekt","Politick\u00E1 strana nebo hnut\u00ED"],"iri":"https://mv.gov.cz/api/boards/SPS/strana/616","url":"https://aplikace.mv.gov.cz/seznam-politickych-stran/Vypis_Rejstrik.aspx?id=616","n\u00E1zev":"M\u00C1 VLAST \u010CECHY MORAVA SLEZSKO","zkratka":"M\u00C1 VLAST \u010CMS","adresa_s\u00EDdla":"586 01 Jihlava, Matky Bo\u017E\u00ED 1182/9","den_registrace":"2024-06-17","\u010D\u00EDslo_registrace":"MV- 84132-4/OV-2024","identifika\u010Dn\u00ED_\u010D\u00EDslo":"21722803","statut\u00E1rn\u00ED_org\u00E1n":"P\u0159edsednictvo hnut\u00ED, jeho\u017E jm\u00E9nem jedn\u00E1 p\u0159edseda hnut\u00ED.","pozn\u00E1mka":"","organiza\u010Dn\u00ED_jednotky":["krajsk\u00E9 organizace","m\u00EDstn\u00ED organizace","okresn\u00ED organizace","republikov\u00E9 org\u00E1ny"],"osoby":[{"typ":"Osoba","funkce":"p\u0159edseda:","jm\u00E9no":"Mgr. Lud\u011Bk R\u016F\u017Ei\u010Dka","datum_narozen\u00ED":"1971-11-21","adresa_ulice":"\u010Celakovsk\u00E9ho 611","adresa_m\u011Bsto":"675 51 Jarom\u011B\u0159ice nad Rokytnou","platnost_od":"2024-11-30"},{"typ":"Osoba","funkce":"statut\u00E1rn\u00ED m\u00EDstop\u0159edseda:","jm\u00E9no":"Marek Me\u010D\u00ED\u0159","datum_narozen\u00ED":"1975-08-20","adresa_ulice":"n\u00E1m. P\u0159emysla Otakara II. 2/2","adresa_m\u011Bsto":"370 01 \u010Cesk\u00E9 Bud\u011Bjovice","platnost_od":"2024-11-30"},{"typ":"Osoba","funkce":"m\u00EDstop\u0159edsedkyn\u011B:","jm\u00E9no":"Iveta Dolej\u0161\u00ED","datum_narozen\u00ED":"1969-05-09","adresa_ulice":"","adresa_m\u011Bsto":"267 23 Libomy\u0161l 109","platnost_od":"2024-11-30"},{"typ":"Osoba","funkce":"m\u00EDstop\u0159edseda:","jm\u00E9no":"V\u00EDt\u011Bzslav Hrubec","datum_narozen\u00ED":"1968-05-18","adresa_ulice":"","adresa_m\u011Bsto":"267 23 Libomy\u0161l 109","platnost_od":"2024-11-30"}]},{"typ":["Digit\u00E1ln\u00ED objekt","Politick\u00E1 strana nebo hnut\u00ED"],"iri":"https://mv.gov.cz/api/boards/SPS/strana/617","url":"https://aplikace.mv.gov.cz/seznam-politickych-stran/Vypis_Rejstrik.aspx?id=617","n\u00E1zev":"Ob\u010Dansko-politick\u00E9 hnut\u00ED ReMeK pro zru\u0161en\u00ED SEN\u00C1TU","zkratka":"ReMeK","adresa_s\u00EDdla":"700 30 Ostrava, V\u00FD\u0161kovick\u00E1 2545/58","den_registrace":"2024-06-25","\u010D\u00EDslo_registrace":"MV- 94018-4/OV-2024","identifika\u010Dn\u00ED_\u010D\u00EDslo":"21755582","statut\u00E1rn\u00ED_org\u00E1n":"P\u0159edseda.","posledn\u00ED_zm\u011Bna_stanov":"2026-03-18","pozn\u00E1mka":"","organiza\u010Dn\u00ED_jednotky":[],"osoby":[{"typ":"Osoba","funkce":"p\u0159edseda:","jm\u00E9no":"\u0160tefan Re\u017En\u00FD","datum_narozen\u00ED":"1967-10-14","adresa_ulice":"V\u00FD\u0161kovick\u00E1 2545/58","adresa_m\u011Bsto":"700 30 Ostrava","platnost_od":"2024-06-27"}]},{"typ":["Digit\u00E1ln\u00ED objekt","Politick\u00E1 strana nebo hnut\u00ED"],"iri":"https://mv.gov.cz/api/boards/SPS/strana/618","url":"https://aplikace.mv.gov.cz/seznam-politickych-stran/Vypis_Rejstrik.aspx?id=618","n\u00E1zev":"HLAS SAMOSPR\u00C1V","zkratka":"HS","adresa_s\u00EDdla":"413 01 Roudnice nad Labem, t\u0159\u00EDda T. G. Masaryka 942","den_registrace":"2024-07-03","\u010D\u00EDslo_registrace":"MV-97271-4/OV-2024","identifika\u010Dn\u00ED_\u010D\u00EDslo":"21785295","statut\u00E1rn\u00ED_org\u00E1n":"P\u0159edsednictvo, a to v\u017Edy spole\u010Dn\u011B dv\u011Bma \u010Dleny, z nich\u017E alespo\u0148 jeden je p\u0159edsedou a druh\u00FD \u010Dlenem p\u0159edsednictva anebo spole\u010Dn\u011B dv\u011Bma m\u00EDstop\u0159edsedy hnut\u00ED.","pozn\u00E1mka":"","organiza\u010Dn\u00ED_jednotky":["celost\u00E1tn\u00ED organizace","krajsk\u00E9 organizace"],"osoby":[{"typ":"Osoba","funkce":"p\u0159edseda:","jm\u00E9no":"Jan Nov\u00E1k","datum_narozen\u00ED":"1975-04-29","adresa_ulice":"Pod nov\u00FDm lesem 137/50","adresa_m\u011Bsto":"162 00 Praha","platnost_od":"2024-07-11"},{"typ":"Osoba","funkce":"m\u00EDstop\u0159edseda:","jm\u00E9no":"Mgr. Robert V\u00E1lek","datum_narozen\u00ED":"1977-12-18","adresa_ulice":"Na Neklance 3233/40","adresa_m\u011Bsto":"150 00 Praha","platnost_od":"2024-07-11"},{"typ":"Osoba","funkce":"m\u00EDstop\u0159edseda:","jm\u00E9no":"JUDr. Vladim\u00EDr Kreml\u00EDk","datum_narozen\u00ED":"1972-12-09","adresa_ulice":"B\u011B\u017Eeck\u00E1 2407/2","adresa_m\u011Bsto":"169 00 Praha","platnost_od":"2024-07-11"}]},{"typ":["Digit\u00E1ln\u00ED objekt","Politick\u00E1 strana nebo hnut\u00ED"],"iri":"https://mv.gov.cz/api/boards/SPS/strana/619","url":"https://aplikace.mv.gov.cz/seznam-politickych-stran/Vypis_Rejstrik.aspx?id=619","n\u00E1zev":"\u010Cesk\u00E1 zem\u011Bd\u011Blsk\u00E1 strana","zkratka":"\u010CZS","adresa_s\u00EDdla":"252 45 Ohrobec, Jarovsk\u00E1 96","den_registrace":"2024-08-07","\u010D\u00EDslo_registrace":"MV-102738-5/OV-2024","identifika\u010Dn\u00ED_\u010D\u00EDslo":"21899011","statut\u00E1rn\u00ED_org\u00E1n":"P\u0159edsednictvo, za kter\u00E9 jedn\u00E1 p\u0159edseda.","pozn\u00E1mka":"","organiza\u010Dn\u00ED_jednotky":[],"osoby":[{"typ":"Osoba","funkce":"p\u0159edseda:","jm\u00E9no":"Ing. Tom\u00E1\u0161 Havl\u00ED\u010Dek","datum_narozen\u00ED":"1958-05-22","adresa_ulice":"S\u00EDdli\u0161t\u011B 408","adresa_m\u011Bsto":"262 03 Nov\u00FD Kn\u00EDn","platnost_od":"2025-01-10"},{"typ":"Osoba","funkce":"\u010Dlen p\u0159edsednictva:","jm\u00E9no":"Petr Chmela","datum_narozen\u00ED":"1988-05-02","adresa_ulice":"Hams\u00EDkova 243/12","adresa_m\u011Bsto":"150 00 Praha","platnost_od":"2025-01-10"},{"typ":"Osoba","funkce":"\u010Dlenka p\u0159edsednictva:","jm\u00E9no":"Lucie Chmelov\u00E1","datum_narozen\u00ED":"1985-11-16","adresa_ulice":"\u010Cs. arm\u00E1dy 601/23","adresa_m\u011Bsto":"160 00 Praha","platnost_od":"2025-01-10"}]},{"typ":["Digit\u00E1ln\u00ED objekt","Politick\u00E1 strana nebo hnut\u00ED"],"iri":"https://mv.gov.cz/api/boards/SPS/strana/620","url":"https://aplikace.mv.gov.cz/seznam-politickych-stran/Vypis_Rejstrik.aspx?id=620","n\u00E1zev":"N\u00E1rodn\u011B soci\u00E1ln\u00ED strana","zkratka":"NSS","adresa_s\u00EDdla":"252 62 Horom\u011B\u0159ice, K Rokl\u00EDm 431","den_registrace":"2024-08-20","\u010D\u00EDslo_registrace":"MV-102429-11/OV-2024","identifika\u010Dn\u00ED_\u010D\u00EDslo":"21940177","statut\u00E1rn\u00ED_org\u00E1n":"P\u0159edseda.","pozn\u00E1mka":"","organiza\u010Dn\u00ED_jednotky":["krajsk\u00FD sn\u011Bm","m\u00EDstn\u00ED sdru\u017Een\u00ED"],"osoby":[{"typ":"Osoba","funkce":"p\u0159edseda:","jm\u00E9no":"Vladislav Svoboda","datum_narozen\u00ED":"1950-01-07","adresa_ulice":"Biskupcova 1713/25","adresa_m\u011Bsto":"130 00 Praha","platnost_od":"2025-01-04"}]},{"typ":["Digit\u00E1ln\u00ED objekt","Politick\u00E1 strana nebo hnut\u00ED"],"iri":"https://mv.gov.cz/api/boards/SPS/strana/622","url":"https://aplikace.mv.gov.cz/seznam-politickych-stran/Vypis_Rejstrik.aspx?id=622","n\u00E1zev":"Sta\u010Dilo!","zkratka":"Sta\u010Dilo!","adresa_s\u00EDdla":"110 00 Praha, Politick\u00FDch v\u011Bz\u0148\u016F 1531/9","den_registrace":"2024-10-10","\u010D\u00EDslo_registrace":"MV-141340-4/OV-2024","identifika\u010Dn\u00ED_\u010D\u00EDslo":"22142631","statut\u00E1rn\u00ED_org\u00E1n":"P\u0159edsednictvo, a to v\u017Edy spole\u010Dn\u011B dv\u011Bma \u010Dleny, z nich\u017E alespo\u0148 jeden je p\u0159edsedou a druh\u00FD \u010Dlenem p\u0159edsednictva anebo spole\u010Dn\u011B dv\u011Bma m\u00EDstop\u0159edsedy hnut\u00ED.","posledn\u00ED_zm\u011Bna_stanov":"2026-04-17","pozn\u00E1mka":"","organiza\u010Dn\u00ED_jednotky":["krajsk\u00E9 organizace"],"osoby":[{"typ":"Osoba","funkce":"p\u0159edseda:","jm\u00E9no":"","adresa_ulice":"","adresa_m\u011Bsto":"","platnost_od":"2026-03-31"},{"typ":"Osoba","funkce":"1.m\u00EDstop\u0159edsedkyn\u011B:","jm\u00E9no":"Pavl\u00EDna  Proch\u00E1zkov\u00E1","datum_narozen\u00ED":"1976-09-16","adresa_ulice":"","adresa_m\u011Bsto":"768 33 Po\u010Denice-Tet\u011Btice 55","platnost_od":"2026-04-01"},{"typ":"Osoba","funkce":"m\u00EDstop\u0159edsedkyn\u011B:","jm\u00E9no":"Jana Turo\u0148ov\u00E1","datum_narozen\u00ED":"1983-10-01","adresa_ulice":"","adresa_m\u011Bsto":"378 42 Bedn\u00E1rec 48","platnost_od":"2026-04-01"},{"typ":"Osoba","funkce":"m\u00EDstop\u0159edseda:","jm\u00E9no":"Michal Guly\u00E1\u0161","datum_narozen\u00ED":"1966-03-19","adresa_ulice":"Nad Potokem 186","adresa_m\u011Bsto":"250 63 Nov\u00E1 Ves","platnost_od":"2026-04-01"},{"typ":"Osoba","funkce":"\u010Dlen:","jm\u00E9no":"Ji\u0159\u00ED Medula","datum_narozen\u00ED":"1968-01-24","adresa_ulice":"","adresa_m\u011Bsto":"747 15 \u0160ilhe\u0159ovice 9","platnost_od":"2026-04-01"},{"typ":"Osoba","funkce":"\u010Dlen:","jm\u00E9no":"V\u00EDtek Prokop","datum_narozen\u00ED":"1999-09-27","adresa_ulice":"Nad H\u00E1jovnou 632","adresa_m\u011Bsto":"357 33 Loket","platnost_od":"2026-04-01"},{"typ":"Osoba","funkce":"\u010Dlenka:","jm\u00E9no":"Dana Kulichov\u00E1","datum_narozen\u00ED":"1983-07-23","adresa_ulice":"","adresa_m\u011Bsto":"743 01 B\u00EDlovec 83","platnost_od":"2025-03-04"}]},{"typ":["Digit\u00E1ln\u00ED objekt","Politick\u00E1 strana nebo hnut\u00ED"],"iri":"https://mv.gov.cz/api/boards/SPS/strana/623","url":"https://aplikace.mv.gov.cz/seznam-politickych-stran/Vypis_Rejstrik.aspx?id=623","n\u00E1zev":"GEN","zkratka":"GEN","adresa_s\u00EDdla":"110 00 Praha, U obecn\u00EDho dvora 802/8","den_registrace":"2024-10-25","\u010D\u00EDslo_registrace":"MV-153832-5/OV-2024","identifika\u010Dn\u00ED_\u010D\u00EDslo":"22200401","statut\u00E1rn\u00ED_org\u00E1n":"P\u0159edsednictvo, za kter\u00E9 jedn\u00E1 p\u0159edseda.","pozn\u00E1mka":"","organiza\u010Dn\u00ED_jednotky":["krajsk\u00E9 organizace","oblastn\u00ED organizace"],"osoby":[{"typ":"Osoba","funkce":"p\u0159edseda:","jm\u00E9no":"Vojt\u011Bch Ryvola","datum_narozen\u00ED":"1964-12-15","adresa_ulice":"Pa\u0159\u00ED\u017Esk\u00E1 127/20","adresa_m\u011Bsto":"110 00 Praha","platnost_od":"2024-10-30"},{"typ":"Osoba","funkce":"m\u00EDstop\u0159edseda:","jm\u00E9no":"Ond\u0159ej N\u011Bme\u010Dek","datum_narozen\u00ED":"1972-07-22","adresa_ulice":"St\u0159elni\u010Dn\u00ED 1954/12","adresa_m\u011Bsto":"702 00 Ostrava","platnost_od":"2024-10-30"},{"typ":"Osoba","funkce":"\u010Dlen:","jm\u00E9no":"Tibor Batthy\u00E1ny","datum_narozen\u00ED":"1978-01-07","adresa_ulice":"Felberova 123/3","adresa_m\u011Bsto":"460 05 Liberec","platnost_od":"2024-10-30"}]},{"typ":["Digit\u00E1ln\u00ED objekt","Politick\u00E1 strana nebo hnut\u00ED"],"iri":"https://mv.gov.cz/api/boards/SPS/strana/624","url":"https://aplikace.mv.gov.cz/seznam-politickych-stran/Vypis_Rejstrik.aspx?id=624","n\u00E1zev":"Liga nespokojen\u00FDch","zkratka":"Liga","adresa_s\u00EDdla":"667 01 \u017Didlochovice, N\u00E1dra\u017En\u00ED 316","den_registrace":"2025-01-16","\u010D\u00EDslo_registrace":"MV-160765-8/OV-2024","identifika\u010Dn\u00ED_\u010D\u00EDslo":"22478787","statut\u00E1rn\u00ED_org\u00E1n":"P\u0159edsednictvo v\u00FDkonn\u00E9 rady, za kter\u00E9 jedn\u00E1 p\u0159edseda.","pozn\u00E1mka":"","organiza\u010Dn\u00ED_jednotky":["krajsk\u00E9 organizace"],"osoby":[{"typ":"Osoba","funkce":"p\u0159edseda:","jm\u00E9no":"Jaroslav Svoboda","datum_narozen\u00ED":"1954-05-16","adresa_ulice":"Bayerova 800/31","adresa_m\u011Bsto":"602 00 Brno","platnost_od":"2025-05-10"}]},{"typ":["Digit\u00E1ln\u00ED objekt","Politick\u00E1 strana nebo hnut\u00ED"],"iri":"https://mv.gov.cz/api/boards/SPS/strana/625","url":"https://aplikace.mv.gov.cz/seznam-politickych-stran/Vypis_Rejstrik.aspx?id=625","n\u00E1zev":"Chomutovsk\u00E1 koalice","zkratka":"Koala","adresa_s\u00EDdla":"430 01 Chomutov, H\u00E1lkova 226/6","den_registrace":"2025-01-30","\u010D\u00EDslo_registrace":"MV-183853-6/OV-2024","identifika\u010Dn\u00ED_\u010D\u00EDslo":"22534989","statut\u00E1rn\u00ED_org\u00E1n":"P\u0159edsednictvo, za kter\u00E9 jedn\u00E1 p\u0159edseda; eventu\u00E1ln\u011B 1. m\u00EDstop\u0159edseda v p\u0159\u00EDpad\u011B, \u017Ee p\u0159edseda nem\u016F\u017Ee jednat ze zdravotn\u00EDch \u010Di jin\u00FDch z\u00E1va\u017En\u00FDch d\u016Fvod\u016F.","posledn\u00ED_zm\u011Bna_stanov":"2025-05-14","pozn\u00E1mka":"","organiza\u010Dn\u00ED_jednotky":["m\u00EDstn\u00ED sdru\u017Een\u00ED"],"osoby":[{"typ":"Osoba","funkce":"p\u0159edseda:","jm\u00E9no":"Mgr. Ji\u0159\u00ED Richter","datum_narozen\u00ED":"1997-01-04","adresa_ulice":"\u017Di\u017Ekovo n\u00E1m\u011Bst\u00ED 5973","adresa_m\u011Bsto":"430 01 Chomutov","platnost_od":"2025-03-08"},{"typ":"Osoba","funkce":"1.m\u00EDstop\u0159edsedkyn\u011B:","jm\u00E9no":"Mgr. Darina Kom\u00EDnkov\u00E1 MBA","datum_narozen\u00ED":"1986-05-20","adresa_ulice":"Hrani\u010D\u00E1\u0159sk\u00E1 5737","adresa_m\u011Bsto":"430 03 Chomutov","platnost_od":"2025-03-08"},{"typ":"Osoba","funkce":"m\u00EDstop\u0159edseda:","jm\u00E9no":"JUDr. PhDr. Josef Marcel","datum_narozen\u00ED":"1979-07-18","adresa_ulice":"Mat\u011Bje Kopeck\u00E9ho 4826","adresa_m\u011Bsto":"430 03 Chomutov","platnost_od":"2025-03-08"},{"typ":"Osoba","funkce":"m\u00EDstop\u0159edseda:","jm\u00E9no":"MUDr. Ji\u0159\u00ED Binter","datum_narozen\u00ED":"1954-07-04","adresa_ulice":"Prokopova 1827/5","adresa_m\u011Bsto":"430 01 Chomutov","platnost_od":"2025-03-08"},{"typ":"Osoba","funkce":"m\u00EDstop\u0159edseda:","jm\u00E9no":"Jakub Kla\u010Dko","datum_narozen\u00ED":"1992-01-16","adresa_ulice":"Zborovsk\u00E1 4602","adresa_m\u011Bsto":"430 01 Chomutov","platnost_od":"2025-03-08"},{"typ":"Osoba","funkce":"m\u00EDstop\u0159edseda:","jm\u00E9no":"Martin Bo\u010Dek","datum_narozen\u00ED":"1976-12-14","adresa_ulice":"","adresa_m\u011Bsto":"431 57 Chbany 37","platnost_od":"2025-03-08"},{"typ":"Osoba","funkce":"hlavn\u00ED mana\u017Eerka:","jm\u00E9no":"Hana \u010Cern\u00E1","datum_narozen\u00ED":"1979-01-10","adresa_ulice":"akademika Heyrovsk\u00E9ho 4117","adresa_m\u011Bsto":"430 03 Chomutov","platnost_od":"2025-03-08"}]},{"typ":["Digit\u00E1ln\u00ED objekt","Politick\u00E1 strana nebo hnut\u00ED"],"iri":"https://mv.gov.cz/api/boards/SPS/strana/626","url":"https://aplikace.mv.gov.cz/seznam-politickych-stran/Vypis_Rejstrik.aspx?id=626","n\u00E1zev":"Politick\u00E9 hnut\u00ED NEZLOMN\u00CD","zkratka":"NEZLOMN\u00CD","adresa_s\u00EDdla":"466 04 Jablonec nad Nisou, Mechov\u00E1 3601/21","den_registrace":"2025-02-13","\u010D\u00EDslo_registrace":"MV- 22689-2/OV-2025","identifika\u010Dn\u00ED_\u010D\u00EDslo":"22592989","statut\u00E1rn\u00ED_org\u00E1n":"P\u0159edsednictvo, za kter\u00E9 jedn\u00E1 p\u0159edseda.","posledn\u00ED_zm\u011Bna_stanov":"2026-02-16","pozn\u00E1mka":"","organiza\u010Dn\u00ED_jednotky":["krajsk\u00E9 organizace","oblastn\u00ED organizace"],"osoby":[{"typ":"Osoba","funkce":"p\u0159edsedkyn\u011B:","jm\u00E9no":"Nela Liskov\u00E1","datum_narozen\u00ED":"1975-08-09","adresa_ulice":"Proskovick\u00E1 144","adresa_m\u011Bsto":"739 24 Krmel\u00EDn","platnost_od":"2025-03-16"},{"typ":"Osoba","funkce":"m\u00EDstop\u0159edsedkyn\u011B:","jm\u00E9no":"Michaela Havelkov\u00E1","datum_narozen\u00ED":"1980-04-21","adresa_ulice":"Dru\u017Estevn\u00ED 988","adresa_m\u011Bsto":"258 01 Vla\u0161im","platnost_od":"2025-10-25"},{"typ":"Osoba","funkce":"\u010Dlen:","jm\u00E9no":"Martin Bug\u00E1r","datum_narozen\u00ED":"1990-08-27","adresa_ulice":"Hu\u0165 191","adresa_m\u011Bsto":"468 26 P\u011Bn\u010D\u00EDn","platnost_od":"2025-10-25"},{"typ":"Osoba","funkce":"\u010Dlen:","jm\u00E9no":"Martin Vrb\u011Bck\u00FD","datum_narozen\u00ED":"1977-05-05","adresa_ulice":"Mechov\u00E1 3601/21","adresa_m\u011Bsto":"466 04 Jablonec nad Nisou","platnost_od":"2025-10-25"},{"typ":"Osoba","funkce":"\u010Dlenka:","jm\u00E9no":"Vladim\u00EDra \u0160im\u00E1\u0148ov\u00E1","datum_narozen\u00ED":"1978-06-20","adresa_ulice":"\u017Di\u017Ekovo n\u00E1m. 119","adresa_m\u011Bsto":"258 01 Vla\u0161im","platnost_od":"2025-10-25"}]},{"typ":["Digit\u00E1ln\u00ED objekt","Politick\u00E1 strana nebo hnut\u00ED"],"iri":"https://mv.gov.cz/api/boards/SPS/strana/627","url":"https://aplikace.mv.gov.cz/seznam-politickych-stran/Vypis_Rejstrik.aspx?id=627","n\u00E1zev":"Libertari\u00E1nsk\u00E1 strana Voluntia","zkratka":"Voluntia","adresa_s\u00EDdla":"181 00 Praha, Fo\u0159tova 16/3","den_registrace":"2025-04-22","\u010D\u00EDslo_registrace":"MV-52826-4/OV-2025","identifika\u010Dn\u00ED_\u010D\u00EDslo":"23201703","statut\u00E1rn\u00ED_org\u00E1n":"Statut\u00E1rn\u00ED z\u00E1stupce.","posledn\u00ED_zm\u011Bna_stanov":"2026-02-02","pozn\u00E1mka":"","organiza\u010Dn\u00ED_jednotky":[],"osoby":[{"typ":"Osoba","funkce":"p\u0159edseda:","jm\u00E9no":"Ji\u0159\u00ED F\u00E1bera","datum_narozen\u00ED":"1989-04-29","adresa_ulice":"Fo\u0159tova 903/1a","adresa_m\u011Bsto":"181 00 Praha","platnost_od":"2026-01-07"}]},{"typ":["Digit\u00E1ln\u00ED objekt","Politick\u00E1 strana nebo hnut\u00ED"],"iri":"https://mv.gov.cz/api/boards/SPS/strana/628","url":"https://aplikace.mv.gov.cz/seznam-politickych-stran/Vypis_Rejstrik.aspx?id=628","n\u00E1zev":"NE 2025","zkratka":"NE","adresa_s\u00EDdla":"737 01 \u010Cesk\u00FD T\u011B\u0161\u00EDn, N\u00E1dra\u017En\u00ED 16/10","den_registrace":"2025-05-16","\u010D\u00EDslo_registrace":"MV-59695-6/OV-2025","identifika\u010Dn\u00ED_\u010D\u00EDslo":"23287420","statut\u00E1rn\u00ED_org\u00E1n":"P\u0159edseda hnut\u00ED.","pozn\u00E1mka":"","organiza\u010Dn\u00ED_jednotky":[],"osoby":[{"typ":"Osoba","funkce":"p\u0159edseda:","jm\u00E9no":"Marian Ku\u015B","datum_narozen\u00ED":"1963-02-20","adresa_ulice":"Krakovsk\u00E1 1363/12","adresa_m\u011Bsto":"110 00 Praha","platnost_od":"2025-07-19"}]},{"typ":["Digit\u00E1ln\u00ED objekt","Politick\u00E1 strana nebo hnut\u00ED"],"iri":"https://mv.gov.cz/api/boards/SPS/strana/629","url":"https://aplikace.mv.gov.cz/seznam-politickych-stran/Vypis_Rejstrik.aspx?id=629","n\u00E1zev":"Strana p\u0159\u00EDznivc\u016F demokracie a Tomia Okamury","zkratka":"SPDTO","adresa_s\u00EDdla":"190 00 Praha, Kurta Konr\u00E1da 2457/6","den_registrace":"2025-06-11","\u010D\u00EDslo_registrace":"MV-87702-2/OV-2025","identifika\u010Dn\u00ED_\u010D\u00EDslo":"23377852","statut\u00E1rn\u00ED_org\u00E1n":"P\u0159edseda.","pozn\u00E1mka":"","organiza\u010Dn\u00ED_jednotky":["krajsk\u00E9 kluby","m\u00EDstn\u00ED kluby","okresn\u00ED kluby"],"osoby":[{"typ":"Osoba","funkce":"p\u0159edsedkyn\u011B:","jm\u00E9no":"Patricia Fialov\u00E1","datum_narozen\u00ED":"1993-05-30","adresa_ulice":"V h\u00E1ji 1619/4","adresa_m\u011Bsto":"170 00 Praha","platnost_od":"2025-11-26"}]},{"typ":["Digit\u00E1ln\u00ED objekt","Politick\u00E1 strana nebo hnut\u00ED"],"iri":"https://mv.gov.cz/api/boards/SPS/strana/630","url":"https://aplikace.mv.gov.cz/seznam-politickych-stran/Vypis_Rejstrik.aspx?id=630","n\u00E1zev":"V\u00DDZVA 2025","zkratka":"V\u00DDZVA","adresa_s\u00EDdla":"394 70 Kamenice nad Lipou, Vackova 104","den_registrace":"2025-06-16","\u010D\u00EDslo_registrace":"MV- 88653-5/OV-2025","identifika\u010Dn\u00ED_\u010D\u00EDslo":"23392771","statut\u00E1rn\u00ED_org\u00E1n":"P\u0159edsednictvo, za kter\u00E9 jedn\u00E1 p\u0159edseda.","posledn\u00ED_zm\u011Bna_stanov":"2025-12-01","pozn\u00E1mka":"","organiza\u010Dn\u00ED_jednotky":[],"osoby":[{"typ":"Osoba","funkce":"p\u0159edsedkyn\u011B:","jm\u00E9no":"Ing. Karol\u00EDna Kubiskov\u00E1","datum_narozen\u00ED":"1984-11-16","adresa_ulice":"","adresa_m\u011Bsto":"394 70 Kamenice nad Lipou 554","platnost_od":"2025-06-23"},{"typ":"Osoba","funkce":"m\u00EDstop\u0159edsedkyn\u011B:","jm\u00E9no":"MUDr. Ing. Petra Fejtov\u00E1 MBA","datum_narozen\u00ED":"1988-01-21","adresa_ulice":"","adresa_m\u011Bsto":"582 55 Her\u00E1lec 192","platnost_od":"2025-06-23"},{"typ":"Osoba","funkce":"m\u00EDstop\u0159edseda:","jm\u00E9no":"Daniel Krupka","datum_narozen\u00ED":"1985-10-27","adresa_ulice":"","adresa_m\u011Bsto":"464 01 Bulovka 134","platnost_od":"2026-02-14"}]},{"typ":["Digit\u00E1ln\u00ED objekt","Politick\u00E1 strana nebo hnut\u00ED"],"iri":"https://mv.gov.cz/api/boards/SPS/strana/631","url":"https://aplikace.mv.gov.cz/seznam-politickych-stran/Vypis_Rejstrik.aspx?id=631","n\u00E1zev":"\u0022Rebelov\u00E9 web: re3elove.cz program-hash: 3wtBw2bAJ621vWSxxgJHFG 1. Do roka dostupn\u00E9 bydlen\u00ED pro v\u0161echny! 2. Sn\u00ED\u017Een\u00ED Plateb za elekt\u0159inu o 25% 3. Sn\u00ED\u017Een\u00ED DPH na 20% a 10% 4. Pr\u016Fhledn\u00E9 VY\u00DA\u010CTOV\u00C1N\u00CD VA\u0160ICH DAN\u00CD 5. Konec podvod\u016F s cenami v supermarketech 6. Sn\u00ED\u017E\u00EDme po\u010Det lid\u00ED v exekuci o 50% 7. Zru\u0161en\u00ED poplatku za TV a r\u00E1dio 8. Kone\u010Dn\u011B spravedliv\u00E9 d\u016Fchody 9. \u00DA\u0159edn\u00EDk je v\u00E1\u0161 zam\u011Bstnanec 10. Reforma v\u011Bze\u0148stv\u00ED aneb pr\u00E1ce \u0161lecht\u00ED 11. Radik\u00E1ln\u00ED reforma zastaral\u00E9ho \u0161kolstv\u00ED 12. Razantn\u00ED sn\u00ED\u017Een\u00ED drogov\u00E9 kriminality 13. Odm\u011B\u0148ov\u00E1n\u00ED politik\u016F podle v\u00FDsledk\u016F 14. Obecn\u00E9 referendum jako pojistka demokracie 15. \u00DA\u010Dast ve fin\u00E1le MS ve fotbale do roku 2050\u0022","zkratka":"Rebelov\u00E9","adresa_s\u00EDdla":"141 00 Praha, Na l\u00ED\u0161e 726/27","den_registrace":"2025-07-10","\u010D\u00EDslo_registrace":"MV-88654-4/OV-2025","identifika\u010Dn\u00ED_\u010D\u00EDslo":"23483105","statut\u00E1rn\u00ED_org\u00E1n":"Hlavn\u00ED strat\u00E9g.","posledn\u00ED_zm\u011Bna_stanov":"2025-07-24","pozn\u00E1mka":"","organiza\u010Dn\u00ED_jednotky":[],"osoby":[{"typ":"Osoba","funkce":"Hlavn\u00ED strat\u00E9g:","jm\u00E9no":"Miloslav Zientek","datum_narozen\u00ED":"1976-05-15","adresa_ulice":"Kurta Konr\u00E1da 2517/1","adresa_m\u011Bsto":"190 00 Praha","platnost_od":"2025-07-10"}]},{"typ":["Digit\u00E1ln\u00ED objekt","Politick\u00E1 strana nebo hnut\u00ED"],"iri":"https://mv.gov.cz/api/boards/SPS/strana/632","url":"https://aplikace.mv.gov.cz/seznam-politickych-stran/Vypis_Rejstrik.aspx?id=632","n\u00E1zev":"Hnut\u00ED Kruh","zkratka":"Kruh","adresa_s\u00EDdla":"289 21 Kostomlaty nad Labem, Pod Sokolovnou 252","den_registrace":"2025-07-24","\u010D\u00EDslo_registrace":"MV-113816-4/OV-2025","identifika\u010Dn\u00ED_\u010D\u00EDslo":"23528214","statut\u00E1rn\u00ED_org\u00E1n":"P\u0159edsednictvo, za kter\u00E9 jednaj\u00ED v\u017Edy dva \u010Dlenov\u00E9 spole\u010Dn\u011B.","pozn\u00E1mka":"","organiza\u010Dn\u00ED_jednotky":["oblastn\u00ED kruhy"],"osoby":[{"typ":"Osoba","funkce":"\u010Dlenka:","jm\u00E9no":"Marta Martinov\u00E1","datum_narozen\u00ED":"1981-03-23","adresa_ulice":"Pod Sokolovnou 252","adresa_m\u011Bsto":"289 21 Kostomlaty nad Labem","platnost_od":"2025-07-24"},{"typ":"Osoba","funkce":"\u010Dlenka:","jm\u00E9no":"Michaela Nedory","datum_narozen\u00ED":"1996-05-31","adresa_ulice":"Kremli\u010Dkova 976/5","adresa_m\u011Bsto":"140 00 Praha","platnost_od":"2025-07-24"},{"typ":"Osoba","funkce":"\u010Dlenka:","jm\u00E9no":"Kl\u00E1ra Kad\u00E1r","datum_narozen\u00ED":"1989-11-24","adresa_ulice":"","adresa_m\u011Bsto":"338 08 Tere\u0161ov 17","platnost_od":"2025-07-24"},{"typ":"Osoba","funkce":"\u010Dlenka:","jm\u00E9no":"Pavla Krausov\u00E1","datum_narozen\u00ED":"1998-06-18","adresa_ulice":"","adresa_m\u011Bsto":"261 01 Narysov 4","platnost_od":"2025-07-24"}]},{"typ":["Digit\u00E1ln\u00ED objekt","Politick\u00E1 strana nebo hnut\u00ED"],"iri":"https://mv.gov.cz/api/boards/SPS/strana/633","url":"https://aplikace.mv.gov.cz/seznam-politickych-stran/Vypis_Rejstrik.aspx?id=633","n\u00E1zev":"Sv\u011B\u017E\u00ED T\u00FDni\u0161t\u011B","zkratka":"ST","adresa_s\u00EDdla":"517 21 T\u00FDni\u0161t\u011B nad Orlic\u00ED, T. G. Masaryka 957","den_registrace":"2025-12-01","\u010D\u00EDslo_registrace":"MV-185981-4/OV-2025","identifika\u010Dn\u00ED_\u010D\u00EDslo":"24011495","statut\u00E1rn\u00ED_org\u00E1n":"P\u0159edseda.","pozn\u00E1mka":"","organiza\u010Dn\u00ED_jednotky":[],"osoby":[{"typ":"Osoba","funkce":"p\u0159edseda:","jm\u00E9no":"Ing. Michal Proch\u00E1zka","datum_narozen\u00ED":"1992-12-11","adresa_ulice":"T. G. Masaryka 496","adresa_m\u011Bsto":"517 21 T\u00FDni\u0161t\u011B nad Orlic\u00ED","platnost_od":"2026-01-31"}]},{"typ":["Digit\u00E1ln\u00ED objekt","Politick\u00E1 strana nebo hnut\u00ED"],"iri":"https://mv.gov.cz/api/boards/SPS/strana/634","url":"https://aplikace.mv.gov.cz/seznam-politickych-stran/Vypis_Rejstrik.aspx?id=634","n\u00E1zev":"Zbrojovka a fotbal zp\u011Bt za Lu\u017E\u00E1nky","zkratka":"za Lu\u017E\u00E1nky","adresa_s\u00EDdla":"613 00 Brno, Janou\u0161kova 581/7","den_registrace":"2025-12-16","\u010D\u00EDslo_registrace":"MV-191984-6/OV-2025","identifika\u010Dn\u00ED_\u010D\u00EDslo":"24070408","statut\u00E1rn\u00ED_org\u00E1n":"P\u0159edsednictvo, za kter\u00E9 jeho \u010Dlenov\u00E9 jednaj\u00ED samostatn\u011B.","pozn\u00E1mka":"","organiza\u010Dn\u00ED_jednotky":[],"osoby":[{"typ":"Osoba","funkce":"p\u0159edseda:","jm\u00E9no":"Luk\u00E1\u0161 Winkler","datum_narozen\u00ED":"1988-12-02","adresa_ulice":"Jana Dvo\u0159\u00E1ka 1913/13","adresa_m\u011Bsto":"664 51 \u0160lapanice","platnost_od":"2026-04-09"},{"typ":"Osoba","funkce":"m\u00EDstop\u0159edseda:","jm\u00E9no":"Michal \u017Dv\u00E1k","datum_narozen\u00ED":"1980-01-11","adresa_ulice":"Marie Kude\u0159\u00EDkov\u00E9 3844/4","adresa_m\u011Bsto":"636 00 Brno","platnost_od":"2026-04-09"},{"typ":"Osoba","funkce":"\u010Dlen:","jm\u00E9no":"Marek Fi\u0161er","datum_narozen\u00ED":"1982-11-22","adresa_ulice":"Sk\u0159ivanova 87/1","adresa_m\u011Bsto":"602 00 Brno","platnost_od":"2026-04-09"}]},{"typ":["Digit\u00E1ln\u00ED objekt","Politick\u00E1 strana nebo hnut\u00ED"],"iri":"https://mv.gov.cz/api/boards/SPS/strana/635","url":"https://aplikace.mv.gov.cz/seznam-politickych-stran/Vypis_Rejstrik.aspx?id=635","n\u00E1zev":"JSME","zkratka":"JSME","adresa_s\u00EDdla":"664 91 Biskoupky 66","den_registrace":"2026-01-08","\u010D\u00EDslo_registrace":"MV-204059-2/OV-2025","identifika\u010Dn\u00ED_\u010D\u00EDslo":"24347647","statut\u00E1rn\u00ED_org\u00E1n":"P\u0159edsednictvo, za kter\u00E9 jedn\u00E1 samostatn\u011B p\u0159edseda nebo dva m\u00EDstop\u0159edsedov\u00E9 spole\u010Dn\u011B.","pozn\u00E1mka":"","organiza\u010Dn\u00ED_jednotky":["m\u00EDstn\u00ED organizace"],"osoby":[]},{"typ":["Digit\u00E1ln\u00ED objekt","Politick\u00E1 strana nebo hnut\u00ED"],"iri":"https://mv.gov.cz/api/boards/SPS/strana/636","url":"https://aplikace.mv.gov.cz/seznam-politickych-stran/Vypis_Rejstrik.aspx?id=636","n\u00E1zev":"PATRIOTI HODON\u00CDN","zkratka":"PATRIOTI HODON\u00CDN","adresa_s\u00EDdla":"695 01 Hodon\u00EDn, Dobrovolsk\u00E9ho 800/4","den_registrace":"2026-01-20","\u010D\u00EDslo_registrace":"MV-205465-4/OV-2025","identifika\u010Dn\u00ED_\u010D\u00EDslo":"24397041","statut\u00E1rn\u00ED_org\u00E1n":"P\u0159edseda.","pozn\u00E1mka":"","organiza\u010Dn\u00ED_jednotky":[],"osoby":[{"typ":"Osoba","funkce":"p\u0159edseda:","jm\u00E9no":"Zden\u011Bk P\u00E1vek","datum_narozen\u00ED":"1979-07-19","adresa_ulice":"O\u010Dovsk\u00E1 3706/26","adresa_m\u011Bsto":"695 01 Hodon\u00EDn","platnost_od":"2026-02-05"}]},{"typ":["Digit\u00E1ln\u00ED objekt","Politick\u00E1 strana nebo hnut\u00ED"],"iri":"https://mv.gov.cz/api/boards/SPS/strana/637","url":"https://aplikace.mv.gov.cz/seznam-politickych-stran/Vypis_Rejstrik.aspx?id=637","n\u00E1zev":"\u010Cesk\u00E1 strana asoci\u00E1l\u016F","zkratka":"\u010CSA","adresa_s\u00EDdla":"463 11 Liberec, Pivovarsk\u00E1 337","den_registrace":"2026-01-20","\u010D\u00EDslo_registrace":"MV-177083-6/OV-2025","identifika\u010Dn\u00ED_\u010D\u00EDslo":"24397229","statut\u00E1rn\u00ED_org\u00E1n":"P\u0159edsednictvo, za kter\u00E9 podepisuje p\u0159edseda strany s prvn\u00EDm m\u00EDstop\u0159edsedou, nebo p\u0159edsedou pov\u011B\u0159en\u00ED dva \u010Dlenov\u00E9 p\u0159edsednictva.","pozn\u00E1mka":"","organiza\u010Dn\u00ED_jednotky":["krajsk\u00E9 sdru\u017Een\u00ED","obecn\u00ED sdru\u017Een\u00ED"],"osoby":[{"typ":"Osoba","funkce":"p\u0159edseda:","jm\u00E9no":"Kry\u0161tof Kolomazn\u00EDk","datum_narozen\u00ED":"2007-01-02","adresa_ulice":"Pivovarsk\u00E1 337","adresa_m\u011Bsto":"463 11 Liberec","platnost_od":"2026-01-29"},{"typ":"Osoba","funkce":"1. m\u00EDstop\u0159edseda:","jm\u00E9no":"Pavel Hrube\u0161","datum_narozen\u00ED":"2006-09-23","adresa_ulice":"Svornosti 881/3","adresa_m\u011Bsto":"463 11 Liberec","platnost_od":"2026-01-29"},{"typ":"Osoba","funkce":"2. m\u00EDstop\u0159edseda:","jm\u00E9no":"Tom\u00E1\u0161 Nov\u00E1k","datum_narozen\u00ED":"2006-05-21","adresa_ulice":"Lipnick\u00E1 179/5","adresa_m\u011Bsto":"294 71 Ben\u00E1tky nad Jizerou","platnost_od":"2006-01-29"}]},{"typ":["Digit\u00E1ln\u00ED objekt","Politick\u00E1 strana nebo hnut\u00ED"],"iri":"https://mv.gov.cz/api/boards/SPS/strana/638","url":"https://aplikace.mv.gov.cz/seznam-politickych-stran/Vypis_Rejstrik.aspx?id=638","n\u00E1zev":"PRO N\u00C1\u0160 KRAJ","zkratka":"PRO N\u00C1\u0160 KRAJ","adresa_s\u00EDdla":"312 00 Plze\u0148, Na Franti\u0161kov\u011B 596/12","den_registrace":"2026-02-02","\u010D\u00EDslo_registrace":"MV-14353-2/OV-2026","identifika\u010Dn\u00ED_\u010D\u00EDslo":"24449245","statut\u00E1rn\u00ED_org\u00E1n":"P\u0159edstavenstvo, jeho\u017E jm\u00E9nem jedn\u00E1 p\u0159edseda samostatn\u011B, nebo dva m\u00EDstop\u0159edsedov\u00E9 spole\u010Dn\u011B, dal\u0161\u00ED osoby s konkr\u00E9tn\u00EDm pov\u011B\u0159en\u00EDm pro jednotliv\u00FD konkr\u00E9tn\u00ED pr\u00E1vn\u00ED krok parafovan\u00FD p\u0159edsedou a dv\u011Bma m\u00EDstop\u0159edsedy.","pozn\u00E1mka":"","organiza\u010Dn\u00ED_jednotky":["m\u00EDstn\u00ED organizace"],"osoby":[{"typ":"Osoba","funkce":"p\u0159edseda:","jm\u00E9no":"JUDr. PhDr. Petr Maule, MBA","datum_narozen\u00ED":"1990-07-26","adresa_ulice":"Na Franti\u0161kov\u011B 624/14","adresa_m\u011Bsto":"312 00 Plze\u0148","platnost_od":"2026-02-22"}]},{"typ":["Digit\u00E1ln\u00ED objekt","Politick\u00E1 strana nebo hnut\u00ED"],"iri":"https://mv.gov.cz/api/boards/SPS/strana/639","url":"https://aplikace.mv.gov.cz/seznam-politickych-stran/Vypis_Rejstrik.aspx?id=639","n\u00E1zev":"Na\u0161i","zkratka":"Na\u0161i","adresa_s\u00EDdla":"697 01 Kyjov, Dvo\u0159\u00E1kova 1450/19","den_registrace":"2026-02-09","\u010D\u00EDslo_registrace":"MV-18628-4/OV-2026","identifika\u010Dn\u00ED_\u010D\u00EDslo":"24480673","statut\u00E1rn\u00ED_org\u00E1n":"P\u0159edseda.","pozn\u00E1mka":"","organiza\u010Dn\u00ED_jednotky":[],"osoby":[{"typ":"Osoba","funkce":"p\u0159edseda:","jm\u00E9no":"Mat\u011Bj \u010Cern\u00FD","datum_narozen\u00ED":"1977-07-06","adresa_ulice":"Dvo\u0159\u00E1kova 1450/19","adresa_m\u011Bsto":"697 01 Kyjov","platnost_od":"2026-02-11"}]},{"typ":["Digit\u00E1ln\u00ED objekt","Politick\u00E1 strana nebo hnut\u00ED"],"iri":"https://mv.gov.cz/api/boards/SPS/strana/640","url":"https://aplikace.mv.gov.cz/seznam-politickych-stran/Vypis_Rejstrik.aspx?id=640","n\u00E1zev":"Srdcem a Rozumem","zkratka":"HSR","adresa_s\u00EDdla":"377 01 Jind\u0159ich\u016Fv Hradec, Pansk\u00E1 90","den_registrace":"2026-02-18","\u010D\u00EDslo_registrace":"MV-22141-4/OV-2026","identifika\u010Dn\u00ED_\u010D\u00EDslo":"24524719","statut\u00E1rn\u00ED_org\u00E1n":"P\u0159edseda.","pozn\u00E1mka":"","organiza\u010Dn\u00ED_jednotky":[],"osoby":[{"typ":"Osoba","funkce":"p\u0159edseda:","jm\u00E9no":"Ing. Jaroslav Chalupsk\u00FD","datum_narozen\u00ED":"1974-04-27","adresa_ulice":"Ml\u00E1de\u017Enick\u00E1 397","adresa_m\u011Bsto":"377 01 Jind\u0159ich\u016Fv Hradec","platnost_od":"2026-03-01"}]},{"typ":["Digit\u00E1ln\u00ED objekt","Politick\u00E1 strana nebo hnut\u00ED"],"iri":"https://mv.gov.cz/api/boards/SPS/strana/641","url":"https://aplikace.mv.gov.cz/seznam-politickych-stran/Vypis_Rejstrik.aspx?id=641","n\u00E1zev":"\u010Cesk\u00E1 p\u00E1rty (The Czech Party)","zkratka":"(CzP)","adresa_s\u00EDdla":"110 00 Praha, Dlouh\u00E1 715/38","den_registrace":"2026-03-02","\u010D\u00EDslo_registrace":"MV-18628-4/OV-2026","identifika\u010Dn\u00ED_\u010D\u00EDslo":"24569933","statut\u00E1rn\u00ED_org\u00E1n":"2 spolup\u0159edsedov\u00E9, ka\u017Ed\u00FD samostatn\u011B. V p\u0159\u00EDpad\u011B finan\u010Dn\u00EDho pln\u011Bn\u00ED nad 100 000 K\u010D jednaj\u00ED a podepisuj\u00ED oba spole\u010Dn\u011B.","pozn\u00E1mka":"","organiza\u010Dn\u00ED_jednotky":[],"osoby":[{"typ":"Osoba","funkce":"Spolup\u0159edseda:","jm\u00E9no":"JUDr. V\u00E1clav Mus\u00EDlek","datum_narozen\u00ED":"1958-09-25","adresa_ulice":"Hybe\u0161ova 521/6","adresa_m\u011Bsto":"186 00 Praha","platnost_od":"2026-03-02"},{"typ":"Osoba","funkce":"Spolup\u0159edseda:","jm\u00E9no":"Petr Lev\u00ED\u010Dek, MBA","datum_narozen\u00ED":"1964-04-16","adresa_ulice":"Odlehl\u00E1 178/23","adresa_m\u011Bsto":"621 00 Brno","platnost_od":"2026-03-02"}]},{"typ":["Digit\u00E1ln\u00ED objekt","Politick\u00E1 strana nebo hnut\u00ED"],"iri":"https://mv.gov.cz/api/boards/SPS/strana/642","url":"https://aplikace.mv.gov.cz/seznam-politickych-stran/Vypis_Rejstrik.aspx?id=642","n\u00E1zev":"HNUT\u00CD ANTON\u00CDNA \u0160VEHLY \u2013 HA\u0160","zkratka":"HA\u0160","adresa_s\u00EDdla":"109 00 Praha, V aleji 568","den_registrace":"2026-03-03","\u010D\u00EDslo_registrace":"MV-  6074-6/OV-2026","identifika\u010Dn\u00ED_\u010D\u00EDslo":"24580783","statut\u00E1rn\u00ED_org\u00E1n":"Republikov\u00E1 rada, za kterou jedn\u00E1 p\u0159edseda.","pozn\u00E1mka":"","organiza\u010Dn\u00ED_jednotky":[],"osoby":[{"typ":"Osoba","funkce":"p\u0159edseda:","jm\u00E9no":"Milan Wenzl","datum_narozen\u00ED":"1959-05-12","adresa_ulice":"V aleji 568","adresa_m\u011Bsto":"109 00 Praha","platnost_od":"2026-03-12"},{"typ":"Osoba","funkce":"\u010Dlen:","jm\u00E9no":"Franti\u0161ek \u010Cih\u00E1k","datum_narozen\u00ED":"1946-10-16","adresa_ulice":"","adresa_m\u011Bsto":"251 66 Hrusice 30","platnost_od":"2026-03-12"}]},{"typ":["Digit\u00E1ln\u00ED objekt","Politick\u00E1 strana nebo hnut\u00ED"],"iri":"https://mv.gov.cz/api/boards/SPS/strana/643","url":"https://aplikace.mv.gov.cz/seznam-politickych-stran/Vypis_Rejstrik.aspx?id=643","n\u00E1zev":"Na\u0161e \u010Cesko","zkratka":"N\u010C","adresa_s\u00EDdla":"370 04 \u010Cesk\u00E9 Bud\u011Bjovice, Pra\u017Esk\u00E1 t\u0159. 2738/94","den_registrace":"2026-03-12","\u010D\u00EDslo_registrace":"MV- 37084-4/OV-2026","identifika\u010Dn\u00ED_\u010D\u00EDslo":"24623423","statut\u00E1rn\u00ED_org\u00E1n":"P\u0159edsednictvo, za kter\u00E9 jedn\u00E1 p\u0159edseda.","pozn\u00E1mka":"","organiza\u010Dn\u00ED_jednotky":["krajsk\u00E9 organizace","m\u00EDstn\u00ED organizace","oblastn\u00ED organizace"],"osoby":[{"typ":"Osoba","funkce":"p\u0159edseda:","jm\u00E9no":"MUDr. Martin Kuba","datum_narozen\u00ED":"1973-04-09","adresa_ulice":"Fr. Ond\u0159\u00ED\u010Dka 978/10","adresa_m\u011Bsto":"370 11 \u010Cesk\u00E9 Bud\u011Bjovice","platnost_od":"2026-03-12"},{"typ":"Osoba","funkce":"\u010Dlen:","jm\u00E9no":"Petr Maro\u0161","datum_narozen\u00ED":"1976-12-08","adresa_ulice":"Jar. Ha\u0161ka 1514/17","adresa_m\u011Bsto":"370 04 \u010Cesk\u00E9 Bud\u011Bjovice","platnost_od":"2026-03-12"},{"typ":"Osoba","funkce":"\u010Dlen:","jm\u00E9no":"Zbyn\u011Bk S\u00FDkora","datum_narozen\u00ED":"1984-06-04","adresa_ulice":"Holkovsk\u00E1 2342/4","adresa_m\u011Bsto":"370 07 \u010Cesk\u00E9 Bud\u011Bjovice","platnost_od":"2026-03-12"}]},{"typ":["Digit\u00E1ln\u00ED objekt","Politick\u00E1 strana nebo hnut\u00ED"],"iri":"https://mv.gov.cz/api/boards/SPS/strana/644","url":"https://aplikace.mv.gov.cz/seznam-politickych-stran/Vypis_Rejstrik.aspx?id=644","n\u00E1zev":"Brnoklidem","zkratka":"KLID","adresa_s\u00EDdla":"603 00 Brno, V\u00FDstavn\u00ED 245/6","den_registrace":"2026-03-25","\u010D\u00EDslo_registrace":"MV-46800-5/OV-2026","identifika\u010Dn\u00ED_\u010D\u00EDslo":"24877727","statut\u00E1rn\u00ED_org\u00E1n":"P\u0159edsednictvo, za kter\u00E9 jedn\u00E1 samostatn\u011B p\u0159edseda; v p\u0159\u00EDpad\u011B jeho nep\u0159\u00EDtomnosti spole\u010Dn\u011B 1. m\u00EDstop\u0159edseda a m\u00EDstop\u0159edseda.","pozn\u00E1mka":"","organiza\u010Dn\u00ED_jednotky":[],"osoby":[{"typ":"Osoba","funkce":"p\u0159edseda:","jm\u00E9no":"Petr Bo\u0159eck\u00FD","datum_narozen\u00ED":"1977-02-17","adresa_ulice":"V\u00FDstavn\u00ED 245/6","adresa_m\u011Bsto":"603 00 Brno","platnost_od":"2026-04-09"},{"typ":"Osoba","funkce":"1. m\u00EDstop\u0159edseda:","jm\u00E9no":"Petr Sou\u010Dek","datum_narozen\u00ED":"1981-01-09","adresa_ulice":"\u010Cernohorsk\u00E1 97/2","adresa_m\u011Bsto":"621 00 Brno","platnost_od":"2026-04-09"},{"typ":"Osoba","funkce":"m\u00EDstop\u0159edsedkyn\u011B:","jm\u00E9no":"Karin  Podivinsk\u00E1","datum_narozen\u00ED":"1966-05-23","adresa_ulice":"Hrn\u010D\u00ED\u0159sk\u00E1 574/8","adresa_m\u011Bsto":"602 00 Brno","platnost_od":"2026-04-09"}]},{"typ":["Digit\u00E1ln\u00ED objekt","Politick\u00E1 strana nebo hnut\u00ED"],"iri":"https://mv.gov.cz/api/boards/SPS/strana/645","url":"https://aplikace.mv.gov.cz/seznam-politickych-stran/Vypis_Rejstrik.aspx?id=645","n\u00E1zev":"Nov\u00E9 Brno","zkratka":"NB","adresa_s\u00EDdla":"602 00 Brno, Kope\u010Dn\u00E1 387/58","den_registrace":"2026-04-10","\u010D\u00EDslo_registrace":"MV- 57418-4/OV-2026","identifika\u010Dn\u00ED_\u010D\u00EDslo":"24942910","statut\u00E1rn\u00ED_org\u00E1n":"Kolegium, za kter\u00E9 jedn\u00E1 p\u0159edseda nebo prvn\u00ED m\u00EDstop\u0159edseda spole\u010Dn\u011B s \u0159adov\u00FDm m\u00EDstop\u0159edsedou hnut\u00ED.","pozn\u00E1mka":"","organiza\u010Dn\u00ED_jednotky":[],"osoby":[]},{"typ":["Digit\u00E1ln\u00ED objekt","Politick\u00E1 strana nebo hnut\u00ED"],"iri":"https://mv.gov.cz/api/boards/SPS/strana/646","url":"https://aplikace.mv.gov.cz/seznam-politickych-stran/Vypis_Rejstrik.aspx?id=646","n\u00E1zev":"Norm\u00E1ln\u00ED","zkratka":"Norm\u00E1ln\u00ED","adresa_s\u00EDdla":"149 00 Praha, Nad statkem  174","den_registrace":"2026-04-10","\u010D\u00EDslo_registrace":"MV- 56088-4/OV-2026","identifika\u010Dn\u00ED_\u010D\u00EDslo":"24943011","statut\u00E1rn\u00ED_org\u00E1n":"P\u0159edseda.","pozn\u00E1mka":"","organiza\u010Dn\u00ED_jednotky":[],"osoby":[]},{"typ":["Digit\u00E1ln\u00ED objekt","Politick\u00E1 strana nebo hnut\u00ED"],"iri":"https://mv.gov.cz/api/boards/SPS/strana/647","url":"https://aplikace.mv.gov.cz/seznam-politickych-stran/Vypis_Rejstrik.aspx?id=647","n\u00E1zev":"rEvoluce","zkratka":"Evo","adresa_s\u00EDdla":"738 01 Fr\u00FDdek-M\u00EDstek, K Basketpointu 3866","den_registrace":"2026-04-24","\u010D\u00EDslo_registrace":"MV- 61947-5/OV-2026","identifika\u010Dn\u00ED_\u010D\u00EDslo":"29480931","statut\u00E1rn\u00ED_org\u00E1n":"P\u0159edseda.","pozn\u00E1mka":"","organiza\u010Dn\u00ED_jednotky":[],"osoby":[]}]}